{"id":5814,"date":"2026-01-11T13:01:00","date_gmt":"2026-01-11T13:01:00","guid":{"rendered":"https:\/\/bladnanews.com\/bein-sports-accused-of-double-standards-over-morocco-remarks\/"},"modified":"2026-01-11T13:01:00","modified_gmt":"2026-01-11T13:01:00","slug":"bein-sports-accuse-de-double-standard-concernant-les-declarations-sur-le-maroc","status":"publish","type":"post","link":"https:\/\/bladnanews.com\/fr\/bein-sports-accuse-de-double-standard-concernant-les-declarations-sur-le-maroc\/","title":{"rendered":"BeIN Sports accus\u00e9 de double standard concernant les remarques sur le Maroc"},"content":{"rendered":"<p>BeIN Sports est de nouveau sous le feu des critiques, accus\u00e9e de \u201c\u202fdeux poids, deux mesures\u202f\u201d apr\u00e8s deux incidents distincts impliquant ses talents \u00e0 l\u2019antenne et des commentaires li\u00e9s au Maroc.<\/p>\n<p>Le d\u00e9bat a \u00e9clat\u00e9 suite \u00e0 une d\u00e9cision disciplinaire prise contre un pr\u00e9sentateur marocain <strong>Jawad Bada<\/strong> \u00e0 la suite d\u2019un probl\u00e8me li\u00e9 \u00e0 <strong>Karl Toko Ekambi<\/strong>. Cette mesure a \u00e9t\u00e9 largement d\u00e9battue sur les r\u00e9seaux sociaux, d\u2019autant plus que BeIN Sports avait sembl\u00e9 agir rapidement dans ce cas.<\/p>\n<p>Parall\u00e8lement, les critiques se sont intensifi\u00e9es concernant la cha\u00eene qui a donn\u00e9 la parole \u00e0 <strong>Hafid Derradji<\/strong>, les t\u00e9l\u00e9spectateurs accusant le commentateur d\u2019utiliser sa plateforme pour provoquer les Marocains. Beaucoup ont estim\u00e9 que le contraste entre les deux situations r\u00e9v\u00e9lait une approche in\u00e9quitable dans la mani\u00e8re dont BeIN Sports traite les controverses similaires.<\/p>\n<p>Les r\u00e9actions en ligne ont d\u00e9nonc\u00e9 ce qu\u2019elles ont d\u00e9crit comme des standards contradictoires\u202f: un pr\u00e9sentateur sanctionn\u00e9, tandis qu\u2019un autre continuait d\u2019appara\u00eetre \u00e0 l\u2019antenne sans mesure similaire malgr\u00e9 les plaintes r\u00e9p\u00e9t\u00e9es des supporters marocains.<\/p>\n<p>La pol\u00e9mique a raviv\u00e9 les appels demandant \u00e0 BeIN Sports d\u2019appliquer les m\u00eames r\u00e8gles \u00e0 tous. Pour de nombreux partisans, la question ne porte pas seulement sur des noms individuels, mais sur le principe de d\u00e9cisions coh\u00e9rentes et de respect envers le public de toute la r\u00e9gion.<\/p>","protected":false},"excerpt":{"rendered":"<p>BeIN Sports has come under fire again, with accusations of \u201cdouble standards\u201d after two separate incidents involving its on-air talent [&hellip;]<\/p>\n","protected":false},"author":4,"featured_media":5813,"comment_status":"","ping_status":"open","sticky":false,"template":"","format":"standard","meta":{"googlesitekit_rrm_CAow_uzEDA:productID":"","site-sidebar-layout":"default","site-content-layout":"","ast-site-content-layout":"default","site-content-style":"default","site-sidebar-style":"default","ast-global-header-display":"","ast-banner-title-visibility":"","ast-main-header-display":"","ast-hfb-above-header-display":"","ast-hfb-below-header-display":"","ast-hfb-mobile-header-display":"","site-post-title":"","ast-breadcrumbs-content":"","ast-featured-img":"","footer-sml-layout":"","ast-disable-related-posts":"","theme-transparent-header-meta":"","adv-header-id-meta":"","stick-header-meta":"","header-above-stick-meta":"","header-main-stick-meta":"","header-below-stick-meta":"","astra-migrate-meta-layouts":"default","ast-page-background-enabled":"default","ast-page-background-meta":{"desktop":{"background-color":"var(--ast-global-color-5)","background-image":"","background-repeat":"repeat","background-position":"center center","background-size":"auto","background-attachment":"scroll","background-type":"","background-media":"","overlay-type":"","overlay-color":"","overlay-opacity":"","overlay-gradient":""},"tablet":{"background-color":"","background-image":"","background-repeat":"repeat","background-position":"center center","background-size":"auto","background-attachment":"scroll","background-type":"","background-media":"","overlay-type":"","overlay-color":"","overlay-opacity":"","overlay-gradient":""},"mobile":{"background-color":"","background-image":"","background-repeat":"repeat","background-position":"center center","background-size":"auto","background-attachment":"scroll","background-type":"","background-media":"","overlay-type":"","overlay-color":"","overlay-opacity":"","overlay-gradient":""}},"ast-content-background-meta":{"desktop":{"background-color":"var(--ast-global-color-4)","background-image":"","background-repeat":"repeat","background-position":"center center","background-size":"auto","background-attachment":"scroll","background-type":"","background-media":"","overlay-type":"","overlay-color":"","overlay-opacity":"","overlay-gradient":""},"tablet":{"background-color":"var(--ast-global-color-4)","background-image":"","background-repeat":"repeat","background-position":"center center","background-size":"auto","background-attachment":"scroll","background-type":"","background-media":"","overlay-type":"","overlay-color":"","overlay-opacity":"","overlay-gradient":""},"mobile":{"background-color":"var(--ast-global-color-4)","background-image":"","background-repeat":"repeat","background-position":"center center","background-size":"auto","background-attachment":"scroll","background-type":"","background-media":"","overlay-type":"","overlay-color":"","overlay-opacity":"","overlay-gradient":""}},"footnotes":""},"categories":[1,168],"tags":[],"class_list":["post-5814","post","type-post","status-publish","format-standard","has-post-thumbnail","hentry","category-football-latest-news","category-morocco-national-team"],"yoast_head":"<!-- This site is optimized with the Yoast SEO Premium plugin v26.6 (Yoast SEO v27.4) - https:\/\/yoast.com\/product\/yoast-seo-premium-wordpress\/ -->\n<title>BeIN Sports accused of double standards over Morocco remarks - Bladna News<\/title>\n<meta name=\"robots\" content=\"index, follow, max-snippet:-1, max-image-preview:large, max-video-preview:-1\" \/>\n<link rel=\"canonical\" href=\"https:\/\/bladnanews.com\/fr\/bein-sports-accuse-de-double-standard-concernant-les-declarations-sur-le-maroc\/\" \/>\n<meta property=\"og:locale\" content=\"fr_FR\" \/>\n<meta property=\"og:type\" content=\"article\" \/>\n<meta property=\"og:title\" content=\"BeIN Sports accused of double standards over Morocco remarks\" \/>\n<meta property=\"og:description\" content=\"BeIN Sports has come under fire again, with accusations of \u201cdouble standards\u201d after two separate incidents involving its on-air talent [&hellip;]\" \/>\n<meta property=\"og:url\" content=\"https:\/\/bladnanews.com\/fr\/bein-sports-accuse-de-double-standard-concernant-les-declarations-sur-le-maroc\/\" \/>\n<meta property=\"og:site_name\" content=\"Bladna News\" \/>\n<meta property=\"article:published_time\" content=\"2026-01-11T13:01:00+00:00\" \/>\n<meta property=\"og:image\" content=\"https:\/\/bladnanews.com\/wp-content\/uploads\/2025\/12\/freepik__bladna-newscom-moroccan-soccer-homepage-banner-mor__41838.png\" \/>\n\t<meta property=\"og:image:width\" content=\"1312\" \/>\n\t<meta property=\"og:image:height\" content=\"736\" \/>\n\t<meta property=\"og:image:type\" content=\"image\/png\" \/>\n<meta name=\"author\" content=\"Bladna Sports Desk\" \/>\n<meta name=\"twitter:card\" content=\"summary_large_image\" \/>\n<meta name=\"twitter:label1\" content=\"\u00c9crit par\" \/>\n\t<meta name=\"twitter:data1\" content=\"Bladna Sports Desk\" \/>\n\t<meta name=\"twitter:label2\" content=\"Dur\u00e9e de lecture estim\u00e9e\" \/>\n\t<meta name=\"twitter:data2\" content=\"1 minute\" \/>\n<script type=\"application\/ld+json\" class=\"yoast-schema-graph\">{\"@context\":\"https:\\\/\\\/schema.org\",\"@graph\":[{\"@type\":\"Article\",\"@id\":\"https:\\\/\\\/bladnanews.com\\\/bein-sports-accused-of-double-standards-over-morocco-remarks\\\/#article\",\"isPartOf\":{\"@id\":\"https:\\\/\\\/bladnanews.com\\\/bein-sports-accused-of-double-standards-over-morocco-remarks\\\/\"},\"author\":{\"name\":\"Bladna Sports Desk\",\"@id\":\"https:\\\/\\\/mediumseagreen-eel-531711.hostingersite.com\\\/#\\\/schema\\\/person\\\/6712b38fabe810f7eb8d15ed30d90f1e\"},\"headline\":\"BeIN Sports accused of double standards over Morocco remarks\",\"datePublished\":\"2026-01-11T13:01:00+00:00\",\"mainEntityOfPage\":{\"@id\":\"https:\\\/\\\/bladnanews.com\\\/bein-sports-accused-of-double-standards-over-morocco-remarks\\\/\"},\"wordCount\":191,\"publisher\":{\"@id\":\"https:\\\/\\\/mediumseagreen-eel-531711.hostingersite.com\\\/#organization\"},\"image\":{\"@id\":\"https:\\\/\\\/bladnanews.com\\\/bein-sports-accused-of-double-standards-over-morocco-remarks\\\/#primaryimage\"},\"thumbnailUrl\":\"https:\\\/\\\/bladnanews.com\\\/wp-content\\\/uploads\\\/2026\\\/01\\\/awras-1673983128_1768136510.webp\",\"articleSection\":[\"Latest News\",\"Morocco National Team\"],\"inLanguage\":\"fr-FR\",\"copyrightYear\":\"2026\",\"copyrightHolder\":{\"@id\":\"https:\\\/\\\/bladnanews.com\\\/fr\\\/#organization\"}},{\"@type\":\"WebPage\",\"@id\":\"https:\\\/\\\/bladnanews.com\\\/bein-sports-accused-of-double-standards-over-morocco-remarks\\\/\",\"url\":\"https:\\\/\\\/bladnanews.com\\\/bein-sports-accused-of-double-standards-over-morocco-remarks\\\/\",\"name\":\"BeIN Sports accused of double standards over Morocco remarks - Bladna News\",\"isPartOf\":{\"@id\":\"https:\\\/\\\/mediumseagreen-eel-531711.hostingersite.com\\\/#website\"},\"primaryImageOfPage\":{\"@id\":\"https:\\\/\\\/bladnanews.com\\\/bein-sports-accused-of-double-standards-over-morocco-remarks\\\/#primaryimage\"},\"image\":{\"@id\":\"https:\\\/\\\/bladnanews.com\\\/bein-sports-accused-of-double-standards-over-morocco-remarks\\\/#primaryimage\"},\"thumbnailUrl\":\"https:\\\/\\\/bladnanews.com\\\/wp-content\\\/uploads\\\/2026\\\/01\\\/awras-1673983128_1768136510.webp\",\"datePublished\":\"2026-01-11T13:01:00+00:00\",\"breadcrumb\":{\"@id\":\"https:\\\/\\\/bladnanews.com\\\/bein-sports-accused-of-double-standards-over-morocco-remarks\\\/#breadcrumb\"},\"inLanguage\":\"fr-FR\",\"potentialAction\":[{\"@type\":\"ReadAction\",\"target\":[\"https:\\\/\\\/bladnanews.com\\\/bein-sports-accused-of-double-standards-over-morocco-remarks\\\/\"]}]},{\"@type\":\"ImageObject\",\"inLanguage\":\"fr-FR\",\"@id\":\"https:\\\/\\\/bladnanews.com\\\/bein-sports-accused-of-double-standards-over-morocco-remarks\\\/#primaryimage\",\"url\":\"https:\\\/\\\/bladnanews.com\\\/wp-content\\\/uploads\\\/2026\\\/01\\\/awras-1673983128_1768136510.webp\",\"contentUrl\":\"https:\\\/\\\/bladnanews.com\\\/wp-content\\\/uploads\\\/2026\\\/01\\\/awras-1673983128_1768136510.webp\",\"width\":860,\"height\":493,\"caption\":\"Smiling sports commentator in a navy suit with a white shirt and black tie sits against a purple background, discussing football.\"},{\"@type\":\"BreadcrumbList\",\"@id\":\"https:\\\/\\\/bladnanews.com\\\/bein-sports-accused-of-double-standards-over-morocco-remarks\\\/#breadcrumb\",\"itemListElement\":[{\"@type\":\"ListItem\",\"position\":1,\"name\":\"Home\",\"item\":\"https:\\\/\\\/bladnanews.com\\\/\"},{\"@type\":\"ListItem\",\"position\":2,\"name\":\"BeIN Sports accused of double standards over Morocco remarks\"}]},{\"@type\":\"WebSite\",\"@id\":\"https:\\\/\\\/mediumseagreen-eel-531711.hostingersite.com\\\/#website\",\"url\":\"https:\\\/\\\/mediumseagreen-eel-531711.hostingersite.com\\\/\",\"name\":\"Bladna News - Morocco\",\"description\":\"Where Moroccan Football Meets the World\",\"publisher\":{\"@id\":\"https:\\\/\\\/mediumseagreen-eel-531711.hostingersite.com\\\/#organization\"},\"potentialAction\":[{\"@type\":\"SearchAction\",\"target\":{\"@type\":\"EntryPoint\",\"urlTemplate\":\"https:\\\/\\\/mediumseagreen-eel-531711.hostingersite.com\\\/?s={search_term_string}\"},\"query-input\":{\"@type\":\"PropertyValueSpecification\",\"valueRequired\":true,\"valueName\":\"search_term_string\"}}],\"inLanguage\":\"fr-FR\"},{\"@type\":\"Organization\",\"@id\":\"https:\\\/\\\/mediumseagreen-eel-531711.hostingersite.com\\\/#organization\",\"name\":\"Bladna News.com\",\"url\":\"https:\\\/\\\/mediumseagreen-eel-531711.hostingersite.com\\\/\",\"logo\":{\"@type\":\"ImageObject\",\"inLanguage\":\"fr-FR\",\"@id\":\"https:\\\/\\\/mediumseagreen-eel-531711.hostingersite.com\\\/#\\\/schema\\\/logo\\\/image\\\/\",\"url\":\"https:\\\/\\\/bladnanews.com\\\/wp-content\\\/uploads\\\/2025\\\/12\\\/logo-bladnanews-V2-web-black-red.png\",\"contentUrl\":\"https:\\\/\\\/bladnanews.com\\\/wp-content\\\/uploads\\\/2025\\\/12\\\/logo-bladnanews-V2-web-black-red.png\",\"width\":703,\"height\":287,\"caption\":\"Bladna News.com\"},\"image\":{\"@id\":\"https:\\\/\\\/mediumseagreen-eel-531711.hostingersite.com\\\/#\\\/schema\\\/logo\\\/image\\\/\"},\"email\":\"info@bladnanews.com\",\"legalName\":\"Bladna News\"},{\"@type\":\"Person\",\"@id\":\"https:\\\/\\\/mediumseagreen-eel-531711.hostingersite.com\\\/#\\\/schema\\\/person\\\/6712b38fabe810f7eb8d15ed30d90f1e\",\"name\":\"Bladna Sports Desk\",\"url\":\"https:\\\/\\\/bladnanews.com\\\/fr\\\/author\\\/bladna-sports-desk\\\/\"}]}<\/script>\n<!-- \/ Yoast SEO Premium plugin. -->","yoast_head_json":{"title":"BeIN Sports accus\u00e9e de double standard concernant les remarques sur le Maroc - Bladna News","robots":{"index":"index","follow":"follow","max-snippet":"max-snippet:-1","max-image-preview":"max-image-preview:large","max-video-preview":"max-video-preview:-1"},"canonical":"https:\/\/bladnanews.com\/fr\/bein-sports-accuse-de-double-standard-concernant-les-declarations-sur-le-maroc\/","og_locale":"fr_FR","og_type":"article","og_title":"BeIN Sports accused of double standards over Morocco remarks","og_description":"BeIN Sports has come under fire again, with accusations of \u201cdouble standards\u201d after two separate incidents involving its on-air talent [&hellip;]","og_url":"https:\/\/bladnanews.com\/fr\/bein-sports-accuse-de-double-standard-concernant-les-declarations-sur-le-maroc\/","og_site_name":"Bladna News","article_published_time":"2026-01-11T13:01:00+00:00","og_image":[{"width":1312,"height":736,"url":"https:\/\/bladnanews.com\/wp-content\/uploads\/2025\/12\/freepik__bladna-newscom-moroccan-soccer-homepage-banner-mor__41838.png","type":"image\/png"}],"author":"Bladna Sports Desk","twitter_card":"summary_large_image","twitter_misc":{"\u00c9crit par":"Bladna Sports Desk","Dur\u00e9e de lecture estim\u00e9e":"1 minute"},"schema":{"@context":"https:\/\/schema.org","@graph":[{"@type":"Article","@id":"https:\/\/bladnanews.com\/bein-sports-accused-of-double-standards-over-morocco-remarks\/#article","isPartOf":{"@id":"https:\/\/bladnanews.com\/bein-sports-accused-of-double-standards-over-morocco-remarks\/"},"author":{"name":"Bladna Sports Desk","@id":"https:\/\/mediumseagreen-eel-531711.hostingersite.com\/#\/schema\/person\/6712b38fabe810f7eb8d15ed30d90f1e"},"headline":"BeIN Sports accused of double standards over Morocco remarks","datePublished":"2026-01-11T13:01:00+00:00","mainEntityOfPage":{"@id":"https:\/\/bladnanews.com\/bein-sports-accused-of-double-standards-over-morocco-remarks\/"},"wordCount":191,"publisher":{"@id":"https:\/\/mediumseagreen-eel-531711.hostingersite.com\/#organization"},"image":{"@id":"https:\/\/bladnanews.com\/bein-sports-accused-of-double-standards-over-morocco-remarks\/#primaryimage"},"thumbnailUrl":"https:\/\/bladnanews.com\/wp-content\/uploads\/2026\/01\/awras-1673983128_1768136510.webp","articleSection":["Latest News","Morocco National Team"],"inLanguage":"fr-FR","copyrightYear":"2026","copyrightHolder":{"@id":"https:\/\/bladnanews.com\/fr\/#organization"}},{"@type":"WebPage","@id":"https:\/\/bladnanews.com\/bein-sports-accused-of-double-standards-over-morocco-remarks\/","url":"https:\/\/bladnanews.com\/bein-sports-accused-of-double-standards-over-morocco-remarks\/","name":"BeIN Sports accus\u00e9e de double standard concernant les remarques sur le Maroc - Bladna News","isPartOf":{"@id":"https:\/\/mediumseagreen-eel-531711.hostingersite.com\/#website"},"primaryImageOfPage":{"@id":"https:\/\/bladnanews.com\/bein-sports-accused-of-double-standards-over-morocco-remarks\/#primaryimage"},"image":{"@id":"https:\/\/bladnanews.com\/bein-sports-accused-of-double-standards-over-morocco-remarks\/#primaryimage"},"thumbnailUrl":"https:\/\/bladnanews.com\/wp-content\/uploads\/2026\/01\/awras-1673983128_1768136510.webp","datePublished":"2026-01-11T13:01:00+00:00","breadcrumb":{"@id":"https:\/\/bladnanews.com\/bein-sports-accused-of-double-standards-over-morocco-remarks\/#breadcrumb"},"inLanguage":"fr-FR","potentialAction":[{"@type":"ReadAction","target":["https:\/\/bladnanews.com\/bein-sports-accused-of-double-standards-over-morocco-remarks\/"]}]},{"@type":"ImageObject","inLanguage":"fr-FR","@id":"https:\/\/bladnanews.com\/bein-sports-accused-of-double-standards-over-morocco-remarks\/#primaryimage","url":"https:\/\/bladnanews.com\/wp-content\/uploads\/2026\/01\/awras-1673983128_1768136510.webp","contentUrl":"https:\/\/bladnanews.com\/wp-content\/uploads\/2026\/01\/awras-1673983128_1768136510.webp","width":860,"height":493,"caption":"Smiling sports commentator in a navy suit with a white shirt and black tie sits against a purple background, discussing football."},{"@type":"BreadcrumbList","@id":"https:\/\/bladnanews.com\/bein-sports-accused-of-double-standards-over-morocco-remarks\/#breadcrumb","itemListElement":[{"@type":"ListItem","position":1,"name":"Home","item":"https:\/\/bladnanews.com\/"},{"@type":"ListItem","position":2,"name":"BeIN Sports accused of double standards over Morocco remarks"}]},{"@type":"WebSite","@id":"https:\/\/mediumseagreen-eel-531711.hostingersite.com\/#website","url":"https:\/\/mediumseagreen-eel-531711.hostingersite.com\/","name":"Bladna News - Maroc","description":"Quand le football marocain rencontre le monde","publisher":{"@id":"https:\/\/mediumseagreen-eel-531711.hostingersite.com\/#organization"},"potentialAction":[{"@type":"SearchAction","target":{"@type":"EntryPoint","urlTemplate":"https:\/\/mediumseagreen-eel-531711.hostingersite.com\/?s={search_term_string}"},"query-input":{"@type":"PropertyValueSpecification","valueRequired":true,"valueName":"search_term_string"}}],"inLanguage":"fr-FR"},{"@type":"Organization","@id":"https:\/\/mediumseagreen-eel-531711.hostingersite.com\/#organization","name":"Bladna News.com","url":"https:\/\/mediumseagreen-eel-531711.hostingersite.com\/","logo":{"@type":"ImageObject","inLanguage":"fr-FR","@id":"https:\/\/mediumseagreen-eel-531711.hostingersite.com\/#\/schema\/logo\/image\/","url":"https:\/\/bladnanews.com\/wp-content\/uploads\/2025\/12\/logo-bladnanews-V2-web-black-red.png","contentUrl":"https:\/\/bladnanews.com\/wp-content\/uploads\/2025\/12\/logo-bladnanews-V2-web-black-red.png","width":703,"height":287,"caption":"Bladna News.com"},"image":{"@id":"https:\/\/mediumseagreen-eel-531711.hostingersite.com\/#\/schema\/logo\/image\/"},"email":"info@bladnanews.com","legalName":"Bladna News"},{"@type":"Person","@id":"https:\/\/mediumseagreen-eel-531711.hostingersite.com\/#\/schema\/person\/6712b38fabe810f7eb8d15ed30d90f1e","name":"Bladna Sports Desk","url":"https:\/\/bladnanews.com\/fr\/author\/bladna-sports-desk\/"}]}},"_links":{"self":[{"href":"https:\/\/bladnanews.com\/fr\/wp-json\/wp\/v2\/posts\/5814","targetHints":{"allow":["GET"]}}],"collection":[{"href":"https:\/\/bladnanews.com\/fr\/wp-json\/wp\/v2\/posts"}],"about":[{"href":"https:\/\/bladnanews.com\/fr\/wp-json\/wp\/v2\/types\/post"}],"author":[{"embeddable":true,"href":"https:\/\/bladnanews.com\/fr\/wp-json\/wp\/v2\/users\/4"}],"replies":[{"embeddable":true,"href":"https:\/\/bladnanews.com\/fr\/wp-json\/wp\/v2\/comments?post=5814"}],"version-history":[{"count":0,"href":"https:\/\/bladnanews.com\/fr\/wp-json\/wp\/v2\/posts\/5814\/revisions"}],"wp:featuredmedia":[{"embeddable":true,"href":"https:\/\/bladnanews.com\/fr\/wp-json\/wp\/v2\/media\/5813"}],"wp:attachment":[{"href":"https:\/\/bladnanews.com\/fr\/wp-json\/wp\/v2\/media?parent=5814"}],"wp:term":[{"taxonomy":"category","embeddable":true,"href":"https:\/\/bladnanews.com\/fr\/wp-json\/wp\/v2\/categories?post=5814"},{"taxonomy":"post_tag","embeddable":true,"href":"https:\/\/bladnanews.com\/fr\/wp-json\/wp\/v2\/tags?post=5814"}],"curies":[{"name":"wp","href":"https:\/\/api.w.org\/{rel}","templated":true}]}}