{"id":5839,"date":"2026-01-11T10:36:00","date_gmt":"2026-01-11T10:36:00","guid":{"rendered":"https:\/\/bladnanews.com\/arsenal-hire-new-throw-in-coach-who-worked-at-liverpool\/"},"modified":"2026-01-11T10:36:00","modified_gmt":"2026-01-11T10:36:00","slug":"arsenal-engage-un-nouvel-entraineur-de-touches-qui-a-travaille-a-liverpool","status":"publish","type":"post","link":"https:\/\/bladnanews.com\/fr\/arsenal-engage-un-nouvel-entraineur-de-touches-qui-a-travaille-a-liverpool\/","title":{"rendered":"Arsenal engage un nouvel entra\u00eeneur sp\u00e9cialis\u00e9 dans les lancers de touche, ayant pr\u00e9c\u00e9demment travaill\u00e9 \u00e0 Liverpool."},"content":{"rendered":"<p>Arsenal a renforc\u00e9 l'encadrement de Mikel Arteta en nommant un entra\u00eeneur sp\u00e9cialis\u00e9 dans les touches, ajoutant ainsi un nouvel accent sur les coups de pied arr\u00eat\u00e9s dans les pr\u00e9paratifs du club.<\/p>\n<p>Le club de Premier League a engag\u00e9 Thomas Gr\u00f8nnemark, qui a pr\u00e9c\u00e9demment travaill\u00e9 \u00e0 Liverpool sous J\u00fcrgen Klopp. Le Danois est reconnu pour son expertise dans l'am\u00e9lioration des touches, tant en termes de conservation du ballon que de transformation des remises en jeu en occasions offensives.<\/p>\n<p>Gr\u00f8nnemark a b\u00e2ti sa r\u00e9putation gr\u00e2ce \u00e0 des ann\u00e9es de recherche et de travail d'entra\u00eenement, et a pass\u00e9 du temps \u00e0 Anfield sous l'\u00e8re Klopp, o\u00f9 il avait \u00e9t\u00e9 recrut\u00e9 en tant que sp\u00e9cialiste des touches. Il est d\u00e9sormais sur le point d'endosser un r\u00f4le similaire dans le nord de Londres, alors qu'Arsenal recherche de nouveaux gains marginaux.<\/p>\n<p>Cette d\u00e9cision souligne l'accent continu mis par Arteta sur les d\u00e9tails fins et l'efficacit\u00e9 des coups de pied arr\u00eat\u00e9s. Arsenal a d\u00e9j\u00e0 consid\u00e9rablement travaill\u00e9 les situations de balles arr\u00eat\u00e9es ces derni\u00e8res saisons, et l'arriv\u00e9e d'un entra\u00eeneur d\u00e9di\u00e9 aux touches montre que le club souhaite pousser ces progr\u00e8s encore plus loin.<\/p>\n<p>Cette nomination est pr\u00e9sent\u00e9e comme un nouvel exemple de la qu\u00eate d'Arsenal pour des am\u00e9liorations infimes pouvant faire la diff\u00e9rence sur la dur\u00e9e d'une saison, les touches \u00e9tant de plus en plus per\u00e7ues comme des moments cl\u00e9s pour contr\u00f4ler les matchs et cr\u00e9er des occasions.<\/p>","protected":false},"excerpt":{"rendered":"<p>Arsenal have made a new addition to Mikel Arteta\u2019s backroom staff by appointing a specialist throw-in coach, adding another set-piece [&hellip;]<\/p>\n","protected":false},"author":3,"featured_media":5838,"comment_status":"","ping_status":"open","sticky":false,"template":"","format":"standard","meta":{"googlesitekit_rrm_CAow_uzEDA:productID":"","site-sidebar-layout":"default","site-content-layout":"","ast-site-content-layout":"default","site-content-style":"default","site-sidebar-style":"default","ast-global-header-display":"","ast-banner-title-visibility":"","ast-main-header-display":"","ast-hfb-above-header-display":"","ast-hfb-below-header-display":"","ast-hfb-mobile-header-display":"","site-post-title":"","ast-breadcrumbs-content":"","ast-featured-img":"","footer-sml-layout":"","ast-disable-related-posts":"","theme-transparent-header-meta":"","adv-header-id-meta":"","stick-header-meta":"","header-above-stick-meta":"","header-main-stick-meta":"","header-below-stick-meta":"","astra-migrate-meta-layouts":"default","ast-page-background-enabled":"default","ast-page-background-meta":{"desktop":{"background-color":"var(--ast-global-color-5)","background-image":"","background-repeat":"repeat","background-position":"center center","background-size":"auto","background-attachment":"scroll","background-type":"","background-media":"","overlay-type":"","overlay-color":"","overlay-opacity":"","overlay-gradient":""},"tablet":{"background-color":"","background-image":"","background-repeat":"repeat","background-position":"center center","background-size":"auto","background-attachment":"scroll","background-type":"","background-media":"","overlay-type":"","overlay-color":"","overlay-opacity":"","overlay-gradient":""},"mobile":{"background-color":"","background-image":"","background-repeat":"repeat","background-position":"center center","background-size":"auto","background-attachment":"scroll","background-type":"","background-media":"","overlay-type":"","overlay-color":"","overlay-opacity":"","overlay-gradient":""}},"ast-content-background-meta":{"desktop":{"background-color":"var(--ast-global-color-4)","background-image":"","background-repeat":"repeat","background-position":"center center","background-size":"auto","background-attachment":"scroll","background-type":"","background-media":"","overlay-type":"","overlay-color":"","overlay-opacity":"","overlay-gradient":""},"tablet":{"background-color":"var(--ast-global-color-4)","background-image":"","background-repeat":"repeat","background-position":"center center","background-size":"auto","background-attachment":"scroll","background-type":"","background-media":"","overlay-type":"","overlay-color":"","overlay-opacity":"","overlay-gradient":""},"mobile":{"background-color":"var(--ast-global-color-4)","background-image":"","background-repeat":"repeat","background-position":"center center","background-size":"auto","background-attachment":"scroll","background-type":"","background-media":"","overlay-type":"","overlay-color":"","overlay-opacity":"","overlay-gradient":""}},"footnotes":""},"categories":[20,1],"tags":[],"class_list":["post-5839","post","type-post","status-publish","format-standard","has-post-thumbnail","hentry","category-international","category-football-latest-news"],"yoast_head":"<!-- This site is optimized with the Yoast SEO Premium plugin v26.6 (Yoast SEO v27.5) - https:\/\/yoast.com\/product\/yoast-seo-premium-wordpress\/ -->\n<title>Arsenal hire new throw-in coach who worked at Liverpool - Bladna News<\/title>\n<meta name=\"robots\" content=\"index, follow, max-snippet:-1, max-image-preview:large, max-video-preview:-1\" \/>\n<link rel=\"canonical\" href=\"https:\/\/bladnanews.com\/fr\/arsenal-engage-un-nouvel-entraineur-de-touches-qui-a-travaille-a-liverpool\/\" \/>\n<meta property=\"og:locale\" content=\"fr_FR\" \/>\n<meta property=\"og:type\" content=\"article\" \/>\n<meta property=\"og:title\" content=\"Arsenal hire new throw-in coach who worked at Liverpool\" \/>\n<meta property=\"og:description\" content=\"Arsenal have made a new addition to Mikel Arteta\u2019s backroom staff by appointing a specialist throw-in coach, adding another set-piece [&hellip;]\" \/>\n<meta property=\"og:url\" content=\"https:\/\/bladnanews.com\/fr\/arsenal-engage-un-nouvel-entraineur-de-touches-qui-a-travaille-a-liverpool\/\" \/>\n<meta property=\"og:site_name\" content=\"Bladna News\" \/>\n<meta property=\"article:published_time\" content=\"2026-01-11T10:36:00+00:00\" \/>\n<meta property=\"og:image\" content=\"https:\/\/bladnanews.com\/wp-content\/uploads\/2025\/12\/freepik__bladna-newscom-moroccan-soccer-homepage-banner-mor__41838.png\" \/>\n\t<meta property=\"og:image:width\" content=\"1312\" \/>\n\t<meta property=\"og:image:height\" content=\"736\" \/>\n\t<meta property=\"og:image:type\" content=\"image\/png\" \/>\n<meta name=\"author\" content=\"Bladna News Staff\" \/>\n<meta name=\"twitter:card\" content=\"summary_large_image\" \/>\n<meta name=\"twitter:label1\" content=\"\u00c9crit par\" \/>\n\t<meta name=\"twitter:data1\" content=\"Bladna News Staff\" \/>\n\t<meta name=\"twitter:label2\" content=\"Dur\u00e9e de lecture estim\u00e9e\" \/>\n\t<meta name=\"twitter:data2\" content=\"1 minute\" \/>\n<script type=\"application\/ld+json\" class=\"yoast-schema-graph\">{\"@context\":\"https:\\\/\\\/schema.org\",\"@graph\":[{\"@type\":\"Article\",\"@id\":\"https:\\\/\\\/bladnanews.com\\\/arsenal-hire-new-throw-in-coach-who-worked-at-liverpool\\\/#article\",\"isPartOf\":{\"@id\":\"https:\\\/\\\/bladnanews.com\\\/arsenal-hire-new-throw-in-coach-who-worked-at-liverpool\\\/\"},\"author\":{\"name\":\"Bladna News Staff\",\"@id\":\"https:\\\/\\\/mediumseagreen-eel-531711.hostingersite.com\\\/#\\\/schema\\\/person\\\/268e18a453ab080ebf76df6ef7845083\"},\"headline\":\"Arsenal hire new throw-in coach who worked at Liverpool\",\"datePublished\":\"2026-01-11T10:36:00+00:00\",\"mainEntityOfPage\":{\"@id\":\"https:\\\/\\\/bladnanews.com\\\/arsenal-hire-new-throw-in-coach-who-worked-at-liverpool\\\/\"},\"wordCount\":204,\"publisher\":{\"@id\":\"https:\\\/\\\/mediumseagreen-eel-531711.hostingersite.com\\\/#organization\"},\"image\":{\"@id\":\"https:\\\/\\\/bladnanews.com\\\/arsenal-hire-new-throw-in-coach-who-worked-at-liverpool\\\/#primaryimage\"},\"thumbnailUrl\":\"https:\\\/\\\/bladnanews.com\\\/wp-content\\\/uploads\\\/2026\\\/01\\\/BladnaNews-Arsenal-hire-new-throw-in-coach-who-worked-at-Liverpool-2026-01-11T210928.738Z-scaled.jpg\",\"articleSection\":[\"International\",\"Latest News\"],\"inLanguage\":\"fr-FR\",\"copyrightYear\":\"2026\",\"copyrightHolder\":{\"@id\":\"https:\\\/\\\/bladnanews.com\\\/fr\\\/#organization\"}},{\"@type\":\"WebPage\",\"@id\":\"https:\\\/\\\/bladnanews.com\\\/arsenal-hire-new-throw-in-coach-who-worked-at-liverpool\\\/\",\"url\":\"https:\\\/\\\/bladnanews.com\\\/arsenal-hire-new-throw-in-coach-who-worked-at-liverpool\\\/\",\"name\":\"Arsenal hire new throw-in coach who worked at Liverpool - Bladna News\",\"isPartOf\":{\"@id\":\"https:\\\/\\\/mediumseagreen-eel-531711.hostingersite.com\\\/#website\"},\"primaryImageOfPage\":{\"@id\":\"https:\\\/\\\/bladnanews.com\\\/arsenal-hire-new-throw-in-coach-who-worked-at-liverpool\\\/#primaryimage\"},\"image\":{\"@id\":\"https:\\\/\\\/bladnanews.com\\\/arsenal-hire-new-throw-in-coach-who-worked-at-liverpool\\\/#primaryimage\"},\"thumbnailUrl\":\"https:\\\/\\\/bladnanews.com\\\/wp-content\\\/uploads\\\/2026\\\/01\\\/BladnaNews-Arsenal-hire-new-throw-in-coach-who-worked-at-Liverpool-2026-01-11T210928.738Z-scaled.jpg\",\"datePublished\":\"2026-01-11T10:36:00+00:00\",\"breadcrumb\":{\"@id\":\"https:\\\/\\\/bladnanews.com\\\/arsenal-hire-new-throw-in-coach-who-worked-at-liverpool\\\/#breadcrumb\"},\"inLanguage\":\"fr-FR\",\"potentialAction\":[{\"@type\":\"ReadAction\",\"target\":[\"https:\\\/\\\/bladnanews.com\\\/arsenal-hire-new-throw-in-coach-who-worked-at-liverpool\\\/\"]}]},{\"@type\":\"ImageObject\",\"inLanguage\":\"fr-FR\",\"@id\":\"https:\\\/\\\/bladnanews.com\\\/arsenal-hire-new-throw-in-coach-who-worked-at-liverpool\\\/#primaryimage\",\"url\":\"https:\\\/\\\/bladnanews.com\\\/wp-content\\\/uploads\\\/2026\\\/01\\\/BladnaNews-Arsenal-hire-new-throw-in-coach-who-worked-at-Liverpool-2026-01-11T210928.738Z-scaled.jpg\",\"contentUrl\":\"https:\\\/\\\/bladnanews.com\\\/wp-content\\\/uploads\\\/2026\\\/01\\\/BladnaNews-Arsenal-hire-new-throw-in-coach-who-worked-at-Liverpool-2026-01-11T210928.738Z-scaled.jpg\",\"width\":2560,\"height\":1440,\"caption\":\"Mikel Arteta, in a dark coat, passionately instructs his team on the sideline, exhaling visible breath in the chilly atmosphere.\"},{\"@type\":\"BreadcrumbList\",\"@id\":\"https:\\\/\\\/bladnanews.com\\\/arsenal-hire-new-throw-in-coach-who-worked-at-liverpool\\\/#breadcrumb\",\"itemListElement\":[{\"@type\":\"ListItem\",\"position\":1,\"name\":\"Home\",\"item\":\"https:\\\/\\\/bladnanews.com\\\/\"},{\"@type\":\"ListItem\",\"position\":2,\"name\":\"Arsenal hire new throw-in coach who worked at Liverpool\"}]},{\"@type\":\"WebSite\",\"@id\":\"https:\\\/\\\/mediumseagreen-eel-531711.hostingersite.com\\\/#website\",\"url\":\"https:\\\/\\\/mediumseagreen-eel-531711.hostingersite.com\\\/\",\"name\":\"Bladna News - Morocco\",\"description\":\"Where Moroccan Football Meets the World\",\"publisher\":{\"@id\":\"https:\\\/\\\/mediumseagreen-eel-531711.hostingersite.com\\\/#organization\"},\"potentialAction\":[{\"@type\":\"SearchAction\",\"target\":{\"@type\":\"EntryPoint\",\"urlTemplate\":\"https:\\\/\\\/mediumseagreen-eel-531711.hostingersite.com\\\/?s={search_term_string}\"},\"query-input\":{\"@type\":\"PropertyValueSpecification\",\"valueRequired\":true,\"valueName\":\"search_term_string\"}}],\"inLanguage\":\"fr-FR\"},{\"@type\":\"Organization\",\"@id\":\"https:\\\/\\\/mediumseagreen-eel-531711.hostingersite.com\\\/#organization\",\"name\":\"Bladna News.com\",\"url\":\"https:\\\/\\\/mediumseagreen-eel-531711.hostingersite.com\\\/\",\"logo\":{\"@type\":\"ImageObject\",\"inLanguage\":\"fr-FR\",\"@id\":\"https:\\\/\\\/mediumseagreen-eel-531711.hostingersite.com\\\/#\\\/schema\\\/logo\\\/image\\\/\",\"url\":\"https:\\\/\\\/bladnanews.com\\\/wp-content\\\/uploads\\\/2025\\\/12\\\/logo-bladnanews-V2-web-black-red.png\",\"contentUrl\":\"https:\\\/\\\/bladnanews.com\\\/wp-content\\\/uploads\\\/2025\\\/12\\\/logo-bladnanews-V2-web-black-red.png\",\"width\":703,\"height\":287,\"caption\":\"Bladna News.com\"},\"image\":{\"@id\":\"https:\\\/\\\/mediumseagreen-eel-531711.hostingersite.com\\\/#\\\/schema\\\/logo\\\/image\\\/\"},\"email\":\"info@bladnanews.com\",\"legalName\":\"Bladna News\"},{\"@type\":\"Person\",\"@id\":\"https:\\\/\\\/mediumseagreen-eel-531711.hostingersite.com\\\/#\\\/schema\\\/person\\\/268e18a453ab080ebf76df6ef7845083\",\"name\":\"Bladna News Staff\",\"url\":\"https:\\\/\\\/bladnanews.com\\\/fr\\\/author\\\/bladna-news-staff\\\/\"}]}<\/script>\n<!-- \/ Yoast SEO Premium plugin. -->","yoast_head_json":{"title":"Arsenal engage un nouvel entra\u00eeneur de touches qui a travaill\u00e9 \u00e0 Liverpool - Bladna News","robots":{"index":"index","follow":"follow","max-snippet":"max-snippet:-1","max-image-preview":"max-image-preview:large","max-video-preview":"max-video-preview:-1"},"canonical":"https:\/\/bladnanews.com\/fr\/arsenal-engage-un-nouvel-entraineur-de-touches-qui-a-travaille-a-liverpool\/","og_locale":"fr_FR","og_type":"article","og_title":"Arsenal hire new throw-in coach who worked at Liverpool","og_description":"Arsenal have made a new addition to Mikel Arteta\u2019s backroom staff by appointing a specialist throw-in coach, adding another set-piece [&hellip;]","og_url":"https:\/\/bladnanews.com\/fr\/arsenal-engage-un-nouvel-entraineur-de-touches-qui-a-travaille-a-liverpool\/","og_site_name":"Bladna News","article_published_time":"2026-01-11T10:36:00+00:00","og_image":[{"width":1312,"height":736,"url":"https:\/\/bladnanews.com\/wp-content\/uploads\/2025\/12\/freepik__bladna-newscom-moroccan-soccer-homepage-banner-mor__41838.png","type":"image\/png"}],"author":"Bladna News Staff","twitter_card":"summary_large_image","twitter_misc":{"\u00c9crit par":"Bladna News Staff","Dur\u00e9e de lecture estim\u00e9e":"1 minute"},"schema":{"@context":"https:\/\/schema.org","@graph":[{"@type":"Article","@id":"https:\/\/bladnanews.com\/arsenal-hire-new-throw-in-coach-who-worked-at-liverpool\/#article","isPartOf":{"@id":"https:\/\/bladnanews.com\/arsenal-hire-new-throw-in-coach-who-worked-at-liverpool\/"},"author":{"name":"Bladna News Staff","@id":"https:\/\/mediumseagreen-eel-531711.hostingersite.com\/#\/schema\/person\/268e18a453ab080ebf76df6ef7845083"},"headline":"Arsenal hire new throw-in coach who worked at Liverpool","datePublished":"2026-01-11T10:36:00+00:00","mainEntityOfPage":{"@id":"https:\/\/bladnanews.com\/arsenal-hire-new-throw-in-coach-who-worked-at-liverpool\/"},"wordCount":204,"publisher":{"@id":"https:\/\/mediumseagreen-eel-531711.hostingersite.com\/#organization"},"image":{"@id":"https:\/\/bladnanews.com\/arsenal-hire-new-throw-in-coach-who-worked-at-liverpool\/#primaryimage"},"thumbnailUrl":"https:\/\/bladnanews.com\/wp-content\/uploads\/2026\/01\/BladnaNews-Arsenal-hire-new-throw-in-coach-who-worked-at-Liverpool-2026-01-11T210928.738Z-scaled.jpg","articleSection":["International","Latest News"],"inLanguage":"fr-FR","copyrightYear":"2026","copyrightHolder":{"@id":"https:\/\/bladnanews.com\/fr\/#organization"}},{"@type":"WebPage","@id":"https:\/\/bladnanews.com\/arsenal-hire-new-throw-in-coach-who-worked-at-liverpool\/","url":"https:\/\/bladnanews.com\/arsenal-hire-new-throw-in-coach-who-worked-at-liverpool\/","name":"Arsenal engage un nouvel entra\u00eeneur de touches qui a travaill\u00e9 \u00e0 Liverpool - Bladna News","isPartOf":{"@id":"https:\/\/mediumseagreen-eel-531711.hostingersite.com\/#website"},"primaryImageOfPage":{"@id":"https:\/\/bladnanews.com\/arsenal-hire-new-throw-in-coach-who-worked-at-liverpool\/#primaryimage"},"image":{"@id":"https:\/\/bladnanews.com\/arsenal-hire-new-throw-in-coach-who-worked-at-liverpool\/#primaryimage"},"thumbnailUrl":"https:\/\/bladnanews.com\/wp-content\/uploads\/2026\/01\/BladnaNews-Arsenal-hire-new-throw-in-coach-who-worked-at-Liverpool-2026-01-11T210928.738Z-scaled.jpg","datePublished":"2026-01-11T10:36:00+00:00","breadcrumb":{"@id":"https:\/\/bladnanews.com\/arsenal-hire-new-throw-in-coach-who-worked-at-liverpool\/#breadcrumb"},"inLanguage":"fr-FR","potentialAction":[{"@type":"ReadAction","target":["https:\/\/bladnanews.com\/arsenal-hire-new-throw-in-coach-who-worked-at-liverpool\/"]}]},{"@type":"ImageObject","inLanguage":"fr-FR","@id":"https:\/\/bladnanews.com\/arsenal-hire-new-throw-in-coach-who-worked-at-liverpool\/#primaryimage","url":"https:\/\/bladnanews.com\/wp-content\/uploads\/2026\/01\/BladnaNews-Arsenal-hire-new-throw-in-coach-who-worked-at-Liverpool-2026-01-11T210928.738Z-scaled.jpg","contentUrl":"https:\/\/bladnanews.com\/wp-content\/uploads\/2026\/01\/BladnaNews-Arsenal-hire-new-throw-in-coach-who-worked-at-Liverpool-2026-01-11T210928.738Z-scaled.jpg","width":2560,"height":1440,"caption":"Mikel Arteta, in a dark coat, passionately instructs his team on the sideline, exhaling visible breath in the chilly atmosphere."},{"@type":"BreadcrumbList","@id":"https:\/\/bladnanews.com\/arsenal-hire-new-throw-in-coach-who-worked-at-liverpool\/#breadcrumb","itemListElement":[{"@type":"ListItem","position":1,"name":"Home","item":"https:\/\/bladnanews.com\/"},{"@type":"ListItem","position":2,"name":"Arsenal hire new throw-in coach who worked at Liverpool"}]},{"@type":"WebSite","@id":"https:\/\/mediumseagreen-eel-531711.hostingersite.com\/#website","url":"https:\/\/mediumseagreen-eel-531711.hostingersite.com\/","name":"Bladna News - Maroc","description":"Quand le football marocain rencontre le monde","publisher":{"@id":"https:\/\/mediumseagreen-eel-531711.hostingersite.com\/#organization"},"potentialAction":[{"@type":"SearchAction","target":{"@type":"EntryPoint","urlTemplate":"https:\/\/mediumseagreen-eel-531711.hostingersite.com\/?s={search_term_string}"},"query-input":{"@type":"PropertyValueSpecification","valueRequired":true,"valueName":"search_term_string"}}],"inLanguage":"fr-FR"},{"@type":"Organization","@id":"https:\/\/mediumseagreen-eel-531711.hostingersite.com\/#organization","name":"Bladna News.com","url":"https:\/\/mediumseagreen-eel-531711.hostingersite.com\/","logo":{"@type":"ImageObject","inLanguage":"fr-FR","@id":"https:\/\/mediumseagreen-eel-531711.hostingersite.com\/#\/schema\/logo\/image\/","url":"https:\/\/bladnanews.com\/wp-content\/uploads\/2025\/12\/logo-bladnanews-V2-web-black-red.png","contentUrl":"https:\/\/bladnanews.com\/wp-content\/uploads\/2025\/12\/logo-bladnanews-V2-web-black-red.png","width":703,"height":287,"caption":"Bladna News.com"},"image":{"@id":"https:\/\/mediumseagreen-eel-531711.hostingersite.com\/#\/schema\/logo\/image\/"},"email":"info@bladnanews.com","legalName":"Bladna News"},{"@type":"Person","@id":"https:\/\/mediumseagreen-eel-531711.hostingersite.com\/#\/schema\/person\/268e18a453ab080ebf76df6ef7845083","name":"\u00c9quipe r\u00e9dactionnelle de Bladna News","url":"https:\/\/bladnanews.com\/fr\/author\/bladna-news-staff\/"}]}},"_links":{"self":[{"href":"https:\/\/bladnanews.com\/fr\/wp-json\/wp\/v2\/posts\/5839","targetHints":{"allow":["GET"]}}],"collection":[{"href":"https:\/\/bladnanews.com\/fr\/wp-json\/wp\/v2\/posts"}],"about":[{"href":"https:\/\/bladnanews.com\/fr\/wp-json\/wp\/v2\/types\/post"}],"author":[{"embeddable":true,"href":"https:\/\/bladnanews.com\/fr\/wp-json\/wp\/v2\/users\/3"}],"replies":[{"embeddable":true,"href":"https:\/\/bladnanews.com\/fr\/wp-json\/wp\/v2\/comments?post=5839"}],"version-history":[{"count":0,"href":"https:\/\/bladnanews.com\/fr\/wp-json\/wp\/v2\/posts\/5839\/revisions"}],"wp:featuredmedia":[{"embeddable":true,"href":"https:\/\/bladnanews.com\/fr\/wp-json\/wp\/v2\/media\/5838"}],"wp:attachment":[{"href":"https:\/\/bladnanews.com\/fr\/wp-json\/wp\/v2\/media?parent=5839"}],"wp:term":[{"taxonomy":"category","embeddable":true,"href":"https:\/\/bladnanews.com\/fr\/wp-json\/wp\/v2\/categories?post=5839"},{"taxonomy":"post_tag","embeddable":true,"href":"https:\/\/bladnanews.com\/fr\/wp-json\/wp\/v2\/tags?post=5839"}],"curies":[{"name":"wp","href":"https:\/\/api.w.org\/{rel}","templated":true}]}}