{"id":5843,"date":"2026-01-11T11:44:42","date_gmt":"2026-01-11T11:44:42","guid":{"rendered":"https:\/\/bladnanews.com\/why-ronaldo-is-abandoning-his-30m-retirement-villa\/"},"modified":"2026-01-11T11:44:42","modified_gmt":"2026-01-11T11:44:42","slug":"pourquoi-ronaldo-abandonne-t-il-sa-villa-de-retraite-de-30-millions-deuros","status":"publish","type":"post","link":"https:\/\/bladnanews.com\/fr\/pourquoi-ronaldo-abandonne-t-il-sa-villa-de-retraite-de-30-millions-deuros\/","title":{"rendered":"Pourquoi Ronaldo abandonne sa villa de retraite de 30 millions"},"content":{"rendered":"<p>Cristiano Ronaldo s'\u00e9loigne de sa villa de retraite \u201cde r\u00eave\u201d de 30 millions de livres sterling, bien que la propri\u00e9t\u00e9 ait \u00e9t\u00e9 con\u00e7ue comme une r\u00e9sidence \u00e0 long terme id\u00e9ale, dot\u00e9e d'une piscine \u00e0 d\u00e9bordement.<\/p>\n<p>Le capitaine du Portugal travaillait sur cette maison luxueuse dans le cadre de ses projets de vie apr\u00e8s le football, mais ces plans ont d\u00e9sormais chang\u00e9 et la villa ne devrait plus \u00eatre sa future base.<\/p>\n<p>Bien que Ronaldo abandonne l'id\u00e9e de s'y installer, la propri\u00e9t\u00e9 pourrait encore jouer un r\u00f4le majeur dans sa vie personnelle. Il a \u00e9t\u00e9 r\u00e9v\u00e9l\u00e9 que la villa pourrait faire partie des festivit\u00e9s somptueuses d'un mariage avec Georgina Rodr\u00edguez, si le couple d\u00e9cide d'organiser sa c\u00e9r\u00e9monie et les \u00e9v\u00e9nements associ\u00e9s autour de cette demeure.<\/p>\n<p>Ronaldo et Rodr\u00edguez sont ensemble depuis plusieurs ann\u00e9es et partagent une vie m\u00e9diatis\u00e9e en dehors des terrains. La villa \u00e9tait per\u00e7ue comme un symbole de cet avenir \u00e0 long terme, mais il semble d\u00e9sormais qu'elle soit destin\u00e9e \u00e0 un autre usage que la retraite.<\/p>\n<p>Ce changement de cap signifie que le projet de 30 millions de livres sterling ne sera pas le point d'aboutissement du parcours professionnel de Ronaldo comme on le pensait autrefois, m\u00eame s'il reste au c\u0153ur du mode de vie qu'il a construit avec Rodr\u00edguez.<\/p>","protected":false},"excerpt":{"rendered":"<p>Cristiano Ronaldo is stepping away from his \u201cdream\u201d \u00a330 million retirement villa, despite the property being designed as the perfect [&hellip;]<\/p>\n","protected":false},"author":3,"featured_media":5842,"comment_status":"","ping_status":"open","sticky":false,"template":"","format":"standard","meta":{"googlesitekit_rrm_CAow_uzEDA:productID":"","site-sidebar-layout":"default","site-content-layout":"","ast-site-content-layout":"default","site-content-style":"default","site-sidebar-style":"default","ast-global-header-display":"","ast-banner-title-visibility":"","ast-main-header-display":"","ast-hfb-above-header-display":"","ast-hfb-below-header-display":"","ast-hfb-mobile-header-display":"","site-post-title":"","ast-breadcrumbs-content":"","ast-featured-img":"","footer-sml-layout":"","ast-disable-related-posts":"","theme-transparent-header-meta":"","adv-header-id-meta":"","stick-header-meta":"","header-above-stick-meta":"","header-main-stick-meta":"","header-below-stick-meta":"","astra-migrate-meta-layouts":"default","ast-page-background-enabled":"default","ast-page-background-meta":{"desktop":{"background-color":"var(--ast-global-color-5)","background-image":"","background-repeat":"repeat","background-position":"center center","background-size":"auto","background-attachment":"scroll","background-type":"","background-media":"","overlay-type":"","overlay-color":"","overlay-opacity":"","overlay-gradient":""},"tablet":{"background-color":"","background-image":"","background-repeat":"repeat","background-position":"center center","background-size":"auto","background-attachment":"scroll","background-type":"","background-media":"","overlay-type":"","overlay-color":"","overlay-opacity":"","overlay-gradient":""},"mobile":{"background-color":"","background-image":"","background-repeat":"repeat","background-position":"center center","background-size":"auto","background-attachment":"scroll","background-type":"","background-media":"","overlay-type":"","overlay-color":"","overlay-opacity":"","overlay-gradient":""}},"ast-content-background-meta":{"desktop":{"background-color":"var(--ast-global-color-4)","background-image":"","background-repeat":"repeat","background-position":"center center","background-size":"auto","background-attachment":"scroll","background-type":"","background-media":"","overlay-type":"","overlay-color":"","overlay-opacity":"","overlay-gradient":""},"tablet":{"background-color":"var(--ast-global-color-4)","background-image":"","background-repeat":"repeat","background-position":"center center","background-size":"auto","background-attachment":"scroll","background-type":"","background-media":"","overlay-type":"","overlay-color":"","overlay-opacity":"","overlay-gradient":""},"mobile":{"background-color":"var(--ast-global-color-4)","background-image":"","background-repeat":"repeat","background-position":"center center","background-size":"auto","background-attachment":"scroll","background-type":"","background-media":"","overlay-type":"","overlay-color":"","overlay-opacity":"","overlay-gradient":""}},"footnotes":""},"categories":[20,1],"tags":[],"class_list":["post-5843","post","type-post","status-publish","format-standard","has-post-thumbnail","hentry","category-international","category-football-latest-news"],"yoast_head":"<!-- This site is optimized with the Yoast SEO Premium plugin v26.6 (Yoast SEO v27.5) - https:\/\/yoast.com\/product\/yoast-seo-premium-wordpress\/ -->\n<title>Why Ronaldo is abandoning his 30m retirement villa - Bladna News<\/title>\n<meta name=\"robots\" content=\"index, follow, max-snippet:-1, max-image-preview:large, max-video-preview:-1\" \/>\n<link rel=\"canonical\" href=\"https:\/\/bladnanews.com\/fr\/pourquoi-ronaldo-abandonne-t-il-sa-villa-de-retraite-de-30-millions-deuros\/\" \/>\n<meta property=\"og:locale\" content=\"fr_FR\" \/>\n<meta property=\"og:type\" content=\"article\" \/>\n<meta property=\"og:title\" content=\"Why Ronaldo is abandoning his 30m retirement villa\" \/>\n<meta property=\"og:description\" content=\"Cristiano Ronaldo is stepping away from his \u201cdream\u201d \u00a330 million retirement villa, despite the property being designed as the perfect [&hellip;]\" \/>\n<meta property=\"og:url\" content=\"https:\/\/bladnanews.com\/fr\/pourquoi-ronaldo-abandonne-t-il-sa-villa-de-retraite-de-30-millions-deuros\/\" \/>\n<meta property=\"og:site_name\" content=\"Bladna News\" \/>\n<meta property=\"article:published_time\" content=\"2026-01-11T11:44:42+00:00\" \/>\n<meta property=\"og:image\" content=\"https:\/\/bladnanews.com\/wp-content\/uploads\/2025\/12\/freepik__bladna-newscom-moroccan-soccer-homepage-banner-mor__41838.png\" \/>\n\t<meta property=\"og:image:width\" content=\"1312\" \/>\n\t<meta property=\"og:image:height\" content=\"736\" \/>\n\t<meta property=\"og:image:type\" content=\"image\/png\" \/>\n<meta name=\"author\" content=\"Bladna News Staff\" \/>\n<meta name=\"twitter:card\" content=\"summary_large_image\" \/>\n<meta name=\"twitter:label1\" content=\"\u00c9crit par\" \/>\n\t<meta name=\"twitter:data1\" content=\"Bladna News Staff\" \/>\n\t<meta name=\"twitter:label2\" content=\"Dur\u00e9e de lecture estim\u00e9e\" \/>\n\t<meta name=\"twitter:data2\" content=\"1 minute\" \/>\n<script type=\"application\/ld+json\" class=\"yoast-schema-graph\">{\"@context\":\"https:\\\/\\\/schema.org\",\"@graph\":[{\"@type\":\"Article\",\"@id\":\"https:\\\/\\\/bladnanews.com\\\/why-ronaldo-is-abandoning-his-30m-retirement-villa\\\/#article\",\"isPartOf\":{\"@id\":\"https:\\\/\\\/bladnanews.com\\\/why-ronaldo-is-abandoning-his-30m-retirement-villa\\\/\"},\"author\":{\"name\":\"Bladna News Staff\",\"@id\":\"https:\\\/\\\/mediumseagreen-eel-531711.hostingersite.com\\\/#\\\/schema\\\/person\\\/268e18a453ab080ebf76df6ef7845083\"},\"headline\":\"Why Ronaldo is abandoning his 30m retirement villa\",\"datePublished\":\"2026-01-11T11:44:42+00:00\",\"mainEntityOfPage\":{\"@id\":\"https:\\\/\\\/bladnanews.com\\\/why-ronaldo-is-abandoning-his-30m-retirement-villa\\\/\"},\"wordCount\":199,\"publisher\":{\"@id\":\"https:\\\/\\\/mediumseagreen-eel-531711.hostingersite.com\\\/#organization\"},\"image\":{\"@id\":\"https:\\\/\\\/bladnanews.com\\\/why-ronaldo-is-abandoning-his-30m-retirement-villa\\\/#primaryimage\"},\"thumbnailUrl\":\"https:\\\/\\\/bladnanews.com\\\/wp-content\\\/uploads\\\/2026\\\/01\\\/BladnaNews-Why-Ronaldo-is-abandoning-his-30m-retirement-villa-2026-01-11T211027.605Z.jpg\",\"articleSection\":[\"International\",\"Latest News\"],\"inLanguage\":\"fr-FR\",\"copyrightYear\":\"2026\",\"copyrightHolder\":{\"@id\":\"https:\\\/\\\/bladnanews.com\\\/fr\\\/#organization\"}},{\"@type\":\"WebPage\",\"@id\":\"https:\\\/\\\/bladnanews.com\\\/why-ronaldo-is-abandoning-his-30m-retirement-villa\\\/\",\"url\":\"https:\\\/\\\/bladnanews.com\\\/why-ronaldo-is-abandoning-his-30m-retirement-villa\\\/\",\"name\":\"Why Ronaldo is abandoning his 30m retirement villa - Bladna News\",\"isPartOf\":{\"@id\":\"https:\\\/\\\/mediumseagreen-eel-531711.hostingersite.com\\\/#website\"},\"primaryImageOfPage\":{\"@id\":\"https:\\\/\\\/bladnanews.com\\\/why-ronaldo-is-abandoning-his-30m-retirement-villa\\\/#primaryimage\"},\"image\":{\"@id\":\"https:\\\/\\\/bladnanews.com\\\/why-ronaldo-is-abandoning-his-30m-retirement-villa\\\/#primaryimage\"},\"thumbnailUrl\":\"https:\\\/\\\/bladnanews.com\\\/wp-content\\\/uploads\\\/2026\\\/01\\\/BladnaNews-Why-Ronaldo-is-abandoning-his-30m-retirement-villa-2026-01-11T211027.605Z.jpg\",\"datePublished\":\"2026-01-11T11:44:42+00:00\",\"breadcrumb\":{\"@id\":\"https:\\\/\\\/bladnanews.com\\\/why-ronaldo-is-abandoning-his-30m-retirement-villa\\\/#breadcrumb\"},\"inLanguage\":\"fr-FR\",\"potentialAction\":[{\"@type\":\"ReadAction\",\"target\":[\"https:\\\/\\\/bladnanews.com\\\/why-ronaldo-is-abandoning-his-30m-retirement-villa\\\/\"]}]},{\"@type\":\"ImageObject\",\"inLanguage\":\"fr-FR\",\"@id\":\"https:\\\/\\\/bladnanews.com\\\/why-ronaldo-is-abandoning-his-30m-retirement-villa\\\/#primaryimage\",\"url\":\"https:\\\/\\\/bladnanews.com\\\/wp-content\\\/uploads\\\/2026\\\/01\\\/BladnaNews-Why-Ronaldo-is-abandoning-his-30m-retirement-villa-2026-01-11T211027.605Z.jpg\",\"contentUrl\":\"https:\\\/\\\/bladnanews.com\\\/wp-content\\\/uploads\\\/2026\\\/01\\\/BladnaNews-Why-Ronaldo-is-abandoning-his-30m-retirement-villa-2026-01-11T211027.605Z.jpg\",\"width\":1920,\"height\":1080,\"caption\":\"Georgina Rodr\u00edguez smiles, wearing sunglasses and a red scarf, alongside Cristiano Ronaldo in his Portugal kit, showcasing their connection.\"},{\"@type\":\"BreadcrumbList\",\"@id\":\"https:\\\/\\\/bladnanews.com\\\/why-ronaldo-is-abandoning-his-30m-retirement-villa\\\/#breadcrumb\",\"itemListElement\":[{\"@type\":\"ListItem\",\"position\":1,\"name\":\"Home\",\"item\":\"https:\\\/\\\/bladnanews.com\\\/\"},{\"@type\":\"ListItem\",\"position\":2,\"name\":\"Why Ronaldo is abandoning his 30m retirement villa\"}]},{\"@type\":\"WebSite\",\"@id\":\"https:\\\/\\\/mediumseagreen-eel-531711.hostingersite.com\\\/#website\",\"url\":\"https:\\\/\\\/mediumseagreen-eel-531711.hostingersite.com\\\/\",\"name\":\"Bladna News - Morocco\",\"description\":\"Where Moroccan Football Meets the World\",\"publisher\":{\"@id\":\"https:\\\/\\\/mediumseagreen-eel-531711.hostingersite.com\\\/#organization\"},\"potentialAction\":[{\"@type\":\"SearchAction\",\"target\":{\"@type\":\"EntryPoint\",\"urlTemplate\":\"https:\\\/\\\/mediumseagreen-eel-531711.hostingersite.com\\\/?s={search_term_string}\"},\"query-input\":{\"@type\":\"PropertyValueSpecification\",\"valueRequired\":true,\"valueName\":\"search_term_string\"}}],\"inLanguage\":\"fr-FR\"},{\"@type\":\"Organization\",\"@id\":\"https:\\\/\\\/mediumseagreen-eel-531711.hostingersite.com\\\/#organization\",\"name\":\"Bladna News.com\",\"url\":\"https:\\\/\\\/mediumseagreen-eel-531711.hostingersite.com\\\/\",\"logo\":{\"@type\":\"ImageObject\",\"inLanguage\":\"fr-FR\",\"@id\":\"https:\\\/\\\/mediumseagreen-eel-531711.hostingersite.com\\\/#\\\/schema\\\/logo\\\/image\\\/\",\"url\":\"https:\\\/\\\/bladnanews.com\\\/wp-content\\\/uploads\\\/2025\\\/12\\\/logo-bladnanews-V2-web-black-red.png\",\"contentUrl\":\"https:\\\/\\\/bladnanews.com\\\/wp-content\\\/uploads\\\/2025\\\/12\\\/logo-bladnanews-V2-web-black-red.png\",\"width\":703,\"height\":287,\"caption\":\"Bladna News.com\"},\"image\":{\"@id\":\"https:\\\/\\\/mediumseagreen-eel-531711.hostingersite.com\\\/#\\\/schema\\\/logo\\\/image\\\/\"},\"email\":\"info@bladnanews.com\",\"legalName\":\"Bladna News\"},{\"@type\":\"Person\",\"@id\":\"https:\\\/\\\/mediumseagreen-eel-531711.hostingersite.com\\\/#\\\/schema\\\/person\\\/268e18a453ab080ebf76df6ef7845083\",\"name\":\"Bladna News Staff\",\"url\":\"https:\\\/\\\/bladnanews.com\\\/fr\\\/author\\\/bladna-news-staff\\\/\"}]}<\/script>\n<!-- \/ Yoast SEO Premium plugin. -->","yoast_head_json":{"title":"Pourquoi Ronaldo abandonne sa villa de retraite de 30 millions - Bladna News","robots":{"index":"index","follow":"follow","max-snippet":"max-snippet:-1","max-image-preview":"max-image-preview:large","max-video-preview":"max-video-preview:-1"},"canonical":"https:\/\/bladnanews.com\/fr\/pourquoi-ronaldo-abandonne-t-il-sa-villa-de-retraite-de-30-millions-deuros\/","og_locale":"fr_FR","og_type":"article","og_title":"Why Ronaldo is abandoning his 30m retirement villa","og_description":"Cristiano Ronaldo is stepping away from his \u201cdream\u201d \u00a330 million retirement villa, despite the property being designed as the perfect [&hellip;]","og_url":"https:\/\/bladnanews.com\/fr\/pourquoi-ronaldo-abandonne-t-il-sa-villa-de-retraite-de-30-millions-deuros\/","og_site_name":"Bladna News","article_published_time":"2026-01-11T11:44:42+00:00","og_image":[{"width":1312,"height":736,"url":"https:\/\/bladnanews.com\/wp-content\/uploads\/2025\/12\/freepik__bladna-newscom-moroccan-soccer-homepage-banner-mor__41838.png","type":"image\/png"}],"author":"Bladna News Staff","twitter_card":"summary_large_image","twitter_misc":{"\u00c9crit par":"Bladna News Staff","Dur\u00e9e de lecture estim\u00e9e":"1 minute"},"schema":{"@context":"https:\/\/schema.org","@graph":[{"@type":"Article","@id":"https:\/\/bladnanews.com\/why-ronaldo-is-abandoning-his-30m-retirement-villa\/#article","isPartOf":{"@id":"https:\/\/bladnanews.com\/why-ronaldo-is-abandoning-his-30m-retirement-villa\/"},"author":{"name":"Bladna News Staff","@id":"https:\/\/mediumseagreen-eel-531711.hostingersite.com\/#\/schema\/person\/268e18a453ab080ebf76df6ef7845083"},"headline":"Why Ronaldo is abandoning his 30m retirement villa","datePublished":"2026-01-11T11:44:42+00:00","mainEntityOfPage":{"@id":"https:\/\/bladnanews.com\/why-ronaldo-is-abandoning-his-30m-retirement-villa\/"},"wordCount":199,"publisher":{"@id":"https:\/\/mediumseagreen-eel-531711.hostingersite.com\/#organization"},"image":{"@id":"https:\/\/bladnanews.com\/why-ronaldo-is-abandoning-his-30m-retirement-villa\/#primaryimage"},"thumbnailUrl":"https:\/\/bladnanews.com\/wp-content\/uploads\/2026\/01\/BladnaNews-Why-Ronaldo-is-abandoning-his-30m-retirement-villa-2026-01-11T211027.605Z.jpg","articleSection":["International","Latest News"],"inLanguage":"fr-FR","copyrightYear":"2026","copyrightHolder":{"@id":"https:\/\/bladnanews.com\/fr\/#organization"}},{"@type":"WebPage","@id":"https:\/\/bladnanews.com\/why-ronaldo-is-abandoning-his-30m-retirement-villa\/","url":"https:\/\/bladnanews.com\/why-ronaldo-is-abandoning-his-30m-retirement-villa\/","name":"Pourquoi Ronaldo abandonne sa villa de retraite de 30 millions - Bladna News","isPartOf":{"@id":"https:\/\/mediumseagreen-eel-531711.hostingersite.com\/#website"},"primaryImageOfPage":{"@id":"https:\/\/bladnanews.com\/why-ronaldo-is-abandoning-his-30m-retirement-villa\/#primaryimage"},"image":{"@id":"https:\/\/bladnanews.com\/why-ronaldo-is-abandoning-his-30m-retirement-villa\/#primaryimage"},"thumbnailUrl":"https:\/\/bladnanews.com\/wp-content\/uploads\/2026\/01\/BladnaNews-Why-Ronaldo-is-abandoning-his-30m-retirement-villa-2026-01-11T211027.605Z.jpg","datePublished":"2026-01-11T11:44:42+00:00","breadcrumb":{"@id":"https:\/\/bladnanews.com\/why-ronaldo-is-abandoning-his-30m-retirement-villa\/#breadcrumb"},"inLanguage":"fr-FR","potentialAction":[{"@type":"ReadAction","target":["https:\/\/bladnanews.com\/why-ronaldo-is-abandoning-his-30m-retirement-villa\/"]}]},{"@type":"ImageObject","inLanguage":"fr-FR","@id":"https:\/\/bladnanews.com\/why-ronaldo-is-abandoning-his-30m-retirement-villa\/#primaryimage","url":"https:\/\/bladnanews.com\/wp-content\/uploads\/2026\/01\/BladnaNews-Why-Ronaldo-is-abandoning-his-30m-retirement-villa-2026-01-11T211027.605Z.jpg","contentUrl":"https:\/\/bladnanews.com\/wp-content\/uploads\/2026\/01\/BladnaNews-Why-Ronaldo-is-abandoning-his-30m-retirement-villa-2026-01-11T211027.605Z.jpg","width":1920,"height":1080,"caption":"Georgina Rodr\u00edguez smiles, wearing sunglasses and a red scarf, alongside Cristiano Ronaldo in his Portugal kit, showcasing their connection."},{"@type":"BreadcrumbList","@id":"https:\/\/bladnanews.com\/why-ronaldo-is-abandoning-his-30m-retirement-villa\/#breadcrumb","itemListElement":[{"@type":"ListItem","position":1,"name":"Home","item":"https:\/\/bladnanews.com\/"},{"@type":"ListItem","position":2,"name":"Why Ronaldo is abandoning his 30m retirement villa"}]},{"@type":"WebSite","@id":"https:\/\/mediumseagreen-eel-531711.hostingersite.com\/#website","url":"https:\/\/mediumseagreen-eel-531711.hostingersite.com\/","name":"Bladna News - Maroc","description":"Quand le football marocain rencontre le monde","publisher":{"@id":"https:\/\/mediumseagreen-eel-531711.hostingersite.com\/#organization"},"potentialAction":[{"@type":"SearchAction","target":{"@type":"EntryPoint","urlTemplate":"https:\/\/mediumseagreen-eel-531711.hostingersite.com\/?s={search_term_string}"},"query-input":{"@type":"PropertyValueSpecification","valueRequired":true,"valueName":"search_term_string"}}],"inLanguage":"fr-FR"},{"@type":"Organization","@id":"https:\/\/mediumseagreen-eel-531711.hostingersite.com\/#organization","name":"Bladna News.com","url":"https:\/\/mediumseagreen-eel-531711.hostingersite.com\/","logo":{"@type":"ImageObject","inLanguage":"fr-FR","@id":"https:\/\/mediumseagreen-eel-531711.hostingersite.com\/#\/schema\/logo\/image\/","url":"https:\/\/bladnanews.com\/wp-content\/uploads\/2025\/12\/logo-bladnanews-V2-web-black-red.png","contentUrl":"https:\/\/bladnanews.com\/wp-content\/uploads\/2025\/12\/logo-bladnanews-V2-web-black-red.png","width":703,"height":287,"caption":"Bladna News.com"},"image":{"@id":"https:\/\/mediumseagreen-eel-531711.hostingersite.com\/#\/schema\/logo\/image\/"},"email":"info@bladnanews.com","legalName":"Bladna News"},{"@type":"Person","@id":"https:\/\/mediumseagreen-eel-531711.hostingersite.com\/#\/schema\/person\/268e18a453ab080ebf76df6ef7845083","name":"\u00c9quipe r\u00e9dactionnelle de Bladna News","url":"https:\/\/bladnanews.com\/fr\/author\/bladna-news-staff\/"}]}},"_links":{"self":[{"href":"https:\/\/bladnanews.com\/fr\/wp-json\/wp\/v2\/posts\/5843","targetHints":{"allow":["GET"]}}],"collection":[{"href":"https:\/\/bladnanews.com\/fr\/wp-json\/wp\/v2\/posts"}],"about":[{"href":"https:\/\/bladnanews.com\/fr\/wp-json\/wp\/v2\/types\/post"}],"author":[{"embeddable":true,"href":"https:\/\/bladnanews.com\/fr\/wp-json\/wp\/v2\/users\/3"}],"replies":[{"embeddable":true,"href":"https:\/\/bladnanews.com\/fr\/wp-json\/wp\/v2\/comments?post=5843"}],"version-history":[{"count":0,"href":"https:\/\/bladnanews.com\/fr\/wp-json\/wp\/v2\/posts\/5843\/revisions"}],"wp:featuredmedia":[{"embeddable":true,"href":"https:\/\/bladnanews.com\/fr\/wp-json\/wp\/v2\/media\/5842"}],"wp:attachment":[{"href":"https:\/\/bladnanews.com\/fr\/wp-json\/wp\/v2\/media?parent=5843"}],"wp:term":[{"taxonomy":"category","embeddable":true,"href":"https:\/\/bladnanews.com\/fr\/wp-json\/wp\/v2\/categories?post=5843"},{"taxonomy":"post_tag","embeddable":true,"href":"https:\/\/bladnanews.com\/fr\/wp-json\/wp\/v2\/tags?post=5843"}],"curies":[{"name":"wp","href":"https:\/\/api.w.org\/{rel}","templated":true}]}}