{"id":5845,"date":"2026-01-11T11:50:26","date_gmt":"2026-01-11T11:50:26","guid":{"rendered":"https:\/\/bladnanews.com\/spurs-reject-roma-loan-bid-for-radu-dragusin\/"},"modified":"2026-01-11T11:50:26","modified_gmt":"2026-01-11T11:50:26","slug":"spurs-rejettent-loffre-de-pret-de-la-roma-pour-radu-dragusin","status":"publish","type":"post","link":"https:\/\/bladnanews.com\/fr\/spurs-rejettent-loffre-de-pret-de-la-roma-pour-radu-dragusin\/","title":{"rendered":"Les Spurs rejettent l'offre de pr\u00eat de la Roma pour Radu Dragusin"},"content":{"rendered":"<p>Tottenham a rejet\u00e9 une offre de pr\u00eat de la Roma pour le d\u00e9fenseur Radu Dragusin, laissant le club de Serie A frustr\u00e9 dans sa qu\u00eate du d\u00e9fenseur central de Premier League.<\/p>\n<p>La Roma a effectu\u00e9 cette d\u00e9marche dans le but de ramener Dragusin en Italie, mais les Spurs ont d\u00e9cid\u00e9 de ne pas autoriser l'international roumain \u00e0 partir en pr\u00eat.<\/p>\n<p>Ce refus est un coup dur pour la Roma, qui avait identifi\u00e9 Dragusin comme une option cl\u00e9 pour renforcer sa ligne d\u00e9fensive. Le joueur de 22 ans n'a rejoint Tottenham qu'au d\u00e9but de cette ann\u00e9e et fait toujours partie des plans d'Ange Postecoglou.<\/p>\n<p>Dragusin est arriv\u00e9 dans le nord de Londres en provenance de G\u00eanes et se bat pour obtenir du temps de jeu dans la d\u00e9fense des Spurs, le club n'\u00e9tant pas dispos\u00e9 \u00e0 affaiblir sa profondeur d\u00e9fensive en pleine saison.<\/p>\n<p>La Roma devra d\u00e9sormais envisager d'autres alternatives apr\u00e8s que Tottenham a clairement indiqu\u00e9 qu'il n'\u00e9tait pas ouvert \u00e0 un d\u00e9part en pr\u00eat du d\u00e9fenseur.<\/p>","protected":false},"excerpt":{"rendered":"<p>Tottenham have rejected a loan approach from Roma for defender Radu Dragusin, leaving the Serie A side frustrated in their [&hellip;]<\/p>\n","protected":false},"author":3,"featured_media":5844,"comment_status":"","ping_status":"open","sticky":false,"template":"","format":"standard","meta":{"googlesitekit_rrm_CAow_uzEDA:productID":"","site-sidebar-layout":"default","site-content-layout":"","ast-site-content-layout":"default","site-content-style":"default","site-sidebar-style":"default","ast-global-header-display":"","ast-banner-title-visibility":"","ast-main-header-display":"","ast-hfb-above-header-display":"","ast-hfb-below-header-display":"","ast-hfb-mobile-header-display":"","site-post-title":"","ast-breadcrumbs-content":"","ast-featured-img":"","footer-sml-layout":"","ast-disable-related-posts":"","theme-transparent-header-meta":"","adv-header-id-meta":"","stick-header-meta":"","header-above-stick-meta":"","header-main-stick-meta":"","header-below-stick-meta":"","astra-migrate-meta-layouts":"default","ast-page-background-enabled":"default","ast-page-background-meta":{"desktop":{"background-color":"var(--ast-global-color-5)","background-image":"","background-repeat":"repeat","background-position":"center center","background-size":"auto","background-attachment":"scroll","background-type":"","background-media":"","overlay-type":"","overlay-color":"","overlay-opacity":"","overlay-gradient":""},"tablet":{"background-color":"","background-image":"","background-repeat":"repeat","background-position":"center center","background-size":"auto","background-attachment":"scroll","background-type":"","background-media":"","overlay-type":"","overlay-color":"","overlay-opacity":"","overlay-gradient":""},"mobile":{"background-color":"","background-image":"","background-repeat":"repeat","background-position":"center center","background-size":"auto","background-attachment":"scroll","background-type":"","background-media":"","overlay-type":"","overlay-color":"","overlay-opacity":"","overlay-gradient":""}},"ast-content-background-meta":{"desktop":{"background-color":"var(--ast-global-color-4)","background-image":"","background-repeat":"repeat","background-position":"center center","background-size":"auto","background-attachment":"scroll","background-type":"","background-media":"","overlay-type":"","overlay-color":"","overlay-opacity":"","overlay-gradient":""},"tablet":{"background-color":"var(--ast-global-color-4)","background-image":"","background-repeat":"repeat","background-position":"center center","background-size":"auto","background-attachment":"scroll","background-type":"","background-media":"","overlay-type":"","overlay-color":"","overlay-opacity":"","overlay-gradient":""},"mobile":{"background-color":"var(--ast-global-color-4)","background-image":"","background-repeat":"repeat","background-position":"center center","background-size":"auto","background-attachment":"scroll","background-type":"","background-media":"","overlay-type":"","overlay-color":"","overlay-opacity":"","overlay-gradient":""}},"footnotes":""},"categories":[20,1],"tags":[],"class_list":["post-5845","post","type-post","status-publish","format-standard","has-post-thumbnail","hentry","category-international","category-football-latest-news"],"yoast_head":"<!-- This site is optimized with the Yoast SEO Premium plugin v26.6 (Yoast SEO v27.5) - https:\/\/yoast.com\/product\/yoast-seo-premium-wordpress\/ -->\n<title>Spurs reject Roma loan bid for Radu Dragusin - Bladna News<\/title>\n<meta name=\"robots\" content=\"index, follow, max-snippet:-1, max-image-preview:large, max-video-preview:-1\" \/>\n<link rel=\"canonical\" href=\"https:\/\/bladnanews.com\/fr\/spurs-rejettent-loffre-de-pret-de-la-roma-pour-radu-dragusin\/\" \/>\n<meta property=\"og:locale\" content=\"fr_FR\" \/>\n<meta property=\"og:type\" content=\"article\" \/>\n<meta property=\"og:title\" content=\"Spurs reject Roma loan bid for Radu Dragusin\" \/>\n<meta property=\"og:description\" content=\"Tottenham have rejected a loan approach from Roma for defender Radu Dragusin, leaving the Serie A side frustrated in their [&hellip;]\" \/>\n<meta property=\"og:url\" content=\"https:\/\/bladnanews.com\/fr\/spurs-rejettent-loffre-de-pret-de-la-roma-pour-radu-dragusin\/\" \/>\n<meta property=\"og:site_name\" content=\"Bladna News\" \/>\n<meta property=\"article:published_time\" content=\"2026-01-11T11:50:26+00:00\" \/>\n<meta property=\"og:image\" content=\"https:\/\/bladnanews.com\/wp-content\/uploads\/2025\/12\/freepik__bladna-newscom-moroccan-soccer-homepage-banner-mor__41838.png\" \/>\n\t<meta property=\"og:image:width\" content=\"1312\" \/>\n\t<meta property=\"og:image:height\" content=\"736\" \/>\n\t<meta property=\"og:image:type\" content=\"image\/png\" \/>\n<meta name=\"author\" content=\"Bladna News Staff\" \/>\n<meta name=\"twitter:card\" content=\"summary_large_image\" \/>\n<meta name=\"twitter:label1\" content=\"\u00c9crit par\" \/>\n\t<meta name=\"twitter:data1\" content=\"Bladna News Staff\" \/>\n\t<meta name=\"twitter:label2\" content=\"Dur\u00e9e de lecture estim\u00e9e\" \/>\n\t<meta name=\"twitter:data2\" content=\"1 minute\" \/>\n<script type=\"application\/ld+json\" class=\"yoast-schema-graph\">{\"@context\":\"https:\\\/\\\/schema.org\",\"@graph\":[{\"@type\":\"Article\",\"@id\":\"https:\\\/\\\/bladnanews.com\\\/spurs-reject-roma-loan-bid-for-radu-dragusin\\\/#article\",\"isPartOf\":{\"@id\":\"https:\\\/\\\/bladnanews.com\\\/spurs-reject-roma-loan-bid-for-radu-dragusin\\\/\"},\"author\":{\"name\":\"Bladna News Staff\",\"@id\":\"https:\\\/\\\/mediumseagreen-eel-531711.hostingersite.com\\\/#\\\/schema\\\/person\\\/268e18a453ab080ebf76df6ef7845083\"},\"headline\":\"Spurs reject Roma loan bid for Radu Dragusin\",\"datePublished\":\"2026-01-11T11:50:26+00:00\",\"mainEntityOfPage\":{\"@id\":\"https:\\\/\\\/bladnanews.com\\\/spurs-reject-roma-loan-bid-for-radu-dragusin\\\/\"},\"wordCount\":155,\"publisher\":{\"@id\":\"https:\\\/\\\/mediumseagreen-eel-531711.hostingersite.com\\\/#organization\"},\"image\":{\"@id\":\"https:\\\/\\\/bladnanews.com\\\/spurs-reject-roma-loan-bid-for-radu-dragusin\\\/#primaryimage\"},\"thumbnailUrl\":\"https:\\\/\\\/bladnanews.com\\\/wp-content\\\/uploads\\\/2026\\\/01\\\/BladnaNews-Spurs-reject-Roma-loan-bid-for-Radu-Dragusin-2026-01-11T211047.354Z.jpg\",\"articleSection\":[\"International\",\"Latest News\"],\"inLanguage\":\"fr-FR\",\"copyrightYear\":\"2026\",\"copyrightHolder\":{\"@id\":\"https:\\\/\\\/bladnanews.com\\\/fr\\\/#organization\"}},{\"@type\":\"WebPage\",\"@id\":\"https:\\\/\\\/bladnanews.com\\\/spurs-reject-roma-loan-bid-for-radu-dragusin\\\/\",\"url\":\"https:\\\/\\\/bladnanews.com\\\/spurs-reject-roma-loan-bid-for-radu-dragusin\\\/\",\"name\":\"Spurs reject Roma loan bid for Radu Dragusin - Bladna News\",\"isPartOf\":{\"@id\":\"https:\\\/\\\/mediumseagreen-eel-531711.hostingersite.com\\\/#website\"},\"primaryImageOfPage\":{\"@id\":\"https:\\\/\\\/bladnanews.com\\\/spurs-reject-roma-loan-bid-for-radu-dragusin\\\/#primaryimage\"},\"image\":{\"@id\":\"https:\\\/\\\/bladnanews.com\\\/spurs-reject-roma-loan-bid-for-radu-dragusin\\\/#primaryimage\"},\"thumbnailUrl\":\"https:\\\/\\\/bladnanews.com\\\/wp-content\\\/uploads\\\/2026\\\/01\\\/BladnaNews-Spurs-reject-Roma-loan-bid-for-Radu-Dragusin-2026-01-11T211047.354Z.jpg\",\"datePublished\":\"2026-01-11T11:50:26+00:00\",\"breadcrumb\":{\"@id\":\"https:\\\/\\\/bladnanews.com\\\/spurs-reject-roma-loan-bid-for-radu-dragusin\\\/#breadcrumb\"},\"inLanguage\":\"fr-FR\",\"potentialAction\":[{\"@type\":\"ReadAction\",\"target\":[\"https:\\\/\\\/bladnanews.com\\\/spurs-reject-roma-loan-bid-for-radu-dragusin\\\/\"]}]},{\"@type\":\"ImageObject\",\"inLanguage\":\"fr-FR\",\"@id\":\"https:\\\/\\\/bladnanews.com\\\/spurs-reject-roma-loan-bid-for-radu-dragusin\\\/#primaryimage\",\"url\":\"https:\\\/\\\/bladnanews.com\\\/wp-content\\\/uploads\\\/2026\\\/01\\\/BladnaNews-Spurs-reject-Roma-loan-bid-for-Radu-Dragusin-2026-01-11T211047.354Z.jpg\",\"contentUrl\":\"https:\\\/\\\/bladnanews.com\\\/wp-content\\\/uploads\\\/2026\\\/01\\\/BladnaNews-Spurs-reject-Roma-loan-bid-for-Radu-Dragusin-2026-01-11T211047.354Z.jpg\",\"width\":1920,\"height\":1080,\"caption\":\"Radu Dragusin, wearing a bright yellow Tottenham kit, looks focused during a match, showcasing his distinctive hairstyle and beard.\"},{\"@type\":\"BreadcrumbList\",\"@id\":\"https:\\\/\\\/bladnanews.com\\\/spurs-reject-roma-loan-bid-for-radu-dragusin\\\/#breadcrumb\",\"itemListElement\":[{\"@type\":\"ListItem\",\"position\":1,\"name\":\"Home\",\"item\":\"https:\\\/\\\/bladnanews.com\\\/\"},{\"@type\":\"ListItem\",\"position\":2,\"name\":\"Spurs reject Roma loan bid for Radu Dragusin\"}]},{\"@type\":\"WebSite\",\"@id\":\"https:\\\/\\\/mediumseagreen-eel-531711.hostingersite.com\\\/#website\",\"url\":\"https:\\\/\\\/mediumseagreen-eel-531711.hostingersite.com\\\/\",\"name\":\"Bladna News - Morocco\",\"description\":\"Where Moroccan Football Meets the World\",\"publisher\":{\"@id\":\"https:\\\/\\\/mediumseagreen-eel-531711.hostingersite.com\\\/#organization\"},\"potentialAction\":[{\"@type\":\"SearchAction\",\"target\":{\"@type\":\"EntryPoint\",\"urlTemplate\":\"https:\\\/\\\/mediumseagreen-eel-531711.hostingersite.com\\\/?s={search_term_string}\"},\"query-input\":{\"@type\":\"PropertyValueSpecification\",\"valueRequired\":true,\"valueName\":\"search_term_string\"}}],\"inLanguage\":\"fr-FR\"},{\"@type\":\"Organization\",\"@id\":\"https:\\\/\\\/mediumseagreen-eel-531711.hostingersite.com\\\/#organization\",\"name\":\"Bladna News.com\",\"url\":\"https:\\\/\\\/mediumseagreen-eel-531711.hostingersite.com\\\/\",\"logo\":{\"@type\":\"ImageObject\",\"inLanguage\":\"fr-FR\",\"@id\":\"https:\\\/\\\/mediumseagreen-eel-531711.hostingersite.com\\\/#\\\/schema\\\/logo\\\/image\\\/\",\"url\":\"https:\\\/\\\/bladnanews.com\\\/wp-content\\\/uploads\\\/2025\\\/12\\\/logo-bladnanews-V2-web-black-red.png\",\"contentUrl\":\"https:\\\/\\\/bladnanews.com\\\/wp-content\\\/uploads\\\/2025\\\/12\\\/logo-bladnanews-V2-web-black-red.png\",\"width\":703,\"height\":287,\"caption\":\"Bladna News.com\"},\"image\":{\"@id\":\"https:\\\/\\\/mediumseagreen-eel-531711.hostingersite.com\\\/#\\\/schema\\\/logo\\\/image\\\/\"},\"email\":\"info@bladnanews.com\",\"legalName\":\"Bladna News\"},{\"@type\":\"Person\",\"@id\":\"https:\\\/\\\/mediumseagreen-eel-531711.hostingersite.com\\\/#\\\/schema\\\/person\\\/268e18a453ab080ebf76df6ef7845083\",\"name\":\"Bladna News Staff\",\"url\":\"https:\\\/\\\/bladnanews.com\\\/fr\\\/author\\\/bladna-news-staff\\\/\"}]}<\/script>\n<!-- \/ Yoast SEO Premium plugin. -->","yoast_head_json":{"title":"Les Spurs rejettent l'offre de pr\u00eat de la Roma pour Radu Dragusin - Bladna News","robots":{"index":"index","follow":"follow","max-snippet":"max-snippet:-1","max-image-preview":"max-image-preview:large","max-video-preview":"max-video-preview:-1"},"canonical":"https:\/\/bladnanews.com\/fr\/spurs-rejettent-loffre-de-pret-de-la-roma-pour-radu-dragusin\/","og_locale":"fr_FR","og_type":"article","og_title":"Spurs reject Roma loan bid for Radu Dragusin","og_description":"Tottenham have rejected a loan approach from Roma for defender Radu Dragusin, leaving the Serie A side frustrated in their [&hellip;]","og_url":"https:\/\/bladnanews.com\/fr\/spurs-rejettent-loffre-de-pret-de-la-roma-pour-radu-dragusin\/","og_site_name":"Bladna News","article_published_time":"2026-01-11T11:50:26+00:00","og_image":[{"width":1312,"height":736,"url":"https:\/\/bladnanews.com\/wp-content\/uploads\/2025\/12\/freepik__bladna-newscom-moroccan-soccer-homepage-banner-mor__41838.png","type":"image\/png"}],"author":"Bladna News Staff","twitter_card":"summary_large_image","twitter_misc":{"\u00c9crit par":"Bladna News Staff","Dur\u00e9e de lecture estim\u00e9e":"1 minute"},"schema":{"@context":"https:\/\/schema.org","@graph":[{"@type":"Article","@id":"https:\/\/bladnanews.com\/spurs-reject-roma-loan-bid-for-radu-dragusin\/#article","isPartOf":{"@id":"https:\/\/bladnanews.com\/spurs-reject-roma-loan-bid-for-radu-dragusin\/"},"author":{"name":"Bladna News Staff","@id":"https:\/\/mediumseagreen-eel-531711.hostingersite.com\/#\/schema\/person\/268e18a453ab080ebf76df6ef7845083"},"headline":"Spurs reject Roma loan bid for Radu Dragusin","datePublished":"2026-01-11T11:50:26+00:00","mainEntityOfPage":{"@id":"https:\/\/bladnanews.com\/spurs-reject-roma-loan-bid-for-radu-dragusin\/"},"wordCount":155,"publisher":{"@id":"https:\/\/mediumseagreen-eel-531711.hostingersite.com\/#organization"},"image":{"@id":"https:\/\/bladnanews.com\/spurs-reject-roma-loan-bid-for-radu-dragusin\/#primaryimage"},"thumbnailUrl":"https:\/\/bladnanews.com\/wp-content\/uploads\/2026\/01\/BladnaNews-Spurs-reject-Roma-loan-bid-for-Radu-Dragusin-2026-01-11T211047.354Z.jpg","articleSection":["International","Latest News"],"inLanguage":"fr-FR","copyrightYear":"2026","copyrightHolder":{"@id":"https:\/\/bladnanews.com\/fr\/#organization"}},{"@type":"WebPage","@id":"https:\/\/bladnanews.com\/spurs-reject-roma-loan-bid-for-radu-dragusin\/","url":"https:\/\/bladnanews.com\/spurs-reject-roma-loan-bid-for-radu-dragusin\/","name":"Les Spurs rejettent l'offre de pr\u00eat de la Roma pour Radu Dragusin - Bladna News","isPartOf":{"@id":"https:\/\/mediumseagreen-eel-531711.hostingersite.com\/#website"},"primaryImageOfPage":{"@id":"https:\/\/bladnanews.com\/spurs-reject-roma-loan-bid-for-radu-dragusin\/#primaryimage"},"image":{"@id":"https:\/\/bladnanews.com\/spurs-reject-roma-loan-bid-for-radu-dragusin\/#primaryimage"},"thumbnailUrl":"https:\/\/bladnanews.com\/wp-content\/uploads\/2026\/01\/BladnaNews-Spurs-reject-Roma-loan-bid-for-Radu-Dragusin-2026-01-11T211047.354Z.jpg","datePublished":"2026-01-11T11:50:26+00:00","breadcrumb":{"@id":"https:\/\/bladnanews.com\/spurs-reject-roma-loan-bid-for-radu-dragusin\/#breadcrumb"},"inLanguage":"fr-FR","potentialAction":[{"@type":"ReadAction","target":["https:\/\/bladnanews.com\/spurs-reject-roma-loan-bid-for-radu-dragusin\/"]}]},{"@type":"ImageObject","inLanguage":"fr-FR","@id":"https:\/\/bladnanews.com\/spurs-reject-roma-loan-bid-for-radu-dragusin\/#primaryimage","url":"https:\/\/bladnanews.com\/wp-content\/uploads\/2026\/01\/BladnaNews-Spurs-reject-Roma-loan-bid-for-Radu-Dragusin-2026-01-11T211047.354Z.jpg","contentUrl":"https:\/\/bladnanews.com\/wp-content\/uploads\/2026\/01\/BladnaNews-Spurs-reject-Roma-loan-bid-for-Radu-Dragusin-2026-01-11T211047.354Z.jpg","width":1920,"height":1080,"caption":"Radu Dragusin, wearing a bright yellow Tottenham kit, looks focused during a match, showcasing his distinctive hairstyle and beard."},{"@type":"BreadcrumbList","@id":"https:\/\/bladnanews.com\/spurs-reject-roma-loan-bid-for-radu-dragusin\/#breadcrumb","itemListElement":[{"@type":"ListItem","position":1,"name":"Home","item":"https:\/\/bladnanews.com\/"},{"@type":"ListItem","position":2,"name":"Spurs reject Roma loan bid for Radu Dragusin"}]},{"@type":"WebSite","@id":"https:\/\/mediumseagreen-eel-531711.hostingersite.com\/#website","url":"https:\/\/mediumseagreen-eel-531711.hostingersite.com\/","name":"Bladna News - Maroc","description":"Quand le football marocain rencontre le monde","publisher":{"@id":"https:\/\/mediumseagreen-eel-531711.hostingersite.com\/#organization"},"potentialAction":[{"@type":"SearchAction","target":{"@type":"EntryPoint","urlTemplate":"https:\/\/mediumseagreen-eel-531711.hostingersite.com\/?s={search_term_string}"},"query-input":{"@type":"PropertyValueSpecification","valueRequired":true,"valueName":"search_term_string"}}],"inLanguage":"fr-FR"},{"@type":"Organization","@id":"https:\/\/mediumseagreen-eel-531711.hostingersite.com\/#organization","name":"Bladna News.com","url":"https:\/\/mediumseagreen-eel-531711.hostingersite.com\/","logo":{"@type":"ImageObject","inLanguage":"fr-FR","@id":"https:\/\/mediumseagreen-eel-531711.hostingersite.com\/#\/schema\/logo\/image\/","url":"https:\/\/bladnanews.com\/wp-content\/uploads\/2025\/12\/logo-bladnanews-V2-web-black-red.png","contentUrl":"https:\/\/bladnanews.com\/wp-content\/uploads\/2025\/12\/logo-bladnanews-V2-web-black-red.png","width":703,"height":287,"caption":"Bladna News.com"},"image":{"@id":"https:\/\/mediumseagreen-eel-531711.hostingersite.com\/#\/schema\/logo\/image\/"},"email":"info@bladnanews.com","legalName":"Bladna News"},{"@type":"Person","@id":"https:\/\/mediumseagreen-eel-531711.hostingersite.com\/#\/schema\/person\/268e18a453ab080ebf76df6ef7845083","name":"\u00c9quipe r\u00e9dactionnelle de Bladna News","url":"https:\/\/bladnanews.com\/fr\/author\/bladna-news-staff\/"}]}},"_links":{"self":[{"href":"https:\/\/bladnanews.com\/fr\/wp-json\/wp\/v2\/posts\/5845","targetHints":{"allow":["GET"]}}],"collection":[{"href":"https:\/\/bladnanews.com\/fr\/wp-json\/wp\/v2\/posts"}],"about":[{"href":"https:\/\/bladnanews.com\/fr\/wp-json\/wp\/v2\/types\/post"}],"author":[{"embeddable":true,"href":"https:\/\/bladnanews.com\/fr\/wp-json\/wp\/v2\/users\/3"}],"replies":[{"embeddable":true,"href":"https:\/\/bladnanews.com\/fr\/wp-json\/wp\/v2\/comments?post=5845"}],"version-history":[{"count":0,"href":"https:\/\/bladnanews.com\/fr\/wp-json\/wp\/v2\/posts\/5845\/revisions"}],"wp:featuredmedia":[{"embeddable":true,"href":"https:\/\/bladnanews.com\/fr\/wp-json\/wp\/v2\/media\/5844"}],"wp:attachment":[{"href":"https:\/\/bladnanews.com\/fr\/wp-json\/wp\/v2\/media?parent=5845"}],"wp:term":[{"taxonomy":"category","embeddable":true,"href":"https:\/\/bladnanews.com\/fr\/wp-json\/wp\/v2\/categories?post=5845"},{"taxonomy":"post_tag","embeddable":true,"href":"https:\/\/bladnanews.com\/fr\/wp-json\/wp\/v2\/tags?post=5845"}],"curies":[{"name":"wp","href":"https:\/\/api.w.org\/{rel}","templated":true}]}}