{"id":5853,"date":"2026-01-11T17:20:12","date_gmt":"2026-01-11T17:20:12","guid":{"rendered":"https:\/\/bladnanews.com\/salah-goal-vs-ivory-coast-sparks-criticism-of-amr-adeeb\/"},"modified":"2026-01-11T17:20:12","modified_gmt":"2026-01-11T17:20:12","slug":"le-but-de-salah-contre-la-cote-divoire-suscite-des-critiques-a-legard-damr-adeeb","status":"publish","type":"post","link":"https:\/\/bladnanews.com\/fr\/le-but-de-salah-contre-la-cote-divoire-suscite-des-critiques-a-legard-damr-adeeb\/","title":{"rendered":"Le but de Salah contre la C\u00f4te d'Ivoire suscite des critiques \u00e0 l'\u00e9gard d'Amr Adeeb"},"content":{"rendered":"<p>Le but de Mohamed Salah pour l'\u00c9gypte contre la C\u00f4te d'Ivoire a d\u00e9clench\u00e9 un nouveau d\u00e9bat sur les r\u00e9seaux sociaux, plusieurs fans tournant leurs critiques vers l'animateur de t\u00e9l\u00e9vision Amr Adeeb.<\/p>\n<p>La discussion s'est r\u00e9pandue rapidement apr\u00e8s que des extraits du match ont \u00e9t\u00e9 partag\u00e9s en ligne, les supporters soulignant l'influence de Salah dans les grands moments pour l'\u00e9quipe nationale.<\/p>\n<p>Dans la m\u00eame vague de r\u00e9actions, certains utilisateurs ont rappel\u00e9 des commentaires ant\u00e9rieurs li\u00e9s \u00e0 Adeeb, disant que sa position pr\u00e9c\u00e9dente envers Salah devrait \u00eatre r\u00e9examin\u00e9e apr\u00e8s que l'attaquant a de nouveau brill\u00e9 dans un match important.<\/p>\n<p>D'autres ont d\u00e9fendu Adeeb, arguant que les opinions exprim\u00e9es dans des contextes diff\u00e9rents ne devraient pas \u00eatre utilis\u00e9es pour remettre en question sa position actuelle, tandis que les arguments continuaient sur les plateformes.<\/p>\n<p>Le but lui-m\u00eame est devenu le principal point de focalisation, les fans louant le calme de Salah lors de sa finition et soulignant sa valeur pour l'\u00c9gypte chaque fois que la pression monte.<\/p>\n<p>Alors que le d\u00e9bat se poursuit, la frappe de Salah contre la C\u00f4te d'Ivoire reste le moment phare, mais elle a \u00e9galement rouvert un vieux diff\u00e9rend en dehors du terrain impliquant Adeeb.<\/p>","protected":false},"excerpt":{"rendered":"<p>Mohamed Salah\u2019s goal for Egypt against Ivory Coast has triggered fresh debate on social media, with several fans turning their [&hellip;]<\/p>\n","protected":false},"author":4,"featured_media":5852,"comment_status":"","ping_status":"open","sticky":false,"template":"","format":"standard","meta":{"googlesitekit_rrm_CAow_uzEDA:productID":"","site-sidebar-layout":"default","site-content-layout":"","ast-site-content-layout":"default","site-content-style":"default","site-sidebar-style":"default","ast-global-header-display":"","ast-banner-title-visibility":"","ast-main-header-display":"","ast-hfb-above-header-display":"","ast-hfb-below-header-display":"","ast-hfb-mobile-header-display":"","site-post-title":"","ast-breadcrumbs-content":"","ast-featured-img":"","footer-sml-layout":"","ast-disable-related-posts":"","theme-transparent-header-meta":"","adv-header-id-meta":"","stick-header-meta":"","header-above-stick-meta":"","header-main-stick-meta":"","header-below-stick-meta":"","astra-migrate-meta-layouts":"default","ast-page-background-enabled":"default","ast-page-background-meta":{"desktop":{"background-color":"var(--ast-global-color-5)","background-image":"","background-repeat":"repeat","background-position":"center center","background-size":"auto","background-attachment":"scroll","background-type":"","background-media":"","overlay-type":"","overlay-color":"","overlay-opacity":"","overlay-gradient":""},"tablet":{"background-color":"","background-image":"","background-repeat":"repeat","background-position":"center center","background-size":"auto","background-attachment":"scroll","background-type":"","background-media":"","overlay-type":"","overlay-color":"","overlay-opacity":"","overlay-gradient":""},"mobile":{"background-color":"","background-image":"","background-repeat":"repeat","background-position":"center center","background-size":"auto","background-attachment":"scroll","background-type":"","background-media":"","overlay-type":"","overlay-color":"","overlay-opacity":"","overlay-gradient":""}},"ast-content-background-meta":{"desktop":{"background-color":"var(--ast-global-color-4)","background-image":"","background-repeat":"repeat","background-position":"center center","background-size":"auto","background-attachment":"scroll","background-type":"","background-media":"","overlay-type":"","overlay-color":"","overlay-opacity":"","overlay-gradient":""},"tablet":{"background-color":"var(--ast-global-color-4)","background-image":"","background-repeat":"repeat","background-position":"center center","background-size":"auto","background-attachment":"scroll","background-type":"","background-media":"","overlay-type":"","overlay-color":"","overlay-opacity":"","overlay-gradient":""},"mobile":{"background-color":"var(--ast-global-color-4)","background-image":"","background-repeat":"repeat","background-position":"center center","background-size":"auto","background-attachment":"scroll","background-type":"","background-media":"","overlay-type":"","overlay-color":"","overlay-opacity":"","overlay-gradient":""}},"footnotes":""},"categories":[1,168],"tags":[],"class_list":["post-5853","post","type-post","status-publish","format-standard","has-post-thumbnail","hentry","category-football-latest-news","category-morocco-national-team"],"yoast_head":"<!-- This site is optimized with the Yoast SEO Premium plugin v26.6 (Yoast SEO v27.4) - https:\/\/yoast.com\/product\/yoast-seo-premium-wordpress\/ -->\n<title>Salah goal vs Ivory Coast sparks criticism of Amr Adeeb - Bladna News<\/title>\n<meta name=\"robots\" content=\"index, follow, max-snippet:-1, max-image-preview:large, max-video-preview:-1\" \/>\n<link rel=\"canonical\" href=\"https:\/\/bladnanews.com\/fr\/le-but-de-salah-contre-la-cote-divoire-suscite-des-critiques-a-legard-damr-adeeb\/\" \/>\n<meta property=\"og:locale\" content=\"fr_FR\" \/>\n<meta property=\"og:type\" content=\"article\" \/>\n<meta property=\"og:title\" content=\"Salah goal vs Ivory Coast sparks criticism of Amr Adeeb\" \/>\n<meta property=\"og:description\" content=\"Mohamed Salah\u2019s goal for Egypt against Ivory Coast has triggered fresh debate on social media, with several fans turning their [&hellip;]\" \/>\n<meta property=\"og:url\" content=\"https:\/\/bladnanews.com\/fr\/le-but-de-salah-contre-la-cote-divoire-suscite-des-critiques-a-legard-damr-adeeb\/\" \/>\n<meta property=\"og:site_name\" content=\"Bladna News\" \/>\n<meta property=\"article:published_time\" content=\"2026-01-11T17:20:12+00:00\" \/>\n<meta property=\"og:image\" content=\"https:\/\/bladnanews.com\/wp-content\/uploads\/2025\/12\/freepik__bladna-newscom-moroccan-soccer-homepage-banner-mor__41838.png\" \/>\n\t<meta property=\"og:image:width\" content=\"1312\" \/>\n\t<meta property=\"og:image:height\" content=\"736\" \/>\n\t<meta property=\"og:image:type\" content=\"image\/png\" \/>\n<meta name=\"author\" content=\"Bladna Sports Desk\" \/>\n<meta name=\"twitter:card\" content=\"summary_large_image\" \/>\n<meta name=\"twitter:label1\" content=\"\u00c9crit par\" \/>\n\t<meta name=\"twitter:data1\" content=\"Bladna Sports Desk\" \/>\n\t<meta name=\"twitter:label2\" content=\"Dur\u00e9e de lecture estim\u00e9e\" \/>\n\t<meta name=\"twitter:data2\" content=\"1 minute\" \/>\n<script type=\"application\/ld+json\" class=\"yoast-schema-graph\">{\"@context\":\"https:\\\/\\\/schema.org\",\"@graph\":[{\"@type\":\"Article\",\"@id\":\"https:\\\/\\\/bladnanews.com\\\/salah-goal-vs-ivory-coast-sparks-criticism-of-amr-adeeb\\\/#article\",\"isPartOf\":{\"@id\":\"https:\\\/\\\/bladnanews.com\\\/salah-goal-vs-ivory-coast-sparks-criticism-of-amr-adeeb\\\/\"},\"author\":{\"name\":\"Bladna Sports Desk\",\"@id\":\"https:\\\/\\\/mediumseagreen-eel-531711.hostingersite.com\\\/#\\\/schema\\\/person\\\/6712b38fabe810f7eb8d15ed30d90f1e\"},\"headline\":\"Salah goal vs Ivory Coast sparks criticism of Amr Adeeb\",\"datePublished\":\"2026-01-11T17:20:12+00:00\",\"mainEntityOfPage\":{\"@id\":\"https:\\\/\\\/bladnanews.com\\\/salah-goal-vs-ivory-coast-sparks-criticism-of-amr-adeeb\\\/\"},\"wordCount\":175,\"publisher\":{\"@id\":\"https:\\\/\\\/mediumseagreen-eel-531711.hostingersite.com\\\/#organization\"},\"image\":{\"@id\":\"https:\\\/\\\/bladnanews.com\\\/salah-goal-vs-ivory-coast-sparks-criticism-of-amr-adeeb\\\/#primaryimage\"},\"thumbnailUrl\":\"https:\\\/\\\/bladnanews.com\\\/wp-content\\\/uploads\\\/2026\\\/01\\\/GettyImages-2255004531-2.jpg-2-scaled.jpg\",\"articleSection\":[\"Latest News\",\"Morocco National Team\"],\"inLanguage\":\"fr-FR\",\"copyrightYear\":\"2026\",\"copyrightHolder\":{\"@id\":\"https:\\\/\\\/bladnanews.com\\\/fr\\\/#organization\"}},{\"@type\":\"WebPage\",\"@id\":\"https:\\\/\\\/bladnanews.com\\\/salah-goal-vs-ivory-coast-sparks-criticism-of-amr-adeeb\\\/\",\"url\":\"https:\\\/\\\/bladnanews.com\\\/salah-goal-vs-ivory-coast-sparks-criticism-of-amr-adeeb\\\/\",\"name\":\"Salah goal vs Ivory Coast sparks criticism of Amr Adeeb - Bladna News\",\"isPartOf\":{\"@id\":\"https:\\\/\\\/mediumseagreen-eel-531711.hostingersite.com\\\/#website\"},\"primaryImageOfPage\":{\"@id\":\"https:\\\/\\\/bladnanews.com\\\/salah-goal-vs-ivory-coast-sparks-criticism-of-amr-adeeb\\\/#primaryimage\"},\"image\":{\"@id\":\"https:\\\/\\\/bladnanews.com\\\/salah-goal-vs-ivory-coast-sparks-criticism-of-amr-adeeb\\\/#primaryimage\"},\"thumbnailUrl\":\"https:\\\/\\\/bladnanews.com\\\/wp-content\\\/uploads\\\/2026\\\/01\\\/GettyImages-2255004531-2.jpg-2-scaled.jpg\",\"datePublished\":\"2026-01-11T17:20:12+00:00\",\"breadcrumb\":{\"@id\":\"https:\\\/\\\/bladnanews.com\\\/salah-goal-vs-ivory-coast-sparks-criticism-of-amr-adeeb\\\/#breadcrumb\"},\"inLanguage\":\"fr-FR\",\"potentialAction\":[{\"@type\":\"ReadAction\",\"target\":[\"https:\\\/\\\/bladnanews.com\\\/salah-goal-vs-ivory-coast-sparks-criticism-of-amr-adeeb\\\/\"]}]},{\"@type\":\"ImageObject\",\"inLanguage\":\"fr-FR\",\"@id\":\"https:\\\/\\\/bladnanews.com\\\/salah-goal-vs-ivory-coast-sparks-criticism-of-amr-adeeb\\\/#primaryimage\",\"url\":\"https:\\\/\\\/bladnanews.com\\\/wp-content\\\/uploads\\\/2026\\\/01\\\/GettyImages-2255004531-2.jpg-2-scaled.jpg\",\"contentUrl\":\"https:\\\/\\\/bladnanews.com\\\/wp-content\\\/uploads\\\/2026\\\/01\\\/GettyImages-2255004531-2.jpg-2-scaled.jpg\",\"width\":2560,\"height\":1440,\"caption\":\"Salah attempts a shot as he is challenged by Koman, with Sangar\u00e9 and the goalkeeper visible in a tense moment during the Africa Cup of Nations.\"},{\"@type\":\"BreadcrumbList\",\"@id\":\"https:\\\/\\\/bladnanews.com\\\/salah-goal-vs-ivory-coast-sparks-criticism-of-amr-adeeb\\\/#breadcrumb\",\"itemListElement\":[{\"@type\":\"ListItem\",\"position\":1,\"name\":\"Home\",\"item\":\"https:\\\/\\\/bladnanews.com\\\/\"},{\"@type\":\"ListItem\",\"position\":2,\"name\":\"Salah goal vs Ivory Coast sparks criticism of Amr Adeeb\"}]},{\"@type\":\"WebSite\",\"@id\":\"https:\\\/\\\/mediumseagreen-eel-531711.hostingersite.com\\\/#website\",\"url\":\"https:\\\/\\\/mediumseagreen-eel-531711.hostingersite.com\\\/\",\"name\":\"Bladna News - Morocco\",\"description\":\"Where Moroccan Football Meets the World\",\"publisher\":{\"@id\":\"https:\\\/\\\/mediumseagreen-eel-531711.hostingersite.com\\\/#organization\"},\"potentialAction\":[{\"@type\":\"SearchAction\",\"target\":{\"@type\":\"EntryPoint\",\"urlTemplate\":\"https:\\\/\\\/mediumseagreen-eel-531711.hostingersite.com\\\/?s={search_term_string}\"},\"query-input\":{\"@type\":\"PropertyValueSpecification\",\"valueRequired\":true,\"valueName\":\"search_term_string\"}}],\"inLanguage\":\"fr-FR\"},{\"@type\":\"Organization\",\"@id\":\"https:\\\/\\\/mediumseagreen-eel-531711.hostingersite.com\\\/#organization\",\"name\":\"Bladna News.com\",\"url\":\"https:\\\/\\\/mediumseagreen-eel-531711.hostingersite.com\\\/\",\"logo\":{\"@type\":\"ImageObject\",\"inLanguage\":\"fr-FR\",\"@id\":\"https:\\\/\\\/mediumseagreen-eel-531711.hostingersite.com\\\/#\\\/schema\\\/logo\\\/image\\\/\",\"url\":\"https:\\\/\\\/bladnanews.com\\\/wp-content\\\/uploads\\\/2025\\\/12\\\/logo-bladnanews-V2-web-black-red.png\",\"contentUrl\":\"https:\\\/\\\/bladnanews.com\\\/wp-content\\\/uploads\\\/2025\\\/12\\\/logo-bladnanews-V2-web-black-red.png\",\"width\":703,\"height\":287,\"caption\":\"Bladna News.com\"},\"image\":{\"@id\":\"https:\\\/\\\/mediumseagreen-eel-531711.hostingersite.com\\\/#\\\/schema\\\/logo\\\/image\\\/\"},\"email\":\"info@bladnanews.com\",\"legalName\":\"Bladna News\"},{\"@type\":\"Person\",\"@id\":\"https:\\\/\\\/mediumseagreen-eel-531711.hostingersite.com\\\/#\\\/schema\\\/person\\\/6712b38fabe810f7eb8d15ed30d90f1e\",\"name\":\"Bladna Sports Desk\",\"url\":\"https:\\\/\\\/bladnanews.com\\\/fr\\\/author\\\/bladna-sports-desk\\\/\"}]}<\/script>\n<!-- \/ Yoast SEO Premium plugin. -->","yoast_head_json":{"title":"Le but de Salah contre la C\u00f4te d'Ivoire suscite des critiques \u00e0 l'\u00e9gard d'Amr Adeeb - Bladna News","robots":{"index":"index","follow":"follow","max-snippet":"max-snippet:-1","max-image-preview":"max-image-preview:large","max-video-preview":"max-video-preview:-1"},"canonical":"https:\/\/bladnanews.com\/fr\/le-but-de-salah-contre-la-cote-divoire-suscite-des-critiques-a-legard-damr-adeeb\/","og_locale":"fr_FR","og_type":"article","og_title":"Salah goal vs Ivory Coast sparks criticism of Amr Adeeb","og_description":"Mohamed Salah\u2019s goal for Egypt against Ivory Coast has triggered fresh debate on social media, with several fans turning their [&hellip;]","og_url":"https:\/\/bladnanews.com\/fr\/le-but-de-salah-contre-la-cote-divoire-suscite-des-critiques-a-legard-damr-adeeb\/","og_site_name":"Bladna News","article_published_time":"2026-01-11T17:20:12+00:00","og_image":[{"width":1312,"height":736,"url":"https:\/\/bladnanews.com\/wp-content\/uploads\/2025\/12\/freepik__bladna-newscom-moroccan-soccer-homepage-banner-mor__41838.png","type":"image\/png"}],"author":"Bladna Sports Desk","twitter_card":"summary_large_image","twitter_misc":{"\u00c9crit par":"Bladna Sports Desk","Dur\u00e9e de lecture estim\u00e9e":"1 minute"},"schema":{"@context":"https:\/\/schema.org","@graph":[{"@type":"Article","@id":"https:\/\/bladnanews.com\/salah-goal-vs-ivory-coast-sparks-criticism-of-amr-adeeb\/#article","isPartOf":{"@id":"https:\/\/bladnanews.com\/salah-goal-vs-ivory-coast-sparks-criticism-of-amr-adeeb\/"},"author":{"name":"Bladna Sports Desk","@id":"https:\/\/mediumseagreen-eel-531711.hostingersite.com\/#\/schema\/person\/6712b38fabe810f7eb8d15ed30d90f1e"},"headline":"Salah goal vs Ivory Coast sparks criticism of Amr Adeeb","datePublished":"2026-01-11T17:20:12+00:00","mainEntityOfPage":{"@id":"https:\/\/bladnanews.com\/salah-goal-vs-ivory-coast-sparks-criticism-of-amr-adeeb\/"},"wordCount":175,"publisher":{"@id":"https:\/\/mediumseagreen-eel-531711.hostingersite.com\/#organization"},"image":{"@id":"https:\/\/bladnanews.com\/salah-goal-vs-ivory-coast-sparks-criticism-of-amr-adeeb\/#primaryimage"},"thumbnailUrl":"https:\/\/bladnanews.com\/wp-content\/uploads\/2026\/01\/GettyImages-2255004531-2.jpg-2-scaled.jpg","articleSection":["Latest News","Morocco National Team"],"inLanguage":"fr-FR","copyrightYear":"2026","copyrightHolder":{"@id":"https:\/\/bladnanews.com\/fr\/#organization"}},{"@type":"WebPage","@id":"https:\/\/bladnanews.com\/salah-goal-vs-ivory-coast-sparks-criticism-of-amr-adeeb\/","url":"https:\/\/bladnanews.com\/salah-goal-vs-ivory-coast-sparks-criticism-of-amr-adeeb\/","name":"Le but de Salah contre la C\u00f4te d'Ivoire suscite des critiques \u00e0 l'\u00e9gard d'Amr Adeeb - Bladna News","isPartOf":{"@id":"https:\/\/mediumseagreen-eel-531711.hostingersite.com\/#website"},"primaryImageOfPage":{"@id":"https:\/\/bladnanews.com\/salah-goal-vs-ivory-coast-sparks-criticism-of-amr-adeeb\/#primaryimage"},"image":{"@id":"https:\/\/bladnanews.com\/salah-goal-vs-ivory-coast-sparks-criticism-of-amr-adeeb\/#primaryimage"},"thumbnailUrl":"https:\/\/bladnanews.com\/wp-content\/uploads\/2026\/01\/GettyImages-2255004531-2.jpg-2-scaled.jpg","datePublished":"2026-01-11T17:20:12+00:00","breadcrumb":{"@id":"https:\/\/bladnanews.com\/salah-goal-vs-ivory-coast-sparks-criticism-of-amr-adeeb\/#breadcrumb"},"inLanguage":"fr-FR","potentialAction":[{"@type":"ReadAction","target":["https:\/\/bladnanews.com\/salah-goal-vs-ivory-coast-sparks-criticism-of-amr-adeeb\/"]}]},{"@type":"ImageObject","inLanguage":"fr-FR","@id":"https:\/\/bladnanews.com\/salah-goal-vs-ivory-coast-sparks-criticism-of-amr-adeeb\/#primaryimage","url":"https:\/\/bladnanews.com\/wp-content\/uploads\/2026\/01\/GettyImages-2255004531-2.jpg-2-scaled.jpg","contentUrl":"https:\/\/bladnanews.com\/wp-content\/uploads\/2026\/01\/GettyImages-2255004531-2.jpg-2-scaled.jpg","width":2560,"height":1440,"caption":"Salah attempts a shot as he is challenged by Koman, with Sangar\u00e9 and the goalkeeper visible in a tense moment during the Africa Cup of Nations."},{"@type":"BreadcrumbList","@id":"https:\/\/bladnanews.com\/salah-goal-vs-ivory-coast-sparks-criticism-of-amr-adeeb\/#breadcrumb","itemListElement":[{"@type":"ListItem","position":1,"name":"Home","item":"https:\/\/bladnanews.com\/"},{"@type":"ListItem","position":2,"name":"Salah goal vs Ivory Coast sparks criticism of Amr Adeeb"}]},{"@type":"WebSite","@id":"https:\/\/mediumseagreen-eel-531711.hostingersite.com\/#website","url":"https:\/\/mediumseagreen-eel-531711.hostingersite.com\/","name":"Bladna News - Maroc","description":"Quand le football marocain rencontre le monde","publisher":{"@id":"https:\/\/mediumseagreen-eel-531711.hostingersite.com\/#organization"},"potentialAction":[{"@type":"SearchAction","target":{"@type":"EntryPoint","urlTemplate":"https:\/\/mediumseagreen-eel-531711.hostingersite.com\/?s={search_term_string}"},"query-input":{"@type":"PropertyValueSpecification","valueRequired":true,"valueName":"search_term_string"}}],"inLanguage":"fr-FR"},{"@type":"Organization","@id":"https:\/\/mediumseagreen-eel-531711.hostingersite.com\/#organization","name":"Bladna News.com","url":"https:\/\/mediumseagreen-eel-531711.hostingersite.com\/","logo":{"@type":"ImageObject","inLanguage":"fr-FR","@id":"https:\/\/mediumseagreen-eel-531711.hostingersite.com\/#\/schema\/logo\/image\/","url":"https:\/\/bladnanews.com\/wp-content\/uploads\/2025\/12\/logo-bladnanews-V2-web-black-red.png","contentUrl":"https:\/\/bladnanews.com\/wp-content\/uploads\/2025\/12\/logo-bladnanews-V2-web-black-red.png","width":703,"height":287,"caption":"Bladna News.com"},"image":{"@id":"https:\/\/mediumseagreen-eel-531711.hostingersite.com\/#\/schema\/logo\/image\/"},"email":"info@bladnanews.com","legalName":"Bladna News"},{"@type":"Person","@id":"https:\/\/mediumseagreen-eel-531711.hostingersite.com\/#\/schema\/person\/6712b38fabe810f7eb8d15ed30d90f1e","name":"Bladna Sports Desk","url":"https:\/\/bladnanews.com\/fr\/author\/bladna-sports-desk\/"}]}},"_links":{"self":[{"href":"https:\/\/bladnanews.com\/fr\/wp-json\/wp\/v2\/posts\/5853","targetHints":{"allow":["GET"]}}],"collection":[{"href":"https:\/\/bladnanews.com\/fr\/wp-json\/wp\/v2\/posts"}],"about":[{"href":"https:\/\/bladnanews.com\/fr\/wp-json\/wp\/v2\/types\/post"}],"author":[{"embeddable":true,"href":"https:\/\/bladnanews.com\/fr\/wp-json\/wp\/v2\/users\/4"}],"replies":[{"embeddable":true,"href":"https:\/\/bladnanews.com\/fr\/wp-json\/wp\/v2\/comments?post=5853"}],"version-history":[{"count":0,"href":"https:\/\/bladnanews.com\/fr\/wp-json\/wp\/v2\/posts\/5853\/revisions"}],"wp:featuredmedia":[{"embeddable":true,"href":"https:\/\/bladnanews.com\/fr\/wp-json\/wp\/v2\/media\/5852"}],"wp:attachment":[{"href":"https:\/\/bladnanews.com\/fr\/wp-json\/wp\/v2\/media?parent=5853"}],"wp:term":[{"taxonomy":"category","embeddable":true,"href":"https:\/\/bladnanews.com\/fr\/wp-json\/wp\/v2\/categories?post=5853"},{"taxonomy":"post_tag","embeddable":true,"href":"https:\/\/bladnanews.com\/fr\/wp-json\/wp\/v2\/tags?post=5853"}],"curies":[{"name":"wp","href":"https:\/\/api.w.org\/{rel}","templated":true}]}}