{"id":5863,"date":"2026-01-11T13:25:15","date_gmt":"2026-01-11T13:25:15","guid":{"rendered":"https:\/\/bladnanews.com\/zinedine-zidane-son-involved-in-wild-afcon-brawl-video\/"},"modified":"2026-01-11T13:25:15","modified_gmt":"2026-01-11T13:25:15","slug":"le-fils-de-zinedine-zidane-implique-dans-une-violente-bagarre-lors-de-lafcon-une-video-en-fait-foi","status":"publish","type":"post","link":"https:\/\/bladnanews.com\/fr\/le-fils-de-zinedine-zidane-implique-dans-une-violente-bagarre-lors-de-lafcon-une-video-en-fait-foi\/","title":{"rendered":"Le fils de Zinedine Zidane impliqu\u00e9 dans une violente altercation film\u00e9e lors de la CAN"},"content":{"rendered":"<p>Une sc\u00e8ne chaotique impliquant le fils de Zinedine Zidane s'est d\u00e9roul\u00e9e \u00e0 la Coupe d'Afrique des Nations, une vid\u00e9o semblant le montrer pris dans une violente altercation en bord de terrain.<\/p>\n<p>L'incident a eu lieu lors d'un match de la CAN et s'est rapidement intensifi\u00e9 alors que plusieurs joueurs et membres du staff des deux \u00e9quipes s'en sont m\u00eal\u00e9s, for\u00e7ant les officiels \u00e0 intervenir pour tenter d'apaiser la situation.<\/p>\n<p>Des images de l'altercation ont depuis circul\u00e9 en ligne, montrant le jeune Zidane au c\u0153ur de la confrontation alors que des pouss\u00e9es et des empoignades \u00e9clataient autour des bancs.<\/p>\n<p>Si la raison du point de friction n'\u00e9tait pas imm\u00e9diatement claire \u00e0 partir de la seule vid\u00e9o, le clip a r\u00e9v\u00e9l\u00e9 \u00e0 quelle vitesse les esprits se sont \u00e9chauff\u00e9s, le conflit s'\u00e9tendant au-del\u00e0 des personnes initialement impliqu\u00e9es.<\/p>\n<p>Le tournoi se poursuit tandis que l'attention se porte sur les \u00e9ventuelles suites disciplinaires apr\u00e8s ces sc\u00e8nes, l'altercation \u00e9tant d\u00e9sormais l'un des moments les plus comment\u00e9s de la comp\u00e9tition.<\/p>","protected":false},"excerpt":{"rendered":"<p>A chaotic scene involving Zinedine Zidane\u2019s son unfolded at the Africa Cup of Nations, with video appearing to show him [&hellip;]<\/p>\n","protected":false},"author":3,"featured_media":5862,"comment_status":"","ping_status":"open","sticky":false,"template":"","format":"standard","meta":{"googlesitekit_rrm_CAow_uzEDA:productID":"","site-sidebar-layout":"default","site-content-layout":"","ast-site-content-layout":"default","site-content-style":"default","site-sidebar-style":"default","ast-global-header-display":"","ast-banner-title-visibility":"","ast-main-header-display":"","ast-hfb-above-header-display":"","ast-hfb-below-header-display":"","ast-hfb-mobile-header-display":"","site-post-title":"","ast-breadcrumbs-content":"","ast-featured-img":"","footer-sml-layout":"","ast-disable-related-posts":"","theme-transparent-header-meta":"","adv-header-id-meta":"","stick-header-meta":"","header-above-stick-meta":"","header-main-stick-meta":"","header-below-stick-meta":"","astra-migrate-meta-layouts":"default","ast-page-background-enabled":"default","ast-page-background-meta":{"desktop":{"background-color":"var(--ast-global-color-5)","background-image":"","background-repeat":"repeat","background-position":"center center","background-size":"auto","background-attachment":"scroll","background-type":"","background-media":"","overlay-type":"","overlay-color":"","overlay-opacity":"","overlay-gradient":""},"tablet":{"background-color":"","background-image":"","background-repeat":"repeat","background-position":"center center","background-size":"auto","background-attachment":"scroll","background-type":"","background-media":"","overlay-type":"","overlay-color":"","overlay-opacity":"","overlay-gradient":""},"mobile":{"background-color":"","background-image":"","background-repeat":"repeat","background-position":"center center","background-size":"auto","background-attachment":"scroll","background-type":"","background-media":"","overlay-type":"","overlay-color":"","overlay-opacity":"","overlay-gradient":""}},"ast-content-background-meta":{"desktop":{"background-color":"var(--ast-global-color-4)","background-image":"","background-repeat":"repeat","background-position":"center center","background-size":"auto","background-attachment":"scroll","background-type":"","background-media":"","overlay-type":"","overlay-color":"","overlay-opacity":"","overlay-gradient":""},"tablet":{"background-color":"var(--ast-global-color-4)","background-image":"","background-repeat":"repeat","background-position":"center center","background-size":"auto","background-attachment":"scroll","background-type":"","background-media":"","overlay-type":"","overlay-color":"","overlay-opacity":"","overlay-gradient":""},"mobile":{"background-color":"var(--ast-global-color-4)","background-image":"","background-repeat":"repeat","background-position":"center center","background-size":"auto","background-attachment":"scroll","background-type":"","background-media":"","overlay-type":"","overlay-color":"","overlay-opacity":"","overlay-gradient":""}},"footnotes":""},"categories":[20,1],"tags":[],"class_list":["post-5863","post","type-post","status-publish","format-standard","has-post-thumbnail","hentry","category-international","category-football-latest-news"],"yoast_head":"<!-- This site is optimized with the Yoast SEO Premium plugin v26.6 (Yoast SEO v27.5) - https:\/\/yoast.com\/product\/yoast-seo-premium-wordpress\/ -->\n<title>Zinedine Zidane son involved in wild AFCON brawl video - Bladna News<\/title>\n<meta name=\"robots\" content=\"index, follow, max-snippet:-1, max-image-preview:large, max-video-preview:-1\" \/>\n<link rel=\"canonical\" href=\"https:\/\/bladnanews.com\/fr\/le-fils-de-zinedine-zidane-implique-dans-une-violente-bagarre-lors-de-lafcon-une-video-en-fait-foi\/\" \/>\n<meta property=\"og:locale\" content=\"fr_FR\" \/>\n<meta property=\"og:type\" content=\"article\" \/>\n<meta property=\"og:title\" content=\"Zinedine Zidane son involved in wild AFCON brawl video\" \/>\n<meta property=\"og:description\" content=\"A chaotic scene involving Zinedine Zidane\u2019s son unfolded at the Africa Cup of Nations, with video appearing to show him [&hellip;]\" \/>\n<meta property=\"og:url\" content=\"https:\/\/bladnanews.com\/fr\/le-fils-de-zinedine-zidane-implique-dans-une-violente-bagarre-lors-de-lafcon-une-video-en-fait-foi\/\" \/>\n<meta property=\"og:site_name\" content=\"Bladna News\" \/>\n<meta property=\"article:published_time\" content=\"2026-01-11T13:25:15+00:00\" \/>\n<meta property=\"og:image\" content=\"https:\/\/bladnanews.com\/wp-content\/uploads\/2025\/12\/freepik__bladna-newscom-moroccan-soccer-homepage-banner-mor__41838.png\" \/>\n\t<meta property=\"og:image:width\" content=\"1312\" \/>\n\t<meta property=\"og:image:height\" content=\"736\" \/>\n\t<meta property=\"og:image:type\" content=\"image\/png\" \/>\n<meta name=\"author\" content=\"Bladna News Staff\" \/>\n<meta name=\"twitter:card\" content=\"summary_large_image\" \/>\n<meta name=\"twitter:label1\" content=\"\u00c9crit par\" \/>\n\t<meta name=\"twitter:data1\" content=\"Bladna News Staff\" \/>\n\t<meta name=\"twitter:label2\" content=\"Dur\u00e9e de lecture estim\u00e9e\" \/>\n\t<meta name=\"twitter:data2\" content=\"1 minute\" \/>\n<script type=\"application\/ld+json\" class=\"yoast-schema-graph\">{\"@context\":\"https:\\\/\\\/schema.org\",\"@graph\":[{\"@type\":\"Article\",\"@id\":\"https:\\\/\\\/bladnanews.com\\\/zinedine-zidane-son-involved-in-wild-afcon-brawl-video\\\/#article\",\"isPartOf\":{\"@id\":\"https:\\\/\\\/bladnanews.com\\\/zinedine-zidane-son-involved-in-wild-afcon-brawl-video\\\/\"},\"author\":{\"name\":\"Bladna News Staff\",\"@id\":\"https:\\\/\\\/mediumseagreen-eel-531711.hostingersite.com\\\/#\\\/schema\\\/person\\\/268e18a453ab080ebf76df6ef7845083\"},\"headline\":\"Zinedine Zidane son involved in wild AFCON brawl video\",\"datePublished\":\"2026-01-11T13:25:15+00:00\",\"mainEntityOfPage\":{\"@id\":\"https:\\\/\\\/bladnanews.com\\\/zinedine-zidane-son-involved-in-wild-afcon-brawl-video\\\/\"},\"wordCount\":155,\"publisher\":{\"@id\":\"https:\\\/\\\/mediumseagreen-eel-531711.hostingersite.com\\\/#organization\"},\"image\":{\"@id\":\"https:\\\/\\\/bladnanews.com\\\/zinedine-zidane-son-involved-in-wild-afcon-brawl-video\\\/#primaryimage\"},\"thumbnailUrl\":\"https:\\\/\\\/bladnanews.com\\\/wp-content\\\/uploads\\\/2026\\\/01\\\/BladnaNews-Zinedine-Zidane-son-involved-in-wild-AFCON-brawl-video-2026-01-12T010930.435Z-scaled.jpg\",\"articleSection\":[\"International\",\"Latest News\"],\"inLanguage\":\"fr-FR\",\"copyrightYear\":\"2026\",\"copyrightHolder\":{\"@id\":\"https:\\\/\\\/bladnanews.com\\\/fr\\\/#organization\"}},{\"@type\":\"WebPage\",\"@id\":\"https:\\\/\\\/bladnanews.com\\\/zinedine-zidane-son-involved-in-wild-afcon-brawl-video\\\/\",\"url\":\"https:\\\/\\\/bladnanews.com\\\/zinedine-zidane-son-involved-in-wild-afcon-brawl-video\\\/\",\"name\":\"Zinedine Zidane son involved in wild AFCON brawl video - Bladna News\",\"isPartOf\":{\"@id\":\"https:\\\/\\\/mediumseagreen-eel-531711.hostingersite.com\\\/#website\"},\"primaryImageOfPage\":{\"@id\":\"https:\\\/\\\/bladnanews.com\\\/zinedine-zidane-son-involved-in-wild-afcon-brawl-video\\\/#primaryimage\"},\"image\":{\"@id\":\"https:\\\/\\\/bladnanews.com\\\/zinedine-zidane-son-involved-in-wild-afcon-brawl-video\\\/#primaryimage\"},\"thumbnailUrl\":\"https:\\\/\\\/bladnanews.com\\\/wp-content\\\/uploads\\\/2026\\\/01\\\/BladnaNews-Zinedine-Zidane-son-involved-in-wild-AFCON-brawl-video-2026-01-12T010930.435Z-scaled.jpg\",\"datePublished\":\"2026-01-11T13:25:15+00:00\",\"breadcrumb\":{\"@id\":\"https:\\\/\\\/bladnanews.com\\\/zinedine-zidane-son-involved-in-wild-afcon-brawl-video\\\/#breadcrumb\"},\"inLanguage\":\"fr-FR\",\"potentialAction\":[{\"@type\":\"ReadAction\",\"target\":[\"https:\\\/\\\/bladnanews.com\\\/zinedine-zidane-son-involved-in-wild-afcon-brawl-video\\\/\"]}]},{\"@type\":\"ImageObject\",\"inLanguage\":\"fr-FR\",\"@id\":\"https:\\\/\\\/bladnanews.com\\\/zinedine-zidane-son-involved-in-wild-afcon-brawl-video\\\/#primaryimage\",\"url\":\"https:\\\/\\\/bladnanews.com\\\/wp-content\\\/uploads\\\/2026\\\/01\\\/BladnaNews-Zinedine-Zidane-son-involved-in-wild-AFCON-brawl-video-2026-01-12T010930.435Z-scaled.jpg\",\"contentUrl\":\"https:\\\/\\\/bladnanews.com\\\/wp-content\\\/uploads\\\/2026\\\/01\\\/BladnaNews-Zinedine-Zidane-son-involved-in-wild-AFCON-brawl-video-2026-01-12T010930.435Z-scaled.jpg\",\"width\":2560,\"height\":1440,\"caption\":\"Players from Nigeria and Algeria tense up during a brawl on the pitch, showcasing vibrant team kits in a high-stakes AFCON match.\"},{\"@type\":\"BreadcrumbList\",\"@id\":\"https:\\\/\\\/bladnanews.com\\\/zinedine-zidane-son-involved-in-wild-afcon-brawl-video\\\/#breadcrumb\",\"itemListElement\":[{\"@type\":\"ListItem\",\"position\":1,\"name\":\"Home\",\"item\":\"https:\\\/\\\/bladnanews.com\\\/\"},{\"@type\":\"ListItem\",\"position\":2,\"name\":\"Zinedine Zidane son involved in wild AFCON brawl video\"}]},{\"@type\":\"WebSite\",\"@id\":\"https:\\\/\\\/mediumseagreen-eel-531711.hostingersite.com\\\/#website\",\"url\":\"https:\\\/\\\/mediumseagreen-eel-531711.hostingersite.com\\\/\",\"name\":\"Bladna News - Morocco\",\"description\":\"Where Moroccan Football Meets the World\",\"publisher\":{\"@id\":\"https:\\\/\\\/mediumseagreen-eel-531711.hostingersite.com\\\/#organization\"},\"potentialAction\":[{\"@type\":\"SearchAction\",\"target\":{\"@type\":\"EntryPoint\",\"urlTemplate\":\"https:\\\/\\\/mediumseagreen-eel-531711.hostingersite.com\\\/?s={search_term_string}\"},\"query-input\":{\"@type\":\"PropertyValueSpecification\",\"valueRequired\":true,\"valueName\":\"search_term_string\"}}],\"inLanguage\":\"fr-FR\"},{\"@type\":\"Organization\",\"@id\":\"https:\\\/\\\/mediumseagreen-eel-531711.hostingersite.com\\\/#organization\",\"name\":\"Bladna News.com\",\"url\":\"https:\\\/\\\/mediumseagreen-eel-531711.hostingersite.com\\\/\",\"logo\":{\"@type\":\"ImageObject\",\"inLanguage\":\"fr-FR\",\"@id\":\"https:\\\/\\\/mediumseagreen-eel-531711.hostingersite.com\\\/#\\\/schema\\\/logo\\\/image\\\/\",\"url\":\"https:\\\/\\\/bladnanews.com\\\/wp-content\\\/uploads\\\/2025\\\/12\\\/logo-bladnanews-V2-web-black-red.png\",\"contentUrl\":\"https:\\\/\\\/bladnanews.com\\\/wp-content\\\/uploads\\\/2025\\\/12\\\/logo-bladnanews-V2-web-black-red.png\",\"width\":703,\"height\":287,\"caption\":\"Bladna News.com\"},\"image\":{\"@id\":\"https:\\\/\\\/mediumseagreen-eel-531711.hostingersite.com\\\/#\\\/schema\\\/logo\\\/image\\\/\"},\"email\":\"info@bladnanews.com\",\"legalName\":\"Bladna News\"},{\"@type\":\"Person\",\"@id\":\"https:\\\/\\\/mediumseagreen-eel-531711.hostingersite.com\\\/#\\\/schema\\\/person\\\/268e18a453ab080ebf76df6ef7845083\",\"name\":\"Bladna News Staff\",\"url\":\"https:\\\/\\\/bladnanews.com\\\/fr\\\/author\\\/bladna-news-staff\\\/\"}]}<\/script>\n<!-- \/ Yoast SEO Premium plugin. -->","yoast_head_json":{"title":"Le fils de Zinedine Zidane impliqu\u00e9 dans une violente bagarre film\u00e9e \u00e0 la CAN - Bladna News","robots":{"index":"index","follow":"follow","max-snippet":"max-snippet:-1","max-image-preview":"max-image-preview:large","max-video-preview":"max-video-preview:-1"},"canonical":"https:\/\/bladnanews.com\/fr\/le-fils-de-zinedine-zidane-implique-dans-une-violente-bagarre-lors-de-lafcon-une-video-en-fait-foi\/","og_locale":"fr_FR","og_type":"article","og_title":"Zinedine Zidane son involved in wild AFCON brawl video","og_description":"A chaotic scene involving Zinedine Zidane\u2019s son unfolded at the Africa Cup of Nations, with video appearing to show him [&hellip;]","og_url":"https:\/\/bladnanews.com\/fr\/le-fils-de-zinedine-zidane-implique-dans-une-violente-bagarre-lors-de-lafcon-une-video-en-fait-foi\/","og_site_name":"Bladna News","article_published_time":"2026-01-11T13:25:15+00:00","og_image":[{"width":1312,"height":736,"url":"https:\/\/bladnanews.com\/wp-content\/uploads\/2025\/12\/freepik__bladna-newscom-moroccan-soccer-homepage-banner-mor__41838.png","type":"image\/png"}],"author":"Bladna News Staff","twitter_card":"summary_large_image","twitter_misc":{"\u00c9crit par":"Bladna News Staff","Dur\u00e9e de lecture estim\u00e9e":"1 minute"},"schema":{"@context":"https:\/\/schema.org","@graph":[{"@type":"Article","@id":"https:\/\/bladnanews.com\/zinedine-zidane-son-involved-in-wild-afcon-brawl-video\/#article","isPartOf":{"@id":"https:\/\/bladnanews.com\/zinedine-zidane-son-involved-in-wild-afcon-brawl-video\/"},"author":{"name":"Bladna News Staff","@id":"https:\/\/mediumseagreen-eel-531711.hostingersite.com\/#\/schema\/person\/268e18a453ab080ebf76df6ef7845083"},"headline":"Zinedine Zidane son involved in wild AFCON brawl video","datePublished":"2026-01-11T13:25:15+00:00","mainEntityOfPage":{"@id":"https:\/\/bladnanews.com\/zinedine-zidane-son-involved-in-wild-afcon-brawl-video\/"},"wordCount":155,"publisher":{"@id":"https:\/\/mediumseagreen-eel-531711.hostingersite.com\/#organization"},"image":{"@id":"https:\/\/bladnanews.com\/zinedine-zidane-son-involved-in-wild-afcon-brawl-video\/#primaryimage"},"thumbnailUrl":"https:\/\/bladnanews.com\/wp-content\/uploads\/2026\/01\/BladnaNews-Zinedine-Zidane-son-involved-in-wild-AFCON-brawl-video-2026-01-12T010930.435Z-scaled.jpg","articleSection":["International","Latest News"],"inLanguage":"fr-FR","copyrightYear":"2026","copyrightHolder":{"@id":"https:\/\/bladnanews.com\/fr\/#organization"}},{"@type":"WebPage","@id":"https:\/\/bladnanews.com\/zinedine-zidane-son-involved-in-wild-afcon-brawl-video\/","url":"https:\/\/bladnanews.com\/zinedine-zidane-son-involved-in-wild-afcon-brawl-video\/","name":"Le fils de Zinedine Zidane impliqu\u00e9 dans une violente bagarre film\u00e9e \u00e0 la CAN - Bladna News","isPartOf":{"@id":"https:\/\/mediumseagreen-eel-531711.hostingersite.com\/#website"},"primaryImageOfPage":{"@id":"https:\/\/bladnanews.com\/zinedine-zidane-son-involved-in-wild-afcon-brawl-video\/#primaryimage"},"image":{"@id":"https:\/\/bladnanews.com\/zinedine-zidane-son-involved-in-wild-afcon-brawl-video\/#primaryimage"},"thumbnailUrl":"https:\/\/bladnanews.com\/wp-content\/uploads\/2026\/01\/BladnaNews-Zinedine-Zidane-son-involved-in-wild-AFCON-brawl-video-2026-01-12T010930.435Z-scaled.jpg","datePublished":"2026-01-11T13:25:15+00:00","breadcrumb":{"@id":"https:\/\/bladnanews.com\/zinedine-zidane-son-involved-in-wild-afcon-brawl-video\/#breadcrumb"},"inLanguage":"fr-FR","potentialAction":[{"@type":"ReadAction","target":["https:\/\/bladnanews.com\/zinedine-zidane-son-involved-in-wild-afcon-brawl-video\/"]}]},{"@type":"ImageObject","inLanguage":"fr-FR","@id":"https:\/\/bladnanews.com\/zinedine-zidane-son-involved-in-wild-afcon-brawl-video\/#primaryimage","url":"https:\/\/bladnanews.com\/wp-content\/uploads\/2026\/01\/BladnaNews-Zinedine-Zidane-son-involved-in-wild-AFCON-brawl-video-2026-01-12T010930.435Z-scaled.jpg","contentUrl":"https:\/\/bladnanews.com\/wp-content\/uploads\/2026\/01\/BladnaNews-Zinedine-Zidane-son-involved-in-wild-AFCON-brawl-video-2026-01-12T010930.435Z-scaled.jpg","width":2560,"height":1440,"caption":"Players from Nigeria and Algeria tense up during a brawl on the pitch, showcasing vibrant team kits in a high-stakes AFCON match."},{"@type":"BreadcrumbList","@id":"https:\/\/bladnanews.com\/zinedine-zidane-son-involved-in-wild-afcon-brawl-video\/#breadcrumb","itemListElement":[{"@type":"ListItem","position":1,"name":"Home","item":"https:\/\/bladnanews.com\/"},{"@type":"ListItem","position":2,"name":"Zinedine Zidane son involved in wild AFCON brawl video"}]},{"@type":"WebSite","@id":"https:\/\/mediumseagreen-eel-531711.hostingersite.com\/#website","url":"https:\/\/mediumseagreen-eel-531711.hostingersite.com\/","name":"Bladna News - Maroc","description":"Quand le football marocain rencontre le monde","publisher":{"@id":"https:\/\/mediumseagreen-eel-531711.hostingersite.com\/#organization"},"potentialAction":[{"@type":"SearchAction","target":{"@type":"EntryPoint","urlTemplate":"https:\/\/mediumseagreen-eel-531711.hostingersite.com\/?s={search_term_string}"},"query-input":{"@type":"PropertyValueSpecification","valueRequired":true,"valueName":"search_term_string"}}],"inLanguage":"fr-FR"},{"@type":"Organization","@id":"https:\/\/mediumseagreen-eel-531711.hostingersite.com\/#organization","name":"Bladna News.com","url":"https:\/\/mediumseagreen-eel-531711.hostingersite.com\/","logo":{"@type":"ImageObject","inLanguage":"fr-FR","@id":"https:\/\/mediumseagreen-eel-531711.hostingersite.com\/#\/schema\/logo\/image\/","url":"https:\/\/bladnanews.com\/wp-content\/uploads\/2025\/12\/logo-bladnanews-V2-web-black-red.png","contentUrl":"https:\/\/bladnanews.com\/wp-content\/uploads\/2025\/12\/logo-bladnanews-V2-web-black-red.png","width":703,"height":287,"caption":"Bladna News.com"},"image":{"@id":"https:\/\/mediumseagreen-eel-531711.hostingersite.com\/#\/schema\/logo\/image\/"},"email":"info@bladnanews.com","legalName":"Bladna News"},{"@type":"Person","@id":"https:\/\/mediumseagreen-eel-531711.hostingersite.com\/#\/schema\/person\/268e18a453ab080ebf76df6ef7845083","name":"\u00c9quipe r\u00e9dactionnelle de Bladna News","url":"https:\/\/bladnanews.com\/fr\/author\/bladna-news-staff\/"}]}},"_links":{"self":[{"href":"https:\/\/bladnanews.com\/fr\/wp-json\/wp\/v2\/posts\/5863","targetHints":{"allow":["GET"]}}],"collection":[{"href":"https:\/\/bladnanews.com\/fr\/wp-json\/wp\/v2\/posts"}],"about":[{"href":"https:\/\/bladnanews.com\/fr\/wp-json\/wp\/v2\/types\/post"}],"author":[{"embeddable":true,"href":"https:\/\/bladnanews.com\/fr\/wp-json\/wp\/v2\/users\/3"}],"replies":[{"embeddable":true,"href":"https:\/\/bladnanews.com\/fr\/wp-json\/wp\/v2\/comments?post=5863"}],"version-history":[{"count":0,"href":"https:\/\/bladnanews.com\/fr\/wp-json\/wp\/v2\/posts\/5863\/revisions"}],"wp:featuredmedia":[{"embeddable":true,"href":"https:\/\/bladnanews.com\/fr\/wp-json\/wp\/v2\/media\/5862"}],"wp:attachment":[{"href":"https:\/\/bladnanews.com\/fr\/wp-json\/wp\/v2\/media?parent=5863"}],"wp:term":[{"taxonomy":"category","embeddable":true,"href":"https:\/\/bladnanews.com\/fr\/wp-json\/wp\/v2\/categories?post=5863"},{"taxonomy":"post_tag","embeddable":true,"href":"https:\/\/bladnanews.com\/fr\/wp-json\/wp\/v2\/tags?post=5863"}],"curies":[{"name":"wp","href":"https:\/\/api.w.org\/{rel}","templated":true}]}}