{"id":5865,"date":"2026-01-11T13:40:18","date_gmt":"2026-01-11T13:40:18","guid":{"rendered":"https:\/\/bladnanews.com\/solskjaer-call-could-bring-rashford-back-to-man-utd\/"},"modified":"2026-01-11T13:40:18","modified_gmt":"2026-01-11T13:40:18","slug":"lappel-de-solskjaer-pourrait-ramener-rashford-a-manchester-united","status":"publish","type":"post","link":"https:\/\/bladnanews.com\/fr\/lappel-de-solskjaer-pourrait-ramener-rashford-a-manchester-united\/","title":{"rendered":"L'appel de Solskjaer pourrait ramener Rashford \u00e0 Manchester United"},"content":{"rendered":"<p>L'avenir imm\u00e9diat de Marcus Rashford reste incertain, l'international anglais attendant toujours que le FC Barcelone prenne une d\u00e9cision finale concernant un \u00e9ventuel transfert.<\/p>\n<p>Alors que cette d\u00e9cision tarde \u00e0 venir, Manchester United a retrouv\u00e9 un nouvel espoir de le r\u00e9int\u00e9grer. Une raison cl\u00e9 est l'influence persistante d'Ole Gunnar Solskj\u00e6r, l'ancien entra\u00eeneur des Red Devils, qui reste l'un des plus grands soutiens de Rashford et pourrait encore jouer un r\u00f4le en l'incitant \u00e0 opter pour un retour.<\/p>\n<p>Rashford n'a pas cach\u00e9 qu'il estime avoir produit son meilleur football \u00e0 Old Trafford sous la direction de Solskj\u00e6r, qui lui a accord\u00e9 sa confiance et a construit l'attaque autour de sa vitesse et de ses courses directes.<\/p>\n<p>La position de United est constante : le club est ouvert \u00e0 la possibilit\u00e9 de conserver Rashford, mais une clarification est n\u00e9cessaire alors qu'il fa\u00e7onne son effectif pour la nouvelle saison. Alors que le FC Barcelone p\u00e8se encore ses options, plus l'ailier reste dans l'incertitude, plus il devient r\u00e9aliste qu'il r\u00e9int\u00e8gre le club et y r\u00e9affirme sa place.<\/p>\n<p>Les proches de la situation estiment que le soutien de Solskj\u00e6r a encore du poids aupr\u00e8s de Rashford. Cette relation a aid\u00e9 l'attaquant \u00e0 conna\u00eetre sa p\u00e9riode la plus aboutie, et elle reste un facteur alors qu'il envisage la suite.<\/p>\n<p>Pour l'instant, c'est au FC Barcelone de jouer. Mais en l'absence de d\u00e9cision finale, et avec United qui demeure une option tr\u00e8s concr\u00e8te, la voie du retour de Rashford \u00e0 Old Trafford est loin d'\u00eatre ferm\u00e9e.<\/p>","protected":false},"excerpt":{"rendered":"<p>Marcus Rashford\u2019s immediate future remains up in the air, with the England international still waiting on Barcelona to make a [&hellip;]<\/p>\n","protected":false},"author":3,"featured_media":5864,"comment_status":"","ping_status":"open","sticky":false,"template":"","format":"standard","meta":{"googlesitekit_rrm_CAow_uzEDA:productID":"","site-sidebar-layout":"default","site-content-layout":"","ast-site-content-layout":"default","site-content-style":"default","site-sidebar-style":"default","ast-global-header-display":"","ast-banner-title-visibility":"","ast-main-header-display":"","ast-hfb-above-header-display":"","ast-hfb-below-header-display":"","ast-hfb-mobile-header-display":"","site-post-title":"","ast-breadcrumbs-content":"","ast-featured-img":"","footer-sml-layout":"","ast-disable-related-posts":"","theme-transparent-header-meta":"","adv-header-id-meta":"","stick-header-meta":"","header-above-stick-meta":"","header-main-stick-meta":"","header-below-stick-meta":"","astra-migrate-meta-layouts":"default","ast-page-background-enabled":"default","ast-page-background-meta":{"desktop":{"background-color":"var(--ast-global-color-5)","background-image":"","background-repeat":"repeat","background-position":"center center","background-size":"auto","background-attachment":"scroll","background-type":"","background-media":"","overlay-type":"","overlay-color":"","overlay-opacity":"","overlay-gradient":""},"tablet":{"background-color":"","background-image":"","background-repeat":"repeat","background-position":"center center","background-size":"auto","background-attachment":"scroll","background-type":"","background-media":"","overlay-type":"","overlay-color":"","overlay-opacity":"","overlay-gradient":""},"mobile":{"background-color":"","background-image":"","background-repeat":"repeat","background-position":"center center","background-size":"auto","background-attachment":"scroll","background-type":"","background-media":"","overlay-type":"","overlay-color":"","overlay-opacity":"","overlay-gradient":""}},"ast-content-background-meta":{"desktop":{"background-color":"var(--ast-global-color-4)","background-image":"","background-repeat":"repeat","background-position":"center center","background-size":"auto","background-attachment":"scroll","background-type":"","background-media":"","overlay-type":"","overlay-color":"","overlay-opacity":"","overlay-gradient":""},"tablet":{"background-color":"var(--ast-global-color-4)","background-image":"","background-repeat":"repeat","background-position":"center center","background-size":"auto","background-attachment":"scroll","background-type":"","background-media":"","overlay-type":"","overlay-color":"","overlay-opacity":"","overlay-gradient":""},"mobile":{"background-color":"var(--ast-global-color-4)","background-image":"","background-repeat":"repeat","background-position":"center center","background-size":"auto","background-attachment":"scroll","background-type":"","background-media":"","overlay-type":"","overlay-color":"","overlay-opacity":"","overlay-gradient":""}},"footnotes":""},"categories":[20,1],"tags":[],"class_list":["post-5865","post","type-post","status-publish","format-standard","has-post-thumbnail","hentry","category-international","category-football-latest-news"],"yoast_head":"<!-- This site is optimized with the Yoast SEO Premium plugin v26.6 (Yoast SEO v27.5) - https:\/\/yoast.com\/product\/yoast-seo-premium-wordpress\/ -->\n<title>Solskjaer call could bring Rashford back to Man Utd - Bladna News<\/title>\n<meta name=\"robots\" content=\"index, follow, max-snippet:-1, max-image-preview:large, max-video-preview:-1\" \/>\n<link rel=\"canonical\" href=\"https:\/\/bladnanews.com\/fr\/lappel-de-solskjaer-pourrait-ramener-rashford-a-manchester-united\/\" \/>\n<meta property=\"og:locale\" content=\"fr_FR\" \/>\n<meta property=\"og:type\" content=\"article\" \/>\n<meta property=\"og:title\" content=\"Solskjaer call could bring Rashford back to Man Utd\" \/>\n<meta property=\"og:description\" content=\"Marcus Rashford\u2019s immediate future remains up in the air, with the England international still waiting on Barcelona to make a [&hellip;]\" \/>\n<meta property=\"og:url\" content=\"https:\/\/bladnanews.com\/fr\/lappel-de-solskjaer-pourrait-ramener-rashford-a-manchester-united\/\" \/>\n<meta property=\"og:site_name\" content=\"Bladna News\" \/>\n<meta property=\"article:published_time\" content=\"2026-01-11T13:40:18+00:00\" \/>\n<meta property=\"og:image\" content=\"https:\/\/bladnanews.com\/wp-content\/uploads\/2025\/12\/freepik__bladna-newscom-moroccan-soccer-homepage-banner-mor__41838.png\" \/>\n\t<meta property=\"og:image:width\" content=\"1312\" \/>\n\t<meta property=\"og:image:height\" content=\"736\" \/>\n\t<meta property=\"og:image:type\" content=\"image\/png\" \/>\n<meta name=\"author\" content=\"Bladna News Staff\" \/>\n<meta name=\"twitter:card\" content=\"summary_large_image\" \/>\n<meta name=\"twitter:label1\" content=\"\u00c9crit par\" \/>\n\t<meta name=\"twitter:data1\" content=\"Bladna News Staff\" \/>\n\t<meta name=\"twitter:label2\" content=\"Dur\u00e9e de lecture estim\u00e9e\" \/>\n\t<meta name=\"twitter:data2\" content=\"1 minute\" \/>\n<script type=\"application\/ld+json\" class=\"yoast-schema-graph\">{\"@context\":\"https:\\\/\\\/schema.org\",\"@graph\":[{\"@type\":\"Article\",\"@id\":\"https:\\\/\\\/bladnanews.com\\\/solskjaer-call-could-bring-rashford-back-to-man-utd\\\/#article\",\"isPartOf\":{\"@id\":\"https:\\\/\\\/bladnanews.com\\\/solskjaer-call-could-bring-rashford-back-to-man-utd\\\/\"},\"author\":{\"name\":\"Bladna News Staff\",\"@id\":\"https:\\\/\\\/mediumseagreen-eel-531711.hostingersite.com\\\/#\\\/schema\\\/person\\\/268e18a453ab080ebf76df6ef7845083\"},\"headline\":\"Solskjaer call could bring Rashford back to Man Utd\",\"datePublished\":\"2026-01-11T13:40:18+00:00\",\"mainEntityOfPage\":{\"@id\":\"https:\\\/\\\/bladnanews.com\\\/solskjaer-call-could-bring-rashford-back-to-man-utd\\\/\"},\"wordCount\":250,\"publisher\":{\"@id\":\"https:\\\/\\\/mediumseagreen-eel-531711.hostingersite.com\\\/#organization\"},\"image\":{\"@id\":\"https:\\\/\\\/bladnanews.com\\\/solskjaer-call-could-bring-rashford-back-to-man-utd\\\/#primaryimage\"},\"thumbnailUrl\":\"https:\\\/\\\/bladnanews.com\\\/wp-content\\\/uploads\\\/2026\\\/01\\\/BladnaNews-Solskjaer-call-could-bring-Rashford-back-to-Man-Utd-2026-01-12T010958.342Z.jpg\",\"articleSection\":[\"International\",\"Latest News\"],\"inLanguage\":\"fr-FR\",\"copyrightYear\":\"2026\",\"copyrightHolder\":{\"@id\":\"https:\\\/\\\/bladnanews.com\\\/fr\\\/#organization\"}},{\"@type\":\"WebPage\",\"@id\":\"https:\\\/\\\/bladnanews.com\\\/solskjaer-call-could-bring-rashford-back-to-man-utd\\\/\",\"url\":\"https:\\\/\\\/bladnanews.com\\\/solskjaer-call-could-bring-rashford-back-to-man-utd\\\/\",\"name\":\"Solskjaer call could bring Rashford back to Man Utd - Bladna News\",\"isPartOf\":{\"@id\":\"https:\\\/\\\/mediumseagreen-eel-531711.hostingersite.com\\\/#website\"},\"primaryImageOfPage\":{\"@id\":\"https:\\\/\\\/bladnanews.com\\\/solskjaer-call-could-bring-rashford-back-to-man-utd\\\/#primaryimage\"},\"image\":{\"@id\":\"https:\\\/\\\/bladnanews.com\\\/solskjaer-call-could-bring-rashford-back-to-man-utd\\\/#primaryimage\"},\"thumbnailUrl\":\"https:\\\/\\\/bladnanews.com\\\/wp-content\\\/uploads\\\/2026\\\/01\\\/BladnaNews-Solskjaer-call-could-bring-Rashford-back-to-Man-Utd-2026-01-12T010958.342Z.jpg\",\"datePublished\":\"2026-01-11T13:40:18+00:00\",\"breadcrumb\":{\"@id\":\"https:\\\/\\\/bladnanews.com\\\/solskjaer-call-could-bring-rashford-back-to-man-utd\\\/#breadcrumb\"},\"inLanguage\":\"fr-FR\",\"potentialAction\":[{\"@type\":\"ReadAction\",\"target\":[\"https:\\\/\\\/bladnanews.com\\\/solskjaer-call-could-bring-rashford-back-to-man-utd\\\/\"]}]},{\"@type\":\"ImageObject\",\"inLanguage\":\"fr-FR\",\"@id\":\"https:\\\/\\\/bladnanews.com\\\/solskjaer-call-could-bring-rashford-back-to-man-utd\\\/#primaryimage\",\"url\":\"https:\\\/\\\/bladnanews.com\\\/wp-content\\\/uploads\\\/2026\\\/01\\\/BladnaNews-Solskjaer-call-could-bring-Rashford-back-to-Man-Utd-2026-01-12T010958.342Z.jpg\",\"contentUrl\":\"https:\\\/\\\/bladnanews.com\\\/wp-content\\\/uploads\\\/2026\\\/01\\\/BladnaNews-Solskjaer-call-could-bring-Rashford-back-to-Man-Utd-2026-01-12T010958.342Z.jpg\",\"width\":1920,\"height\":1080,\"caption\":\"Marcus Rashford in Manchester United's red kit looks concerned as Ole Gunnar Solskj\u00e6r, wearing a black coat, reassures him.\"},{\"@type\":\"BreadcrumbList\",\"@id\":\"https:\\\/\\\/bladnanews.com\\\/solskjaer-call-could-bring-rashford-back-to-man-utd\\\/#breadcrumb\",\"itemListElement\":[{\"@type\":\"ListItem\",\"position\":1,\"name\":\"Home\",\"item\":\"https:\\\/\\\/bladnanews.com\\\/\"},{\"@type\":\"ListItem\",\"position\":2,\"name\":\"Solskjaer call could bring Rashford back to Man Utd\"}]},{\"@type\":\"WebSite\",\"@id\":\"https:\\\/\\\/mediumseagreen-eel-531711.hostingersite.com\\\/#website\",\"url\":\"https:\\\/\\\/mediumseagreen-eel-531711.hostingersite.com\\\/\",\"name\":\"Bladna News - Morocco\",\"description\":\"Where Moroccan Football Meets the World\",\"publisher\":{\"@id\":\"https:\\\/\\\/mediumseagreen-eel-531711.hostingersite.com\\\/#organization\"},\"potentialAction\":[{\"@type\":\"SearchAction\",\"target\":{\"@type\":\"EntryPoint\",\"urlTemplate\":\"https:\\\/\\\/mediumseagreen-eel-531711.hostingersite.com\\\/?s={search_term_string}\"},\"query-input\":{\"@type\":\"PropertyValueSpecification\",\"valueRequired\":true,\"valueName\":\"search_term_string\"}}],\"inLanguage\":\"fr-FR\"},{\"@type\":\"Organization\",\"@id\":\"https:\\\/\\\/mediumseagreen-eel-531711.hostingersite.com\\\/#organization\",\"name\":\"Bladna News.com\",\"url\":\"https:\\\/\\\/mediumseagreen-eel-531711.hostingersite.com\\\/\",\"logo\":{\"@type\":\"ImageObject\",\"inLanguage\":\"fr-FR\",\"@id\":\"https:\\\/\\\/mediumseagreen-eel-531711.hostingersite.com\\\/#\\\/schema\\\/logo\\\/image\\\/\",\"url\":\"https:\\\/\\\/bladnanews.com\\\/wp-content\\\/uploads\\\/2025\\\/12\\\/logo-bladnanews-V2-web-black-red.png\",\"contentUrl\":\"https:\\\/\\\/bladnanews.com\\\/wp-content\\\/uploads\\\/2025\\\/12\\\/logo-bladnanews-V2-web-black-red.png\",\"width\":703,\"height\":287,\"caption\":\"Bladna News.com\"},\"image\":{\"@id\":\"https:\\\/\\\/mediumseagreen-eel-531711.hostingersite.com\\\/#\\\/schema\\\/logo\\\/image\\\/\"},\"email\":\"info@bladnanews.com\",\"legalName\":\"Bladna News\"},{\"@type\":\"Person\",\"@id\":\"https:\\\/\\\/mediumseagreen-eel-531711.hostingersite.com\\\/#\\\/schema\\\/person\\\/268e18a453ab080ebf76df6ef7845083\",\"name\":\"Bladna News Staff\",\"url\":\"https:\\\/\\\/bladnanews.com\\\/fr\\\/author\\\/bladna-news-staff\\\/\"}]}<\/script>\n<!-- \/ Yoast SEO Premium plugin. -->","yoast_head_json":{"title":"L'appel de Solskjaer pourrait ramener Rashford \u00e0 Manchester United - Bladna News","robots":{"index":"index","follow":"follow","max-snippet":"max-snippet:-1","max-image-preview":"max-image-preview:large","max-video-preview":"max-video-preview:-1"},"canonical":"https:\/\/bladnanews.com\/fr\/lappel-de-solskjaer-pourrait-ramener-rashford-a-manchester-united\/","og_locale":"fr_FR","og_type":"article","og_title":"Solskjaer call could bring Rashford back to Man Utd","og_description":"Marcus Rashford\u2019s immediate future remains up in the air, with the England international still waiting on Barcelona to make a [&hellip;]","og_url":"https:\/\/bladnanews.com\/fr\/lappel-de-solskjaer-pourrait-ramener-rashford-a-manchester-united\/","og_site_name":"Bladna News","article_published_time":"2026-01-11T13:40:18+00:00","og_image":[{"width":1312,"height":736,"url":"https:\/\/bladnanews.com\/wp-content\/uploads\/2025\/12\/freepik__bladna-newscom-moroccan-soccer-homepage-banner-mor__41838.png","type":"image\/png"}],"author":"Bladna News Staff","twitter_card":"summary_large_image","twitter_misc":{"\u00c9crit par":"Bladna News Staff","Dur\u00e9e de lecture estim\u00e9e":"1 minute"},"schema":{"@context":"https:\/\/schema.org","@graph":[{"@type":"Article","@id":"https:\/\/bladnanews.com\/solskjaer-call-could-bring-rashford-back-to-man-utd\/#article","isPartOf":{"@id":"https:\/\/bladnanews.com\/solskjaer-call-could-bring-rashford-back-to-man-utd\/"},"author":{"name":"Bladna News Staff","@id":"https:\/\/mediumseagreen-eel-531711.hostingersite.com\/#\/schema\/person\/268e18a453ab080ebf76df6ef7845083"},"headline":"Solskjaer call could bring Rashford back to Man Utd","datePublished":"2026-01-11T13:40:18+00:00","mainEntityOfPage":{"@id":"https:\/\/bladnanews.com\/solskjaer-call-could-bring-rashford-back-to-man-utd\/"},"wordCount":250,"publisher":{"@id":"https:\/\/mediumseagreen-eel-531711.hostingersite.com\/#organization"},"image":{"@id":"https:\/\/bladnanews.com\/solskjaer-call-could-bring-rashford-back-to-man-utd\/#primaryimage"},"thumbnailUrl":"https:\/\/bladnanews.com\/wp-content\/uploads\/2026\/01\/BladnaNews-Solskjaer-call-could-bring-Rashford-back-to-Man-Utd-2026-01-12T010958.342Z.jpg","articleSection":["International","Latest News"],"inLanguage":"fr-FR","copyrightYear":"2026","copyrightHolder":{"@id":"https:\/\/bladnanews.com\/fr\/#organization"}},{"@type":"WebPage","@id":"https:\/\/bladnanews.com\/solskjaer-call-could-bring-rashford-back-to-man-utd\/","url":"https:\/\/bladnanews.com\/solskjaer-call-could-bring-rashford-back-to-man-utd\/","name":"L'appel de Solskjaer pourrait ramener Rashford \u00e0 Manchester United - Bladna News","isPartOf":{"@id":"https:\/\/mediumseagreen-eel-531711.hostingersite.com\/#website"},"primaryImageOfPage":{"@id":"https:\/\/bladnanews.com\/solskjaer-call-could-bring-rashford-back-to-man-utd\/#primaryimage"},"image":{"@id":"https:\/\/bladnanews.com\/solskjaer-call-could-bring-rashford-back-to-man-utd\/#primaryimage"},"thumbnailUrl":"https:\/\/bladnanews.com\/wp-content\/uploads\/2026\/01\/BladnaNews-Solskjaer-call-could-bring-Rashford-back-to-Man-Utd-2026-01-12T010958.342Z.jpg","datePublished":"2026-01-11T13:40:18+00:00","breadcrumb":{"@id":"https:\/\/bladnanews.com\/solskjaer-call-could-bring-rashford-back-to-man-utd\/#breadcrumb"},"inLanguage":"fr-FR","potentialAction":[{"@type":"ReadAction","target":["https:\/\/bladnanews.com\/solskjaer-call-could-bring-rashford-back-to-man-utd\/"]}]},{"@type":"ImageObject","inLanguage":"fr-FR","@id":"https:\/\/bladnanews.com\/solskjaer-call-could-bring-rashford-back-to-man-utd\/#primaryimage","url":"https:\/\/bladnanews.com\/wp-content\/uploads\/2026\/01\/BladnaNews-Solskjaer-call-could-bring-Rashford-back-to-Man-Utd-2026-01-12T010958.342Z.jpg","contentUrl":"https:\/\/bladnanews.com\/wp-content\/uploads\/2026\/01\/BladnaNews-Solskjaer-call-could-bring-Rashford-back-to-Man-Utd-2026-01-12T010958.342Z.jpg","width":1920,"height":1080,"caption":"Marcus Rashford in Manchester United's red kit looks concerned as Ole Gunnar Solskj\u00e6r, wearing a black coat, reassures him."},{"@type":"BreadcrumbList","@id":"https:\/\/bladnanews.com\/solskjaer-call-could-bring-rashford-back-to-man-utd\/#breadcrumb","itemListElement":[{"@type":"ListItem","position":1,"name":"Home","item":"https:\/\/bladnanews.com\/"},{"@type":"ListItem","position":2,"name":"Solskjaer call could bring Rashford back to Man Utd"}]},{"@type":"WebSite","@id":"https:\/\/mediumseagreen-eel-531711.hostingersite.com\/#website","url":"https:\/\/mediumseagreen-eel-531711.hostingersite.com\/","name":"Bladna News - Maroc","description":"Quand le football marocain rencontre le monde","publisher":{"@id":"https:\/\/mediumseagreen-eel-531711.hostingersite.com\/#organization"},"potentialAction":[{"@type":"SearchAction","target":{"@type":"EntryPoint","urlTemplate":"https:\/\/mediumseagreen-eel-531711.hostingersite.com\/?s={search_term_string}"},"query-input":{"@type":"PropertyValueSpecification","valueRequired":true,"valueName":"search_term_string"}}],"inLanguage":"fr-FR"},{"@type":"Organization","@id":"https:\/\/mediumseagreen-eel-531711.hostingersite.com\/#organization","name":"Bladna News.com","url":"https:\/\/mediumseagreen-eel-531711.hostingersite.com\/","logo":{"@type":"ImageObject","inLanguage":"fr-FR","@id":"https:\/\/mediumseagreen-eel-531711.hostingersite.com\/#\/schema\/logo\/image\/","url":"https:\/\/bladnanews.com\/wp-content\/uploads\/2025\/12\/logo-bladnanews-V2-web-black-red.png","contentUrl":"https:\/\/bladnanews.com\/wp-content\/uploads\/2025\/12\/logo-bladnanews-V2-web-black-red.png","width":703,"height":287,"caption":"Bladna News.com"},"image":{"@id":"https:\/\/mediumseagreen-eel-531711.hostingersite.com\/#\/schema\/logo\/image\/"},"email":"info@bladnanews.com","legalName":"Bladna News"},{"@type":"Person","@id":"https:\/\/mediumseagreen-eel-531711.hostingersite.com\/#\/schema\/person\/268e18a453ab080ebf76df6ef7845083","name":"\u00c9quipe r\u00e9dactionnelle de Bladna News","url":"https:\/\/bladnanews.com\/fr\/author\/bladna-news-staff\/"}]}},"_links":{"self":[{"href":"https:\/\/bladnanews.com\/fr\/wp-json\/wp\/v2\/posts\/5865","targetHints":{"allow":["GET"]}}],"collection":[{"href":"https:\/\/bladnanews.com\/fr\/wp-json\/wp\/v2\/posts"}],"about":[{"href":"https:\/\/bladnanews.com\/fr\/wp-json\/wp\/v2\/types\/post"}],"author":[{"embeddable":true,"href":"https:\/\/bladnanews.com\/fr\/wp-json\/wp\/v2\/users\/3"}],"replies":[{"embeddable":true,"href":"https:\/\/bladnanews.com\/fr\/wp-json\/wp\/v2\/comments?post=5865"}],"version-history":[{"count":0,"href":"https:\/\/bladnanews.com\/fr\/wp-json\/wp\/v2\/posts\/5865\/revisions"}],"wp:featuredmedia":[{"embeddable":true,"href":"https:\/\/bladnanews.com\/fr\/wp-json\/wp\/v2\/media\/5864"}],"wp:attachment":[{"href":"https:\/\/bladnanews.com\/fr\/wp-json\/wp\/v2\/media?parent=5865"}],"wp:term":[{"taxonomy":"category","embeddable":true,"href":"https:\/\/bladnanews.com\/fr\/wp-json\/wp\/v2\/categories?post=5865"},{"taxonomy":"post_tag","embeddable":true,"href":"https:\/\/bladnanews.com\/fr\/wp-json\/wp\/v2\/tags?post=5865"}],"curies":[{"name":"wp","href":"https:\/\/api.w.org\/{rel}","templated":true}]}}