{"id":5867,"date":"2026-01-11T14:26:31","date_gmt":"2026-01-11T14:26:31","guid":{"rendered":"https:\/\/bladnanews.com\/why-jj-gabriel-missed-man-utd-fa-cup-squad-despite-eligibility\/"},"modified":"2026-01-11T14:26:31","modified_gmt":"2026-01-11T14:26:31","slug":"pourquoi-jj-gabriel-a-ete-exclu-de-leffectif-de-manchester-united-pour-la-fa-cup-malgre-son-eligibilite","status":"publish","type":"post","link":"https:\/\/bladnanews.com\/fr\/pourquoi-jj-gabriel-a-ete-exclu-de-leffectif-de-manchester-united-pour-la-fa-cup-malgre-son-eligibilite\/","title":{"rendered":"Pourquoi JJ Gabriel a manqu\u00e9 la s\u00e9lection de Manchester United pour la Coupe d'Angleterre malgr\u00e9 son \u00e9ligibilit\u00e9"},"content":{"rendered":"<p>Les supporters de Manchester United qui esp\u00e9raient voir \u201c Kid Messi \u201d JJ Gabriel faire ses d\u00e9buts en \u00e9quipe premi\u00e8re en FA Cup ont \u00e9t\u00e9 d\u00e9\u00e7us, le joueur de 15 ans n\u2019ayant pas \u00e9t\u00e9 inclus dans le groupe match, bien qu\u2019il soit \u00e9ligible pour participer.<\/p>\n<p>Gabriel s\u2019est rapidement forg\u00e9 une r\u00e9putation au niveau des jeunes et certains supporters le voient d\u00e9j\u00e0 percer en \u00e9quipe senior. Alors que United a annonc\u00e9 son groupe pour le match de FA Cup sans y inclure l\u2019adolescent, des questions se sont pos\u00e9es sur l\u2019absence d\u2019un joueur pourtant l\u00e9galement autoris\u00e9 \u00e0 jouer.<\/p>\n<p>Le facteur cl\u00e9 est que l\u2019\u00e9ligibilit\u00e9 ne garantit pas la s\u00e9lection. Bien que Gabriel soit autoris\u00e9 \u00e0 jouer en comp\u00e9tition senior \u00e0 15 ans, United n\u2019a pas franchi le pas de l\u2019int\u00e9grer au groupe de l\u2019\u00e9quipe premi\u00e8re pour cette rencontre.<\/p>\n<p>Il a \u00e9galement \u00e9t\u00e9 r\u00e9v\u00e9l\u00e9 que le staff du club g\u00e8re avec prudence le d\u00e9veloppement du jeune joueur, sans d\u00e9sir de le pr\u00e9cipiter sous les projecteurs uniquement en raison de l\u2019attention grandissante du public autour de son talent et de son surnom.<\/p>\n<p>Cette approche correspond \u00e0 la gestion r\u00e9cente par le club de ses joueurs acad\u00e9miques tr\u00e8s prometteurs, o\u00f9 l\u2019exposition \u00e0 l\u2019entra\u00eenement et la planification \u00e0 long terme sont privil\u00e9gi\u00e9es par rapport \u00e0 une int\u00e9gration h\u00e2tive dans des occasions majeures avant qu\u2019ils ne soient jug\u00e9s pr\u00eats.<\/p>\n<p>L\u2019organisation mise en place sous Darren Fletcher offre aux jeunes joueurs une voie claire, mais la d\u00e9cision d\u2019exclure Gabriel du groupe de FA Cup souligne que sa progression se poursuivra selon les termes du club, et non en fonction des attentes externes.<\/p>","protected":false},"excerpt":{"rendered":"<p>Manchester United supporters hoping to see \u201cKid Messi\u201d JJ Gabriel make his first-team bow in the FA Cup were left [&hellip;]<\/p>\n","protected":false},"author":3,"featured_media":5866,"comment_status":"","ping_status":"open","sticky":false,"template":"","format":"standard","meta":{"googlesitekit_rrm_CAow_uzEDA:productID":"","site-sidebar-layout":"default","site-content-layout":"","ast-site-content-layout":"default","site-content-style":"default","site-sidebar-style":"default","ast-global-header-display":"","ast-banner-title-visibility":"","ast-main-header-display":"","ast-hfb-above-header-display":"","ast-hfb-below-header-display":"","ast-hfb-mobile-header-display":"","site-post-title":"","ast-breadcrumbs-content":"","ast-featured-img":"","footer-sml-layout":"","ast-disable-related-posts":"","theme-transparent-header-meta":"","adv-header-id-meta":"","stick-header-meta":"","header-above-stick-meta":"","header-main-stick-meta":"","header-below-stick-meta":"","astra-migrate-meta-layouts":"default","ast-page-background-enabled":"default","ast-page-background-meta":{"desktop":{"background-color":"var(--ast-global-color-5)","background-image":"","background-repeat":"repeat","background-position":"center center","background-size":"auto","background-attachment":"scroll","background-type":"","background-media":"","overlay-type":"","overlay-color":"","overlay-opacity":"","overlay-gradient":""},"tablet":{"background-color":"","background-image":"","background-repeat":"repeat","background-position":"center center","background-size":"auto","background-attachment":"scroll","background-type":"","background-media":"","overlay-type":"","overlay-color":"","overlay-opacity":"","overlay-gradient":""},"mobile":{"background-color":"","background-image":"","background-repeat":"repeat","background-position":"center center","background-size":"auto","background-attachment":"scroll","background-type":"","background-media":"","overlay-type":"","overlay-color":"","overlay-opacity":"","overlay-gradient":""}},"ast-content-background-meta":{"desktop":{"background-color":"var(--ast-global-color-4)","background-image":"","background-repeat":"repeat","background-position":"center center","background-size":"auto","background-attachment":"scroll","background-type":"","background-media":"","overlay-type":"","overlay-color":"","overlay-opacity":"","overlay-gradient":""},"tablet":{"background-color":"var(--ast-global-color-4)","background-image":"","background-repeat":"repeat","background-position":"center center","background-size":"auto","background-attachment":"scroll","background-type":"","background-media":"","overlay-type":"","overlay-color":"","overlay-opacity":"","overlay-gradient":""},"mobile":{"background-color":"var(--ast-global-color-4)","background-image":"","background-repeat":"repeat","background-position":"center center","background-size":"auto","background-attachment":"scroll","background-type":"","background-media":"","overlay-type":"","overlay-color":"","overlay-opacity":"","overlay-gradient":""}},"footnotes":""},"categories":[20,1],"tags":[],"class_list":["post-5867","post","type-post","status-publish","format-standard","has-post-thumbnail","hentry","category-international","category-football-latest-news"],"yoast_head":"<!-- This site is optimized with the Yoast SEO Premium plugin v26.6 (Yoast SEO v27.5) - https:\/\/yoast.com\/product\/yoast-seo-premium-wordpress\/ -->\n<title>Why JJ Gabriel missed Man Utd FA Cup squad despite eligibility - Bladna News<\/title>\n<meta name=\"robots\" content=\"index, follow, max-snippet:-1, max-image-preview:large, max-video-preview:-1\" \/>\n<link rel=\"canonical\" href=\"https:\/\/bladnanews.com\/fr\/pourquoi-jj-gabriel-a-ete-exclu-de-leffectif-de-manchester-united-pour-la-fa-cup-malgre-son-eligibilite\/\" \/>\n<meta property=\"og:locale\" content=\"fr_FR\" \/>\n<meta property=\"og:type\" content=\"article\" \/>\n<meta property=\"og:title\" content=\"Why JJ Gabriel missed Man Utd FA Cup squad despite eligibility\" \/>\n<meta property=\"og:description\" content=\"Manchester United supporters hoping to see \u201cKid Messi\u201d JJ Gabriel make his first-team bow in the FA Cup were left [&hellip;]\" \/>\n<meta property=\"og:url\" content=\"https:\/\/bladnanews.com\/fr\/pourquoi-jj-gabriel-a-ete-exclu-de-leffectif-de-manchester-united-pour-la-fa-cup-malgre-son-eligibilite\/\" \/>\n<meta property=\"og:site_name\" content=\"Bladna News\" \/>\n<meta property=\"article:published_time\" content=\"2026-01-11T14:26:31+00:00\" \/>\n<meta property=\"og:image\" content=\"https:\/\/bladnanews.com\/wp-content\/uploads\/2025\/12\/freepik__bladna-newscom-moroccan-soccer-homepage-banner-mor__41838.png\" \/>\n\t<meta property=\"og:image:width\" content=\"1312\" \/>\n\t<meta property=\"og:image:height\" content=\"736\" \/>\n\t<meta property=\"og:image:type\" content=\"image\/png\" \/>\n<meta name=\"author\" content=\"Bladna News Staff\" \/>\n<meta name=\"twitter:card\" content=\"summary_large_image\" \/>\n<meta name=\"twitter:label1\" content=\"\u00c9crit par\" \/>\n\t<meta name=\"twitter:data1\" content=\"Bladna News Staff\" \/>\n\t<meta name=\"twitter:label2\" content=\"Dur\u00e9e de lecture estim\u00e9e\" \/>\n\t<meta name=\"twitter:data2\" content=\"1 minute\" \/>\n<script type=\"application\/ld+json\" class=\"yoast-schema-graph\">{\"@context\":\"https:\\\/\\\/schema.org\",\"@graph\":[{\"@type\":\"Article\",\"@id\":\"https:\\\/\\\/bladnanews.com\\\/why-jj-gabriel-missed-man-utd-fa-cup-squad-despite-eligibility\\\/#article\",\"isPartOf\":{\"@id\":\"https:\\\/\\\/bladnanews.com\\\/why-jj-gabriel-missed-man-utd-fa-cup-squad-despite-eligibility\\\/\"},\"author\":{\"name\":\"Bladna News Staff\",\"@id\":\"https:\\\/\\\/mediumseagreen-eel-531711.hostingersite.com\\\/#\\\/schema\\\/person\\\/268e18a453ab080ebf76df6ef7845083\"},\"headline\":\"Why JJ Gabriel missed Man Utd FA Cup squad despite eligibility\",\"datePublished\":\"2026-01-11T14:26:31+00:00\",\"mainEntityOfPage\":{\"@id\":\"https:\\\/\\\/bladnanews.com\\\/why-jj-gabriel-missed-man-utd-fa-cup-squad-despite-eligibility\\\/\"},\"wordCount\":246,\"publisher\":{\"@id\":\"https:\\\/\\\/mediumseagreen-eel-531711.hostingersite.com\\\/#organization\"},\"image\":{\"@id\":\"https:\\\/\\\/bladnanews.com\\\/why-jj-gabriel-missed-man-utd-fa-cup-squad-despite-eligibility\\\/#primaryimage\"},\"thumbnailUrl\":\"https:\\\/\\\/bladnanews.com\\\/wp-content\\\/uploads\\\/2026\\\/01\\\/BladnaNews-Why-JJ-Gabriel-missed-Man-Utd-FA-Cup-squad-despite-eligibility-2026-01-12T011018.497Z.jpg\",\"articleSection\":[\"International\",\"Latest News\"],\"inLanguage\":\"fr-FR\",\"copyrightYear\":\"2026\",\"copyrightHolder\":{\"@id\":\"https:\\\/\\\/bladnanews.com\\\/fr\\\/#organization\"}},{\"@type\":\"WebPage\",\"@id\":\"https:\\\/\\\/bladnanews.com\\\/why-jj-gabriel-missed-man-utd-fa-cup-squad-despite-eligibility\\\/\",\"url\":\"https:\\\/\\\/bladnanews.com\\\/why-jj-gabriel-missed-man-utd-fa-cup-squad-despite-eligibility\\\/\",\"name\":\"Why JJ Gabriel missed Man Utd FA Cup squad despite eligibility - Bladna News\",\"isPartOf\":{\"@id\":\"https:\\\/\\\/mediumseagreen-eel-531711.hostingersite.com\\\/#website\"},\"primaryImageOfPage\":{\"@id\":\"https:\\\/\\\/bladnanews.com\\\/why-jj-gabriel-missed-man-utd-fa-cup-squad-despite-eligibility\\\/#primaryimage\"},\"image\":{\"@id\":\"https:\\\/\\\/bladnanews.com\\\/why-jj-gabriel-missed-man-utd-fa-cup-squad-despite-eligibility\\\/#primaryimage\"},\"thumbnailUrl\":\"https:\\\/\\\/bladnanews.com\\\/wp-content\\\/uploads\\\/2026\\\/01\\\/BladnaNews-Why-JJ-Gabriel-missed-Man-Utd-FA-Cup-squad-despite-eligibility-2026-01-12T011018.497Z.jpg\",\"datePublished\":\"2026-01-11T14:26:31+00:00\",\"breadcrumb\":{\"@id\":\"https:\\\/\\\/bladnanews.com\\\/why-jj-gabriel-missed-man-utd-fa-cup-squad-despite-eligibility\\\/#breadcrumb\"},\"inLanguage\":\"fr-FR\",\"potentialAction\":[{\"@type\":\"ReadAction\",\"target\":[\"https:\\\/\\\/bladnanews.com\\\/why-jj-gabriel-missed-man-utd-fa-cup-squad-despite-eligibility\\\/\"]}]},{\"@type\":\"ImageObject\",\"inLanguage\":\"fr-FR\",\"@id\":\"https:\\\/\\\/bladnanews.com\\\/why-jj-gabriel-missed-man-utd-fa-cup-squad-despite-eligibility\\\/#primaryimage\",\"url\":\"https:\\\/\\\/bladnanews.com\\\/wp-content\\\/uploads\\\/2026\\\/01\\\/BladnaNews-Why-JJ-Gabriel-missed-Man-Utd-FA-Cup-squad-despite-eligibility-2026-01-12T011018.497Z.jpg\",\"contentUrl\":\"https:\\\/\\\/bladnanews.com\\\/wp-content\\\/uploads\\\/2026\\\/01\\\/BladnaNews-Why-JJ-Gabriel-missed-Man-Utd-FA-Cup-squad-despite-eligibility-2026-01-12T011018.497Z.jpg\",\"width\":1920,\"height\":1080,\"caption\":\"JJ Gabriel celebrating with a Manchester United jersey, holding a football and showing four fingers, against a cloudy background.\"},{\"@type\":\"BreadcrumbList\",\"@id\":\"https:\\\/\\\/bladnanews.com\\\/why-jj-gabriel-missed-man-utd-fa-cup-squad-despite-eligibility\\\/#breadcrumb\",\"itemListElement\":[{\"@type\":\"ListItem\",\"position\":1,\"name\":\"Home\",\"item\":\"https:\\\/\\\/bladnanews.com\\\/\"},{\"@type\":\"ListItem\",\"position\":2,\"name\":\"Why JJ Gabriel missed Man Utd FA Cup squad despite eligibility\"}]},{\"@type\":\"WebSite\",\"@id\":\"https:\\\/\\\/mediumseagreen-eel-531711.hostingersite.com\\\/#website\",\"url\":\"https:\\\/\\\/mediumseagreen-eel-531711.hostingersite.com\\\/\",\"name\":\"Bladna News - Morocco\",\"description\":\"Where Moroccan Football Meets the World\",\"publisher\":{\"@id\":\"https:\\\/\\\/mediumseagreen-eel-531711.hostingersite.com\\\/#organization\"},\"potentialAction\":[{\"@type\":\"SearchAction\",\"target\":{\"@type\":\"EntryPoint\",\"urlTemplate\":\"https:\\\/\\\/mediumseagreen-eel-531711.hostingersite.com\\\/?s={search_term_string}\"},\"query-input\":{\"@type\":\"PropertyValueSpecification\",\"valueRequired\":true,\"valueName\":\"search_term_string\"}}],\"inLanguage\":\"fr-FR\"},{\"@type\":\"Organization\",\"@id\":\"https:\\\/\\\/mediumseagreen-eel-531711.hostingersite.com\\\/#organization\",\"name\":\"Bladna News.com\",\"url\":\"https:\\\/\\\/mediumseagreen-eel-531711.hostingersite.com\\\/\",\"logo\":{\"@type\":\"ImageObject\",\"inLanguage\":\"fr-FR\",\"@id\":\"https:\\\/\\\/mediumseagreen-eel-531711.hostingersite.com\\\/#\\\/schema\\\/logo\\\/image\\\/\",\"url\":\"https:\\\/\\\/bladnanews.com\\\/wp-content\\\/uploads\\\/2025\\\/12\\\/logo-bladnanews-V2-web-black-red.png\",\"contentUrl\":\"https:\\\/\\\/bladnanews.com\\\/wp-content\\\/uploads\\\/2025\\\/12\\\/logo-bladnanews-V2-web-black-red.png\",\"width\":703,\"height\":287,\"caption\":\"Bladna News.com\"},\"image\":{\"@id\":\"https:\\\/\\\/mediumseagreen-eel-531711.hostingersite.com\\\/#\\\/schema\\\/logo\\\/image\\\/\"},\"email\":\"info@bladnanews.com\",\"legalName\":\"Bladna News\"},{\"@type\":\"Person\",\"@id\":\"https:\\\/\\\/mediumseagreen-eel-531711.hostingersite.com\\\/#\\\/schema\\\/person\\\/268e18a453ab080ebf76df6ef7845083\",\"name\":\"Bladna News Staff\",\"url\":\"https:\\\/\\\/bladnanews.com\\\/fr\\\/author\\\/bladna-news-staff\\\/\"}]}<\/script>\n<!-- \/ Yoast SEO Premium plugin. -->","yoast_head_json":{"title":"Pourquoi JJ Gabriel a manqu\u00e9 la liste de la FA Cup de Manchester United malgr\u00e9 son \u00e9ligibilit\u00e9 - Bladna News","robots":{"index":"index","follow":"follow","max-snippet":"max-snippet:-1","max-image-preview":"max-image-preview:large","max-video-preview":"max-video-preview:-1"},"canonical":"https:\/\/bladnanews.com\/fr\/pourquoi-jj-gabriel-a-ete-exclu-de-leffectif-de-manchester-united-pour-la-fa-cup-malgre-son-eligibilite\/","og_locale":"fr_FR","og_type":"article","og_title":"Why JJ Gabriel missed Man Utd FA Cup squad despite eligibility","og_description":"Manchester United supporters hoping to see \u201cKid Messi\u201d JJ Gabriel make his first-team bow in the FA Cup were left [&hellip;]","og_url":"https:\/\/bladnanews.com\/fr\/pourquoi-jj-gabriel-a-ete-exclu-de-leffectif-de-manchester-united-pour-la-fa-cup-malgre-son-eligibilite\/","og_site_name":"Bladna News","article_published_time":"2026-01-11T14:26:31+00:00","og_image":[{"width":1312,"height":736,"url":"https:\/\/bladnanews.com\/wp-content\/uploads\/2025\/12\/freepik__bladna-newscom-moroccan-soccer-homepage-banner-mor__41838.png","type":"image\/png"}],"author":"Bladna News Staff","twitter_card":"summary_large_image","twitter_misc":{"\u00c9crit par":"Bladna News Staff","Dur\u00e9e de lecture estim\u00e9e":"1 minute"},"schema":{"@context":"https:\/\/schema.org","@graph":[{"@type":"Article","@id":"https:\/\/bladnanews.com\/why-jj-gabriel-missed-man-utd-fa-cup-squad-despite-eligibility\/#article","isPartOf":{"@id":"https:\/\/bladnanews.com\/why-jj-gabriel-missed-man-utd-fa-cup-squad-despite-eligibility\/"},"author":{"name":"Bladna News Staff","@id":"https:\/\/mediumseagreen-eel-531711.hostingersite.com\/#\/schema\/person\/268e18a453ab080ebf76df6ef7845083"},"headline":"Why JJ Gabriel missed Man Utd FA Cup squad despite eligibility","datePublished":"2026-01-11T14:26:31+00:00","mainEntityOfPage":{"@id":"https:\/\/bladnanews.com\/why-jj-gabriel-missed-man-utd-fa-cup-squad-despite-eligibility\/"},"wordCount":246,"publisher":{"@id":"https:\/\/mediumseagreen-eel-531711.hostingersite.com\/#organization"},"image":{"@id":"https:\/\/bladnanews.com\/why-jj-gabriel-missed-man-utd-fa-cup-squad-despite-eligibility\/#primaryimage"},"thumbnailUrl":"https:\/\/bladnanews.com\/wp-content\/uploads\/2026\/01\/BladnaNews-Why-JJ-Gabriel-missed-Man-Utd-FA-Cup-squad-despite-eligibility-2026-01-12T011018.497Z.jpg","articleSection":["International","Latest News"],"inLanguage":"fr-FR","copyrightYear":"2026","copyrightHolder":{"@id":"https:\/\/bladnanews.com\/fr\/#organization"}},{"@type":"WebPage","@id":"https:\/\/bladnanews.com\/why-jj-gabriel-missed-man-utd-fa-cup-squad-despite-eligibility\/","url":"https:\/\/bladnanews.com\/why-jj-gabriel-missed-man-utd-fa-cup-squad-despite-eligibility\/","name":"Pourquoi JJ Gabriel a manqu\u00e9 la liste de la FA Cup de Manchester United malgr\u00e9 son \u00e9ligibilit\u00e9 - Bladna News","isPartOf":{"@id":"https:\/\/mediumseagreen-eel-531711.hostingersite.com\/#website"},"primaryImageOfPage":{"@id":"https:\/\/bladnanews.com\/why-jj-gabriel-missed-man-utd-fa-cup-squad-despite-eligibility\/#primaryimage"},"image":{"@id":"https:\/\/bladnanews.com\/why-jj-gabriel-missed-man-utd-fa-cup-squad-despite-eligibility\/#primaryimage"},"thumbnailUrl":"https:\/\/bladnanews.com\/wp-content\/uploads\/2026\/01\/BladnaNews-Why-JJ-Gabriel-missed-Man-Utd-FA-Cup-squad-despite-eligibility-2026-01-12T011018.497Z.jpg","datePublished":"2026-01-11T14:26:31+00:00","breadcrumb":{"@id":"https:\/\/bladnanews.com\/why-jj-gabriel-missed-man-utd-fa-cup-squad-despite-eligibility\/#breadcrumb"},"inLanguage":"fr-FR","potentialAction":[{"@type":"ReadAction","target":["https:\/\/bladnanews.com\/why-jj-gabriel-missed-man-utd-fa-cup-squad-despite-eligibility\/"]}]},{"@type":"ImageObject","inLanguage":"fr-FR","@id":"https:\/\/bladnanews.com\/why-jj-gabriel-missed-man-utd-fa-cup-squad-despite-eligibility\/#primaryimage","url":"https:\/\/bladnanews.com\/wp-content\/uploads\/2026\/01\/BladnaNews-Why-JJ-Gabriel-missed-Man-Utd-FA-Cup-squad-despite-eligibility-2026-01-12T011018.497Z.jpg","contentUrl":"https:\/\/bladnanews.com\/wp-content\/uploads\/2026\/01\/BladnaNews-Why-JJ-Gabriel-missed-Man-Utd-FA-Cup-squad-despite-eligibility-2026-01-12T011018.497Z.jpg","width":1920,"height":1080,"caption":"JJ Gabriel celebrating with a Manchester United jersey, holding a football and showing four fingers, against a cloudy background."},{"@type":"BreadcrumbList","@id":"https:\/\/bladnanews.com\/why-jj-gabriel-missed-man-utd-fa-cup-squad-despite-eligibility\/#breadcrumb","itemListElement":[{"@type":"ListItem","position":1,"name":"Home","item":"https:\/\/bladnanews.com\/"},{"@type":"ListItem","position":2,"name":"Why JJ Gabriel missed Man Utd FA Cup squad despite eligibility"}]},{"@type":"WebSite","@id":"https:\/\/mediumseagreen-eel-531711.hostingersite.com\/#website","url":"https:\/\/mediumseagreen-eel-531711.hostingersite.com\/","name":"Bladna News - Maroc","description":"Quand le football marocain rencontre le monde","publisher":{"@id":"https:\/\/mediumseagreen-eel-531711.hostingersite.com\/#organization"},"potentialAction":[{"@type":"SearchAction","target":{"@type":"EntryPoint","urlTemplate":"https:\/\/mediumseagreen-eel-531711.hostingersite.com\/?s={search_term_string}"},"query-input":{"@type":"PropertyValueSpecification","valueRequired":true,"valueName":"search_term_string"}}],"inLanguage":"fr-FR"},{"@type":"Organization","@id":"https:\/\/mediumseagreen-eel-531711.hostingersite.com\/#organization","name":"Bladna News.com","url":"https:\/\/mediumseagreen-eel-531711.hostingersite.com\/","logo":{"@type":"ImageObject","inLanguage":"fr-FR","@id":"https:\/\/mediumseagreen-eel-531711.hostingersite.com\/#\/schema\/logo\/image\/","url":"https:\/\/bladnanews.com\/wp-content\/uploads\/2025\/12\/logo-bladnanews-V2-web-black-red.png","contentUrl":"https:\/\/bladnanews.com\/wp-content\/uploads\/2025\/12\/logo-bladnanews-V2-web-black-red.png","width":703,"height":287,"caption":"Bladna News.com"},"image":{"@id":"https:\/\/mediumseagreen-eel-531711.hostingersite.com\/#\/schema\/logo\/image\/"},"email":"info@bladnanews.com","legalName":"Bladna News"},{"@type":"Person","@id":"https:\/\/mediumseagreen-eel-531711.hostingersite.com\/#\/schema\/person\/268e18a453ab080ebf76df6ef7845083","name":"\u00c9quipe r\u00e9dactionnelle de Bladna News","url":"https:\/\/bladnanews.com\/fr\/author\/bladna-news-staff\/"}]}},"_links":{"self":[{"href":"https:\/\/bladnanews.com\/fr\/wp-json\/wp\/v2\/posts\/5867","targetHints":{"allow":["GET"]}}],"collection":[{"href":"https:\/\/bladnanews.com\/fr\/wp-json\/wp\/v2\/posts"}],"about":[{"href":"https:\/\/bladnanews.com\/fr\/wp-json\/wp\/v2\/types\/post"}],"author":[{"embeddable":true,"href":"https:\/\/bladnanews.com\/fr\/wp-json\/wp\/v2\/users\/3"}],"replies":[{"embeddable":true,"href":"https:\/\/bladnanews.com\/fr\/wp-json\/wp\/v2\/comments?post=5867"}],"version-history":[{"count":0,"href":"https:\/\/bladnanews.com\/fr\/wp-json\/wp\/v2\/posts\/5867\/revisions"}],"wp:featuredmedia":[{"embeddable":true,"href":"https:\/\/bladnanews.com\/fr\/wp-json\/wp\/v2\/media\/5866"}],"wp:attachment":[{"href":"https:\/\/bladnanews.com\/fr\/wp-json\/wp\/v2\/media?parent=5867"}],"wp:term":[{"taxonomy":"category","embeddable":true,"href":"https:\/\/bladnanews.com\/fr\/wp-json\/wp\/v2\/categories?post=5867"},{"taxonomy":"post_tag","embeddable":true,"href":"https:\/\/bladnanews.com\/fr\/wp-json\/wp\/v2\/tags?post=5867"}],"curies":[{"name":"wp","href":"https:\/\/api.w.org\/{rel}","templated":true}]}}