{"id":5879,"date":"2026-01-11T19:27:07","date_gmt":"2026-01-11T19:27:07","guid":{"rendered":"https:\/\/bladnanews.com\/moroccan-forward-youssef-en-nesyri-closes-in-on-premier-league-move\/"},"modified":"2026-01-11T19:27:07","modified_gmt":"2026-01-11T19:27:07","slug":"lattaquant-marocain-youssef-en-nesyri-se-rapproche-dun-transfert-en-premier-league","status":"publish","type":"post","link":"https:\/\/bladnanews.com\/fr\/lattaquant-marocain-youssef-en-nesyri-se-rapproche-dun-transfert-en-premier-league\/","title":{"rendered":"L'attaquant marocain Youssef En Nesyri se rapproche d'un transfert en Premier League"},"content":{"rendered":"<p>L'attaquant marocain <strong>Youssef En Nesyri<\/strong> est sur le point de s'engager avec la <strong>Premier League<\/strong>, Premier League, les discussions ayant atteint un stade avanc\u00e9 alors que l'int\u00e9r\u00eat grandit autour de l'attaquant du S\u00e9ville FC.<\/p>\n<p>En Nesyri, qui a acc\u00e9d\u00e9 \u00e0 une notori\u00e9t\u00e9 mondiale lors de <strong>l'historique parcours du Maroc \u00e0 la Coupe du Monde 2022<\/strong>, reste l'un des joueurs les plus convoit\u00e9s \u00e0 son poste. Il fut une figure cl\u00e9 de cette campagne, et son moment d\u00e9cisif est survenu en quarts de finale lorsqu'il a inscrit le but victorieux contre le <strong>Portugal<\/strong>, mettant ainsi fin au <strong>r\u00eave mondial de Cristiano Ronaldo<\/strong> .<\/p>\n<p>Les nouveaux d\u00e9veloppements concernant son avenir ont attis\u00e9 les attentes d'un transfert vers l'Angleterre. La situation \u00e9volue rapidement, et le joueur est d\u00e9sormais consid\u00e9r\u00e9 comme proche de franchir une nouvelle \u00e9tape dans sa carri\u00e8re.<\/p>\n<p>En Nesyri a pass\u00e9 les derni\u00e8res saisons au <strong>S\u00e9ville FC<\/strong>, participant r\u00e9guli\u00e8rement aux comp\u00e9titions nationales et europ\u00e9ennes, et s'y est impos\u00e9 comme une option fiable en attaque gr\u00e2ce \u00e0 ses appels de balle, sa force a\u00e9rienne et sa capacit\u00e9 \u00e0 marquer des buts importants.<\/p>\n<p>Les derni\u00e8res informations r\u00e9v\u00e8lent qu'un transfert en Premier League est d\u00e9sormais \u00e0 port\u00e9e de main, mettant En Nesyri sur la voie de devenir l'une des prochaines stars marocaines \u00e0 se tester en Angleterre.<\/p>","protected":false},"excerpt":{"rendered":"<p>Moroccan forward Youssef En Nesyri is closing in on a move to the Premier League, with talks reaching an advanced [&hellip;]<\/p>\n","protected":false},"author":4,"featured_media":5878,"comment_status":"","ping_status":"open","sticky":false,"template":"","format":"standard","meta":{"googlesitekit_rrm_CAow_uzEDA:productID":"","site-sidebar-layout":"default","site-content-layout":"","ast-site-content-layout":"default","site-content-style":"default","site-sidebar-style":"default","ast-global-header-display":"","ast-banner-title-visibility":"","ast-main-header-display":"","ast-hfb-above-header-display":"","ast-hfb-below-header-display":"","ast-hfb-mobile-header-display":"","site-post-title":"","ast-breadcrumbs-content":"","ast-featured-img":"","footer-sml-layout":"","ast-disable-related-posts":"","theme-transparent-header-meta":"","adv-header-id-meta":"","stick-header-meta":"","header-above-stick-meta":"","header-main-stick-meta":"","header-below-stick-meta":"","astra-migrate-meta-layouts":"default","ast-page-background-enabled":"default","ast-page-background-meta":{"desktop":{"background-color":"var(--ast-global-color-5)","background-image":"","background-repeat":"repeat","background-position":"center center","background-size":"auto","background-attachment":"scroll","background-type":"","background-media":"","overlay-type":"","overlay-color":"","overlay-opacity":"","overlay-gradient":""},"tablet":{"background-color":"","background-image":"","background-repeat":"repeat","background-position":"center center","background-size":"auto","background-attachment":"scroll","background-type":"","background-media":"","overlay-type":"","overlay-color":"","overlay-opacity":"","overlay-gradient":""},"mobile":{"background-color":"","background-image":"","background-repeat":"repeat","background-position":"center center","background-size":"auto","background-attachment":"scroll","background-type":"","background-media":"","overlay-type":"","overlay-color":"","overlay-opacity":"","overlay-gradient":""}},"ast-content-background-meta":{"desktop":{"background-color":"var(--ast-global-color-4)","background-image":"","background-repeat":"repeat","background-position":"center center","background-size":"auto","background-attachment":"scroll","background-type":"","background-media":"","overlay-type":"","overlay-color":"","overlay-opacity":"","overlay-gradient":""},"tablet":{"background-color":"var(--ast-global-color-4)","background-image":"","background-repeat":"repeat","background-position":"center center","background-size":"auto","background-attachment":"scroll","background-type":"","background-media":"","overlay-type":"","overlay-color":"","overlay-opacity":"","overlay-gradient":""},"mobile":{"background-color":"var(--ast-global-color-4)","background-image":"","background-repeat":"repeat","background-position":"center center","background-size":"auto","background-attachment":"scroll","background-type":"","background-media":"","overlay-type":"","overlay-color":"","overlay-opacity":"","overlay-gradient":""}},"footnotes":""},"categories":[1,168],"tags":[],"class_list":["post-5879","post","type-post","status-publish","format-standard","has-post-thumbnail","hentry","category-football-latest-news","category-morocco-national-team"],"yoast_head":"<!-- This site is optimized with the Yoast SEO Premium plugin v26.6 (Yoast SEO v27.4) - https:\/\/yoast.com\/product\/yoast-seo-premium-wordpress\/ -->\n<title>Moroccan forward Youssef En Nesyri closes in on Premier League move - Bladna News<\/title>\n<meta name=\"robots\" content=\"index, follow, max-snippet:-1, max-image-preview:large, max-video-preview:-1\" \/>\n<link rel=\"canonical\" href=\"https:\/\/bladnanews.com\/fr\/lattaquant-marocain-youssef-en-nesyri-se-rapproche-dun-transfert-en-premier-league\/\" \/>\n<meta property=\"og:locale\" content=\"fr_FR\" \/>\n<meta property=\"og:type\" content=\"article\" \/>\n<meta property=\"og:title\" content=\"Moroccan forward Youssef En Nesyri closes in on Premier League move\" \/>\n<meta property=\"og:description\" content=\"Moroccan forward Youssef En Nesyri is closing in on a move to the Premier League, with talks reaching an advanced [&hellip;]\" \/>\n<meta property=\"og:url\" content=\"https:\/\/bladnanews.com\/fr\/lattaquant-marocain-youssef-en-nesyri-se-rapproche-dun-transfert-en-premier-league\/\" \/>\n<meta property=\"og:site_name\" content=\"Bladna News\" \/>\n<meta property=\"article:published_time\" content=\"2026-01-11T19:27:07+00:00\" \/>\n<meta property=\"og:image\" content=\"https:\/\/bladnanews.com\/wp-content\/uploads\/2025\/12\/freepik__bladna-newscom-moroccan-soccer-homepage-banner-mor__41838.png\" \/>\n\t<meta property=\"og:image:width\" content=\"1312\" \/>\n\t<meta property=\"og:image:height\" content=\"736\" \/>\n\t<meta property=\"og:image:type\" content=\"image\/png\" \/>\n<meta name=\"author\" content=\"Bladna Sports Desk\" \/>\n<meta name=\"twitter:card\" content=\"summary_large_image\" \/>\n<meta name=\"twitter:label1\" content=\"\u00c9crit par\" \/>\n\t<meta name=\"twitter:data1\" content=\"Bladna Sports Desk\" \/>\n\t<meta name=\"twitter:label2\" content=\"Dur\u00e9e de lecture estim\u00e9e\" \/>\n\t<meta name=\"twitter:data2\" content=\"1 minute\" \/>\n<script type=\"application\/ld+json\" class=\"yoast-schema-graph\">{\"@context\":\"https:\\\/\\\/schema.org\",\"@graph\":[{\"@type\":\"Article\",\"@id\":\"https:\\\/\\\/bladnanews.com\\\/moroccan-forward-youssef-en-nesyri-closes-in-on-premier-league-move\\\/#article\",\"isPartOf\":{\"@id\":\"https:\\\/\\\/bladnanews.com\\\/moroccan-forward-youssef-en-nesyri-closes-in-on-premier-league-move\\\/\"},\"author\":{\"name\":\"Bladna Sports Desk\",\"@id\":\"https:\\\/\\\/mediumseagreen-eel-531711.hostingersite.com\\\/#\\\/schema\\\/person\\\/6712b38fabe810f7eb8d15ed30d90f1e\"},\"headline\":\"Moroccan forward Youssef En Nesyri closes in on Premier League move\",\"datePublished\":\"2026-01-11T19:27:07+00:00\",\"mainEntityOfPage\":{\"@id\":\"https:\\\/\\\/bladnanews.com\\\/moroccan-forward-youssef-en-nesyri-closes-in-on-premier-league-move\\\/\"},\"wordCount\":198,\"publisher\":{\"@id\":\"https:\\\/\\\/mediumseagreen-eel-531711.hostingersite.com\\\/#organization\"},\"image\":{\"@id\":\"https:\\\/\\\/bladnanews.com\\\/moroccan-forward-youssef-en-nesyri-closes-in-on-premier-league-move\\\/#primaryimage\"},\"thumbnailUrl\":\"https:\\\/\\\/bladnanews.com\\\/wp-content\\\/uploads\\\/2026\\\/01\\\/GettyImages-1245513417.jpg-scaled.jpg\",\"articleSection\":[\"Latest News\",\"Morocco National Team\"],\"inLanguage\":\"fr-FR\",\"copyrightYear\":\"2026\",\"copyrightHolder\":{\"@id\":\"https:\\\/\\\/bladnanews.com\\\/fr\\\/#organization\"}},{\"@type\":\"WebPage\",\"@id\":\"https:\\\/\\\/bladnanews.com\\\/moroccan-forward-youssef-en-nesyri-closes-in-on-premier-league-move\\\/\",\"url\":\"https:\\\/\\\/bladnanews.com\\\/moroccan-forward-youssef-en-nesyri-closes-in-on-premier-league-move\\\/\",\"name\":\"Moroccan forward Youssef En Nesyri closes in on Premier League move - Bladna News\",\"isPartOf\":{\"@id\":\"https:\\\/\\\/mediumseagreen-eel-531711.hostingersite.com\\\/#website\"},\"primaryImageOfPage\":{\"@id\":\"https:\\\/\\\/bladnanews.com\\\/moroccan-forward-youssef-en-nesyri-closes-in-on-premier-league-move\\\/#primaryimage\"},\"image\":{\"@id\":\"https:\\\/\\\/bladnanews.com\\\/moroccan-forward-youssef-en-nesyri-closes-in-on-premier-league-move\\\/#primaryimage\"},\"thumbnailUrl\":\"https:\\\/\\\/bladnanews.com\\\/wp-content\\\/uploads\\\/2026\\\/01\\\/GettyImages-1245513417.jpg-scaled.jpg\",\"datePublished\":\"2026-01-11T19:27:07+00:00\",\"breadcrumb\":{\"@id\":\"https:\\\/\\\/bladnanews.com\\\/moroccan-forward-youssef-en-nesyri-closes-in-on-premier-league-move\\\/#breadcrumb\"},\"inLanguage\":\"fr-FR\",\"potentialAction\":[{\"@type\":\"ReadAction\",\"target\":[\"https:\\\/\\\/bladnanews.com\\\/moroccan-forward-youssef-en-nesyri-closes-in-on-premier-league-move\\\/\"]}]},{\"@type\":\"ImageObject\",\"inLanguage\":\"fr-FR\",\"@id\":\"https:\\\/\\\/bladnanews.com\\\/moroccan-forward-youssef-en-nesyri-closes-in-on-premier-league-move\\\/#primaryimage\",\"url\":\"https:\\\/\\\/bladnanews.com\\\/wp-content\\\/uploads\\\/2026\\\/01\\\/GettyImages-1245513417.jpg-scaled.jpg\",\"contentUrl\":\"https:\\\/\\\/bladnanews.com\\\/wp-content\\\/uploads\\\/2026\\\/01\\\/GettyImages-1245513417.jpg-scaled.jpg\",\"width\":2560,\"height\":1440,\"caption\":\"Moroccan goalkeeper Yassine Bounou celebrates while Portugal's Cristiano Ronaldo kneels in defeat, with Moroccan players nearby, during a tense World Cup match.\"},{\"@type\":\"BreadcrumbList\",\"@id\":\"https:\\\/\\\/bladnanews.com\\\/moroccan-forward-youssef-en-nesyri-closes-in-on-premier-league-move\\\/#breadcrumb\",\"itemListElement\":[{\"@type\":\"ListItem\",\"position\":1,\"name\":\"Home\",\"item\":\"https:\\\/\\\/bladnanews.com\\\/\"},{\"@type\":\"ListItem\",\"position\":2,\"name\":\"Moroccan forward Youssef En Nesyri closes in on Premier League move\"}]},{\"@type\":\"WebSite\",\"@id\":\"https:\\\/\\\/mediumseagreen-eel-531711.hostingersite.com\\\/#website\",\"url\":\"https:\\\/\\\/mediumseagreen-eel-531711.hostingersite.com\\\/\",\"name\":\"Bladna News - Morocco\",\"description\":\"Where Moroccan Football Meets the World\",\"publisher\":{\"@id\":\"https:\\\/\\\/mediumseagreen-eel-531711.hostingersite.com\\\/#organization\"},\"potentialAction\":[{\"@type\":\"SearchAction\",\"target\":{\"@type\":\"EntryPoint\",\"urlTemplate\":\"https:\\\/\\\/mediumseagreen-eel-531711.hostingersite.com\\\/?s={search_term_string}\"},\"query-input\":{\"@type\":\"PropertyValueSpecification\",\"valueRequired\":true,\"valueName\":\"search_term_string\"}}],\"inLanguage\":\"fr-FR\"},{\"@type\":\"Organization\",\"@id\":\"https:\\\/\\\/mediumseagreen-eel-531711.hostingersite.com\\\/#organization\",\"name\":\"Bladna News.com\",\"url\":\"https:\\\/\\\/mediumseagreen-eel-531711.hostingersite.com\\\/\",\"logo\":{\"@type\":\"ImageObject\",\"inLanguage\":\"fr-FR\",\"@id\":\"https:\\\/\\\/mediumseagreen-eel-531711.hostingersite.com\\\/#\\\/schema\\\/logo\\\/image\\\/\",\"url\":\"https:\\\/\\\/bladnanews.com\\\/wp-content\\\/uploads\\\/2025\\\/12\\\/logo-bladnanews-V2-web-black-red.png\",\"contentUrl\":\"https:\\\/\\\/bladnanews.com\\\/wp-content\\\/uploads\\\/2025\\\/12\\\/logo-bladnanews-V2-web-black-red.png\",\"width\":703,\"height\":287,\"caption\":\"Bladna News.com\"},\"image\":{\"@id\":\"https:\\\/\\\/mediumseagreen-eel-531711.hostingersite.com\\\/#\\\/schema\\\/logo\\\/image\\\/\"},\"email\":\"info@bladnanews.com\",\"legalName\":\"Bladna News\"},{\"@type\":\"Person\",\"@id\":\"https:\\\/\\\/mediumseagreen-eel-531711.hostingersite.com\\\/#\\\/schema\\\/person\\\/6712b38fabe810f7eb8d15ed30d90f1e\",\"name\":\"Bladna Sports Desk\",\"url\":\"https:\\\/\\\/bladnanews.com\\\/fr\\\/author\\\/bladna-sports-desk\\\/\"}]}<\/script>\n<!-- \/ Yoast SEO Premium plugin. -->","yoast_head_json":{"title":"L'attaquant marocain Youssef En Nesyri se rapproche d'un transfert en Premier League - Bladna News","robots":{"index":"index","follow":"follow","max-snippet":"max-snippet:-1","max-image-preview":"max-image-preview:large","max-video-preview":"max-video-preview:-1"},"canonical":"https:\/\/bladnanews.com\/fr\/lattaquant-marocain-youssef-en-nesyri-se-rapproche-dun-transfert-en-premier-league\/","og_locale":"fr_FR","og_type":"article","og_title":"Moroccan forward Youssef En Nesyri closes in on Premier League move","og_description":"Moroccan forward Youssef En Nesyri is closing in on a move to the Premier League, with talks reaching an advanced [&hellip;]","og_url":"https:\/\/bladnanews.com\/fr\/lattaquant-marocain-youssef-en-nesyri-se-rapproche-dun-transfert-en-premier-league\/","og_site_name":"Bladna News","article_published_time":"2026-01-11T19:27:07+00:00","og_image":[{"width":1312,"height":736,"url":"https:\/\/bladnanews.com\/wp-content\/uploads\/2025\/12\/freepik__bladna-newscom-moroccan-soccer-homepage-banner-mor__41838.png","type":"image\/png"}],"author":"Bladna Sports Desk","twitter_card":"summary_large_image","twitter_misc":{"\u00c9crit par":"Bladna Sports Desk","Dur\u00e9e de lecture estim\u00e9e":"1 minute"},"schema":{"@context":"https:\/\/schema.org","@graph":[{"@type":"Article","@id":"https:\/\/bladnanews.com\/moroccan-forward-youssef-en-nesyri-closes-in-on-premier-league-move\/#article","isPartOf":{"@id":"https:\/\/bladnanews.com\/moroccan-forward-youssef-en-nesyri-closes-in-on-premier-league-move\/"},"author":{"name":"Bladna Sports Desk","@id":"https:\/\/mediumseagreen-eel-531711.hostingersite.com\/#\/schema\/person\/6712b38fabe810f7eb8d15ed30d90f1e"},"headline":"Moroccan forward Youssef En Nesyri closes in on Premier League move","datePublished":"2026-01-11T19:27:07+00:00","mainEntityOfPage":{"@id":"https:\/\/bladnanews.com\/moroccan-forward-youssef-en-nesyri-closes-in-on-premier-league-move\/"},"wordCount":198,"publisher":{"@id":"https:\/\/mediumseagreen-eel-531711.hostingersite.com\/#organization"},"image":{"@id":"https:\/\/bladnanews.com\/moroccan-forward-youssef-en-nesyri-closes-in-on-premier-league-move\/#primaryimage"},"thumbnailUrl":"https:\/\/bladnanews.com\/wp-content\/uploads\/2026\/01\/GettyImages-1245513417.jpg-scaled.jpg","articleSection":["Latest News","Morocco National Team"],"inLanguage":"fr-FR","copyrightYear":"2026","copyrightHolder":{"@id":"https:\/\/bladnanews.com\/fr\/#organization"}},{"@type":"WebPage","@id":"https:\/\/bladnanews.com\/moroccan-forward-youssef-en-nesyri-closes-in-on-premier-league-move\/","url":"https:\/\/bladnanews.com\/moroccan-forward-youssef-en-nesyri-closes-in-on-premier-league-move\/","name":"L'attaquant marocain Youssef En Nesyri se rapproche d'un transfert en Premier League - Bladna News","isPartOf":{"@id":"https:\/\/mediumseagreen-eel-531711.hostingersite.com\/#website"},"primaryImageOfPage":{"@id":"https:\/\/bladnanews.com\/moroccan-forward-youssef-en-nesyri-closes-in-on-premier-league-move\/#primaryimage"},"image":{"@id":"https:\/\/bladnanews.com\/moroccan-forward-youssef-en-nesyri-closes-in-on-premier-league-move\/#primaryimage"},"thumbnailUrl":"https:\/\/bladnanews.com\/wp-content\/uploads\/2026\/01\/GettyImages-1245513417.jpg-scaled.jpg","datePublished":"2026-01-11T19:27:07+00:00","breadcrumb":{"@id":"https:\/\/bladnanews.com\/moroccan-forward-youssef-en-nesyri-closes-in-on-premier-league-move\/#breadcrumb"},"inLanguage":"fr-FR","potentialAction":[{"@type":"ReadAction","target":["https:\/\/bladnanews.com\/moroccan-forward-youssef-en-nesyri-closes-in-on-premier-league-move\/"]}]},{"@type":"ImageObject","inLanguage":"fr-FR","@id":"https:\/\/bladnanews.com\/moroccan-forward-youssef-en-nesyri-closes-in-on-premier-league-move\/#primaryimage","url":"https:\/\/bladnanews.com\/wp-content\/uploads\/2026\/01\/GettyImages-1245513417.jpg-scaled.jpg","contentUrl":"https:\/\/bladnanews.com\/wp-content\/uploads\/2026\/01\/GettyImages-1245513417.jpg-scaled.jpg","width":2560,"height":1440,"caption":"Moroccan goalkeeper Yassine Bounou celebrates while Portugal's Cristiano Ronaldo kneels in defeat, with Moroccan players nearby, during a tense World Cup match."},{"@type":"BreadcrumbList","@id":"https:\/\/bladnanews.com\/moroccan-forward-youssef-en-nesyri-closes-in-on-premier-league-move\/#breadcrumb","itemListElement":[{"@type":"ListItem","position":1,"name":"Home","item":"https:\/\/bladnanews.com\/"},{"@type":"ListItem","position":2,"name":"Moroccan forward Youssef En Nesyri closes in on Premier League move"}]},{"@type":"WebSite","@id":"https:\/\/mediumseagreen-eel-531711.hostingersite.com\/#website","url":"https:\/\/mediumseagreen-eel-531711.hostingersite.com\/","name":"Bladna News - Maroc","description":"Quand le football marocain rencontre le monde","publisher":{"@id":"https:\/\/mediumseagreen-eel-531711.hostingersite.com\/#organization"},"potentialAction":[{"@type":"SearchAction","target":{"@type":"EntryPoint","urlTemplate":"https:\/\/mediumseagreen-eel-531711.hostingersite.com\/?s={search_term_string}"},"query-input":{"@type":"PropertyValueSpecification","valueRequired":true,"valueName":"search_term_string"}}],"inLanguage":"fr-FR"},{"@type":"Organization","@id":"https:\/\/mediumseagreen-eel-531711.hostingersite.com\/#organization","name":"Bladna News.com","url":"https:\/\/mediumseagreen-eel-531711.hostingersite.com\/","logo":{"@type":"ImageObject","inLanguage":"fr-FR","@id":"https:\/\/mediumseagreen-eel-531711.hostingersite.com\/#\/schema\/logo\/image\/","url":"https:\/\/bladnanews.com\/wp-content\/uploads\/2025\/12\/logo-bladnanews-V2-web-black-red.png","contentUrl":"https:\/\/bladnanews.com\/wp-content\/uploads\/2025\/12\/logo-bladnanews-V2-web-black-red.png","width":703,"height":287,"caption":"Bladna News.com"},"image":{"@id":"https:\/\/mediumseagreen-eel-531711.hostingersite.com\/#\/schema\/logo\/image\/"},"email":"info@bladnanews.com","legalName":"Bladna News"},{"@type":"Person","@id":"https:\/\/mediumseagreen-eel-531711.hostingersite.com\/#\/schema\/person\/6712b38fabe810f7eb8d15ed30d90f1e","name":"Bladna Sports Desk","url":"https:\/\/bladnanews.com\/fr\/author\/bladna-sports-desk\/"}]}},"_links":{"self":[{"href":"https:\/\/bladnanews.com\/fr\/wp-json\/wp\/v2\/posts\/5879","targetHints":{"allow":["GET"]}}],"collection":[{"href":"https:\/\/bladnanews.com\/fr\/wp-json\/wp\/v2\/posts"}],"about":[{"href":"https:\/\/bladnanews.com\/fr\/wp-json\/wp\/v2\/types\/post"}],"author":[{"embeddable":true,"href":"https:\/\/bladnanews.com\/fr\/wp-json\/wp\/v2\/users\/4"}],"replies":[{"embeddable":true,"href":"https:\/\/bladnanews.com\/fr\/wp-json\/wp\/v2\/comments?post=5879"}],"version-history":[{"count":0,"href":"https:\/\/bladnanews.com\/fr\/wp-json\/wp\/v2\/posts\/5879\/revisions"}],"wp:featuredmedia":[{"embeddable":true,"href":"https:\/\/bladnanews.com\/fr\/wp-json\/wp\/v2\/media\/5878"}],"wp:attachment":[{"href":"https:\/\/bladnanews.com\/fr\/wp-json\/wp\/v2\/media?parent=5879"}],"wp:term":[{"taxonomy":"category","embeddable":true,"href":"https:\/\/bladnanews.com\/fr\/wp-json\/wp\/v2\/categories?post=5879"},{"taxonomy":"post_tag","embeddable":true,"href":"https:\/\/bladnanews.com\/fr\/wp-json\/wp\/v2\/tags?post=5879"}],"curies":[{"name":"wp","href":"https:\/\/api.w.org\/{rel}","templated":true}]}}