{"id":5891,"date":"2026-01-11T15:42:31","date_gmt":"2026-01-11T15:42:31","guid":{"rendered":"https:\/\/bladnanews.com\/man-utd-set-2025-26-target-as-wilcox-calls-season-disappointing\/"},"modified":"2026-01-11T15:42:31","modified_gmt":"2026-01-11T15:42:31","slug":"manchester-united-se-fixe-lobjectif-2025-26-alors-que-wilcox-qualifie-la-saison-de-decevante","status":"publish","type":"post","link":"https:\/\/bladnanews.com\/fr\/manchester-united-se-fixe-lobjectif-2025-26-alors-que-wilcox-qualifie-la-saison-de-decevante\/","title":{"rendered":"Manchester United se fixe un objectif pour 2025-26, Wilcox qualifiant la saison de d\u00e9cevante."},"content":{"rendered":"<p>Manchester United s'est fix\u00e9 un objectif interne pour la saison 2025-2026, la direction remani\u00e9e du club ayant d\u00e9fini les domaines \u00e0 am\u00e9liorer apr\u00e8s une campagne que Jason Wilcox a qualifi\u00e9e de \u201c d\u00e9cevante \u201d.<\/p>\n<p>Cette nouvelle orientation fait suite au d\u00e9part de Ruben Amorim, United ayant d\u00e9j\u00e0 proc\u00e9d\u00e9 \u00e0 un changement d\u00e9cisif apr\u00e8s une ann\u00e9e en de\u00e7\u00e0 des attentes. S'exprimant apr\u00e8s la d\u00e9cision de se s\u00e9parer d'Amorim, Wilcox n'a pas cach\u00e9 sa frustration quant au d\u00e9roulement de la saison et a clairement indiqu\u00e9 que le niveau devait s'\u00e9lever.<\/p>\n<p>Le directeur football de United a utilis\u00e9 le mot \u201c d\u00e9cevant \u201d pour \u00e9valuer la campagne et a soulign\u00e9 que le club ne pouvait accepter de ne pas r\u00e9pondre aux attentes. Le message interne \u00e0 Old Trafford est que la remise \u00e0 z\u00e9ro vise d\u00e9sormais \u00e0 remettre l'\u00e9quipe sur la voie de la lutte pour les plus hauts sommets.<\/p>\n<p>Dans le cadre de ce plan plus large, le nouvel objectif de United pour 2025-2026 a \u00e9t\u00e9 d\u00e9voil\u00e9, soulignant le niveau que le club esp\u00e8re atteindre une fois les changements op\u00e9rationnels. Cette ambition est con\u00e7ue pour fournir un rep\u00e8re clair \u00e0 la prochaine phase, apr\u00e8s une saison ayant entra\u00een\u00e9 des d\u00e9cisions majeures en coulisses.<\/p>\n<p>Les commentaires de Wilcox soulignent que la patience n'est pas illimit\u00e9e, m\u00eame avec une nouvelle structure en phase d'adaptation. United estime que les mesures prises apr\u00e8s le d\u00e9part d'Amorim visent \u00e0 garantir que le prochain chapitre du club apporte les progr\u00e8s exig\u00e9s par les supporters.<\/p>","protected":false},"excerpt":{"rendered":"<p>Manchester United have set an internal target for the 2025-26 season, with the club\u2019s revamped leadership outlining what must improve [&hellip;]<\/p>\n","protected":false},"author":3,"featured_media":5890,"comment_status":"","ping_status":"open","sticky":false,"template":"","format":"standard","meta":{"googlesitekit_rrm_CAow_uzEDA:productID":"","site-sidebar-layout":"default","site-content-layout":"","ast-site-content-layout":"default","site-content-style":"default","site-sidebar-style":"default","ast-global-header-display":"","ast-banner-title-visibility":"","ast-main-header-display":"","ast-hfb-above-header-display":"","ast-hfb-below-header-display":"","ast-hfb-mobile-header-display":"","site-post-title":"","ast-breadcrumbs-content":"","ast-featured-img":"","footer-sml-layout":"","ast-disable-related-posts":"","theme-transparent-header-meta":"","adv-header-id-meta":"","stick-header-meta":"","header-above-stick-meta":"","header-main-stick-meta":"","header-below-stick-meta":"","astra-migrate-meta-layouts":"default","ast-page-background-enabled":"default","ast-page-background-meta":{"desktop":{"background-color":"var(--ast-global-color-5)","background-image":"","background-repeat":"repeat","background-position":"center center","background-size":"auto","background-attachment":"scroll","background-type":"","background-media":"","overlay-type":"","overlay-color":"","overlay-opacity":"","overlay-gradient":""},"tablet":{"background-color":"","background-image":"","background-repeat":"repeat","background-position":"center center","background-size":"auto","background-attachment":"scroll","background-type":"","background-media":"","overlay-type":"","overlay-color":"","overlay-opacity":"","overlay-gradient":""},"mobile":{"background-color":"","background-image":"","background-repeat":"repeat","background-position":"center center","background-size":"auto","background-attachment":"scroll","background-type":"","background-media":"","overlay-type":"","overlay-color":"","overlay-opacity":"","overlay-gradient":""}},"ast-content-background-meta":{"desktop":{"background-color":"var(--ast-global-color-4)","background-image":"","background-repeat":"repeat","background-position":"center center","background-size":"auto","background-attachment":"scroll","background-type":"","background-media":"","overlay-type":"","overlay-color":"","overlay-opacity":"","overlay-gradient":""},"tablet":{"background-color":"var(--ast-global-color-4)","background-image":"","background-repeat":"repeat","background-position":"center center","background-size":"auto","background-attachment":"scroll","background-type":"","background-media":"","overlay-type":"","overlay-color":"","overlay-opacity":"","overlay-gradient":""},"mobile":{"background-color":"var(--ast-global-color-4)","background-image":"","background-repeat":"repeat","background-position":"center center","background-size":"auto","background-attachment":"scroll","background-type":"","background-media":"","overlay-type":"","overlay-color":"","overlay-opacity":"","overlay-gradient":""}},"footnotes":""},"categories":[20,1],"tags":[],"class_list":["post-5891","post","type-post","status-publish","format-standard","has-post-thumbnail","hentry","category-international","category-football-latest-news"],"yoast_head":"<!-- This site is optimized with the Yoast SEO Premium plugin v26.6 (Yoast SEO v27.5) - https:\/\/yoast.com\/product\/yoast-seo-premium-wordpress\/ -->\n<title>Man Utd set 2025-26 target as Wilcox calls season disappointing - Bladna News<\/title>\n<meta name=\"robots\" content=\"index, follow, max-snippet:-1, max-image-preview:large, max-video-preview:-1\" \/>\n<link rel=\"canonical\" href=\"https:\/\/bladnanews.com\/fr\/manchester-united-se-fixe-lobjectif-2025-26-alors-que-wilcox-qualifie-la-saison-de-decevante\/\" \/>\n<meta property=\"og:locale\" content=\"fr_FR\" \/>\n<meta property=\"og:type\" content=\"article\" \/>\n<meta property=\"og:title\" content=\"Man Utd set 2025-26 target as Wilcox calls season disappointing\" \/>\n<meta property=\"og:description\" content=\"Manchester United have set an internal target for the 2025-26 season, with the club\u2019s revamped leadership outlining what must improve [&hellip;]\" \/>\n<meta property=\"og:url\" content=\"https:\/\/bladnanews.com\/fr\/manchester-united-se-fixe-lobjectif-2025-26-alors-que-wilcox-qualifie-la-saison-de-decevante\/\" \/>\n<meta property=\"og:site_name\" content=\"Bladna News\" \/>\n<meta property=\"article:published_time\" content=\"2026-01-11T15:42:31+00:00\" \/>\n<meta property=\"og:image\" content=\"https:\/\/bladnanews.com\/wp-content\/uploads\/2025\/12\/freepik__bladna-newscom-moroccan-soccer-homepage-banner-mor__41838.png\" \/>\n\t<meta property=\"og:image:width\" content=\"1312\" \/>\n\t<meta property=\"og:image:height\" content=\"736\" \/>\n\t<meta property=\"og:image:type\" content=\"image\/png\" \/>\n<meta name=\"author\" content=\"Bladna News Staff\" \/>\n<meta name=\"twitter:card\" content=\"summary_large_image\" \/>\n<meta name=\"twitter:label1\" content=\"\u00c9crit par\" \/>\n\t<meta name=\"twitter:data1\" content=\"Bladna News Staff\" \/>\n\t<meta name=\"twitter:label2\" content=\"Dur\u00e9e de lecture estim\u00e9e\" \/>\n\t<meta name=\"twitter:data2\" content=\"1 minute\" \/>\n<script type=\"application\/ld+json\" class=\"yoast-schema-graph\">{\"@context\":\"https:\\\/\\\/schema.org\",\"@graph\":[{\"@type\":\"Article\",\"@id\":\"https:\\\/\\\/bladnanews.com\\\/man-utd-set-2025-26-target-as-wilcox-calls-season-disappointing\\\/#article\",\"isPartOf\":{\"@id\":\"https:\\\/\\\/bladnanews.com\\\/man-utd-set-2025-26-target-as-wilcox-calls-season-disappointing\\\/\"},\"author\":{\"name\":\"Bladna News Staff\",\"@id\":\"https:\\\/\\\/mediumseagreen-eel-531711.hostingersite.com\\\/#\\\/schema\\\/person\\\/268e18a453ab080ebf76df6ef7845083\"},\"headline\":\"Man Utd set 2025-26 target as Wilcox calls season disappointing\",\"datePublished\":\"2026-01-11T15:42:31+00:00\",\"mainEntityOfPage\":{\"@id\":\"https:\\\/\\\/bladnanews.com\\\/man-utd-set-2025-26-target-as-wilcox-calls-season-disappointing\\\/\"},\"wordCount\":234,\"publisher\":{\"@id\":\"https:\\\/\\\/mediumseagreen-eel-531711.hostingersite.com\\\/#organization\"},\"image\":{\"@id\":\"https:\\\/\\\/bladnanews.com\\\/man-utd-set-2025-26-target-as-wilcox-calls-season-disappointing\\\/#primaryimage\"},\"thumbnailUrl\":\"https:\\\/\\\/bladnanews.com\\\/wp-content\\\/uploads\\\/2026\\\/01\\\/BladnaNews-Man-Utd-set-2025-26-target-as-Wilcox-calls-season-disappointing-2026-01-12T050928.224Z-scaled.jpg\",\"articleSection\":[\"International\",\"Latest News\"],\"inLanguage\":\"fr-FR\",\"copyrightYear\":\"2026\",\"copyrightHolder\":{\"@id\":\"https:\\\/\\\/bladnanews.com\\\/fr\\\/#organization\"}},{\"@type\":\"WebPage\",\"@id\":\"https:\\\/\\\/bladnanews.com\\\/man-utd-set-2025-26-target-as-wilcox-calls-season-disappointing\\\/\",\"url\":\"https:\\\/\\\/bladnanews.com\\\/man-utd-set-2025-26-target-as-wilcox-calls-season-disappointing\\\/\",\"name\":\"Man Utd set 2025-26 target as Wilcox calls season disappointing - Bladna News\",\"isPartOf\":{\"@id\":\"https:\\\/\\\/mediumseagreen-eel-531711.hostingersite.com\\\/#website\"},\"primaryImageOfPage\":{\"@id\":\"https:\\\/\\\/bladnanews.com\\\/man-utd-set-2025-26-target-as-wilcox-calls-season-disappointing\\\/#primaryimage\"},\"image\":{\"@id\":\"https:\\\/\\\/bladnanews.com\\\/man-utd-set-2025-26-target-as-wilcox-calls-season-disappointing\\\/#primaryimage\"},\"thumbnailUrl\":\"https:\\\/\\\/bladnanews.com\\\/wp-content\\\/uploads\\\/2026\\\/01\\\/BladnaNews-Man-Utd-set-2025-26-target-as-Wilcox-calls-season-disappointing-2026-01-12T050928.224Z-scaled.jpg\",\"datePublished\":\"2026-01-11T15:42:31+00:00\",\"breadcrumb\":{\"@id\":\"https:\\\/\\\/bladnanews.com\\\/man-utd-set-2025-26-target-as-wilcox-calls-season-disappointing\\\/#breadcrumb\"},\"inLanguage\":\"fr-FR\",\"potentialAction\":[{\"@type\":\"ReadAction\",\"target\":[\"https:\\\/\\\/bladnanews.com\\\/man-utd-set-2025-26-target-as-wilcox-calls-season-disappointing\\\/\"]}]},{\"@type\":\"ImageObject\",\"inLanguage\":\"fr-FR\",\"@id\":\"https:\\\/\\\/bladnanews.com\\\/man-utd-set-2025-26-target-as-wilcox-calls-season-disappointing\\\/#primaryimage\",\"url\":\"https:\\\/\\\/bladnanews.com\\\/wp-content\\\/uploads\\\/2026\\\/01\\\/BladnaNews-Man-Utd-set-2025-26-target-as-Wilcox-calls-season-disappointing-2026-01-12T050928.224Z-scaled.jpg\",\"contentUrl\":\"https:\\\/\\\/bladnanews.com\\\/wp-content\\\/uploads\\\/2026\\\/01\\\/BladnaNews-Man-Utd-set-2025-26-target-as-Wilcox-calls-season-disappointing-2026-01-12T050928.224Z-scaled.jpg\",\"width\":2560,\"height\":1440,\"caption\":\"Serious-looking football manager adjusting his coat, with a blurred colourful background capturing the atmosphere of a match.\"},{\"@type\":\"BreadcrumbList\",\"@id\":\"https:\\\/\\\/bladnanews.com\\\/man-utd-set-2025-26-target-as-wilcox-calls-season-disappointing\\\/#breadcrumb\",\"itemListElement\":[{\"@type\":\"ListItem\",\"position\":1,\"name\":\"Home\",\"item\":\"https:\\\/\\\/bladnanews.com\\\/\"},{\"@type\":\"ListItem\",\"position\":2,\"name\":\"Man Utd set 2025-26 target as Wilcox calls season disappointing\"}]},{\"@type\":\"WebSite\",\"@id\":\"https:\\\/\\\/mediumseagreen-eel-531711.hostingersite.com\\\/#website\",\"url\":\"https:\\\/\\\/mediumseagreen-eel-531711.hostingersite.com\\\/\",\"name\":\"Bladna News - Morocco\",\"description\":\"Where Moroccan Football Meets the World\",\"publisher\":{\"@id\":\"https:\\\/\\\/mediumseagreen-eel-531711.hostingersite.com\\\/#organization\"},\"potentialAction\":[{\"@type\":\"SearchAction\",\"target\":{\"@type\":\"EntryPoint\",\"urlTemplate\":\"https:\\\/\\\/mediumseagreen-eel-531711.hostingersite.com\\\/?s={search_term_string}\"},\"query-input\":{\"@type\":\"PropertyValueSpecification\",\"valueRequired\":true,\"valueName\":\"search_term_string\"}}],\"inLanguage\":\"fr-FR\"},{\"@type\":\"Organization\",\"@id\":\"https:\\\/\\\/mediumseagreen-eel-531711.hostingersite.com\\\/#organization\",\"name\":\"Bladna News.com\",\"url\":\"https:\\\/\\\/mediumseagreen-eel-531711.hostingersite.com\\\/\",\"logo\":{\"@type\":\"ImageObject\",\"inLanguage\":\"fr-FR\",\"@id\":\"https:\\\/\\\/mediumseagreen-eel-531711.hostingersite.com\\\/#\\\/schema\\\/logo\\\/image\\\/\",\"url\":\"https:\\\/\\\/bladnanews.com\\\/wp-content\\\/uploads\\\/2025\\\/12\\\/logo-bladnanews-V2-web-black-red.png\",\"contentUrl\":\"https:\\\/\\\/bladnanews.com\\\/wp-content\\\/uploads\\\/2025\\\/12\\\/logo-bladnanews-V2-web-black-red.png\",\"width\":703,\"height\":287,\"caption\":\"Bladna News.com\"},\"image\":{\"@id\":\"https:\\\/\\\/mediumseagreen-eel-531711.hostingersite.com\\\/#\\\/schema\\\/logo\\\/image\\\/\"},\"email\":\"info@bladnanews.com\",\"legalName\":\"Bladna News\"},{\"@type\":\"Person\",\"@id\":\"https:\\\/\\\/mediumseagreen-eel-531711.hostingersite.com\\\/#\\\/schema\\\/person\\\/268e18a453ab080ebf76df6ef7845083\",\"name\":\"Bladna News Staff\",\"url\":\"https:\\\/\\\/bladnanews.com\\\/fr\\\/author\\\/bladna-news-staff\\\/\"}]}<\/script>\n<!-- \/ Yoast SEO Premium plugin. -->","yoast_head_json":{"title":"Manchester United se fixe un objectif pour 2025-26 alors que Wilcox qualifie la saison de d\u00e9cevante - Bladna News","robots":{"index":"index","follow":"follow","max-snippet":"max-snippet:-1","max-image-preview":"max-image-preview:large","max-video-preview":"max-video-preview:-1"},"canonical":"https:\/\/bladnanews.com\/fr\/manchester-united-se-fixe-lobjectif-2025-26-alors-que-wilcox-qualifie-la-saison-de-decevante\/","og_locale":"fr_FR","og_type":"article","og_title":"Man Utd set 2025-26 target as Wilcox calls season disappointing","og_description":"Manchester United have set an internal target for the 2025-26 season, with the club\u2019s revamped leadership outlining what must improve [&hellip;]","og_url":"https:\/\/bladnanews.com\/fr\/manchester-united-se-fixe-lobjectif-2025-26-alors-que-wilcox-qualifie-la-saison-de-decevante\/","og_site_name":"Bladna News","article_published_time":"2026-01-11T15:42:31+00:00","og_image":[{"width":1312,"height":736,"url":"https:\/\/bladnanews.com\/wp-content\/uploads\/2025\/12\/freepik__bladna-newscom-moroccan-soccer-homepage-banner-mor__41838.png","type":"image\/png"}],"author":"Bladna News Staff","twitter_card":"summary_large_image","twitter_misc":{"\u00c9crit par":"Bladna News Staff","Dur\u00e9e de lecture estim\u00e9e":"1 minute"},"schema":{"@context":"https:\/\/schema.org","@graph":[{"@type":"Article","@id":"https:\/\/bladnanews.com\/man-utd-set-2025-26-target-as-wilcox-calls-season-disappointing\/#article","isPartOf":{"@id":"https:\/\/bladnanews.com\/man-utd-set-2025-26-target-as-wilcox-calls-season-disappointing\/"},"author":{"name":"Bladna News Staff","@id":"https:\/\/mediumseagreen-eel-531711.hostingersite.com\/#\/schema\/person\/268e18a453ab080ebf76df6ef7845083"},"headline":"Man Utd set 2025-26 target as Wilcox calls season disappointing","datePublished":"2026-01-11T15:42:31+00:00","mainEntityOfPage":{"@id":"https:\/\/bladnanews.com\/man-utd-set-2025-26-target-as-wilcox-calls-season-disappointing\/"},"wordCount":234,"publisher":{"@id":"https:\/\/mediumseagreen-eel-531711.hostingersite.com\/#organization"},"image":{"@id":"https:\/\/bladnanews.com\/man-utd-set-2025-26-target-as-wilcox-calls-season-disappointing\/#primaryimage"},"thumbnailUrl":"https:\/\/bladnanews.com\/wp-content\/uploads\/2026\/01\/BladnaNews-Man-Utd-set-2025-26-target-as-Wilcox-calls-season-disappointing-2026-01-12T050928.224Z-scaled.jpg","articleSection":["International","Latest News"],"inLanguage":"fr-FR","copyrightYear":"2026","copyrightHolder":{"@id":"https:\/\/bladnanews.com\/fr\/#organization"}},{"@type":"WebPage","@id":"https:\/\/bladnanews.com\/man-utd-set-2025-26-target-as-wilcox-calls-season-disappointing\/","url":"https:\/\/bladnanews.com\/man-utd-set-2025-26-target-as-wilcox-calls-season-disappointing\/","name":"Manchester United se fixe un objectif pour 2025-26 alors que Wilcox qualifie la saison de d\u00e9cevante - Bladna News","isPartOf":{"@id":"https:\/\/mediumseagreen-eel-531711.hostingersite.com\/#website"},"primaryImageOfPage":{"@id":"https:\/\/bladnanews.com\/man-utd-set-2025-26-target-as-wilcox-calls-season-disappointing\/#primaryimage"},"image":{"@id":"https:\/\/bladnanews.com\/man-utd-set-2025-26-target-as-wilcox-calls-season-disappointing\/#primaryimage"},"thumbnailUrl":"https:\/\/bladnanews.com\/wp-content\/uploads\/2026\/01\/BladnaNews-Man-Utd-set-2025-26-target-as-Wilcox-calls-season-disappointing-2026-01-12T050928.224Z-scaled.jpg","datePublished":"2026-01-11T15:42:31+00:00","breadcrumb":{"@id":"https:\/\/bladnanews.com\/man-utd-set-2025-26-target-as-wilcox-calls-season-disappointing\/#breadcrumb"},"inLanguage":"fr-FR","potentialAction":[{"@type":"ReadAction","target":["https:\/\/bladnanews.com\/man-utd-set-2025-26-target-as-wilcox-calls-season-disappointing\/"]}]},{"@type":"ImageObject","inLanguage":"fr-FR","@id":"https:\/\/bladnanews.com\/man-utd-set-2025-26-target-as-wilcox-calls-season-disappointing\/#primaryimage","url":"https:\/\/bladnanews.com\/wp-content\/uploads\/2026\/01\/BladnaNews-Man-Utd-set-2025-26-target-as-Wilcox-calls-season-disappointing-2026-01-12T050928.224Z-scaled.jpg","contentUrl":"https:\/\/bladnanews.com\/wp-content\/uploads\/2026\/01\/BladnaNews-Man-Utd-set-2025-26-target-as-Wilcox-calls-season-disappointing-2026-01-12T050928.224Z-scaled.jpg","width":2560,"height":1440,"caption":"Serious-looking football manager adjusting his coat, with a blurred colourful background capturing the atmosphere of a match."},{"@type":"BreadcrumbList","@id":"https:\/\/bladnanews.com\/man-utd-set-2025-26-target-as-wilcox-calls-season-disappointing\/#breadcrumb","itemListElement":[{"@type":"ListItem","position":1,"name":"Home","item":"https:\/\/bladnanews.com\/"},{"@type":"ListItem","position":2,"name":"Man Utd set 2025-26 target as Wilcox calls season disappointing"}]},{"@type":"WebSite","@id":"https:\/\/mediumseagreen-eel-531711.hostingersite.com\/#website","url":"https:\/\/mediumseagreen-eel-531711.hostingersite.com\/","name":"Bladna News - Maroc","description":"Quand le football marocain rencontre le monde","publisher":{"@id":"https:\/\/mediumseagreen-eel-531711.hostingersite.com\/#organization"},"potentialAction":[{"@type":"SearchAction","target":{"@type":"EntryPoint","urlTemplate":"https:\/\/mediumseagreen-eel-531711.hostingersite.com\/?s={search_term_string}"},"query-input":{"@type":"PropertyValueSpecification","valueRequired":true,"valueName":"search_term_string"}}],"inLanguage":"fr-FR"},{"@type":"Organization","@id":"https:\/\/mediumseagreen-eel-531711.hostingersite.com\/#organization","name":"Bladna News.com","url":"https:\/\/mediumseagreen-eel-531711.hostingersite.com\/","logo":{"@type":"ImageObject","inLanguage":"fr-FR","@id":"https:\/\/mediumseagreen-eel-531711.hostingersite.com\/#\/schema\/logo\/image\/","url":"https:\/\/bladnanews.com\/wp-content\/uploads\/2025\/12\/logo-bladnanews-V2-web-black-red.png","contentUrl":"https:\/\/bladnanews.com\/wp-content\/uploads\/2025\/12\/logo-bladnanews-V2-web-black-red.png","width":703,"height":287,"caption":"Bladna News.com"},"image":{"@id":"https:\/\/mediumseagreen-eel-531711.hostingersite.com\/#\/schema\/logo\/image\/"},"email":"info@bladnanews.com","legalName":"Bladna News"},{"@type":"Person","@id":"https:\/\/mediumseagreen-eel-531711.hostingersite.com\/#\/schema\/person\/268e18a453ab080ebf76df6ef7845083","name":"\u00c9quipe r\u00e9dactionnelle de Bladna News","url":"https:\/\/bladnanews.com\/fr\/author\/bladna-news-staff\/"}]}},"_links":{"self":[{"href":"https:\/\/bladnanews.com\/fr\/wp-json\/wp\/v2\/posts\/5891","targetHints":{"allow":["GET"]}}],"collection":[{"href":"https:\/\/bladnanews.com\/fr\/wp-json\/wp\/v2\/posts"}],"about":[{"href":"https:\/\/bladnanews.com\/fr\/wp-json\/wp\/v2\/types\/post"}],"author":[{"embeddable":true,"href":"https:\/\/bladnanews.com\/fr\/wp-json\/wp\/v2\/users\/3"}],"replies":[{"embeddable":true,"href":"https:\/\/bladnanews.com\/fr\/wp-json\/wp\/v2\/comments?post=5891"}],"version-history":[{"count":0,"href":"https:\/\/bladnanews.com\/fr\/wp-json\/wp\/v2\/posts\/5891\/revisions"}],"wp:featuredmedia":[{"embeddable":true,"href":"https:\/\/bladnanews.com\/fr\/wp-json\/wp\/v2\/media\/5890"}],"wp:attachment":[{"href":"https:\/\/bladnanews.com\/fr\/wp-json\/wp\/v2\/media?parent=5891"}],"wp:term":[{"taxonomy":"category","embeddable":true,"href":"https:\/\/bladnanews.com\/fr\/wp-json\/wp\/v2\/categories?post=5891"},{"taxonomy":"post_tag","embeddable":true,"href":"https:\/\/bladnanews.com\/fr\/wp-json\/wp\/v2\/tags?post=5891"}],"curies":[{"name":"wp","href":"https:\/\/api.w.org\/{rel}","templated":true}]}}