{"id":5893,"date":"2026-01-11T15:50:36","date_gmt":"2026-01-11T15:50:36","guid":{"rendered":"https:\/\/bladnanews.com\/portugal-outline-world-cup-plan-as-ronaldo-faces-competition\/"},"modified":"2026-01-11T15:50:36","modified_gmt":"2026-01-11T15:50:36","slug":"le-portugal-devoile-son-plan-pour-la-coupe-du-monde-alors-que-ronaldo-fait-face-a-la-concurrence","status":"publish","type":"post","link":"https:\/\/bladnanews.com\/fr\/le-portugal-devoile-son-plan-pour-la-coupe-du-monde-alors-que-ronaldo-fait-face-a-la-concurrence\/","title":{"rendered":"Le Portugal d\u00e9voile son plan pour la Coupe du Monde alors que Ronaldo fait face \u00e0 la concurrence"},"content":{"rendered":"<p>Cristiano Ronaldo fait face \u00e0 une concurrence croissante dans l'attaque du Portugal alors que l'\u00e9quipe nationale commence \u00e0 dessiner sa feuille de route vers la Coupe du Monde 2026 sous la direction de l'entra\u00eeneur Roberto Martinez.<\/p>\n<p>Le Portugal a clairement indiqu\u00e9 qu'il construisait en pensant \u00e0 l'avenir, Martinez soulignant la n\u00e9cessit\u00e9 d'une profondeur et d'options dans l'effectif plut\u00f4t que de compter sur un seul nom. L'entra\u00eeneur a \u00e9voqu\u00e9 la cr\u00e9ation d'une concurrence interne et la garantie que chaque attaquant soit pr\u00eat \u00e0 contribuer \u00e0 l'approche des qualifications et des tournois.<\/p>\n<p>Ronaldo, qui reste une figure cl\u00e9, n'est plus le seul point focal automatique. Le vivier d'attaquants du Portugal s'est \u00e9largi, et Martinez a soulign\u00e9 que les places doivent se m\u00e9riter par les performances et ce que les joueurs apportent \u00e0 l'\u00e9quipe \u00e0 chaque match.<\/p>\n<p>Martinez a \u00e9galement abord\u00e9 sa d\u00e9cision pass\u00e9e de laisser Ronaldo sur le banc, expliquant la r\u00e9flexion derri\u00e8re la gestion des grands joueurs et l'importance de faire ce qui est le mieux pour le groupe. Ses commentaires sont intervenus alors que le Portugal continue d'\u00e9quilibrer exp\u00e9rience et talents \u00e9mergents dans son projet \u00e0 long terme.<\/p>\n<p>L'entra\u00eeneur a \u00e9galement soulign\u00e9 l'int\u00e9r\u00eat d'affronter les \u00c9tats-Unis en match amical, le d\u00e9crivant comme un test important. Martinez a mis en avant les avantages de jouer contre des adversaires de cultures footballistiques diff\u00e9rentes alors que le Portugal se pr\u00e9pare aux exigences sp\u00e9cifiques qu'il rencontrera sur la route de la Coupe du Monde.<\/p>\n<p>Avec le tournoi de 2026 d\u00e9sormais comme objectif clair, le message du Portugal est que le projet d\u00e9passe tout individu. La pr\u00e9sence de Ronaldo compte toujours, mais la concurrence autour de lui s'intensifie alors que Martinez cherche \u00e0 construire un effectif capable de rivaliser au plus haut niveau.<\/p>","protected":false},"excerpt":{"rendered":"<p>Cristiano Ronaldo is facing growing competition in Portugal\u2019s attack as the national team begins to shape its roadmap to the [&hellip;]<\/p>\n","protected":false},"author":3,"featured_media":5892,"comment_status":"","ping_status":"open","sticky":false,"template":"","format":"standard","meta":{"googlesitekit_rrm_CAow_uzEDA:productID":"","site-sidebar-layout":"default","site-content-layout":"","ast-site-content-layout":"default","site-content-style":"default","site-sidebar-style":"default","ast-global-header-display":"","ast-banner-title-visibility":"","ast-main-header-display":"","ast-hfb-above-header-display":"","ast-hfb-below-header-display":"","ast-hfb-mobile-header-display":"","site-post-title":"","ast-breadcrumbs-content":"","ast-featured-img":"","footer-sml-layout":"","ast-disable-related-posts":"","theme-transparent-header-meta":"","adv-header-id-meta":"","stick-header-meta":"","header-above-stick-meta":"","header-main-stick-meta":"","header-below-stick-meta":"","astra-migrate-meta-layouts":"default","ast-page-background-enabled":"default","ast-page-background-meta":{"desktop":{"background-color":"var(--ast-global-color-5)","background-image":"","background-repeat":"repeat","background-position":"center center","background-size":"auto","background-attachment":"scroll","background-type":"","background-media":"","overlay-type":"","overlay-color":"","overlay-opacity":"","overlay-gradient":""},"tablet":{"background-color":"","background-image":"","background-repeat":"repeat","background-position":"center center","background-size":"auto","background-attachment":"scroll","background-type":"","background-media":"","overlay-type":"","overlay-color":"","overlay-opacity":"","overlay-gradient":""},"mobile":{"background-color":"","background-image":"","background-repeat":"repeat","background-position":"center center","background-size":"auto","background-attachment":"scroll","background-type":"","background-media":"","overlay-type":"","overlay-color":"","overlay-opacity":"","overlay-gradient":""}},"ast-content-background-meta":{"desktop":{"background-color":"var(--ast-global-color-4)","background-image":"","background-repeat":"repeat","background-position":"center center","background-size":"auto","background-attachment":"scroll","background-type":"","background-media":"","overlay-type":"","overlay-color":"","overlay-opacity":"","overlay-gradient":""},"tablet":{"background-color":"var(--ast-global-color-4)","background-image":"","background-repeat":"repeat","background-position":"center center","background-size":"auto","background-attachment":"scroll","background-type":"","background-media":"","overlay-type":"","overlay-color":"","overlay-opacity":"","overlay-gradient":""},"mobile":{"background-color":"var(--ast-global-color-4)","background-image":"","background-repeat":"repeat","background-position":"center center","background-size":"auto","background-attachment":"scroll","background-type":"","background-media":"","overlay-type":"","overlay-color":"","overlay-opacity":"","overlay-gradient":""}},"footnotes":""},"categories":[20,1],"tags":[],"class_list":["post-5893","post","type-post","status-publish","format-standard","has-post-thumbnail","hentry","category-international","category-football-latest-news"],"yoast_head":"<!-- This site is optimized with the Yoast SEO Premium plugin v26.6 (Yoast SEO v27.5) - https:\/\/yoast.com\/product\/yoast-seo-premium-wordpress\/ -->\n<title>Portugal outline World Cup plan as Ronaldo faces competition - Bladna News<\/title>\n<meta name=\"robots\" content=\"index, follow, max-snippet:-1, max-image-preview:large, max-video-preview:-1\" \/>\n<link rel=\"canonical\" href=\"https:\/\/bladnanews.com\/fr\/le-portugal-devoile-son-plan-pour-la-coupe-du-monde-alors-que-ronaldo-fait-face-a-la-concurrence\/\" \/>\n<meta property=\"og:locale\" content=\"fr_FR\" \/>\n<meta property=\"og:type\" content=\"article\" \/>\n<meta property=\"og:title\" content=\"Portugal outline World Cup plan as Ronaldo faces competition\" \/>\n<meta property=\"og:description\" content=\"Cristiano Ronaldo is facing growing competition in Portugal\u2019s attack as the national team begins to shape its roadmap to the [&hellip;]\" \/>\n<meta property=\"og:url\" content=\"https:\/\/bladnanews.com\/fr\/le-portugal-devoile-son-plan-pour-la-coupe-du-monde-alors-que-ronaldo-fait-face-a-la-concurrence\/\" \/>\n<meta property=\"og:site_name\" content=\"Bladna News\" \/>\n<meta property=\"article:published_time\" content=\"2026-01-11T15:50:36+00:00\" \/>\n<meta property=\"og:image\" content=\"https:\/\/bladnanews.com\/wp-content\/uploads\/2025\/12\/freepik__bladna-newscom-moroccan-soccer-homepage-banner-mor__41838.png\" \/>\n\t<meta property=\"og:image:width\" content=\"1312\" \/>\n\t<meta property=\"og:image:height\" content=\"736\" \/>\n\t<meta property=\"og:image:type\" content=\"image\/png\" \/>\n<meta name=\"author\" content=\"Bladna News Staff\" \/>\n<meta name=\"twitter:card\" content=\"summary_large_image\" \/>\n<meta name=\"twitter:label1\" content=\"\u00c9crit par\" \/>\n\t<meta name=\"twitter:data1\" content=\"Bladna News Staff\" \/>\n\t<meta name=\"twitter:label2\" content=\"Dur\u00e9e de lecture estim\u00e9e\" \/>\n\t<meta name=\"twitter:data2\" content=\"1 minute\" \/>\n<script type=\"application\/ld+json\" class=\"yoast-schema-graph\">{\"@context\":\"https:\\\/\\\/schema.org\",\"@graph\":[{\"@type\":\"Article\",\"@id\":\"https:\\\/\\\/bladnanews.com\\\/portugal-outline-world-cup-plan-as-ronaldo-faces-competition\\\/#article\",\"isPartOf\":{\"@id\":\"https:\\\/\\\/bladnanews.com\\\/portugal-outline-world-cup-plan-as-ronaldo-faces-competition\\\/\"},\"author\":{\"name\":\"Bladna News Staff\",\"@id\":\"https:\\\/\\\/mediumseagreen-eel-531711.hostingersite.com\\\/#\\\/schema\\\/person\\\/268e18a453ab080ebf76df6ef7845083\"},\"headline\":\"Portugal outline World Cup plan as Ronaldo faces competition\",\"datePublished\":\"2026-01-11T15:50:36+00:00\",\"mainEntityOfPage\":{\"@id\":\"https:\\\/\\\/bladnanews.com\\\/portugal-outline-world-cup-plan-as-ronaldo-faces-competition\\\/\"},\"wordCount\":270,\"publisher\":{\"@id\":\"https:\\\/\\\/mediumseagreen-eel-531711.hostingersite.com\\\/#organization\"},\"image\":{\"@id\":\"https:\\\/\\\/bladnanews.com\\\/portugal-outline-world-cup-plan-as-ronaldo-faces-competition\\\/#primaryimage\"},\"thumbnailUrl\":\"https:\\\/\\\/bladnanews.com\\\/wp-content\\\/uploads\\\/2026\\\/01\\\/BladnaNews-Portugal-outline-World-Cup-plan-as-Ronaldo-faces-competition-2026-01-12T050951.288Z.jpg\",\"articleSection\":[\"International\",\"Latest News\"],\"inLanguage\":\"fr-FR\",\"copyrightYear\":\"2026\",\"copyrightHolder\":{\"@id\":\"https:\\\/\\\/bladnanews.com\\\/fr\\\/#organization\"}},{\"@type\":\"WebPage\",\"@id\":\"https:\\\/\\\/bladnanews.com\\\/portugal-outline-world-cup-plan-as-ronaldo-faces-competition\\\/\",\"url\":\"https:\\\/\\\/bladnanews.com\\\/portugal-outline-world-cup-plan-as-ronaldo-faces-competition\\\/\",\"name\":\"Portugal outline World Cup plan as Ronaldo faces competition - Bladna News\",\"isPartOf\":{\"@id\":\"https:\\\/\\\/mediumseagreen-eel-531711.hostingersite.com\\\/#website\"},\"primaryImageOfPage\":{\"@id\":\"https:\\\/\\\/bladnanews.com\\\/portugal-outline-world-cup-plan-as-ronaldo-faces-competition\\\/#primaryimage\"},\"image\":{\"@id\":\"https:\\\/\\\/bladnanews.com\\\/portugal-outline-world-cup-plan-as-ronaldo-faces-competition\\\/#primaryimage\"},\"thumbnailUrl\":\"https:\\\/\\\/bladnanews.com\\\/wp-content\\\/uploads\\\/2026\\\/01\\\/BladnaNews-Portugal-outline-World-Cup-plan-as-Ronaldo-faces-competition-2026-01-12T050951.288Z.jpg\",\"datePublished\":\"2026-01-11T15:50:36+00:00\",\"breadcrumb\":{\"@id\":\"https:\\\/\\\/bladnanews.com\\\/portugal-outline-world-cup-plan-as-ronaldo-faces-competition\\\/#breadcrumb\"},\"inLanguage\":\"fr-FR\",\"potentialAction\":[{\"@type\":\"ReadAction\",\"target\":[\"https:\\\/\\\/bladnanews.com\\\/portugal-outline-world-cup-plan-as-ronaldo-faces-competition\\\/\"]}]},{\"@type\":\"ImageObject\",\"inLanguage\":\"fr-FR\",\"@id\":\"https:\\\/\\\/bladnanews.com\\\/portugal-outline-world-cup-plan-as-ronaldo-faces-competition\\\/#primaryimage\",\"url\":\"https:\\\/\\\/bladnanews.com\\\/wp-content\\\/uploads\\\/2026\\\/01\\\/BladnaNews-Portugal-outline-World-Cup-plan-as-Ronaldo-faces-competition-2026-01-12T050951.288Z.jpg\",\"contentUrl\":\"https:\\\/\\\/bladnanews.com\\\/wp-content\\\/uploads\\\/2026\\\/01\\\/BladnaNews-Portugal-outline-World-Cup-plan-as-Ronaldo-faces-competition-2026-01-12T050951.288Z.jpg\",\"width\":1920,\"height\":1080,\"caption\":\"Cristiano Ronaldo applauding fans in a white Portugal kit with colourful designs, showing a mixed expression during a match.\"},{\"@type\":\"BreadcrumbList\",\"@id\":\"https:\\\/\\\/bladnanews.com\\\/portugal-outline-world-cup-plan-as-ronaldo-faces-competition\\\/#breadcrumb\",\"itemListElement\":[{\"@type\":\"ListItem\",\"position\":1,\"name\":\"Home\",\"item\":\"https:\\\/\\\/bladnanews.com\\\/\"},{\"@type\":\"ListItem\",\"position\":2,\"name\":\"Portugal outline World Cup plan as Ronaldo faces competition\"}]},{\"@type\":\"WebSite\",\"@id\":\"https:\\\/\\\/mediumseagreen-eel-531711.hostingersite.com\\\/#website\",\"url\":\"https:\\\/\\\/mediumseagreen-eel-531711.hostingersite.com\\\/\",\"name\":\"Bladna News - Morocco\",\"description\":\"Where Moroccan Football Meets the World\",\"publisher\":{\"@id\":\"https:\\\/\\\/mediumseagreen-eel-531711.hostingersite.com\\\/#organization\"},\"potentialAction\":[{\"@type\":\"SearchAction\",\"target\":{\"@type\":\"EntryPoint\",\"urlTemplate\":\"https:\\\/\\\/mediumseagreen-eel-531711.hostingersite.com\\\/?s={search_term_string}\"},\"query-input\":{\"@type\":\"PropertyValueSpecification\",\"valueRequired\":true,\"valueName\":\"search_term_string\"}}],\"inLanguage\":\"fr-FR\"},{\"@type\":\"Organization\",\"@id\":\"https:\\\/\\\/mediumseagreen-eel-531711.hostingersite.com\\\/#organization\",\"name\":\"Bladna News.com\",\"url\":\"https:\\\/\\\/mediumseagreen-eel-531711.hostingersite.com\\\/\",\"logo\":{\"@type\":\"ImageObject\",\"inLanguage\":\"fr-FR\",\"@id\":\"https:\\\/\\\/mediumseagreen-eel-531711.hostingersite.com\\\/#\\\/schema\\\/logo\\\/image\\\/\",\"url\":\"https:\\\/\\\/bladnanews.com\\\/wp-content\\\/uploads\\\/2025\\\/12\\\/logo-bladnanews-V2-web-black-red.png\",\"contentUrl\":\"https:\\\/\\\/bladnanews.com\\\/wp-content\\\/uploads\\\/2025\\\/12\\\/logo-bladnanews-V2-web-black-red.png\",\"width\":703,\"height\":287,\"caption\":\"Bladna News.com\"},\"image\":{\"@id\":\"https:\\\/\\\/mediumseagreen-eel-531711.hostingersite.com\\\/#\\\/schema\\\/logo\\\/image\\\/\"},\"email\":\"info@bladnanews.com\",\"legalName\":\"Bladna News\"},{\"@type\":\"Person\",\"@id\":\"https:\\\/\\\/mediumseagreen-eel-531711.hostingersite.com\\\/#\\\/schema\\\/person\\\/268e18a453ab080ebf76df6ef7845083\",\"name\":\"Bladna News Staff\",\"url\":\"https:\\\/\\\/bladnanews.com\\\/fr\\\/author\\\/bladna-news-staff\\\/\"}]}<\/script>\n<!-- \/ Yoast SEO Premium plugin. -->","yoast_head_json":{"title":"Le Portugal d\u00e9voile son plan pour la Coupe du Monde alors que Ronaldo fait face \u00e0 la concurrence - Bladna News","robots":{"index":"index","follow":"follow","max-snippet":"max-snippet:-1","max-image-preview":"max-image-preview:large","max-video-preview":"max-video-preview:-1"},"canonical":"https:\/\/bladnanews.com\/fr\/le-portugal-devoile-son-plan-pour-la-coupe-du-monde-alors-que-ronaldo-fait-face-a-la-concurrence\/","og_locale":"fr_FR","og_type":"article","og_title":"Portugal outline World Cup plan as Ronaldo faces competition","og_description":"Cristiano Ronaldo is facing growing competition in Portugal\u2019s attack as the national team begins to shape its roadmap to the [&hellip;]","og_url":"https:\/\/bladnanews.com\/fr\/le-portugal-devoile-son-plan-pour-la-coupe-du-monde-alors-que-ronaldo-fait-face-a-la-concurrence\/","og_site_name":"Bladna News","article_published_time":"2026-01-11T15:50:36+00:00","og_image":[{"width":1312,"height":736,"url":"https:\/\/bladnanews.com\/wp-content\/uploads\/2025\/12\/freepik__bladna-newscom-moroccan-soccer-homepage-banner-mor__41838.png","type":"image\/png"}],"author":"Bladna News Staff","twitter_card":"summary_large_image","twitter_misc":{"\u00c9crit par":"Bladna News Staff","Dur\u00e9e de lecture estim\u00e9e":"1 minute"},"schema":{"@context":"https:\/\/schema.org","@graph":[{"@type":"Article","@id":"https:\/\/bladnanews.com\/portugal-outline-world-cup-plan-as-ronaldo-faces-competition\/#article","isPartOf":{"@id":"https:\/\/bladnanews.com\/portugal-outline-world-cup-plan-as-ronaldo-faces-competition\/"},"author":{"name":"Bladna News Staff","@id":"https:\/\/mediumseagreen-eel-531711.hostingersite.com\/#\/schema\/person\/268e18a453ab080ebf76df6ef7845083"},"headline":"Portugal outline World Cup plan as Ronaldo faces competition","datePublished":"2026-01-11T15:50:36+00:00","mainEntityOfPage":{"@id":"https:\/\/bladnanews.com\/portugal-outline-world-cup-plan-as-ronaldo-faces-competition\/"},"wordCount":270,"publisher":{"@id":"https:\/\/mediumseagreen-eel-531711.hostingersite.com\/#organization"},"image":{"@id":"https:\/\/bladnanews.com\/portugal-outline-world-cup-plan-as-ronaldo-faces-competition\/#primaryimage"},"thumbnailUrl":"https:\/\/bladnanews.com\/wp-content\/uploads\/2026\/01\/BladnaNews-Portugal-outline-World-Cup-plan-as-Ronaldo-faces-competition-2026-01-12T050951.288Z.jpg","articleSection":["International","Latest News"],"inLanguage":"fr-FR","copyrightYear":"2026","copyrightHolder":{"@id":"https:\/\/bladnanews.com\/fr\/#organization"}},{"@type":"WebPage","@id":"https:\/\/bladnanews.com\/portugal-outline-world-cup-plan-as-ronaldo-faces-competition\/","url":"https:\/\/bladnanews.com\/portugal-outline-world-cup-plan-as-ronaldo-faces-competition\/","name":"Le Portugal d\u00e9voile son plan pour la Coupe du Monde alors que Ronaldo fait face \u00e0 la concurrence - Bladna News","isPartOf":{"@id":"https:\/\/mediumseagreen-eel-531711.hostingersite.com\/#website"},"primaryImageOfPage":{"@id":"https:\/\/bladnanews.com\/portugal-outline-world-cup-plan-as-ronaldo-faces-competition\/#primaryimage"},"image":{"@id":"https:\/\/bladnanews.com\/portugal-outline-world-cup-plan-as-ronaldo-faces-competition\/#primaryimage"},"thumbnailUrl":"https:\/\/bladnanews.com\/wp-content\/uploads\/2026\/01\/BladnaNews-Portugal-outline-World-Cup-plan-as-Ronaldo-faces-competition-2026-01-12T050951.288Z.jpg","datePublished":"2026-01-11T15:50:36+00:00","breadcrumb":{"@id":"https:\/\/bladnanews.com\/portugal-outline-world-cup-plan-as-ronaldo-faces-competition\/#breadcrumb"},"inLanguage":"fr-FR","potentialAction":[{"@type":"ReadAction","target":["https:\/\/bladnanews.com\/portugal-outline-world-cup-plan-as-ronaldo-faces-competition\/"]}]},{"@type":"ImageObject","inLanguage":"fr-FR","@id":"https:\/\/bladnanews.com\/portugal-outline-world-cup-plan-as-ronaldo-faces-competition\/#primaryimage","url":"https:\/\/bladnanews.com\/wp-content\/uploads\/2026\/01\/BladnaNews-Portugal-outline-World-Cup-plan-as-Ronaldo-faces-competition-2026-01-12T050951.288Z.jpg","contentUrl":"https:\/\/bladnanews.com\/wp-content\/uploads\/2026\/01\/BladnaNews-Portugal-outline-World-Cup-plan-as-Ronaldo-faces-competition-2026-01-12T050951.288Z.jpg","width":1920,"height":1080,"caption":"Cristiano Ronaldo applauding fans in a white Portugal kit with colourful designs, showing a mixed expression during a match."},{"@type":"BreadcrumbList","@id":"https:\/\/bladnanews.com\/portugal-outline-world-cup-plan-as-ronaldo-faces-competition\/#breadcrumb","itemListElement":[{"@type":"ListItem","position":1,"name":"Home","item":"https:\/\/bladnanews.com\/"},{"@type":"ListItem","position":2,"name":"Portugal outline World Cup plan as Ronaldo faces competition"}]},{"@type":"WebSite","@id":"https:\/\/mediumseagreen-eel-531711.hostingersite.com\/#website","url":"https:\/\/mediumseagreen-eel-531711.hostingersite.com\/","name":"Bladna News - Maroc","description":"Quand le football marocain rencontre le monde","publisher":{"@id":"https:\/\/mediumseagreen-eel-531711.hostingersite.com\/#organization"},"potentialAction":[{"@type":"SearchAction","target":{"@type":"EntryPoint","urlTemplate":"https:\/\/mediumseagreen-eel-531711.hostingersite.com\/?s={search_term_string}"},"query-input":{"@type":"PropertyValueSpecification","valueRequired":true,"valueName":"search_term_string"}}],"inLanguage":"fr-FR"},{"@type":"Organization","@id":"https:\/\/mediumseagreen-eel-531711.hostingersite.com\/#organization","name":"Bladna News.com","url":"https:\/\/mediumseagreen-eel-531711.hostingersite.com\/","logo":{"@type":"ImageObject","inLanguage":"fr-FR","@id":"https:\/\/mediumseagreen-eel-531711.hostingersite.com\/#\/schema\/logo\/image\/","url":"https:\/\/bladnanews.com\/wp-content\/uploads\/2025\/12\/logo-bladnanews-V2-web-black-red.png","contentUrl":"https:\/\/bladnanews.com\/wp-content\/uploads\/2025\/12\/logo-bladnanews-V2-web-black-red.png","width":703,"height":287,"caption":"Bladna News.com"},"image":{"@id":"https:\/\/mediumseagreen-eel-531711.hostingersite.com\/#\/schema\/logo\/image\/"},"email":"info@bladnanews.com","legalName":"Bladna News"},{"@type":"Person","@id":"https:\/\/mediumseagreen-eel-531711.hostingersite.com\/#\/schema\/person\/268e18a453ab080ebf76df6ef7845083","name":"\u00c9quipe r\u00e9dactionnelle de Bladna News","url":"https:\/\/bladnanews.com\/fr\/author\/bladna-news-staff\/"}]}},"_links":{"self":[{"href":"https:\/\/bladnanews.com\/fr\/wp-json\/wp\/v2\/posts\/5893","targetHints":{"allow":["GET"]}}],"collection":[{"href":"https:\/\/bladnanews.com\/fr\/wp-json\/wp\/v2\/posts"}],"about":[{"href":"https:\/\/bladnanews.com\/fr\/wp-json\/wp\/v2\/types\/post"}],"author":[{"embeddable":true,"href":"https:\/\/bladnanews.com\/fr\/wp-json\/wp\/v2\/users\/3"}],"replies":[{"embeddable":true,"href":"https:\/\/bladnanews.com\/fr\/wp-json\/wp\/v2\/comments?post=5893"}],"version-history":[{"count":0,"href":"https:\/\/bladnanews.com\/fr\/wp-json\/wp\/v2\/posts\/5893\/revisions"}],"wp:featuredmedia":[{"embeddable":true,"href":"https:\/\/bladnanews.com\/fr\/wp-json\/wp\/v2\/media\/5892"}],"wp:attachment":[{"href":"https:\/\/bladnanews.com\/fr\/wp-json\/wp\/v2\/media?parent=5893"}],"wp:term":[{"taxonomy":"category","embeddable":true,"href":"https:\/\/bladnanews.com\/fr\/wp-json\/wp\/v2\/categories?post=5893"},{"taxonomy":"post_tag","embeddable":true,"href":"https:\/\/bladnanews.com\/fr\/wp-json\/wp\/v2\/tags?post=5893"}],"curies":[{"name":"wp","href":"https:\/\/api.w.org\/{rel}","templated":true}]}}