{"id":5895,"date":"2026-01-11T16:00:23","date_gmt":"2026-01-11T16:00:23","guid":{"rendered":"https:\/\/bladnanews.com\/gabriel-martinelli-hat-trick-sends-arsenal-into-fa-cup-fourth-round\/"},"modified":"2026-01-11T16:00:23","modified_gmt":"2026-01-11T16:00:23","slug":"le-triple-de-gabriel-martinelli-propulse-arsenal-au-quatrieme-tour-de-la-fa-cup","status":"publish","type":"post","link":"https:\/\/bladnanews.com\/fr\/le-triple-de-gabriel-martinelli-propulse-arsenal-au-quatrieme-tour-de-la-fa-cup\/","title":{"rendered":"Le tripl\u00e9 de Gabriel Martinelli propulse Arsenal au quatri\u00e8me tour de la FA Cup"},"content":{"rendered":"<p>Arsenal s'est qualifi\u00e9 pour le quatri\u00e8me tour de la FA Cup apr\u00e8s qu'un tripl\u00e9 de Gabriel Martinelli ait scell\u00e9 la victoire face \u00e0 Portsmouth, l'\u00e9quipe de Mikel Arteta ayant une nouvelle fois d\u00e9montr\u00e9 la menace grandissante qu'elle repr\u00e9sente sur les coups de pied arr\u00eat\u00e9s.<\/p>\n<p>Les Gunners ont d\u00fb toutefois travailler pour l'obtenir. Portsmouth est arriv\u00e9 avec un plan clair pour perturber le rythme d'Arsenal et y est parvenu par moments, for\u00e7ant l'\u00e9quipe d'Arteta \u00e0 un match d\u00e9cousu qui ne lui convenait pas toujours.<\/p>\n<p>Le d\u00e9blocage est finalement venu pour Arsenal et, une fois enclench\u00e9, Martinelli a pris les choses en main. L'attaquant br\u00e9silien a montr\u00e9 la voie avec trois buts, transformant une soir\u00e9e potentiellement d\u00e9licate en mission accomplie et qualifiant Arsenal.<\/p>\n<p>Alors que le match conservait une once de danger, Arsenal s'est largement appuy\u00e9 sur sa force sur les coups de pied arr\u00eat\u00e9s, poursuivant une tendance qui les caract\u00e9rise cette saison. Les buts n'ont pas tous \u00e9t\u00e9 faciles, mais leurs ex\u00e9cutions et leur organisation sur les phases arr\u00eat\u00e9es se sont une nouvelle fois av\u00e9r\u00e9es d\u00e9cisives pour surmonter l'\u00e9pisode d\u00e9licat.<\/p>\n<p>Martinelli a \u00e9t\u00e9 le joueur le plus marquant de la soir\u00e9e, alliant des d\u00e9placements percutants \u00e0 la finition sereine dont Arsenal avait besoin. Son tripl\u00e9 a soulign\u00e9 son importance dans l'animation offensive et a apport\u00e9 le tranant que Portsmouth a eu du mal \u00e0 contenir une fois qu'Arsenal a trouv\u00e9 son rythme.<\/p>\n<p>En fin de compte, la qualit\u00e9 d'Arsenal a fait la diff\u00e9rence. L'\u00e9quipe de Premier League a d\u00fb rester concentr\u00e9e, mais elle en a fait assez pour assurer le r\u00e9sultat et poursuivre sa route dans la comp\u00e9tition, la performance \u00e0 trois buts de Martinelli constituant le moment d\u00e9cisif de cette confrontation.<\/p>","protected":false},"excerpt":{"rendered":"<p>Arsenal booked their place in the FA Cup fourth round after Gabriel Martinelli scored a hat-trick in a win over [&hellip;]<\/p>\n","protected":false},"author":3,"featured_media":5894,"comment_status":"","ping_status":"open","sticky":false,"template":"","format":"standard","meta":{"googlesitekit_rrm_CAow_uzEDA:productID":"","site-sidebar-layout":"default","site-content-layout":"","ast-site-content-layout":"default","site-content-style":"default","site-sidebar-style":"default","ast-global-header-display":"","ast-banner-title-visibility":"","ast-main-header-display":"","ast-hfb-above-header-display":"","ast-hfb-below-header-display":"","ast-hfb-mobile-header-display":"","site-post-title":"","ast-breadcrumbs-content":"","ast-featured-img":"","footer-sml-layout":"","ast-disable-related-posts":"","theme-transparent-header-meta":"","adv-header-id-meta":"","stick-header-meta":"","header-above-stick-meta":"","header-main-stick-meta":"","header-below-stick-meta":"","astra-migrate-meta-layouts":"default","ast-page-background-enabled":"default","ast-page-background-meta":{"desktop":{"background-color":"var(--ast-global-color-5)","background-image":"","background-repeat":"repeat","background-position":"center center","background-size":"auto","background-attachment":"scroll","background-type":"","background-media":"","overlay-type":"","overlay-color":"","overlay-opacity":"","overlay-gradient":""},"tablet":{"background-color":"","background-image":"","background-repeat":"repeat","background-position":"center center","background-size":"auto","background-attachment":"scroll","background-type":"","background-media":"","overlay-type":"","overlay-color":"","overlay-opacity":"","overlay-gradient":""},"mobile":{"background-color":"","background-image":"","background-repeat":"repeat","background-position":"center center","background-size":"auto","background-attachment":"scroll","background-type":"","background-media":"","overlay-type":"","overlay-color":"","overlay-opacity":"","overlay-gradient":""}},"ast-content-background-meta":{"desktop":{"background-color":"var(--ast-global-color-4)","background-image":"","background-repeat":"repeat","background-position":"center center","background-size":"auto","background-attachment":"scroll","background-type":"","background-media":"","overlay-type":"","overlay-color":"","overlay-opacity":"","overlay-gradient":""},"tablet":{"background-color":"var(--ast-global-color-4)","background-image":"","background-repeat":"repeat","background-position":"center center","background-size":"auto","background-attachment":"scroll","background-type":"","background-media":"","overlay-type":"","overlay-color":"","overlay-opacity":"","overlay-gradient":""},"mobile":{"background-color":"var(--ast-global-color-4)","background-image":"","background-repeat":"repeat","background-position":"center center","background-size":"auto","background-attachment":"scroll","background-type":"","background-media":"","overlay-type":"","overlay-color":"","overlay-opacity":"","overlay-gradient":""}},"footnotes":""},"categories":[20,1],"tags":[],"class_list":["post-5895","post","type-post","status-publish","format-standard","has-post-thumbnail","hentry","category-international","category-football-latest-news"],"yoast_head":"<!-- This site is optimized with the Yoast SEO Premium plugin v26.6 (Yoast SEO v27.5) - https:\/\/yoast.com\/product\/yoast-seo-premium-wordpress\/ -->\n<title>Gabriel Martinelli hat-trick sends Arsenal into FA Cup fourth round - Bladna News<\/title>\n<meta name=\"robots\" content=\"index, follow, max-snippet:-1, max-image-preview:large, max-video-preview:-1\" \/>\n<link rel=\"canonical\" href=\"https:\/\/bladnanews.com\/fr\/le-triple-de-gabriel-martinelli-propulse-arsenal-au-quatrieme-tour-de-la-fa-cup\/\" \/>\n<meta property=\"og:locale\" content=\"fr_FR\" \/>\n<meta property=\"og:type\" content=\"article\" \/>\n<meta property=\"og:title\" content=\"Gabriel Martinelli hat-trick sends Arsenal into FA Cup fourth round\" \/>\n<meta property=\"og:description\" content=\"Arsenal booked their place in the FA Cup fourth round after Gabriel Martinelli scored a hat-trick in a win over [&hellip;]\" \/>\n<meta property=\"og:url\" content=\"https:\/\/bladnanews.com\/fr\/le-triple-de-gabriel-martinelli-propulse-arsenal-au-quatrieme-tour-de-la-fa-cup\/\" \/>\n<meta property=\"og:site_name\" content=\"Bladna News\" \/>\n<meta property=\"article:published_time\" content=\"2026-01-11T16:00:23+00:00\" \/>\n<meta property=\"og:image\" content=\"https:\/\/bladnanews.com\/wp-content\/uploads\/2025\/12\/freepik__bladna-newscom-moroccan-soccer-homepage-banner-mor__41838.png\" \/>\n\t<meta property=\"og:image:width\" content=\"1312\" \/>\n\t<meta property=\"og:image:height\" content=\"736\" \/>\n\t<meta property=\"og:image:type\" content=\"image\/png\" \/>\n<meta name=\"author\" content=\"Bladna News Staff\" \/>\n<meta name=\"twitter:card\" content=\"summary_large_image\" \/>\n<meta name=\"twitter:label1\" content=\"\u00c9crit par\" \/>\n\t<meta name=\"twitter:data1\" content=\"Bladna News Staff\" \/>\n\t<meta name=\"twitter:label2\" content=\"Dur\u00e9e de lecture estim\u00e9e\" \/>\n\t<meta name=\"twitter:data2\" content=\"1 minute\" \/>\n<script type=\"application\/ld+json\" class=\"yoast-schema-graph\">{\"@context\":\"https:\\\/\\\/schema.org\",\"@graph\":[{\"@type\":\"Article\",\"@id\":\"https:\\\/\\\/bladnanews.com\\\/gabriel-martinelli-hat-trick-sends-arsenal-into-fa-cup-fourth-round\\\/#article\",\"isPartOf\":{\"@id\":\"https:\\\/\\\/bladnanews.com\\\/gabriel-martinelli-hat-trick-sends-arsenal-into-fa-cup-fourth-round\\\/\"},\"author\":{\"name\":\"Bladna News Staff\",\"@id\":\"https:\\\/\\\/mediumseagreen-eel-531711.hostingersite.com\\\/#\\\/schema\\\/person\\\/268e18a453ab080ebf76df6ef7845083\"},\"headline\":\"Gabriel Martinelli hat-trick sends Arsenal into FA Cup fourth round\",\"datePublished\":\"2026-01-11T16:00:23+00:00\",\"mainEntityOfPage\":{\"@id\":\"https:\\\/\\\/bladnanews.com\\\/gabriel-martinelli-hat-trick-sends-arsenal-into-fa-cup-fourth-round\\\/\"},\"wordCount\":251,\"publisher\":{\"@id\":\"https:\\\/\\\/mediumseagreen-eel-531711.hostingersite.com\\\/#organization\"},\"image\":{\"@id\":\"https:\\\/\\\/bladnanews.com\\\/gabriel-martinelli-hat-trick-sends-arsenal-into-fa-cup-fourth-round\\\/#primaryimage\"},\"thumbnailUrl\":\"https:\\\/\\\/bladnanews.com\\\/wp-content\\\/uploads\\\/2026\\\/01\\\/BladnaNews-Gabriel-Martinelli-hat-trick-sends-Arsenal-into-FA-Cup-fourth-round-2026-01-12T051009.681Z.jpg\",\"articleSection\":[\"International\",\"Latest News\"],\"inLanguage\":\"fr-FR\",\"copyrightYear\":\"2026\",\"copyrightHolder\":{\"@id\":\"https:\\\/\\\/bladnanews.com\\\/fr\\\/#organization\"}},{\"@type\":\"WebPage\",\"@id\":\"https:\\\/\\\/bladnanews.com\\\/gabriel-martinelli-hat-trick-sends-arsenal-into-fa-cup-fourth-round\\\/\",\"url\":\"https:\\\/\\\/bladnanews.com\\\/gabriel-martinelli-hat-trick-sends-arsenal-into-fa-cup-fourth-round\\\/\",\"name\":\"Gabriel Martinelli hat-trick sends Arsenal into FA Cup fourth round - Bladna News\",\"isPartOf\":{\"@id\":\"https:\\\/\\\/mediumseagreen-eel-531711.hostingersite.com\\\/#website\"},\"primaryImageOfPage\":{\"@id\":\"https:\\\/\\\/bladnanews.com\\\/gabriel-martinelli-hat-trick-sends-arsenal-into-fa-cup-fourth-round\\\/#primaryimage\"},\"image\":{\"@id\":\"https:\\\/\\\/bladnanews.com\\\/gabriel-martinelli-hat-trick-sends-arsenal-into-fa-cup-fourth-round\\\/#primaryimage\"},\"thumbnailUrl\":\"https:\\\/\\\/bladnanews.com\\\/wp-content\\\/uploads\\\/2026\\\/01\\\/BladnaNews-Gabriel-Martinelli-hat-trick-sends-Arsenal-into-FA-Cup-fourth-round-2026-01-12T051009.681Z.jpg\",\"datePublished\":\"2026-01-11T16:00:23+00:00\",\"breadcrumb\":{\"@id\":\"https:\\\/\\\/bladnanews.com\\\/gabriel-martinelli-hat-trick-sends-arsenal-into-fa-cup-fourth-round\\\/#breadcrumb\"},\"inLanguage\":\"fr-FR\",\"potentialAction\":[{\"@type\":\"ReadAction\",\"target\":[\"https:\\\/\\\/bladnanews.com\\\/gabriel-martinelli-hat-trick-sends-arsenal-into-fa-cup-fourth-round\\\/\"]}]},{\"@type\":\"ImageObject\",\"inLanguage\":\"fr-FR\",\"@id\":\"https:\\\/\\\/bladnanews.com\\\/gabriel-martinelli-hat-trick-sends-arsenal-into-fa-cup-fourth-round\\\/#primaryimage\",\"url\":\"https:\\\/\\\/bladnanews.com\\\/wp-content\\\/uploads\\\/2026\\\/01\\\/BladnaNews-Gabriel-Martinelli-hat-trick-sends-Arsenal-into-FA-Cup-fourth-round-2026-01-12T051009.681Z.jpg\",\"contentUrl\":\"https:\\\/\\\/bladnanews.com\\\/wp-content\\\/uploads\\\/2026\\\/01\\\/BladnaNews-Gabriel-Martinelli-hat-trick-sends-Arsenal-into-FA-Cup-fourth-round-2026-01-12T051009.681Z.jpg\",\"width\":1920,\"height\":1080,\"caption\":\"Gabriel Martinelli celebrates with teammates after scoring a hat-trick, wearing Arsenal's red and white kit during the FA Cup match.\"},{\"@type\":\"BreadcrumbList\",\"@id\":\"https:\\\/\\\/bladnanews.com\\\/gabriel-martinelli-hat-trick-sends-arsenal-into-fa-cup-fourth-round\\\/#breadcrumb\",\"itemListElement\":[{\"@type\":\"ListItem\",\"position\":1,\"name\":\"Home\",\"item\":\"https:\\\/\\\/bladnanews.com\\\/\"},{\"@type\":\"ListItem\",\"position\":2,\"name\":\"Gabriel Martinelli hat-trick sends Arsenal into FA Cup fourth round\"}]},{\"@type\":\"WebSite\",\"@id\":\"https:\\\/\\\/mediumseagreen-eel-531711.hostingersite.com\\\/#website\",\"url\":\"https:\\\/\\\/mediumseagreen-eel-531711.hostingersite.com\\\/\",\"name\":\"Bladna News - Morocco\",\"description\":\"Where Moroccan Football Meets the World\",\"publisher\":{\"@id\":\"https:\\\/\\\/mediumseagreen-eel-531711.hostingersite.com\\\/#organization\"},\"potentialAction\":[{\"@type\":\"SearchAction\",\"target\":{\"@type\":\"EntryPoint\",\"urlTemplate\":\"https:\\\/\\\/mediumseagreen-eel-531711.hostingersite.com\\\/?s={search_term_string}\"},\"query-input\":{\"@type\":\"PropertyValueSpecification\",\"valueRequired\":true,\"valueName\":\"search_term_string\"}}],\"inLanguage\":\"fr-FR\"},{\"@type\":\"Organization\",\"@id\":\"https:\\\/\\\/mediumseagreen-eel-531711.hostingersite.com\\\/#organization\",\"name\":\"Bladna News.com\",\"url\":\"https:\\\/\\\/mediumseagreen-eel-531711.hostingersite.com\\\/\",\"logo\":{\"@type\":\"ImageObject\",\"inLanguage\":\"fr-FR\",\"@id\":\"https:\\\/\\\/mediumseagreen-eel-531711.hostingersite.com\\\/#\\\/schema\\\/logo\\\/image\\\/\",\"url\":\"https:\\\/\\\/bladnanews.com\\\/wp-content\\\/uploads\\\/2025\\\/12\\\/logo-bladnanews-V2-web-black-red.png\",\"contentUrl\":\"https:\\\/\\\/bladnanews.com\\\/wp-content\\\/uploads\\\/2025\\\/12\\\/logo-bladnanews-V2-web-black-red.png\",\"width\":703,\"height\":287,\"caption\":\"Bladna News.com\"},\"image\":{\"@id\":\"https:\\\/\\\/mediumseagreen-eel-531711.hostingersite.com\\\/#\\\/schema\\\/logo\\\/image\\\/\"},\"email\":\"info@bladnanews.com\",\"legalName\":\"Bladna News\"},{\"@type\":\"Person\",\"@id\":\"https:\\\/\\\/mediumseagreen-eel-531711.hostingersite.com\\\/#\\\/schema\\\/person\\\/268e18a453ab080ebf76df6ef7845083\",\"name\":\"Bladna News Staff\",\"url\":\"https:\\\/\\\/bladnanews.com\\\/fr\\\/author\\\/bladna-news-staff\\\/\"}]}<\/script>\n<!-- \/ Yoast SEO Premium plugin. -->","yoast_head_json":{"title":"Le tripl\u00e9 de Gabriel Martinelli propulse Arsenal en huiti\u00e8mes de finale de la FA Cup - Bladna News","robots":{"index":"index","follow":"follow","max-snippet":"max-snippet:-1","max-image-preview":"max-image-preview:large","max-video-preview":"max-video-preview:-1"},"canonical":"https:\/\/bladnanews.com\/fr\/le-triple-de-gabriel-martinelli-propulse-arsenal-au-quatrieme-tour-de-la-fa-cup\/","og_locale":"fr_FR","og_type":"article","og_title":"Gabriel Martinelli hat-trick sends Arsenal into FA Cup fourth round","og_description":"Arsenal booked their place in the FA Cup fourth round after Gabriel Martinelli scored a hat-trick in a win over [&hellip;]","og_url":"https:\/\/bladnanews.com\/fr\/le-triple-de-gabriel-martinelli-propulse-arsenal-au-quatrieme-tour-de-la-fa-cup\/","og_site_name":"Bladna News","article_published_time":"2026-01-11T16:00:23+00:00","og_image":[{"width":1312,"height":736,"url":"https:\/\/bladnanews.com\/wp-content\/uploads\/2025\/12\/freepik__bladna-newscom-moroccan-soccer-homepage-banner-mor__41838.png","type":"image\/png"}],"author":"Bladna News Staff","twitter_card":"summary_large_image","twitter_misc":{"\u00c9crit par":"Bladna News Staff","Dur\u00e9e de lecture estim\u00e9e":"1 minute"},"schema":{"@context":"https:\/\/schema.org","@graph":[{"@type":"Article","@id":"https:\/\/bladnanews.com\/gabriel-martinelli-hat-trick-sends-arsenal-into-fa-cup-fourth-round\/#article","isPartOf":{"@id":"https:\/\/bladnanews.com\/gabriel-martinelli-hat-trick-sends-arsenal-into-fa-cup-fourth-round\/"},"author":{"name":"Bladna News Staff","@id":"https:\/\/mediumseagreen-eel-531711.hostingersite.com\/#\/schema\/person\/268e18a453ab080ebf76df6ef7845083"},"headline":"Gabriel Martinelli hat-trick sends Arsenal into FA Cup fourth round","datePublished":"2026-01-11T16:00:23+00:00","mainEntityOfPage":{"@id":"https:\/\/bladnanews.com\/gabriel-martinelli-hat-trick-sends-arsenal-into-fa-cup-fourth-round\/"},"wordCount":251,"publisher":{"@id":"https:\/\/mediumseagreen-eel-531711.hostingersite.com\/#organization"},"image":{"@id":"https:\/\/bladnanews.com\/gabriel-martinelli-hat-trick-sends-arsenal-into-fa-cup-fourth-round\/#primaryimage"},"thumbnailUrl":"https:\/\/bladnanews.com\/wp-content\/uploads\/2026\/01\/BladnaNews-Gabriel-Martinelli-hat-trick-sends-Arsenal-into-FA-Cup-fourth-round-2026-01-12T051009.681Z.jpg","articleSection":["International","Latest News"],"inLanguage":"fr-FR","copyrightYear":"2026","copyrightHolder":{"@id":"https:\/\/bladnanews.com\/fr\/#organization"}},{"@type":"WebPage","@id":"https:\/\/bladnanews.com\/gabriel-martinelli-hat-trick-sends-arsenal-into-fa-cup-fourth-round\/","url":"https:\/\/bladnanews.com\/gabriel-martinelli-hat-trick-sends-arsenal-into-fa-cup-fourth-round\/","name":"Le tripl\u00e9 de Gabriel Martinelli propulse Arsenal en huiti\u00e8mes de finale de la FA Cup - Bladna News","isPartOf":{"@id":"https:\/\/mediumseagreen-eel-531711.hostingersite.com\/#website"},"primaryImageOfPage":{"@id":"https:\/\/bladnanews.com\/gabriel-martinelli-hat-trick-sends-arsenal-into-fa-cup-fourth-round\/#primaryimage"},"image":{"@id":"https:\/\/bladnanews.com\/gabriel-martinelli-hat-trick-sends-arsenal-into-fa-cup-fourth-round\/#primaryimage"},"thumbnailUrl":"https:\/\/bladnanews.com\/wp-content\/uploads\/2026\/01\/BladnaNews-Gabriel-Martinelli-hat-trick-sends-Arsenal-into-FA-Cup-fourth-round-2026-01-12T051009.681Z.jpg","datePublished":"2026-01-11T16:00:23+00:00","breadcrumb":{"@id":"https:\/\/bladnanews.com\/gabriel-martinelli-hat-trick-sends-arsenal-into-fa-cup-fourth-round\/#breadcrumb"},"inLanguage":"fr-FR","potentialAction":[{"@type":"ReadAction","target":["https:\/\/bladnanews.com\/gabriel-martinelli-hat-trick-sends-arsenal-into-fa-cup-fourth-round\/"]}]},{"@type":"ImageObject","inLanguage":"fr-FR","@id":"https:\/\/bladnanews.com\/gabriel-martinelli-hat-trick-sends-arsenal-into-fa-cup-fourth-round\/#primaryimage","url":"https:\/\/bladnanews.com\/wp-content\/uploads\/2026\/01\/BladnaNews-Gabriel-Martinelli-hat-trick-sends-Arsenal-into-FA-Cup-fourth-round-2026-01-12T051009.681Z.jpg","contentUrl":"https:\/\/bladnanews.com\/wp-content\/uploads\/2026\/01\/BladnaNews-Gabriel-Martinelli-hat-trick-sends-Arsenal-into-FA-Cup-fourth-round-2026-01-12T051009.681Z.jpg","width":1920,"height":1080,"caption":"Gabriel Martinelli celebrates with teammates after scoring a hat-trick, wearing Arsenal's red and white kit during the FA Cup match."},{"@type":"BreadcrumbList","@id":"https:\/\/bladnanews.com\/gabriel-martinelli-hat-trick-sends-arsenal-into-fa-cup-fourth-round\/#breadcrumb","itemListElement":[{"@type":"ListItem","position":1,"name":"Home","item":"https:\/\/bladnanews.com\/"},{"@type":"ListItem","position":2,"name":"Gabriel Martinelli hat-trick sends Arsenal into FA Cup fourth round"}]},{"@type":"WebSite","@id":"https:\/\/mediumseagreen-eel-531711.hostingersite.com\/#website","url":"https:\/\/mediumseagreen-eel-531711.hostingersite.com\/","name":"Bladna News - Maroc","description":"Quand le football marocain rencontre le monde","publisher":{"@id":"https:\/\/mediumseagreen-eel-531711.hostingersite.com\/#organization"},"potentialAction":[{"@type":"SearchAction","target":{"@type":"EntryPoint","urlTemplate":"https:\/\/mediumseagreen-eel-531711.hostingersite.com\/?s={search_term_string}"},"query-input":{"@type":"PropertyValueSpecification","valueRequired":true,"valueName":"search_term_string"}}],"inLanguage":"fr-FR"},{"@type":"Organization","@id":"https:\/\/mediumseagreen-eel-531711.hostingersite.com\/#organization","name":"Bladna News.com","url":"https:\/\/mediumseagreen-eel-531711.hostingersite.com\/","logo":{"@type":"ImageObject","inLanguage":"fr-FR","@id":"https:\/\/mediumseagreen-eel-531711.hostingersite.com\/#\/schema\/logo\/image\/","url":"https:\/\/bladnanews.com\/wp-content\/uploads\/2025\/12\/logo-bladnanews-V2-web-black-red.png","contentUrl":"https:\/\/bladnanews.com\/wp-content\/uploads\/2025\/12\/logo-bladnanews-V2-web-black-red.png","width":703,"height":287,"caption":"Bladna News.com"},"image":{"@id":"https:\/\/mediumseagreen-eel-531711.hostingersite.com\/#\/schema\/logo\/image\/"},"email":"info@bladnanews.com","legalName":"Bladna News"},{"@type":"Person","@id":"https:\/\/mediumseagreen-eel-531711.hostingersite.com\/#\/schema\/person\/268e18a453ab080ebf76df6ef7845083","name":"\u00c9quipe r\u00e9dactionnelle de Bladna News","url":"https:\/\/bladnanews.com\/fr\/author\/bladna-news-staff\/"}]}},"_links":{"self":[{"href":"https:\/\/bladnanews.com\/fr\/wp-json\/wp\/v2\/posts\/5895","targetHints":{"allow":["GET"]}}],"collection":[{"href":"https:\/\/bladnanews.com\/fr\/wp-json\/wp\/v2\/posts"}],"about":[{"href":"https:\/\/bladnanews.com\/fr\/wp-json\/wp\/v2\/types\/post"}],"author":[{"embeddable":true,"href":"https:\/\/bladnanews.com\/fr\/wp-json\/wp\/v2\/users\/3"}],"replies":[{"embeddable":true,"href":"https:\/\/bladnanews.com\/fr\/wp-json\/wp\/v2\/comments?post=5895"}],"version-history":[{"count":0,"href":"https:\/\/bladnanews.com\/fr\/wp-json\/wp\/v2\/posts\/5895\/revisions"}],"wp:featuredmedia":[{"embeddable":true,"href":"https:\/\/bladnanews.com\/fr\/wp-json\/wp\/v2\/media\/5894"}],"wp:attachment":[{"href":"https:\/\/bladnanews.com\/fr\/wp-json\/wp\/v2\/media?parent=5895"}],"wp:term":[{"taxonomy":"category","embeddable":true,"href":"https:\/\/bladnanews.com\/fr\/wp-json\/wp\/v2\/categories?post=5895"},{"taxonomy":"post_tag","embeddable":true,"href":"https:\/\/bladnanews.com\/fr\/wp-json\/wp\/v2\/tags?post=5895"}],"curies":[{"name":"wp","href":"https:\/\/api.w.org\/{rel}","templated":true}]}}