{"id":5897,"date":"2026-01-11T16:27:03","date_gmt":"2026-01-11T16:27:03","guid":{"rendered":"https:\/\/bladnanews.com\/tim-weah-embraces-us-against-the-world-mentality-at-marseille\/"},"modified":"2026-01-11T16:27:03","modified_gmt":"2026-01-11T16:27:03","slug":"tim-weah-adopte-une-mentalite-nous-contre-le-monde-a-marseille","status":"publish","type":"post","link":"https:\/\/bladnanews.com\/fr\/tim-weah-adopte-une-mentalite-nous-contre-le-monde-a-marseille\/","title":{"rendered":"Tim Weah adopte une mentalit\u00e9 de nous contre le monde \u00e0 Marseille"},"content":{"rendered":"<p>Tim Weah dit qu'il a adopt\u00e9 un \u00e9tat d'esprit \u201c nous contre le monde \u201d \u00e0 Marseille alors qu'il se pr\u00e9pare pour un nouveau chapitre en Ligue 1 aux c\u00f4t\u00e9s de Mason Greenwood.<\/p>\n<p>L'attaquant de l'USMNT a parl\u00e9 de l'ambiance pr\u00e9coce au sein de l'\u00e9quipe, expliquant que le groupe se regroupe pour repousser le bruit et les attentes ext\u00e9rieurs. Weah a clairement indiqu\u00e9 qu'il se sent \u00e0 l'aise avec cette tension, la d\u00e9crivant comme une mentalit\u00e9 qui peut aider l'\u00e9quipe \u00e0 rester concentr\u00e9e et unie.<\/p>\n<p>Weah est l'un des plusieurs ajouts notables alors que Marseille restructure son \u00e9quipe, Greenwood arrivant \u00e9galement au club cet \u00e9t\u00e9. Les deux joueurs font maintenant partie d'un groupe visant \u00e0 donner le ton rapidement, tant \u00e0 l'entra\u00eenement qu'une fois les matchs comp\u00e9titifs commenc\u00e9s.<\/p>\n<p>Le joueur de 24 ans, r\u00e9gulier avec les \u00c9tats-Unis, s'est d\u00e9j\u00e0 acclimat\u00e9 \u00e0 l'environnement et croit que l'attitude au sein du vestiaire peut \u00eatre une force tout au long de la saison. Il a soulign\u00e9 que l'accent est mis sur le travail effectu\u00e9 \u00e0 l'int\u00e9rieur du club plut\u00f4t que sur ce qui se dit \u00e0 l'ext\u00e9rieur.<\/p>\n<p>Weah a \u00e9galement soulign\u00e9 la solidarit\u00e9 qu'il a ressentie depuis son arriv\u00e9e, sugg\u00e9rant que le lien au sein de l'\u00e9quipe a \u00e9t\u00e9 clair d\u00e8s le d\u00e9part. Avec la pr\u00e9-saison en cours, lui et Marseille chercheront \u00e0 transformer cet esprit collectif en r\u00e9sultats lorsque la nouvelle campagne commencera.<\/p>","protected":false},"excerpt":{"rendered":"<p>Tim Weah says he has bought into an \u201cus against the world\u201d mindset at Marseille as he prepares for a [&hellip;]<\/p>\n","protected":false},"author":3,"featured_media":5896,"comment_status":"","ping_status":"open","sticky":false,"template":"","format":"standard","meta":{"googlesitekit_rrm_CAow_uzEDA:productID":"","site-sidebar-layout":"default","site-content-layout":"","ast-site-content-layout":"default","site-content-style":"default","site-sidebar-style":"default","ast-global-header-display":"","ast-banner-title-visibility":"","ast-main-header-display":"","ast-hfb-above-header-display":"","ast-hfb-below-header-display":"","ast-hfb-mobile-header-display":"","site-post-title":"","ast-breadcrumbs-content":"","ast-featured-img":"","footer-sml-layout":"","ast-disable-related-posts":"","theme-transparent-header-meta":"","adv-header-id-meta":"","stick-header-meta":"","header-above-stick-meta":"","header-main-stick-meta":"","header-below-stick-meta":"","astra-migrate-meta-layouts":"default","ast-page-background-enabled":"default","ast-page-background-meta":{"desktop":{"background-color":"var(--ast-global-color-5)","background-image":"","background-repeat":"repeat","background-position":"center center","background-size":"auto","background-attachment":"scroll","background-type":"","background-media":"","overlay-type":"","overlay-color":"","overlay-opacity":"","overlay-gradient":""},"tablet":{"background-color":"","background-image":"","background-repeat":"repeat","background-position":"center center","background-size":"auto","background-attachment":"scroll","background-type":"","background-media":"","overlay-type":"","overlay-color":"","overlay-opacity":"","overlay-gradient":""},"mobile":{"background-color":"","background-image":"","background-repeat":"repeat","background-position":"center center","background-size":"auto","background-attachment":"scroll","background-type":"","background-media":"","overlay-type":"","overlay-color":"","overlay-opacity":"","overlay-gradient":""}},"ast-content-background-meta":{"desktop":{"background-color":"var(--ast-global-color-4)","background-image":"","background-repeat":"repeat","background-position":"center center","background-size":"auto","background-attachment":"scroll","background-type":"","background-media":"","overlay-type":"","overlay-color":"","overlay-opacity":"","overlay-gradient":""},"tablet":{"background-color":"var(--ast-global-color-4)","background-image":"","background-repeat":"repeat","background-position":"center center","background-size":"auto","background-attachment":"scroll","background-type":"","background-media":"","overlay-type":"","overlay-color":"","overlay-opacity":"","overlay-gradient":""},"mobile":{"background-color":"var(--ast-global-color-4)","background-image":"","background-repeat":"repeat","background-position":"center center","background-size":"auto","background-attachment":"scroll","background-type":"","background-media":"","overlay-type":"","overlay-color":"","overlay-opacity":"","overlay-gradient":""}},"footnotes":""},"categories":[20,1],"tags":[],"class_list":["post-5897","post","type-post","status-publish","format-standard","has-post-thumbnail","hentry","category-international","category-football-latest-news"],"yoast_head":"<!-- This site is optimized with the Yoast SEO Premium plugin v26.6 (Yoast SEO v27.5) - https:\/\/yoast.com\/product\/yoast-seo-premium-wordpress\/ -->\n<title>Tim Weah embraces us against the world mentality at Marseille - Bladna News<\/title>\n<meta name=\"robots\" content=\"index, follow, max-snippet:-1, max-image-preview:large, max-video-preview:-1\" \/>\n<link rel=\"canonical\" href=\"https:\/\/bladnanews.com\/fr\/tim-weah-adopte-une-mentalite-nous-contre-le-monde-a-marseille\/\" \/>\n<meta property=\"og:locale\" content=\"fr_FR\" \/>\n<meta property=\"og:type\" content=\"article\" \/>\n<meta property=\"og:title\" content=\"Tim Weah embraces us against the world mentality at Marseille\" \/>\n<meta property=\"og:description\" content=\"Tim Weah says he has bought into an \u201cus against the world\u201d mindset at Marseille as he prepares for a [&hellip;]\" \/>\n<meta property=\"og:url\" content=\"https:\/\/bladnanews.com\/fr\/tim-weah-adopte-une-mentalite-nous-contre-le-monde-a-marseille\/\" \/>\n<meta property=\"og:site_name\" content=\"Bladna News\" \/>\n<meta property=\"article:published_time\" content=\"2026-01-11T16:27:03+00:00\" \/>\n<meta property=\"og:image\" content=\"https:\/\/bladnanews.com\/wp-content\/uploads\/2025\/12\/freepik__bladna-newscom-moroccan-soccer-homepage-banner-mor__41838.png\" \/>\n\t<meta property=\"og:image:width\" content=\"1312\" \/>\n\t<meta property=\"og:image:height\" content=\"736\" \/>\n\t<meta property=\"og:image:type\" content=\"image\/png\" \/>\n<meta name=\"author\" content=\"Bladna News Staff\" \/>\n<meta name=\"twitter:card\" content=\"summary_large_image\" \/>\n<meta name=\"twitter:label1\" content=\"\u00c9crit par\" \/>\n\t<meta name=\"twitter:data1\" content=\"Bladna News Staff\" \/>\n\t<meta name=\"twitter:label2\" content=\"Dur\u00e9e de lecture estim\u00e9e\" \/>\n\t<meta name=\"twitter:data2\" content=\"1 minute\" \/>\n<script type=\"application\/ld+json\" class=\"yoast-schema-graph\">{\"@context\":\"https:\\\/\\\/schema.org\",\"@graph\":[{\"@type\":\"Article\",\"@id\":\"https:\\\/\\\/bladnanews.com\\\/tim-weah-embraces-us-against-the-world-mentality-at-marseille\\\/#article\",\"isPartOf\":{\"@id\":\"https:\\\/\\\/bladnanews.com\\\/tim-weah-embraces-us-against-the-world-mentality-at-marseille\\\/\"},\"author\":{\"name\":\"Bladna News Staff\",\"@id\":\"https:\\\/\\\/mediumseagreen-eel-531711.hostingersite.com\\\/#\\\/schema\\\/person\\\/268e18a453ab080ebf76df6ef7845083\"},\"headline\":\"Tim Weah embraces us against the world mentality at Marseille\",\"datePublished\":\"2026-01-11T16:27:03+00:00\",\"mainEntityOfPage\":{\"@id\":\"https:\\\/\\\/bladnanews.com\\\/tim-weah-embraces-us-against-the-world-mentality-at-marseille\\\/\"},\"wordCount\":230,\"publisher\":{\"@id\":\"https:\\\/\\\/mediumseagreen-eel-531711.hostingersite.com\\\/#organization\"},\"image\":{\"@id\":\"https:\\\/\\\/bladnanews.com\\\/tim-weah-embraces-us-against-the-world-mentality-at-marseille\\\/#primaryimage\"},\"thumbnailUrl\":\"https:\\\/\\\/bladnanews.com\\\/wp-content\\\/uploads\\\/2026\\\/01\\\/BladnaNews-Tim-Weah-embraces-us-against-the-world-mentality-at-Marseille-2026-01-12T051028.462Z.jpg\",\"articleSection\":[\"International\",\"Latest News\"],\"inLanguage\":\"fr-FR\",\"copyrightYear\":\"2026\",\"copyrightHolder\":{\"@id\":\"https:\\\/\\\/bladnanews.com\\\/fr\\\/#organization\"}},{\"@type\":\"WebPage\",\"@id\":\"https:\\\/\\\/bladnanews.com\\\/tim-weah-embraces-us-against-the-world-mentality-at-marseille\\\/\",\"url\":\"https:\\\/\\\/bladnanews.com\\\/tim-weah-embraces-us-against-the-world-mentality-at-marseille\\\/\",\"name\":\"Tim Weah embraces us against the world mentality at Marseille - Bladna News\",\"isPartOf\":{\"@id\":\"https:\\\/\\\/mediumseagreen-eel-531711.hostingersite.com\\\/#website\"},\"primaryImageOfPage\":{\"@id\":\"https:\\\/\\\/bladnanews.com\\\/tim-weah-embraces-us-against-the-world-mentality-at-marseille\\\/#primaryimage\"},\"image\":{\"@id\":\"https:\\\/\\\/bladnanews.com\\\/tim-weah-embraces-us-against-the-world-mentality-at-marseille\\\/#primaryimage\"},\"thumbnailUrl\":\"https:\\\/\\\/bladnanews.com\\\/wp-content\\\/uploads\\\/2026\\\/01\\\/BladnaNews-Tim-Weah-embraces-us-against-the-world-mentality-at-Marseille-2026-01-12T051028.462Z.jpg\",\"datePublished\":\"2026-01-11T16:27:03+00:00\",\"breadcrumb\":{\"@id\":\"https:\\\/\\\/bladnanews.com\\\/tim-weah-embraces-us-against-the-world-mentality-at-marseille\\\/#breadcrumb\"},\"inLanguage\":\"fr-FR\",\"potentialAction\":[{\"@type\":\"ReadAction\",\"target\":[\"https:\\\/\\\/bladnanews.com\\\/tim-weah-embraces-us-against-the-world-mentality-at-marseille\\\/\"]}]},{\"@type\":\"ImageObject\",\"inLanguage\":\"fr-FR\",\"@id\":\"https:\\\/\\\/bladnanews.com\\\/tim-weah-embraces-us-against-the-world-mentality-at-marseille\\\/#primaryimage\",\"url\":\"https:\\\/\\\/bladnanews.com\\\/wp-content\\\/uploads\\\/2026\\\/01\\\/BladnaNews-Tim-Weah-embraces-us-against-the-world-mentality-at-Marseille-2026-01-12T051028.462Z.jpg\",\"contentUrl\":\"https:\\\/\\\/bladnanews.com\\\/wp-content\\\/uploads\\\/2026\\\/01\\\/BladnaNews-Tim-Weah-embraces-us-against-the-world-mentality-at-Marseille-2026-01-12T051028.462Z.jpg\",\"width\":1920,\"height\":1080,\"caption\":\"Tim Weah of Marseille gestures for silence after scoring, wearing the team's light blue and white kit, against a blurred stadium background.\"},{\"@type\":\"BreadcrumbList\",\"@id\":\"https:\\\/\\\/bladnanews.com\\\/tim-weah-embraces-us-against-the-world-mentality-at-marseille\\\/#breadcrumb\",\"itemListElement\":[{\"@type\":\"ListItem\",\"position\":1,\"name\":\"Home\",\"item\":\"https:\\\/\\\/bladnanews.com\\\/\"},{\"@type\":\"ListItem\",\"position\":2,\"name\":\"Tim Weah embraces us against the world mentality at Marseille\"}]},{\"@type\":\"WebSite\",\"@id\":\"https:\\\/\\\/mediumseagreen-eel-531711.hostingersite.com\\\/#website\",\"url\":\"https:\\\/\\\/mediumseagreen-eel-531711.hostingersite.com\\\/\",\"name\":\"Bladna News - Morocco\",\"description\":\"Where Moroccan Football Meets the World\",\"publisher\":{\"@id\":\"https:\\\/\\\/mediumseagreen-eel-531711.hostingersite.com\\\/#organization\"},\"potentialAction\":[{\"@type\":\"SearchAction\",\"target\":{\"@type\":\"EntryPoint\",\"urlTemplate\":\"https:\\\/\\\/mediumseagreen-eel-531711.hostingersite.com\\\/?s={search_term_string}\"},\"query-input\":{\"@type\":\"PropertyValueSpecification\",\"valueRequired\":true,\"valueName\":\"search_term_string\"}}],\"inLanguage\":\"fr-FR\"},{\"@type\":\"Organization\",\"@id\":\"https:\\\/\\\/mediumseagreen-eel-531711.hostingersite.com\\\/#organization\",\"name\":\"Bladna News.com\",\"url\":\"https:\\\/\\\/mediumseagreen-eel-531711.hostingersite.com\\\/\",\"logo\":{\"@type\":\"ImageObject\",\"inLanguage\":\"fr-FR\",\"@id\":\"https:\\\/\\\/mediumseagreen-eel-531711.hostingersite.com\\\/#\\\/schema\\\/logo\\\/image\\\/\",\"url\":\"https:\\\/\\\/bladnanews.com\\\/wp-content\\\/uploads\\\/2025\\\/12\\\/logo-bladnanews-V2-web-black-red.png\",\"contentUrl\":\"https:\\\/\\\/bladnanews.com\\\/wp-content\\\/uploads\\\/2025\\\/12\\\/logo-bladnanews-V2-web-black-red.png\",\"width\":703,\"height\":287,\"caption\":\"Bladna News.com\"},\"image\":{\"@id\":\"https:\\\/\\\/mediumseagreen-eel-531711.hostingersite.com\\\/#\\\/schema\\\/logo\\\/image\\\/\"},\"email\":\"info@bladnanews.com\",\"legalName\":\"Bladna News\"},{\"@type\":\"Person\",\"@id\":\"https:\\\/\\\/mediumseagreen-eel-531711.hostingersite.com\\\/#\\\/schema\\\/person\\\/268e18a453ab080ebf76df6ef7845083\",\"name\":\"Bladna News Staff\",\"url\":\"https:\\\/\\\/bladnanews.com\\\/fr\\\/author\\\/bladna-news-staff\\\/\"}]}<\/script>\n<!-- \/ Yoast SEO Premium plugin. -->","yoast_head_json":{"title":"Tim Weah adopte une mentalit\u00e9 de nous contre le monde \u00e0 Marseille - Bladna News","robots":{"index":"index","follow":"follow","max-snippet":"max-snippet:-1","max-image-preview":"max-image-preview:large","max-video-preview":"max-video-preview:-1"},"canonical":"https:\/\/bladnanews.com\/fr\/tim-weah-adopte-une-mentalite-nous-contre-le-monde-a-marseille\/","og_locale":"fr_FR","og_type":"article","og_title":"Tim Weah embraces us against the world mentality at Marseille","og_description":"Tim Weah says he has bought into an \u201cus against the world\u201d mindset at Marseille as he prepares for a [&hellip;]","og_url":"https:\/\/bladnanews.com\/fr\/tim-weah-adopte-une-mentalite-nous-contre-le-monde-a-marseille\/","og_site_name":"Bladna News","article_published_time":"2026-01-11T16:27:03+00:00","og_image":[{"width":1312,"height":736,"url":"https:\/\/bladnanews.com\/wp-content\/uploads\/2025\/12\/freepik__bladna-newscom-moroccan-soccer-homepage-banner-mor__41838.png","type":"image\/png"}],"author":"Bladna News Staff","twitter_card":"summary_large_image","twitter_misc":{"\u00c9crit par":"Bladna News Staff","Dur\u00e9e de lecture estim\u00e9e":"1 minute"},"schema":{"@context":"https:\/\/schema.org","@graph":[{"@type":"Article","@id":"https:\/\/bladnanews.com\/tim-weah-embraces-us-against-the-world-mentality-at-marseille\/#article","isPartOf":{"@id":"https:\/\/bladnanews.com\/tim-weah-embraces-us-against-the-world-mentality-at-marseille\/"},"author":{"name":"Bladna News Staff","@id":"https:\/\/mediumseagreen-eel-531711.hostingersite.com\/#\/schema\/person\/268e18a453ab080ebf76df6ef7845083"},"headline":"Tim Weah embraces us against the world mentality at Marseille","datePublished":"2026-01-11T16:27:03+00:00","mainEntityOfPage":{"@id":"https:\/\/bladnanews.com\/tim-weah-embraces-us-against-the-world-mentality-at-marseille\/"},"wordCount":230,"publisher":{"@id":"https:\/\/mediumseagreen-eel-531711.hostingersite.com\/#organization"},"image":{"@id":"https:\/\/bladnanews.com\/tim-weah-embraces-us-against-the-world-mentality-at-marseille\/#primaryimage"},"thumbnailUrl":"https:\/\/bladnanews.com\/wp-content\/uploads\/2026\/01\/BladnaNews-Tim-Weah-embraces-us-against-the-world-mentality-at-Marseille-2026-01-12T051028.462Z.jpg","articleSection":["International","Latest News"],"inLanguage":"fr-FR","copyrightYear":"2026","copyrightHolder":{"@id":"https:\/\/bladnanews.com\/fr\/#organization"}},{"@type":"WebPage","@id":"https:\/\/bladnanews.com\/tim-weah-embraces-us-against-the-world-mentality-at-marseille\/","url":"https:\/\/bladnanews.com\/tim-weah-embraces-us-against-the-world-mentality-at-marseille\/","name":"Tim Weah adopte une mentalit\u00e9 de nous contre le monde \u00e0 Marseille - Bladna News","isPartOf":{"@id":"https:\/\/mediumseagreen-eel-531711.hostingersite.com\/#website"},"primaryImageOfPage":{"@id":"https:\/\/bladnanews.com\/tim-weah-embraces-us-against-the-world-mentality-at-marseille\/#primaryimage"},"image":{"@id":"https:\/\/bladnanews.com\/tim-weah-embraces-us-against-the-world-mentality-at-marseille\/#primaryimage"},"thumbnailUrl":"https:\/\/bladnanews.com\/wp-content\/uploads\/2026\/01\/BladnaNews-Tim-Weah-embraces-us-against-the-world-mentality-at-Marseille-2026-01-12T051028.462Z.jpg","datePublished":"2026-01-11T16:27:03+00:00","breadcrumb":{"@id":"https:\/\/bladnanews.com\/tim-weah-embraces-us-against-the-world-mentality-at-marseille\/#breadcrumb"},"inLanguage":"fr-FR","potentialAction":[{"@type":"ReadAction","target":["https:\/\/bladnanews.com\/tim-weah-embraces-us-against-the-world-mentality-at-marseille\/"]}]},{"@type":"ImageObject","inLanguage":"fr-FR","@id":"https:\/\/bladnanews.com\/tim-weah-embraces-us-against-the-world-mentality-at-marseille\/#primaryimage","url":"https:\/\/bladnanews.com\/wp-content\/uploads\/2026\/01\/BladnaNews-Tim-Weah-embraces-us-against-the-world-mentality-at-Marseille-2026-01-12T051028.462Z.jpg","contentUrl":"https:\/\/bladnanews.com\/wp-content\/uploads\/2026\/01\/BladnaNews-Tim-Weah-embraces-us-against-the-world-mentality-at-Marseille-2026-01-12T051028.462Z.jpg","width":1920,"height":1080,"caption":"Tim Weah of Marseille gestures for silence after scoring, wearing the team's light blue and white kit, against a blurred stadium background."},{"@type":"BreadcrumbList","@id":"https:\/\/bladnanews.com\/tim-weah-embraces-us-against-the-world-mentality-at-marseille\/#breadcrumb","itemListElement":[{"@type":"ListItem","position":1,"name":"Home","item":"https:\/\/bladnanews.com\/"},{"@type":"ListItem","position":2,"name":"Tim Weah embraces us against the world mentality at Marseille"}]},{"@type":"WebSite","@id":"https:\/\/mediumseagreen-eel-531711.hostingersite.com\/#website","url":"https:\/\/mediumseagreen-eel-531711.hostingersite.com\/","name":"Bladna News - Maroc","description":"Quand le football marocain rencontre le monde","publisher":{"@id":"https:\/\/mediumseagreen-eel-531711.hostingersite.com\/#organization"},"potentialAction":[{"@type":"SearchAction","target":{"@type":"EntryPoint","urlTemplate":"https:\/\/mediumseagreen-eel-531711.hostingersite.com\/?s={search_term_string}"},"query-input":{"@type":"PropertyValueSpecification","valueRequired":true,"valueName":"search_term_string"}}],"inLanguage":"fr-FR"},{"@type":"Organization","@id":"https:\/\/mediumseagreen-eel-531711.hostingersite.com\/#organization","name":"Bladna News.com","url":"https:\/\/mediumseagreen-eel-531711.hostingersite.com\/","logo":{"@type":"ImageObject","inLanguage":"fr-FR","@id":"https:\/\/mediumseagreen-eel-531711.hostingersite.com\/#\/schema\/logo\/image\/","url":"https:\/\/bladnanews.com\/wp-content\/uploads\/2025\/12\/logo-bladnanews-V2-web-black-red.png","contentUrl":"https:\/\/bladnanews.com\/wp-content\/uploads\/2025\/12\/logo-bladnanews-V2-web-black-red.png","width":703,"height":287,"caption":"Bladna News.com"},"image":{"@id":"https:\/\/mediumseagreen-eel-531711.hostingersite.com\/#\/schema\/logo\/image\/"},"email":"info@bladnanews.com","legalName":"Bladna News"},{"@type":"Person","@id":"https:\/\/mediumseagreen-eel-531711.hostingersite.com\/#\/schema\/person\/268e18a453ab080ebf76df6ef7845083","name":"\u00c9quipe r\u00e9dactionnelle de Bladna News","url":"https:\/\/bladnanews.com\/fr\/author\/bladna-news-staff\/"}]}},"_links":{"self":[{"href":"https:\/\/bladnanews.com\/fr\/wp-json\/wp\/v2\/posts\/5897","targetHints":{"allow":["GET"]}}],"collection":[{"href":"https:\/\/bladnanews.com\/fr\/wp-json\/wp\/v2\/posts"}],"about":[{"href":"https:\/\/bladnanews.com\/fr\/wp-json\/wp\/v2\/types\/post"}],"author":[{"embeddable":true,"href":"https:\/\/bladnanews.com\/fr\/wp-json\/wp\/v2\/users\/3"}],"replies":[{"embeddable":true,"href":"https:\/\/bladnanews.com\/fr\/wp-json\/wp\/v2\/comments?post=5897"}],"version-history":[{"count":0,"href":"https:\/\/bladnanews.com\/fr\/wp-json\/wp\/v2\/posts\/5897\/revisions"}],"wp:featuredmedia":[{"embeddable":true,"href":"https:\/\/bladnanews.com\/fr\/wp-json\/wp\/v2\/media\/5896"}],"wp:attachment":[{"href":"https:\/\/bladnanews.com\/fr\/wp-json\/wp\/v2\/media?parent=5897"}],"wp:term":[{"taxonomy":"category","embeddable":true,"href":"https:\/\/bladnanews.com\/fr\/wp-json\/wp\/v2\/categories?post=5897"},{"taxonomy":"post_tag","embeddable":true,"href":"https:\/\/bladnanews.com\/fr\/wp-json\/wp\/v2\/tags?post=5897"}],"curies":[{"name":"wp","href":"https:\/\/api.w.org\/{rel}","templated":true}]}}