{"id":5909,"date":"2026-01-11T16:58:50","date_gmt":"2026-01-11T16:58:50","guid":{"rendered":"https:\/\/bladnanews.com\/west-ham-defender-mavropanos-stretchered-off-with-head-injury\/"},"modified":"2026-01-11T16:58:50","modified_gmt":"2026-01-11T16:58:50","slug":"le-defenseur-de-west-ham-mavropanos-evacue-sur-civiere-apres-une-blessure-a-la-tete","status":"publish","type":"post","link":"https:\/\/bladnanews.com\/fr\/le-defenseur-de-west-ham-mavropanos-evacue-sur-civiere-apres-une-blessure-a-la-tete\/","title":{"rendered":"Le d\u00e9fenseur de West Ham, Mavropanos, \u00e9vacu\u00e9 sur civi\u00e8re apr\u00e8s une blessure \u00e0 la t\u00eate"},"content":{"rendered":"<p>D\u00e9fenseur de West Ham <strong>Konstantinos Mavropanos<\/strong> a \u00e9t\u00e9 \u00e9vacu\u00e9 sur civi\u00e8re apr\u00e8s avoir subi une inqui\u00e9tante blessure \u00e0 la t\u00eate lors du match de son club en <strong>FA Cup<\/strong> contre <strong>QPR<\/strong>.<\/p>\n<p>Le d\u00e9fenseur central est tomb\u00e9 \u00e0 la suite d'un lourd choc et a n\u00e9cessit\u00e9 un traitement imm\u00e9diat sur le terrain. Le personnel m\u00e9dical s'est rapidement port\u00e9 au secours de Mavropanos, les joueurs des deux \u00e9quipes ayant appel\u00e9 \u00e0 l'aide alors que le jeu \u00e9tait interrompu.<\/p>\n<p>Apr\u00e8s plusieurs minutes d'\u00e9valuation, l'international grec a finalement \u00e9t\u00e9 install\u00e9 sur une civi\u00e8re et \u00e9vacu\u00e9 du terrain, l'incident ayant visiblement inqui\u00e9t\u00e9 les personnes pr\u00e9sentes dans le stade.<\/p>\n<p>Le match a ensuite repris une fois le joueur escort\u00e9 pour des examens compl\u00e9mentaires.<\/p>\n<p>Aucune mise \u00e0 jour officielle imm\u00e9diate sur la gravit\u00e9 de la blessure n'a \u00e9t\u00e9 communiqu\u00e9e sur le moment, mais la nature de l'incident et la dur\u00e9e de l'interruption ont soulign\u00e9 le s\u00e9rieux de la situation.<\/p>","protected":false},"excerpt":{"rendered":"<p>West Ham defender Konstantinos Mavropanos was stretchered off after suffering a worrying head injury during the club\u2019s FA Cup tie [&hellip;]<\/p>\n","protected":false},"author":3,"featured_media":5908,"comment_status":"","ping_status":"open","sticky":false,"template":"","format":"standard","meta":{"googlesitekit_rrm_CAow_uzEDA:productID":"","site-sidebar-layout":"default","site-content-layout":"","ast-site-content-layout":"default","site-content-style":"default","site-sidebar-style":"default","ast-global-header-display":"","ast-banner-title-visibility":"","ast-main-header-display":"","ast-hfb-above-header-display":"","ast-hfb-below-header-display":"","ast-hfb-mobile-header-display":"","site-post-title":"","ast-breadcrumbs-content":"","ast-featured-img":"","footer-sml-layout":"","ast-disable-related-posts":"","theme-transparent-header-meta":"","adv-header-id-meta":"","stick-header-meta":"","header-above-stick-meta":"","header-main-stick-meta":"","header-below-stick-meta":"","astra-migrate-meta-layouts":"default","ast-page-background-enabled":"default","ast-page-background-meta":{"desktop":{"background-color":"var(--ast-global-color-5)","background-image":"","background-repeat":"repeat","background-position":"center center","background-size":"auto","background-attachment":"scroll","background-type":"","background-media":"","overlay-type":"","overlay-color":"","overlay-opacity":"","overlay-gradient":""},"tablet":{"background-color":"","background-image":"","background-repeat":"repeat","background-position":"center center","background-size":"auto","background-attachment":"scroll","background-type":"","background-media":"","overlay-type":"","overlay-color":"","overlay-opacity":"","overlay-gradient":""},"mobile":{"background-color":"","background-image":"","background-repeat":"repeat","background-position":"center center","background-size":"auto","background-attachment":"scroll","background-type":"","background-media":"","overlay-type":"","overlay-color":"","overlay-opacity":"","overlay-gradient":""}},"ast-content-background-meta":{"desktop":{"background-color":"var(--ast-global-color-4)","background-image":"","background-repeat":"repeat","background-position":"center center","background-size":"auto","background-attachment":"scroll","background-type":"","background-media":"","overlay-type":"","overlay-color":"","overlay-opacity":"","overlay-gradient":""},"tablet":{"background-color":"var(--ast-global-color-4)","background-image":"","background-repeat":"repeat","background-position":"center center","background-size":"auto","background-attachment":"scroll","background-type":"","background-media":"","overlay-type":"","overlay-color":"","overlay-opacity":"","overlay-gradient":""},"mobile":{"background-color":"var(--ast-global-color-4)","background-image":"","background-repeat":"repeat","background-position":"center center","background-size":"auto","background-attachment":"scroll","background-type":"","background-media":"","overlay-type":"","overlay-color":"","overlay-opacity":"","overlay-gradient":""}},"footnotes":""},"categories":[20,1],"tags":[],"class_list":["post-5909","post","type-post","status-publish","format-standard","has-post-thumbnail","hentry","category-international","category-football-latest-news"],"yoast_head":"<!-- This site is optimized with the Yoast SEO Premium plugin v26.6 (Yoast SEO v27.5) - https:\/\/yoast.com\/product\/yoast-seo-premium-wordpress\/ -->\n<title>West Ham defender Mavropanos stretchered off with head injury - Bladna News<\/title>\n<meta name=\"robots\" content=\"index, follow, max-snippet:-1, max-image-preview:large, max-video-preview:-1\" \/>\n<link rel=\"canonical\" href=\"https:\/\/bladnanews.com\/fr\/le-defenseur-de-west-ham-mavropanos-evacue-sur-civiere-apres-une-blessure-a-la-tete\/\" \/>\n<meta property=\"og:locale\" content=\"fr_FR\" \/>\n<meta property=\"og:type\" content=\"article\" \/>\n<meta property=\"og:title\" content=\"West Ham defender Mavropanos stretchered off with head injury\" \/>\n<meta property=\"og:description\" content=\"West Ham defender Konstantinos Mavropanos was stretchered off after suffering a worrying head injury during the club\u2019s FA Cup tie [&hellip;]\" \/>\n<meta property=\"og:url\" content=\"https:\/\/bladnanews.com\/fr\/le-defenseur-de-west-ham-mavropanos-evacue-sur-civiere-apres-une-blessure-a-la-tete\/\" \/>\n<meta property=\"og:site_name\" content=\"Bladna News\" \/>\n<meta property=\"article:published_time\" content=\"2026-01-11T16:58:50+00:00\" \/>\n<meta property=\"og:image\" content=\"https:\/\/bladnanews.com\/wp-content\/uploads\/2025\/12\/freepik__bladna-newscom-moroccan-soccer-homepage-banner-mor__41838.png\" \/>\n\t<meta property=\"og:image:width\" content=\"1312\" \/>\n\t<meta property=\"og:image:height\" content=\"736\" \/>\n\t<meta property=\"og:image:type\" content=\"image\/png\" \/>\n<meta name=\"author\" content=\"Bladna News Staff\" \/>\n<meta name=\"twitter:card\" content=\"summary_large_image\" \/>\n<meta name=\"twitter:label1\" content=\"\u00c9crit par\" \/>\n\t<meta name=\"twitter:data1\" content=\"Bladna News Staff\" \/>\n\t<meta name=\"twitter:label2\" content=\"Dur\u00e9e de lecture estim\u00e9e\" \/>\n\t<meta name=\"twitter:data2\" content=\"1 minute\" \/>\n<script type=\"application\/ld+json\" class=\"yoast-schema-graph\">{\"@context\":\"https:\\\/\\\/schema.org\",\"@graph\":[{\"@type\":\"Article\",\"@id\":\"https:\\\/\\\/bladnanews.com\\\/west-ham-defender-mavropanos-stretchered-off-with-head-injury\\\/#article\",\"isPartOf\":{\"@id\":\"https:\\\/\\\/bladnanews.com\\\/west-ham-defender-mavropanos-stretchered-off-with-head-injury\\\/\"},\"author\":{\"name\":\"Bladna News Staff\",\"@id\":\"https:\\\/\\\/mediumseagreen-eel-531711.hostingersite.com\\\/#\\\/schema\\\/person\\\/268e18a453ab080ebf76df6ef7845083\"},\"headline\":\"West Ham defender Mavropanos stretchered off with head injury\",\"datePublished\":\"2026-01-11T16:58:50+00:00\",\"mainEntityOfPage\":{\"@id\":\"https:\\\/\\\/bladnanews.com\\\/west-ham-defender-mavropanos-stretchered-off-with-head-injury\\\/\"},\"wordCount\":142,\"publisher\":{\"@id\":\"https:\\\/\\\/mediumseagreen-eel-531711.hostingersite.com\\\/#organization\"},\"image\":{\"@id\":\"https:\\\/\\\/bladnanews.com\\\/west-ham-defender-mavropanos-stretchered-off-with-head-injury\\\/#primaryimage\"},\"thumbnailUrl\":\"https:\\\/\\\/bladnanews.com\\\/wp-content\\\/uploads\\\/2026\\\/01\\\/BladnaNews-West-Ham-defender-Mavropanos-stretchered-off-with-head-injury-2026-01-12T090927.608Z.jpg\",\"articleSection\":[\"International\",\"Latest News\"],\"inLanguage\":\"fr-FR\",\"copyrightYear\":\"2026\",\"copyrightHolder\":{\"@id\":\"https:\\\/\\\/bladnanews.com\\\/fr\\\/#organization\"}},{\"@type\":\"WebPage\",\"@id\":\"https:\\\/\\\/bladnanews.com\\\/west-ham-defender-mavropanos-stretchered-off-with-head-injury\\\/\",\"url\":\"https:\\\/\\\/bladnanews.com\\\/west-ham-defender-mavropanos-stretchered-off-with-head-injury\\\/\",\"name\":\"West Ham defender Mavropanos stretchered off with head injury - Bladna News\",\"isPartOf\":{\"@id\":\"https:\\\/\\\/mediumseagreen-eel-531711.hostingersite.com\\\/#website\"},\"primaryImageOfPage\":{\"@id\":\"https:\\\/\\\/bladnanews.com\\\/west-ham-defender-mavropanos-stretchered-off-with-head-injury\\\/#primaryimage\"},\"image\":{\"@id\":\"https:\\\/\\\/bladnanews.com\\\/west-ham-defender-mavropanos-stretchered-off-with-head-injury\\\/#primaryimage\"},\"thumbnailUrl\":\"https:\\\/\\\/bladnanews.com\\\/wp-content\\\/uploads\\\/2026\\\/01\\\/BladnaNews-West-Ham-defender-Mavropanos-stretchered-off-with-head-injury-2026-01-12T090927.608Z.jpg\",\"datePublished\":\"2026-01-11T16:58:50+00:00\",\"breadcrumb\":{\"@id\":\"https:\\\/\\\/bladnanews.com\\\/west-ham-defender-mavropanos-stretchered-off-with-head-injury\\\/#breadcrumb\"},\"inLanguage\":\"fr-FR\",\"potentialAction\":[{\"@type\":\"ReadAction\",\"target\":[\"https:\\\/\\\/bladnanews.com\\\/west-ham-defender-mavropanos-stretchered-off-with-head-injury\\\/\"]}]},{\"@type\":\"ImageObject\",\"inLanguage\":\"fr-FR\",\"@id\":\"https:\\\/\\\/bladnanews.com\\\/west-ham-defender-mavropanos-stretchered-off-with-head-injury\\\/#primaryimage\",\"url\":\"https:\\\/\\\/bladnanews.com\\\/wp-content\\\/uploads\\\/2026\\\/01\\\/BladnaNews-West-Ham-defender-Mavropanos-stretchered-off-with-head-injury-2026-01-12T090927.608Z.jpg\",\"contentUrl\":\"https:\\\/\\\/bladnanews.com\\\/wp-content\\\/uploads\\\/2026\\\/01\\\/BladnaNews-West-Ham-defender-Mavropanos-stretchered-off-with-head-injury-2026-01-12T090927.608Z.jpg\",\"width\":1920,\"height\":1080,\"caption\":\"West Ham defender Mavropanos on a stretcher, receiving medical attention after a head injury during a match.\"},{\"@type\":\"BreadcrumbList\",\"@id\":\"https:\\\/\\\/bladnanews.com\\\/west-ham-defender-mavropanos-stretchered-off-with-head-injury\\\/#breadcrumb\",\"itemListElement\":[{\"@type\":\"ListItem\",\"position\":1,\"name\":\"Home\",\"item\":\"https:\\\/\\\/bladnanews.com\\\/\"},{\"@type\":\"ListItem\",\"position\":2,\"name\":\"West Ham defender Mavropanos stretchered off with head injury\"}]},{\"@type\":\"WebSite\",\"@id\":\"https:\\\/\\\/mediumseagreen-eel-531711.hostingersite.com\\\/#website\",\"url\":\"https:\\\/\\\/mediumseagreen-eel-531711.hostingersite.com\\\/\",\"name\":\"Bladna News - Morocco\",\"description\":\"Where Moroccan Football Meets the World\",\"publisher\":{\"@id\":\"https:\\\/\\\/mediumseagreen-eel-531711.hostingersite.com\\\/#organization\"},\"potentialAction\":[{\"@type\":\"SearchAction\",\"target\":{\"@type\":\"EntryPoint\",\"urlTemplate\":\"https:\\\/\\\/mediumseagreen-eel-531711.hostingersite.com\\\/?s={search_term_string}\"},\"query-input\":{\"@type\":\"PropertyValueSpecification\",\"valueRequired\":true,\"valueName\":\"search_term_string\"}}],\"inLanguage\":\"fr-FR\"},{\"@type\":\"Organization\",\"@id\":\"https:\\\/\\\/mediumseagreen-eel-531711.hostingersite.com\\\/#organization\",\"name\":\"Bladna News.com\",\"url\":\"https:\\\/\\\/mediumseagreen-eel-531711.hostingersite.com\\\/\",\"logo\":{\"@type\":\"ImageObject\",\"inLanguage\":\"fr-FR\",\"@id\":\"https:\\\/\\\/mediumseagreen-eel-531711.hostingersite.com\\\/#\\\/schema\\\/logo\\\/image\\\/\",\"url\":\"https:\\\/\\\/bladnanews.com\\\/wp-content\\\/uploads\\\/2025\\\/12\\\/logo-bladnanews-V2-web-black-red.png\",\"contentUrl\":\"https:\\\/\\\/bladnanews.com\\\/wp-content\\\/uploads\\\/2025\\\/12\\\/logo-bladnanews-V2-web-black-red.png\",\"width\":703,\"height\":287,\"caption\":\"Bladna News.com\"},\"image\":{\"@id\":\"https:\\\/\\\/mediumseagreen-eel-531711.hostingersite.com\\\/#\\\/schema\\\/logo\\\/image\\\/\"},\"email\":\"info@bladnanews.com\",\"legalName\":\"Bladna News\"},{\"@type\":\"Person\",\"@id\":\"https:\\\/\\\/mediumseagreen-eel-531711.hostingersite.com\\\/#\\\/schema\\\/person\\\/268e18a453ab080ebf76df6ef7845083\",\"name\":\"Bladna News Staff\",\"url\":\"https:\\\/\\\/bladnanews.com\\\/fr\\\/author\\\/bladna-news-staff\\\/\"}]}<\/script>\n<!-- \/ Yoast SEO Premium plugin. -->","yoast_head_json":{"title":"Le d\u00e9fenseur de West Ham, Mavropanos, \u00e9vacu\u00e9 sur civi\u00e8re apr\u00e8s une blessure \u00e0 la t\u00eate - Bladna News","robots":{"index":"index","follow":"follow","max-snippet":"max-snippet:-1","max-image-preview":"max-image-preview:large","max-video-preview":"max-video-preview:-1"},"canonical":"https:\/\/bladnanews.com\/fr\/le-defenseur-de-west-ham-mavropanos-evacue-sur-civiere-apres-une-blessure-a-la-tete\/","og_locale":"fr_FR","og_type":"article","og_title":"West Ham defender Mavropanos stretchered off with head injury","og_description":"West Ham defender Konstantinos Mavropanos was stretchered off after suffering a worrying head injury during the club\u2019s FA Cup tie [&hellip;]","og_url":"https:\/\/bladnanews.com\/fr\/le-defenseur-de-west-ham-mavropanos-evacue-sur-civiere-apres-une-blessure-a-la-tete\/","og_site_name":"Bladna News","article_published_time":"2026-01-11T16:58:50+00:00","og_image":[{"width":1312,"height":736,"url":"https:\/\/bladnanews.com\/wp-content\/uploads\/2025\/12\/freepik__bladna-newscom-moroccan-soccer-homepage-banner-mor__41838.png","type":"image\/png"}],"author":"Bladna News Staff","twitter_card":"summary_large_image","twitter_misc":{"\u00c9crit par":"Bladna News Staff","Dur\u00e9e de lecture estim\u00e9e":"1 minute"},"schema":{"@context":"https:\/\/schema.org","@graph":[{"@type":"Article","@id":"https:\/\/bladnanews.com\/west-ham-defender-mavropanos-stretchered-off-with-head-injury\/#article","isPartOf":{"@id":"https:\/\/bladnanews.com\/west-ham-defender-mavropanos-stretchered-off-with-head-injury\/"},"author":{"name":"Bladna News Staff","@id":"https:\/\/mediumseagreen-eel-531711.hostingersite.com\/#\/schema\/person\/268e18a453ab080ebf76df6ef7845083"},"headline":"West Ham defender Mavropanos stretchered off with head injury","datePublished":"2026-01-11T16:58:50+00:00","mainEntityOfPage":{"@id":"https:\/\/bladnanews.com\/west-ham-defender-mavropanos-stretchered-off-with-head-injury\/"},"wordCount":142,"publisher":{"@id":"https:\/\/mediumseagreen-eel-531711.hostingersite.com\/#organization"},"image":{"@id":"https:\/\/bladnanews.com\/west-ham-defender-mavropanos-stretchered-off-with-head-injury\/#primaryimage"},"thumbnailUrl":"https:\/\/bladnanews.com\/wp-content\/uploads\/2026\/01\/BladnaNews-West-Ham-defender-Mavropanos-stretchered-off-with-head-injury-2026-01-12T090927.608Z.jpg","articleSection":["International","Latest News"],"inLanguage":"fr-FR","copyrightYear":"2026","copyrightHolder":{"@id":"https:\/\/bladnanews.com\/fr\/#organization"}},{"@type":"WebPage","@id":"https:\/\/bladnanews.com\/west-ham-defender-mavropanos-stretchered-off-with-head-injury\/","url":"https:\/\/bladnanews.com\/west-ham-defender-mavropanos-stretchered-off-with-head-injury\/","name":"Le d\u00e9fenseur de West Ham, Mavropanos, \u00e9vacu\u00e9 sur civi\u00e8re apr\u00e8s une blessure \u00e0 la t\u00eate - Bladna News","isPartOf":{"@id":"https:\/\/mediumseagreen-eel-531711.hostingersite.com\/#website"},"primaryImageOfPage":{"@id":"https:\/\/bladnanews.com\/west-ham-defender-mavropanos-stretchered-off-with-head-injury\/#primaryimage"},"image":{"@id":"https:\/\/bladnanews.com\/west-ham-defender-mavropanos-stretchered-off-with-head-injury\/#primaryimage"},"thumbnailUrl":"https:\/\/bladnanews.com\/wp-content\/uploads\/2026\/01\/BladnaNews-West-Ham-defender-Mavropanos-stretchered-off-with-head-injury-2026-01-12T090927.608Z.jpg","datePublished":"2026-01-11T16:58:50+00:00","breadcrumb":{"@id":"https:\/\/bladnanews.com\/west-ham-defender-mavropanos-stretchered-off-with-head-injury\/#breadcrumb"},"inLanguage":"fr-FR","potentialAction":[{"@type":"ReadAction","target":["https:\/\/bladnanews.com\/west-ham-defender-mavropanos-stretchered-off-with-head-injury\/"]}]},{"@type":"ImageObject","inLanguage":"fr-FR","@id":"https:\/\/bladnanews.com\/west-ham-defender-mavropanos-stretchered-off-with-head-injury\/#primaryimage","url":"https:\/\/bladnanews.com\/wp-content\/uploads\/2026\/01\/BladnaNews-West-Ham-defender-Mavropanos-stretchered-off-with-head-injury-2026-01-12T090927.608Z.jpg","contentUrl":"https:\/\/bladnanews.com\/wp-content\/uploads\/2026\/01\/BladnaNews-West-Ham-defender-Mavropanos-stretchered-off-with-head-injury-2026-01-12T090927.608Z.jpg","width":1920,"height":1080,"caption":"West Ham defender Mavropanos on a stretcher, receiving medical attention after a head injury during a match."},{"@type":"BreadcrumbList","@id":"https:\/\/bladnanews.com\/west-ham-defender-mavropanos-stretchered-off-with-head-injury\/#breadcrumb","itemListElement":[{"@type":"ListItem","position":1,"name":"Home","item":"https:\/\/bladnanews.com\/"},{"@type":"ListItem","position":2,"name":"West Ham defender Mavropanos stretchered off with head injury"}]},{"@type":"WebSite","@id":"https:\/\/mediumseagreen-eel-531711.hostingersite.com\/#website","url":"https:\/\/mediumseagreen-eel-531711.hostingersite.com\/","name":"Bladna News - Maroc","description":"Quand le football marocain rencontre le monde","publisher":{"@id":"https:\/\/mediumseagreen-eel-531711.hostingersite.com\/#organization"},"potentialAction":[{"@type":"SearchAction","target":{"@type":"EntryPoint","urlTemplate":"https:\/\/mediumseagreen-eel-531711.hostingersite.com\/?s={search_term_string}"},"query-input":{"@type":"PropertyValueSpecification","valueRequired":true,"valueName":"search_term_string"}}],"inLanguage":"fr-FR"},{"@type":"Organization","@id":"https:\/\/mediumseagreen-eel-531711.hostingersite.com\/#organization","name":"Bladna News.com","url":"https:\/\/mediumseagreen-eel-531711.hostingersite.com\/","logo":{"@type":"ImageObject","inLanguage":"fr-FR","@id":"https:\/\/mediumseagreen-eel-531711.hostingersite.com\/#\/schema\/logo\/image\/","url":"https:\/\/bladnanews.com\/wp-content\/uploads\/2025\/12\/logo-bladnanews-V2-web-black-red.png","contentUrl":"https:\/\/bladnanews.com\/wp-content\/uploads\/2025\/12\/logo-bladnanews-V2-web-black-red.png","width":703,"height":287,"caption":"Bladna News.com"},"image":{"@id":"https:\/\/mediumseagreen-eel-531711.hostingersite.com\/#\/schema\/logo\/image\/"},"email":"info@bladnanews.com","legalName":"Bladna News"},{"@type":"Person","@id":"https:\/\/mediumseagreen-eel-531711.hostingersite.com\/#\/schema\/person\/268e18a453ab080ebf76df6ef7845083","name":"\u00c9quipe r\u00e9dactionnelle de Bladna News","url":"https:\/\/bladnanews.com\/fr\/author\/bladna-news-staff\/"}]}},"_links":{"self":[{"href":"https:\/\/bladnanews.com\/fr\/wp-json\/wp\/v2\/posts\/5909","targetHints":{"allow":["GET"]}}],"collection":[{"href":"https:\/\/bladnanews.com\/fr\/wp-json\/wp\/v2\/posts"}],"about":[{"href":"https:\/\/bladnanews.com\/fr\/wp-json\/wp\/v2\/types\/post"}],"author":[{"embeddable":true,"href":"https:\/\/bladnanews.com\/fr\/wp-json\/wp\/v2\/users\/3"}],"replies":[{"embeddable":true,"href":"https:\/\/bladnanews.com\/fr\/wp-json\/wp\/v2\/comments?post=5909"}],"version-history":[{"count":0,"href":"https:\/\/bladnanews.com\/fr\/wp-json\/wp\/v2\/posts\/5909\/revisions"}],"wp:featuredmedia":[{"embeddable":true,"href":"https:\/\/bladnanews.com\/fr\/wp-json\/wp\/v2\/media\/5908"}],"wp:attachment":[{"href":"https:\/\/bladnanews.com\/fr\/wp-json\/wp\/v2\/media?parent=5909"}],"wp:term":[{"taxonomy":"category","embeddable":true,"href":"https:\/\/bladnanews.com\/fr\/wp-json\/wp\/v2\/categories?post=5909"},{"taxonomy":"post_tag","embeddable":true,"href":"https:\/\/bladnanews.com\/fr\/wp-json\/wp\/v2\/tags?post=5909"}],"curies":[{"name":"wp","href":"https:\/\/api.w.org\/{rel}","templated":true}]}}