{"id":5911,"date":"2026-01-11T17:22:55","date_gmt":"2026-01-11T17:22:55","guid":{"rendered":"https:\/\/bladnanews.com\/zlatan-ibrahimovic-son-maximilian-in-talks-to-leave-ac-milan\/"},"modified":"2026-01-11T17:22:55","modified_gmt":"2026-01-11T17:22:55","slug":"maximilian-fils-de-zlatan-ibrahimovic-en-pourparlers-pour-quitter-lac-milan","status":"publish","type":"post","link":"https:\/\/bladnanews.com\/fr\/maximilian-fils-de-zlatan-ibrahimovic-en-pourparlers-pour-quitter-lac-milan\/","title":{"rendered":"Zlatan Ibrahimovic, son Maximilian en pourparlers pour quitter l'AC Milan"},"content":{"rendered":"<p>Maximilian, le fils de Zlatan Ibrahimovic, est en pourparlers pour quitter l'AC Milan, des discussions \u00e9tant en cours concernant son int\u00e9gration dans un autre club que son p\u00e8re a pr\u00e9c\u00e9demment repr\u00e9sent\u00e9.<\/p>\n<p>L'attaquant adolescent envisagerait la prochaine \u00e9tape de son d\u00e9veloppement et aurait clairement exprim\u00e9 sa pr\u00e9f\u00e9rence alors que les discussions se poursuivent. Un transfert l'am\u00e8nerait \u00e0 quitter le centre de formation milanais et \u00e0 poursuivre sa progression ailleurs, la destination \u00e9tant li\u00e9e au pass\u00e9 de joueur d'Ibrahimovic.<\/p>\n<p>Le transfert n'a pas encore \u00e9t\u00e9 confirm\u00e9, mais les n\u00e9gociations se poursuivent alors que Maximilian p\u00e8se ses options. Cette situation fait suite aux derniers rapports indiquant qu'il est ouvert \u00e0 un nouveau d\u00e9fi et explore activement un d\u00e9part de l'AC Milan.<\/p>\n<p>Zlatan, qui a effectu\u00e9 deux passages distincts au San Siro avant de prendre sa retraite, a vu son fils passer par le syst\u00e8me d'acad\u00e9mie du club. D\u00e9sormais, avec les conversations en cours, Maximilian pourrait \u00eatre sur le point de suivre un chemin familial familier en rejoignant un autre des anciens clubs de son p\u00e8re.<\/p>\n<p>Aucune d\u00e9cision finale n'a \u00e9t\u00e9 annonc\u00e9e, mais la pr\u00e9f\u00e9rence de transfert de Maximilian serait claire \u00e0 mesure que les pourparlers avancent.<\/p>","protected":false},"excerpt":{"rendered":"<p>Zlatan Ibrahimovic\u2019s son Maximilian is in talks over a move away from AC Milan, with discussions taking place about joining [&hellip;]<\/p>\n","protected":false},"author":3,"featured_media":5910,"comment_status":"","ping_status":"open","sticky":false,"template":"","format":"standard","meta":{"googlesitekit_rrm_CAow_uzEDA:productID":"","site-sidebar-layout":"default","site-content-layout":"","ast-site-content-layout":"default","site-content-style":"default","site-sidebar-style":"default","ast-global-header-display":"","ast-banner-title-visibility":"","ast-main-header-display":"","ast-hfb-above-header-display":"","ast-hfb-below-header-display":"","ast-hfb-mobile-header-display":"","site-post-title":"","ast-breadcrumbs-content":"","ast-featured-img":"","footer-sml-layout":"","ast-disable-related-posts":"","theme-transparent-header-meta":"","adv-header-id-meta":"","stick-header-meta":"","header-above-stick-meta":"","header-main-stick-meta":"","header-below-stick-meta":"","astra-migrate-meta-layouts":"default","ast-page-background-enabled":"default","ast-page-background-meta":{"desktop":{"background-color":"var(--ast-global-color-5)","background-image":"","background-repeat":"repeat","background-position":"center center","background-size":"auto","background-attachment":"scroll","background-type":"","background-media":"","overlay-type":"","overlay-color":"","overlay-opacity":"","overlay-gradient":""},"tablet":{"background-color":"","background-image":"","background-repeat":"repeat","background-position":"center center","background-size":"auto","background-attachment":"scroll","background-type":"","background-media":"","overlay-type":"","overlay-color":"","overlay-opacity":"","overlay-gradient":""},"mobile":{"background-color":"","background-image":"","background-repeat":"repeat","background-position":"center center","background-size":"auto","background-attachment":"scroll","background-type":"","background-media":"","overlay-type":"","overlay-color":"","overlay-opacity":"","overlay-gradient":""}},"ast-content-background-meta":{"desktop":{"background-color":"var(--ast-global-color-4)","background-image":"","background-repeat":"repeat","background-position":"center center","background-size":"auto","background-attachment":"scroll","background-type":"","background-media":"","overlay-type":"","overlay-color":"","overlay-opacity":"","overlay-gradient":""},"tablet":{"background-color":"var(--ast-global-color-4)","background-image":"","background-repeat":"repeat","background-position":"center center","background-size":"auto","background-attachment":"scroll","background-type":"","background-media":"","overlay-type":"","overlay-color":"","overlay-opacity":"","overlay-gradient":""},"mobile":{"background-color":"var(--ast-global-color-4)","background-image":"","background-repeat":"repeat","background-position":"center center","background-size":"auto","background-attachment":"scroll","background-type":"","background-media":"","overlay-type":"","overlay-color":"","overlay-opacity":"","overlay-gradient":""}},"footnotes":""},"categories":[20,1],"tags":[],"class_list":["post-5911","post","type-post","status-publish","format-standard","has-post-thumbnail","hentry","category-international","category-football-latest-news"],"yoast_head":"<!-- This site is optimized with the Yoast SEO Premium plugin v26.6 (Yoast SEO v27.5) - https:\/\/yoast.com\/product\/yoast-seo-premium-wordpress\/ -->\n<title>Zlatan Ibrahimovic son Maximilian in talks to leave AC Milan - Bladna News<\/title>\n<meta name=\"robots\" content=\"index, follow, max-snippet:-1, max-image-preview:large, max-video-preview:-1\" \/>\n<link rel=\"canonical\" href=\"https:\/\/bladnanews.com\/fr\/maximilian-fils-de-zlatan-ibrahimovic-en-pourparlers-pour-quitter-lac-milan\/\" \/>\n<meta property=\"og:locale\" content=\"fr_FR\" \/>\n<meta property=\"og:type\" content=\"article\" \/>\n<meta property=\"og:title\" content=\"Zlatan Ibrahimovic son Maximilian in talks to leave AC Milan\" \/>\n<meta property=\"og:description\" content=\"Zlatan Ibrahimovic\u2019s son Maximilian is in talks over a move away from AC Milan, with discussions taking place about joining [&hellip;]\" \/>\n<meta property=\"og:url\" content=\"https:\/\/bladnanews.com\/fr\/maximilian-fils-de-zlatan-ibrahimovic-en-pourparlers-pour-quitter-lac-milan\/\" \/>\n<meta property=\"og:site_name\" content=\"Bladna News\" \/>\n<meta property=\"article:published_time\" content=\"2026-01-11T17:22:55+00:00\" \/>\n<meta property=\"og:image\" content=\"https:\/\/bladnanews.com\/wp-content\/uploads\/2025\/12\/freepik__bladna-newscom-moroccan-soccer-homepage-banner-mor__41838.png\" \/>\n\t<meta property=\"og:image:width\" content=\"1312\" \/>\n\t<meta property=\"og:image:height\" content=\"736\" \/>\n\t<meta property=\"og:image:type\" content=\"image\/png\" \/>\n<meta name=\"author\" content=\"Bladna News Staff\" \/>\n<meta name=\"twitter:card\" content=\"summary_large_image\" \/>\n<meta name=\"twitter:label1\" content=\"\u00c9crit par\" \/>\n\t<meta name=\"twitter:data1\" content=\"Bladna News Staff\" \/>\n\t<meta name=\"twitter:label2\" content=\"Dur\u00e9e de lecture estim\u00e9e\" \/>\n\t<meta name=\"twitter:data2\" content=\"1 minute\" \/>\n<script type=\"application\/ld+json\" class=\"yoast-schema-graph\">{\"@context\":\"https:\\\/\\\/schema.org\",\"@graph\":[{\"@type\":\"Article\",\"@id\":\"https:\\\/\\\/bladnanews.com\\\/zlatan-ibrahimovic-son-maximilian-in-talks-to-leave-ac-milan\\\/#article\",\"isPartOf\":{\"@id\":\"https:\\\/\\\/bladnanews.com\\\/zlatan-ibrahimovic-son-maximilian-in-talks-to-leave-ac-milan\\\/\"},\"author\":{\"name\":\"Bladna News Staff\",\"@id\":\"https:\\\/\\\/mediumseagreen-eel-531711.hostingersite.com\\\/#\\\/schema\\\/person\\\/268e18a453ab080ebf76df6ef7845083\"},\"headline\":\"Zlatan Ibrahimovic son Maximilian in talks to leave AC Milan\",\"datePublished\":\"2026-01-11T17:22:55+00:00\",\"mainEntityOfPage\":{\"@id\":\"https:\\\/\\\/bladnanews.com\\\/zlatan-ibrahimovic-son-maximilian-in-talks-to-leave-ac-milan\\\/\"},\"wordCount\":192,\"publisher\":{\"@id\":\"https:\\\/\\\/mediumseagreen-eel-531711.hostingersite.com\\\/#organization\"},\"image\":{\"@id\":\"https:\\\/\\\/bladnanews.com\\\/zlatan-ibrahimovic-son-maximilian-in-talks-to-leave-ac-milan\\\/#primaryimage\"},\"thumbnailUrl\":\"https:\\\/\\\/bladnanews.com\\\/wp-content\\\/uploads\\\/2026\\\/01\\\/BladnaNews-Zlatan-Ibrahimovic-son-Maximilian-in-talks-to-leave-AC-Milan-2026-01-12T091000.891Z.jpg\",\"articleSection\":[\"International\",\"Latest News\"],\"inLanguage\":\"fr-FR\",\"copyrightYear\":\"2026\",\"copyrightHolder\":{\"@id\":\"https:\\\/\\\/bladnanews.com\\\/fr\\\/#organization\"}},{\"@type\":\"WebPage\",\"@id\":\"https:\\\/\\\/bladnanews.com\\\/zlatan-ibrahimovic-son-maximilian-in-talks-to-leave-ac-milan\\\/\",\"url\":\"https:\\\/\\\/bladnanews.com\\\/zlatan-ibrahimovic-son-maximilian-in-talks-to-leave-ac-milan\\\/\",\"name\":\"Zlatan Ibrahimovic son Maximilian in talks to leave AC Milan - Bladna News\",\"isPartOf\":{\"@id\":\"https:\\\/\\\/mediumseagreen-eel-531711.hostingersite.com\\\/#website\"},\"primaryImageOfPage\":{\"@id\":\"https:\\\/\\\/bladnanews.com\\\/zlatan-ibrahimovic-son-maximilian-in-talks-to-leave-ac-milan\\\/#primaryimage\"},\"image\":{\"@id\":\"https:\\\/\\\/bladnanews.com\\\/zlatan-ibrahimovic-son-maximilian-in-talks-to-leave-ac-milan\\\/#primaryimage\"},\"thumbnailUrl\":\"https:\\\/\\\/bladnanews.com\\\/wp-content\\\/uploads\\\/2026\\\/01\\\/BladnaNews-Zlatan-Ibrahimovic-son-Maximilian-in-talks-to-leave-AC-Milan-2026-01-12T091000.891Z.jpg\",\"datePublished\":\"2026-01-11T17:22:55+00:00\",\"breadcrumb\":{\"@id\":\"https:\\\/\\\/bladnanews.com\\\/zlatan-ibrahimovic-son-maximilian-in-talks-to-leave-ac-milan\\\/#breadcrumb\"},\"inLanguage\":\"fr-FR\",\"potentialAction\":[{\"@type\":\"ReadAction\",\"target\":[\"https:\\\/\\\/bladnanews.com\\\/zlatan-ibrahimovic-son-maximilian-in-talks-to-leave-ac-milan\\\/\"]}]},{\"@type\":\"ImageObject\",\"inLanguage\":\"fr-FR\",\"@id\":\"https:\\\/\\\/bladnanews.com\\\/zlatan-ibrahimovic-son-maximilian-in-talks-to-leave-ac-milan\\\/#primaryimage\",\"url\":\"https:\\\/\\\/bladnanews.com\\\/wp-content\\\/uploads\\\/2026\\\/01\\\/BladnaNews-Zlatan-Ibrahimovic-son-Maximilian-in-talks-to-leave-AC-Milan-2026-01-12T091000.891Z.jpg\",\"contentUrl\":\"https:\\\/\\\/bladnanews.com\\\/wp-content\\\/uploads\\\/2026\\\/01\\\/BladnaNews-Zlatan-Ibrahimovic-son-Maximilian-in-talks-to-leave-AC-Milan-2026-01-12T091000.891Z.jpg\",\"width\":2448,\"height\":1377,\"caption\":\"Zlatan Ibrahimovic smiles while wearing a black suit, with a blurred stadium backdrop featuring yellow seats and lights.\"},{\"@type\":\"BreadcrumbList\",\"@id\":\"https:\\\/\\\/bladnanews.com\\\/zlatan-ibrahimovic-son-maximilian-in-talks-to-leave-ac-milan\\\/#breadcrumb\",\"itemListElement\":[{\"@type\":\"ListItem\",\"position\":1,\"name\":\"Home\",\"item\":\"https:\\\/\\\/bladnanews.com\\\/\"},{\"@type\":\"ListItem\",\"position\":2,\"name\":\"Zlatan Ibrahimovic son Maximilian in talks to leave AC Milan\"}]},{\"@type\":\"WebSite\",\"@id\":\"https:\\\/\\\/mediumseagreen-eel-531711.hostingersite.com\\\/#website\",\"url\":\"https:\\\/\\\/mediumseagreen-eel-531711.hostingersite.com\\\/\",\"name\":\"Bladna News - Morocco\",\"description\":\"Where Moroccan Football Meets the World\",\"publisher\":{\"@id\":\"https:\\\/\\\/mediumseagreen-eel-531711.hostingersite.com\\\/#organization\"},\"potentialAction\":[{\"@type\":\"SearchAction\",\"target\":{\"@type\":\"EntryPoint\",\"urlTemplate\":\"https:\\\/\\\/mediumseagreen-eel-531711.hostingersite.com\\\/?s={search_term_string}\"},\"query-input\":{\"@type\":\"PropertyValueSpecification\",\"valueRequired\":true,\"valueName\":\"search_term_string\"}}],\"inLanguage\":\"fr-FR\"},{\"@type\":\"Organization\",\"@id\":\"https:\\\/\\\/mediumseagreen-eel-531711.hostingersite.com\\\/#organization\",\"name\":\"Bladna News.com\",\"url\":\"https:\\\/\\\/mediumseagreen-eel-531711.hostingersite.com\\\/\",\"logo\":{\"@type\":\"ImageObject\",\"inLanguage\":\"fr-FR\",\"@id\":\"https:\\\/\\\/mediumseagreen-eel-531711.hostingersite.com\\\/#\\\/schema\\\/logo\\\/image\\\/\",\"url\":\"https:\\\/\\\/bladnanews.com\\\/wp-content\\\/uploads\\\/2025\\\/12\\\/logo-bladnanews-V2-web-black-red.png\",\"contentUrl\":\"https:\\\/\\\/bladnanews.com\\\/wp-content\\\/uploads\\\/2025\\\/12\\\/logo-bladnanews-V2-web-black-red.png\",\"width\":703,\"height\":287,\"caption\":\"Bladna News.com\"},\"image\":{\"@id\":\"https:\\\/\\\/mediumseagreen-eel-531711.hostingersite.com\\\/#\\\/schema\\\/logo\\\/image\\\/\"},\"email\":\"info@bladnanews.com\",\"legalName\":\"Bladna News\"},{\"@type\":\"Person\",\"@id\":\"https:\\\/\\\/mediumseagreen-eel-531711.hostingersite.com\\\/#\\\/schema\\\/person\\\/268e18a453ab080ebf76df6ef7845083\",\"name\":\"Bladna News Staff\",\"url\":\"https:\\\/\\\/bladnanews.com\\\/fr\\\/author\\\/bladna-news-staff\\\/\"}]}<\/script>\n<!-- \/ Yoast SEO Premium plugin. -->","yoast_head_json":{"title":"Zlatan Ibrahimovic : son fils Maximilian en pourparlers pour quitter l'AC Milan - Bladna News","robots":{"index":"index","follow":"follow","max-snippet":"max-snippet:-1","max-image-preview":"max-image-preview:large","max-video-preview":"max-video-preview:-1"},"canonical":"https:\/\/bladnanews.com\/fr\/maximilian-fils-de-zlatan-ibrahimovic-en-pourparlers-pour-quitter-lac-milan\/","og_locale":"fr_FR","og_type":"article","og_title":"Zlatan Ibrahimovic son Maximilian in talks to leave AC Milan","og_description":"Zlatan Ibrahimovic\u2019s son Maximilian is in talks over a move away from AC Milan, with discussions taking place about joining [&hellip;]","og_url":"https:\/\/bladnanews.com\/fr\/maximilian-fils-de-zlatan-ibrahimovic-en-pourparlers-pour-quitter-lac-milan\/","og_site_name":"Bladna News","article_published_time":"2026-01-11T17:22:55+00:00","og_image":[{"width":1312,"height":736,"url":"https:\/\/bladnanews.com\/wp-content\/uploads\/2025\/12\/freepik__bladna-newscom-moroccan-soccer-homepage-banner-mor__41838.png","type":"image\/png"}],"author":"Bladna News Staff","twitter_card":"summary_large_image","twitter_misc":{"\u00c9crit par":"Bladna News Staff","Dur\u00e9e de lecture estim\u00e9e":"1 minute"},"schema":{"@context":"https:\/\/schema.org","@graph":[{"@type":"Article","@id":"https:\/\/bladnanews.com\/zlatan-ibrahimovic-son-maximilian-in-talks-to-leave-ac-milan\/#article","isPartOf":{"@id":"https:\/\/bladnanews.com\/zlatan-ibrahimovic-son-maximilian-in-talks-to-leave-ac-milan\/"},"author":{"name":"Bladna News Staff","@id":"https:\/\/mediumseagreen-eel-531711.hostingersite.com\/#\/schema\/person\/268e18a453ab080ebf76df6ef7845083"},"headline":"Zlatan Ibrahimovic son Maximilian in talks to leave AC Milan","datePublished":"2026-01-11T17:22:55+00:00","mainEntityOfPage":{"@id":"https:\/\/bladnanews.com\/zlatan-ibrahimovic-son-maximilian-in-talks-to-leave-ac-milan\/"},"wordCount":192,"publisher":{"@id":"https:\/\/mediumseagreen-eel-531711.hostingersite.com\/#organization"},"image":{"@id":"https:\/\/bladnanews.com\/zlatan-ibrahimovic-son-maximilian-in-talks-to-leave-ac-milan\/#primaryimage"},"thumbnailUrl":"https:\/\/bladnanews.com\/wp-content\/uploads\/2026\/01\/BladnaNews-Zlatan-Ibrahimovic-son-Maximilian-in-talks-to-leave-AC-Milan-2026-01-12T091000.891Z.jpg","articleSection":["International","Latest News"],"inLanguage":"fr-FR","copyrightYear":"2026","copyrightHolder":{"@id":"https:\/\/bladnanews.com\/fr\/#organization"}},{"@type":"WebPage","@id":"https:\/\/bladnanews.com\/zlatan-ibrahimovic-son-maximilian-in-talks-to-leave-ac-milan\/","url":"https:\/\/bladnanews.com\/zlatan-ibrahimovic-son-maximilian-in-talks-to-leave-ac-milan\/","name":"Zlatan Ibrahimovic : son fils Maximilian en pourparlers pour quitter l'AC Milan - Bladna News","isPartOf":{"@id":"https:\/\/mediumseagreen-eel-531711.hostingersite.com\/#website"},"primaryImageOfPage":{"@id":"https:\/\/bladnanews.com\/zlatan-ibrahimovic-son-maximilian-in-talks-to-leave-ac-milan\/#primaryimage"},"image":{"@id":"https:\/\/bladnanews.com\/zlatan-ibrahimovic-son-maximilian-in-talks-to-leave-ac-milan\/#primaryimage"},"thumbnailUrl":"https:\/\/bladnanews.com\/wp-content\/uploads\/2026\/01\/BladnaNews-Zlatan-Ibrahimovic-son-Maximilian-in-talks-to-leave-AC-Milan-2026-01-12T091000.891Z.jpg","datePublished":"2026-01-11T17:22:55+00:00","breadcrumb":{"@id":"https:\/\/bladnanews.com\/zlatan-ibrahimovic-son-maximilian-in-talks-to-leave-ac-milan\/#breadcrumb"},"inLanguage":"fr-FR","potentialAction":[{"@type":"ReadAction","target":["https:\/\/bladnanews.com\/zlatan-ibrahimovic-son-maximilian-in-talks-to-leave-ac-milan\/"]}]},{"@type":"ImageObject","inLanguage":"fr-FR","@id":"https:\/\/bladnanews.com\/zlatan-ibrahimovic-son-maximilian-in-talks-to-leave-ac-milan\/#primaryimage","url":"https:\/\/bladnanews.com\/wp-content\/uploads\/2026\/01\/BladnaNews-Zlatan-Ibrahimovic-son-Maximilian-in-talks-to-leave-AC-Milan-2026-01-12T091000.891Z.jpg","contentUrl":"https:\/\/bladnanews.com\/wp-content\/uploads\/2026\/01\/BladnaNews-Zlatan-Ibrahimovic-son-Maximilian-in-talks-to-leave-AC-Milan-2026-01-12T091000.891Z.jpg","width":2448,"height":1377,"caption":"Zlatan Ibrahimovic smiles while wearing a black suit, with a blurred stadium backdrop featuring yellow seats and lights."},{"@type":"BreadcrumbList","@id":"https:\/\/bladnanews.com\/zlatan-ibrahimovic-son-maximilian-in-talks-to-leave-ac-milan\/#breadcrumb","itemListElement":[{"@type":"ListItem","position":1,"name":"Home","item":"https:\/\/bladnanews.com\/"},{"@type":"ListItem","position":2,"name":"Zlatan Ibrahimovic son Maximilian in talks to leave AC Milan"}]},{"@type":"WebSite","@id":"https:\/\/mediumseagreen-eel-531711.hostingersite.com\/#website","url":"https:\/\/mediumseagreen-eel-531711.hostingersite.com\/","name":"Bladna News - Maroc","description":"Quand le football marocain rencontre le monde","publisher":{"@id":"https:\/\/mediumseagreen-eel-531711.hostingersite.com\/#organization"},"potentialAction":[{"@type":"SearchAction","target":{"@type":"EntryPoint","urlTemplate":"https:\/\/mediumseagreen-eel-531711.hostingersite.com\/?s={search_term_string}"},"query-input":{"@type":"PropertyValueSpecification","valueRequired":true,"valueName":"search_term_string"}}],"inLanguage":"fr-FR"},{"@type":"Organization","@id":"https:\/\/mediumseagreen-eel-531711.hostingersite.com\/#organization","name":"Bladna News.com","url":"https:\/\/mediumseagreen-eel-531711.hostingersite.com\/","logo":{"@type":"ImageObject","inLanguage":"fr-FR","@id":"https:\/\/mediumseagreen-eel-531711.hostingersite.com\/#\/schema\/logo\/image\/","url":"https:\/\/bladnanews.com\/wp-content\/uploads\/2025\/12\/logo-bladnanews-V2-web-black-red.png","contentUrl":"https:\/\/bladnanews.com\/wp-content\/uploads\/2025\/12\/logo-bladnanews-V2-web-black-red.png","width":703,"height":287,"caption":"Bladna News.com"},"image":{"@id":"https:\/\/mediumseagreen-eel-531711.hostingersite.com\/#\/schema\/logo\/image\/"},"email":"info@bladnanews.com","legalName":"Bladna News"},{"@type":"Person","@id":"https:\/\/mediumseagreen-eel-531711.hostingersite.com\/#\/schema\/person\/268e18a453ab080ebf76df6ef7845083","name":"\u00c9quipe r\u00e9dactionnelle de Bladna News","url":"https:\/\/bladnanews.com\/fr\/author\/bladna-news-staff\/"}]}},"_links":{"self":[{"href":"https:\/\/bladnanews.com\/fr\/wp-json\/wp\/v2\/posts\/5911","targetHints":{"allow":["GET"]}}],"collection":[{"href":"https:\/\/bladnanews.com\/fr\/wp-json\/wp\/v2\/posts"}],"about":[{"href":"https:\/\/bladnanews.com\/fr\/wp-json\/wp\/v2\/types\/post"}],"author":[{"embeddable":true,"href":"https:\/\/bladnanews.com\/fr\/wp-json\/wp\/v2\/users\/3"}],"replies":[{"embeddable":true,"href":"https:\/\/bladnanews.com\/fr\/wp-json\/wp\/v2\/comments?post=5911"}],"version-history":[{"count":0,"href":"https:\/\/bladnanews.com\/fr\/wp-json\/wp\/v2\/posts\/5911\/revisions"}],"wp:featuredmedia":[{"embeddable":true,"href":"https:\/\/bladnanews.com\/fr\/wp-json\/wp\/v2\/media\/5910"}],"wp:attachment":[{"href":"https:\/\/bladnanews.com\/fr\/wp-json\/wp\/v2\/media?parent=5911"}],"wp:term":[{"taxonomy":"category","embeddable":true,"href":"https:\/\/bladnanews.com\/fr\/wp-json\/wp\/v2\/categories?post=5911"},{"taxonomy":"post_tag","embeddable":true,"href":"https:\/\/bladnanews.com\/fr\/wp-json\/wp\/v2\/tags?post=5911"}],"curies":[{"name":"wp","href":"https:\/\/api.w.org\/{rel}","templated":true}]}}