{"id":5915,"date":"2026-01-11T18:35:43","date_gmt":"2026-01-11T18:35:43","guid":{"rendered":"https:\/\/bladnanews.com\/danny-welbeck-sinks-man-utd-as-brighton-knock-them-out\/"},"modified":"2026-01-11T18:35:43","modified_gmt":"2026-01-11T18:35:43","slug":"danny-welbeck-elimine-manchester-united-alors-que-brighton-les-sort-de-la-competition","status":"publish","type":"post","link":"https:\/\/bladnanews.com\/fr\/danny-welbeck-elimine-manchester-united-alors-que-brighton-les-sort-de-la-competition\/","title":{"rendered":"Danny Welbeck coule Manchester United alors que Brighton les \u00e9limine"},"content":{"rendered":"<p>La campagne de Manchester United en FA Cup s'est termin\u00e9e de mani\u00e8re d\u00e9sordonn\u00e9e alors que Brighton les a \u00e9limin\u00e9s, l'ancien Diable Rouge Danny Welbeck revenant une fois de plus hanter son ancien club.<\/p>\n<p>United \u00e9taient dirig\u00e9s par <strong>Darren Fletcher<\/strong>, qui a pris les commandes pour ce match, mais la performance n'a gu\u00e8re renforc\u00e9 sa candidature alors que le club \u00e9valuait ses options. Ce fut une prestation d\u00e9cousue, parsem\u00e9e de moments n\u00e9glig\u00e9s et d'un manque de contr\u00f4le, et Brighton les a fait payer au moment le plus crucial.<\/p>\n<p>Brighton est rest\u00e9 patient et disciplin\u00e9, maintenant United \u00e0 distance et attendant les ouvertures. United ont eu des p\u00e9riodes o\u00f9 ils ont menac\u00e9, mais ils ont eu du mal \u00e0 maintenir une pression soutenue et ont trop souvent paru incertains en possession du ballon.<\/p>\n<p>Welbeck, familier de l'occasion et de l'adversaire, s'est \u00e0 nouveau montr\u00e9 d\u00e9cisif contre l'\u00e9quipe qu'il a autrefois repr\u00e9sent\u00e9e. Il a inscrit le but cl\u00e9 qui a finalement propuls\u00e9 Brighton et contraint United \u00e0 quitter la comp\u00e9tition.<\/p>\n<p>La d\u00e9faite a r\u00e9sum\u00e9 une soir\u00e9e frustrante pour les visiteurs, plusieurs joueurs n'ayant pas impressionn\u00e9, alors que l'organisation de Brighton et sa nette sup\u00e9riorit\u00e9 dans le dernier tiers ont fait la diff\u00e9rence.<\/p>\n<p>United tournent d\u00e9sormais leur attention vers leurs obligations domestiques, tandis que Brighton poursuit son parcours en FA Cup apr\u00e8s une autre nuit m\u00e9morable face \u00e0 une \u00e9quipe de Premier League.<\/p>","protected":false},"excerpt":{"rendered":"<p>Manchester United\u2019s FA Cup campaign ended in messy fashion as Brighton dumped them out, with former Red Devil Danny Welbeck [&hellip;]<\/p>\n","protected":false},"author":3,"featured_media":5914,"comment_status":"","ping_status":"open","sticky":false,"template":"","format":"standard","meta":{"googlesitekit_rrm_CAow_uzEDA:productID":"","site-sidebar-layout":"default","site-content-layout":"","ast-site-content-layout":"default","site-content-style":"default","site-sidebar-style":"default","ast-global-header-display":"","ast-banner-title-visibility":"","ast-main-header-display":"","ast-hfb-above-header-display":"","ast-hfb-below-header-display":"","ast-hfb-mobile-header-display":"","site-post-title":"","ast-breadcrumbs-content":"","ast-featured-img":"","footer-sml-layout":"","ast-disable-related-posts":"","theme-transparent-header-meta":"","adv-header-id-meta":"","stick-header-meta":"","header-above-stick-meta":"","header-main-stick-meta":"","header-below-stick-meta":"","astra-migrate-meta-layouts":"default","ast-page-background-enabled":"default","ast-page-background-meta":{"desktop":{"background-color":"var(--ast-global-color-5)","background-image":"","background-repeat":"repeat","background-position":"center center","background-size":"auto","background-attachment":"scroll","background-type":"","background-media":"","overlay-type":"","overlay-color":"","overlay-opacity":"","overlay-gradient":""},"tablet":{"background-color":"","background-image":"","background-repeat":"repeat","background-position":"center center","background-size":"auto","background-attachment":"scroll","background-type":"","background-media":"","overlay-type":"","overlay-color":"","overlay-opacity":"","overlay-gradient":""},"mobile":{"background-color":"","background-image":"","background-repeat":"repeat","background-position":"center center","background-size":"auto","background-attachment":"scroll","background-type":"","background-media":"","overlay-type":"","overlay-color":"","overlay-opacity":"","overlay-gradient":""}},"ast-content-background-meta":{"desktop":{"background-color":"var(--ast-global-color-4)","background-image":"","background-repeat":"repeat","background-position":"center center","background-size":"auto","background-attachment":"scroll","background-type":"","background-media":"","overlay-type":"","overlay-color":"","overlay-opacity":"","overlay-gradient":""},"tablet":{"background-color":"var(--ast-global-color-4)","background-image":"","background-repeat":"repeat","background-position":"center center","background-size":"auto","background-attachment":"scroll","background-type":"","background-media":"","overlay-type":"","overlay-color":"","overlay-opacity":"","overlay-gradient":""},"mobile":{"background-color":"var(--ast-global-color-4)","background-image":"","background-repeat":"repeat","background-position":"center center","background-size":"auto","background-attachment":"scroll","background-type":"","background-media":"","overlay-type":"","overlay-color":"","overlay-opacity":"","overlay-gradient":""}},"footnotes":""},"categories":[20,1],"tags":[],"class_list":["post-5915","post","type-post","status-publish","format-standard","has-post-thumbnail","hentry","category-international","category-football-latest-news"],"yoast_head":"<!-- This site is optimized with the Yoast SEO Premium plugin v26.6 (Yoast SEO v27.5) - https:\/\/yoast.com\/product\/yoast-seo-premium-wordpress\/ -->\n<title>Danny Welbeck sinks Man Utd as Brighton knock them out - Bladna News<\/title>\n<meta name=\"robots\" content=\"index, follow, max-snippet:-1, max-image-preview:large, max-video-preview:-1\" \/>\n<link rel=\"canonical\" href=\"https:\/\/bladnanews.com\/fr\/danny-welbeck-elimine-manchester-united-alors-que-brighton-les-sort-de-la-competition\/\" \/>\n<meta property=\"og:locale\" content=\"fr_FR\" \/>\n<meta property=\"og:type\" content=\"article\" \/>\n<meta property=\"og:title\" content=\"Danny Welbeck sinks Man Utd as Brighton knock them out\" \/>\n<meta property=\"og:description\" content=\"Manchester United\u2019s FA Cup campaign ended in messy fashion as Brighton dumped them out, with former Red Devil Danny Welbeck [&hellip;]\" \/>\n<meta property=\"og:url\" content=\"https:\/\/bladnanews.com\/fr\/danny-welbeck-elimine-manchester-united-alors-que-brighton-les-sort-de-la-competition\/\" \/>\n<meta property=\"og:site_name\" content=\"Bladna News\" \/>\n<meta property=\"article:published_time\" content=\"2026-01-11T18:35:43+00:00\" \/>\n<meta property=\"og:image\" content=\"https:\/\/bladnanews.com\/wp-content\/uploads\/2025\/12\/freepik__bladna-newscom-moroccan-soccer-homepage-banner-mor__41838.png\" \/>\n\t<meta property=\"og:image:width\" content=\"1312\" \/>\n\t<meta property=\"og:image:height\" content=\"736\" \/>\n\t<meta property=\"og:image:type\" content=\"image\/png\" \/>\n<meta name=\"author\" content=\"Bladna News Staff\" \/>\n<meta name=\"twitter:card\" content=\"summary_large_image\" \/>\n<meta name=\"twitter:label1\" content=\"\u00c9crit par\" \/>\n\t<meta name=\"twitter:data1\" content=\"Bladna News Staff\" \/>\n\t<meta name=\"twitter:label2\" content=\"Dur\u00e9e de lecture estim\u00e9e\" \/>\n\t<meta name=\"twitter:data2\" content=\"1 minute\" \/>\n<script type=\"application\/ld+json\" class=\"yoast-schema-graph\">{\"@context\":\"https:\\\/\\\/schema.org\",\"@graph\":[{\"@type\":\"Article\",\"@id\":\"https:\\\/\\\/bladnanews.com\\\/danny-welbeck-sinks-man-utd-as-brighton-knock-them-out\\\/#article\",\"isPartOf\":{\"@id\":\"https:\\\/\\\/bladnanews.com\\\/danny-welbeck-sinks-man-utd-as-brighton-knock-them-out\\\/\"},\"author\":{\"name\":\"Bladna News Staff\",\"@id\":\"https:\\\/\\\/mediumseagreen-eel-531711.hostingersite.com\\\/#\\\/schema\\\/person\\\/268e18a453ab080ebf76df6ef7845083\"},\"headline\":\"Danny Welbeck sinks Man Utd as Brighton knock them out\",\"datePublished\":\"2026-01-11T18:35:43+00:00\",\"mainEntityOfPage\":{\"@id\":\"https:\\\/\\\/bladnanews.com\\\/danny-welbeck-sinks-man-utd-as-brighton-knock-them-out\\\/\"},\"wordCount\":216,\"publisher\":{\"@id\":\"https:\\\/\\\/mediumseagreen-eel-531711.hostingersite.com\\\/#organization\"},\"image\":{\"@id\":\"https:\\\/\\\/bladnanews.com\\\/danny-welbeck-sinks-man-utd-as-brighton-knock-them-out\\\/#primaryimage\"},\"thumbnailUrl\":\"https:\\\/\\\/bladnanews.com\\\/wp-content\\\/uploads\\\/2026\\\/01\\\/BladnaNews-Danny-Welbeck-sinks-Man-Utd-as-Brighton-knock-them-out-2026-01-12T091111.251Z.jpg\",\"articleSection\":[\"International\",\"Latest News\"],\"inLanguage\":\"fr-FR\",\"copyrightYear\":\"2026\",\"copyrightHolder\":{\"@id\":\"https:\\\/\\\/bladnanews.com\\\/fr\\\/#organization\"}},{\"@type\":\"WebPage\",\"@id\":\"https:\\\/\\\/bladnanews.com\\\/danny-welbeck-sinks-man-utd-as-brighton-knock-them-out\\\/\",\"url\":\"https:\\\/\\\/bladnanews.com\\\/danny-welbeck-sinks-man-utd-as-brighton-knock-them-out\\\/\",\"name\":\"Danny Welbeck sinks Man Utd as Brighton knock them out - Bladna News\",\"isPartOf\":{\"@id\":\"https:\\\/\\\/mediumseagreen-eel-531711.hostingersite.com\\\/#website\"},\"primaryImageOfPage\":{\"@id\":\"https:\\\/\\\/bladnanews.com\\\/danny-welbeck-sinks-man-utd-as-brighton-knock-them-out\\\/#primaryimage\"},\"image\":{\"@id\":\"https:\\\/\\\/bladnanews.com\\\/danny-welbeck-sinks-man-utd-as-brighton-knock-them-out\\\/#primaryimage\"},\"thumbnailUrl\":\"https:\\\/\\\/bladnanews.com\\\/wp-content\\\/uploads\\\/2026\\\/01\\\/BladnaNews-Danny-Welbeck-sinks-Man-Utd-as-Brighton-knock-them-out-2026-01-12T091111.251Z.jpg\",\"datePublished\":\"2026-01-11T18:35:43+00:00\",\"breadcrumb\":{\"@id\":\"https:\\\/\\\/bladnanews.com\\\/danny-welbeck-sinks-man-utd-as-brighton-knock-them-out\\\/#breadcrumb\"},\"inLanguage\":\"fr-FR\",\"potentialAction\":[{\"@type\":\"ReadAction\",\"target\":[\"https:\\\/\\\/bladnanews.com\\\/danny-welbeck-sinks-man-utd-as-brighton-knock-them-out\\\/\"]}]},{\"@type\":\"ImageObject\",\"inLanguage\":\"fr-FR\",\"@id\":\"https:\\\/\\\/bladnanews.com\\\/danny-welbeck-sinks-man-utd-as-brighton-knock-them-out\\\/#primaryimage\",\"url\":\"https:\\\/\\\/bladnanews.com\\\/wp-content\\\/uploads\\\/2026\\\/01\\\/BladnaNews-Danny-Welbeck-sinks-Man-Utd-as-Brighton-knock-them-out-2026-01-12T091111.251Z.jpg\",\"contentUrl\":\"https:\\\/\\\/bladnanews.com\\\/wp-content\\\/uploads\\\/2026\\\/01\\\/BladnaNews-Danny-Welbeck-sinks-Man-Utd-as-Brighton-knock-them-out-2026-01-12T091111.251Z.jpg\",\"width\":1920,\"height\":1080,\"caption\":\"Manchester United's player shows disappointment, while Brighton's Danny Welbeck celebrates. Managers react in contrasting emotions after the match.\"},{\"@type\":\"BreadcrumbList\",\"@id\":\"https:\\\/\\\/bladnanews.com\\\/danny-welbeck-sinks-man-utd-as-brighton-knock-them-out\\\/#breadcrumb\",\"itemListElement\":[{\"@type\":\"ListItem\",\"position\":1,\"name\":\"Home\",\"item\":\"https:\\\/\\\/bladnanews.com\\\/\"},{\"@type\":\"ListItem\",\"position\":2,\"name\":\"Danny Welbeck sinks Man Utd as Brighton knock them out\"}]},{\"@type\":\"WebSite\",\"@id\":\"https:\\\/\\\/mediumseagreen-eel-531711.hostingersite.com\\\/#website\",\"url\":\"https:\\\/\\\/mediumseagreen-eel-531711.hostingersite.com\\\/\",\"name\":\"Bladna News - Morocco\",\"description\":\"Where Moroccan Football Meets the World\",\"publisher\":{\"@id\":\"https:\\\/\\\/mediumseagreen-eel-531711.hostingersite.com\\\/#organization\"},\"potentialAction\":[{\"@type\":\"SearchAction\",\"target\":{\"@type\":\"EntryPoint\",\"urlTemplate\":\"https:\\\/\\\/mediumseagreen-eel-531711.hostingersite.com\\\/?s={search_term_string}\"},\"query-input\":{\"@type\":\"PropertyValueSpecification\",\"valueRequired\":true,\"valueName\":\"search_term_string\"}}],\"inLanguage\":\"fr-FR\"},{\"@type\":\"Organization\",\"@id\":\"https:\\\/\\\/mediumseagreen-eel-531711.hostingersite.com\\\/#organization\",\"name\":\"Bladna News.com\",\"url\":\"https:\\\/\\\/mediumseagreen-eel-531711.hostingersite.com\\\/\",\"logo\":{\"@type\":\"ImageObject\",\"inLanguage\":\"fr-FR\",\"@id\":\"https:\\\/\\\/mediumseagreen-eel-531711.hostingersite.com\\\/#\\\/schema\\\/logo\\\/image\\\/\",\"url\":\"https:\\\/\\\/bladnanews.com\\\/wp-content\\\/uploads\\\/2025\\\/12\\\/logo-bladnanews-V2-web-black-red.png\",\"contentUrl\":\"https:\\\/\\\/bladnanews.com\\\/wp-content\\\/uploads\\\/2025\\\/12\\\/logo-bladnanews-V2-web-black-red.png\",\"width\":703,\"height\":287,\"caption\":\"Bladna News.com\"},\"image\":{\"@id\":\"https:\\\/\\\/mediumseagreen-eel-531711.hostingersite.com\\\/#\\\/schema\\\/logo\\\/image\\\/\"},\"email\":\"info@bladnanews.com\",\"legalName\":\"Bladna News\"},{\"@type\":\"Person\",\"@id\":\"https:\\\/\\\/mediumseagreen-eel-531711.hostingersite.com\\\/#\\\/schema\\\/person\\\/268e18a453ab080ebf76df6ef7845083\",\"name\":\"Bladna News Staff\",\"url\":\"https:\\\/\\\/bladnanews.com\\\/fr\\\/author\\\/bladna-news-staff\\\/\"}]}<\/script>\n<!-- \/ Yoast SEO Premium plugin. -->","yoast_head_json":{"title":"Danny Welbeck coule Manchester United alors que Brighton les \u00e9limine - Bladna News","robots":{"index":"index","follow":"follow","max-snippet":"max-snippet:-1","max-image-preview":"max-image-preview:large","max-video-preview":"max-video-preview:-1"},"canonical":"https:\/\/bladnanews.com\/fr\/danny-welbeck-elimine-manchester-united-alors-que-brighton-les-sort-de-la-competition\/","og_locale":"fr_FR","og_type":"article","og_title":"Danny Welbeck sinks Man Utd as Brighton knock them out","og_description":"Manchester United\u2019s FA Cup campaign ended in messy fashion as Brighton dumped them out, with former Red Devil Danny Welbeck [&hellip;]","og_url":"https:\/\/bladnanews.com\/fr\/danny-welbeck-elimine-manchester-united-alors-que-brighton-les-sort-de-la-competition\/","og_site_name":"Bladna News","article_published_time":"2026-01-11T18:35:43+00:00","og_image":[{"width":1312,"height":736,"url":"https:\/\/bladnanews.com\/wp-content\/uploads\/2025\/12\/freepik__bladna-newscom-moroccan-soccer-homepage-banner-mor__41838.png","type":"image\/png"}],"author":"Bladna News Staff","twitter_card":"summary_large_image","twitter_misc":{"\u00c9crit par":"Bladna News Staff","Dur\u00e9e de lecture estim\u00e9e":"1 minute"},"schema":{"@context":"https:\/\/schema.org","@graph":[{"@type":"Article","@id":"https:\/\/bladnanews.com\/danny-welbeck-sinks-man-utd-as-brighton-knock-them-out\/#article","isPartOf":{"@id":"https:\/\/bladnanews.com\/danny-welbeck-sinks-man-utd-as-brighton-knock-them-out\/"},"author":{"name":"Bladna News Staff","@id":"https:\/\/mediumseagreen-eel-531711.hostingersite.com\/#\/schema\/person\/268e18a453ab080ebf76df6ef7845083"},"headline":"Danny Welbeck sinks Man Utd as Brighton knock them out","datePublished":"2026-01-11T18:35:43+00:00","mainEntityOfPage":{"@id":"https:\/\/bladnanews.com\/danny-welbeck-sinks-man-utd-as-brighton-knock-them-out\/"},"wordCount":216,"publisher":{"@id":"https:\/\/mediumseagreen-eel-531711.hostingersite.com\/#organization"},"image":{"@id":"https:\/\/bladnanews.com\/danny-welbeck-sinks-man-utd-as-brighton-knock-them-out\/#primaryimage"},"thumbnailUrl":"https:\/\/bladnanews.com\/wp-content\/uploads\/2026\/01\/BladnaNews-Danny-Welbeck-sinks-Man-Utd-as-Brighton-knock-them-out-2026-01-12T091111.251Z.jpg","articleSection":["International","Latest News"],"inLanguage":"fr-FR","copyrightYear":"2026","copyrightHolder":{"@id":"https:\/\/bladnanews.com\/fr\/#organization"}},{"@type":"WebPage","@id":"https:\/\/bladnanews.com\/danny-welbeck-sinks-man-utd-as-brighton-knock-them-out\/","url":"https:\/\/bladnanews.com\/danny-welbeck-sinks-man-utd-as-brighton-knock-them-out\/","name":"Danny Welbeck coule Manchester United alors que Brighton les \u00e9limine - Bladna News","isPartOf":{"@id":"https:\/\/mediumseagreen-eel-531711.hostingersite.com\/#website"},"primaryImageOfPage":{"@id":"https:\/\/bladnanews.com\/danny-welbeck-sinks-man-utd-as-brighton-knock-them-out\/#primaryimage"},"image":{"@id":"https:\/\/bladnanews.com\/danny-welbeck-sinks-man-utd-as-brighton-knock-them-out\/#primaryimage"},"thumbnailUrl":"https:\/\/bladnanews.com\/wp-content\/uploads\/2026\/01\/BladnaNews-Danny-Welbeck-sinks-Man-Utd-as-Brighton-knock-them-out-2026-01-12T091111.251Z.jpg","datePublished":"2026-01-11T18:35:43+00:00","breadcrumb":{"@id":"https:\/\/bladnanews.com\/danny-welbeck-sinks-man-utd-as-brighton-knock-them-out\/#breadcrumb"},"inLanguage":"fr-FR","potentialAction":[{"@type":"ReadAction","target":["https:\/\/bladnanews.com\/danny-welbeck-sinks-man-utd-as-brighton-knock-them-out\/"]}]},{"@type":"ImageObject","inLanguage":"fr-FR","@id":"https:\/\/bladnanews.com\/danny-welbeck-sinks-man-utd-as-brighton-knock-them-out\/#primaryimage","url":"https:\/\/bladnanews.com\/wp-content\/uploads\/2026\/01\/BladnaNews-Danny-Welbeck-sinks-Man-Utd-as-Brighton-knock-them-out-2026-01-12T091111.251Z.jpg","contentUrl":"https:\/\/bladnanews.com\/wp-content\/uploads\/2026\/01\/BladnaNews-Danny-Welbeck-sinks-Man-Utd-as-Brighton-knock-them-out-2026-01-12T091111.251Z.jpg","width":1920,"height":1080,"caption":"Manchester United's player shows disappointment, while Brighton's Danny Welbeck celebrates. Managers react in contrasting emotions after the match."},{"@type":"BreadcrumbList","@id":"https:\/\/bladnanews.com\/danny-welbeck-sinks-man-utd-as-brighton-knock-them-out\/#breadcrumb","itemListElement":[{"@type":"ListItem","position":1,"name":"Home","item":"https:\/\/bladnanews.com\/"},{"@type":"ListItem","position":2,"name":"Danny Welbeck sinks Man Utd as Brighton knock them out"}]},{"@type":"WebSite","@id":"https:\/\/mediumseagreen-eel-531711.hostingersite.com\/#website","url":"https:\/\/mediumseagreen-eel-531711.hostingersite.com\/","name":"Bladna News - Maroc","description":"Quand le football marocain rencontre le monde","publisher":{"@id":"https:\/\/mediumseagreen-eel-531711.hostingersite.com\/#organization"},"potentialAction":[{"@type":"SearchAction","target":{"@type":"EntryPoint","urlTemplate":"https:\/\/mediumseagreen-eel-531711.hostingersite.com\/?s={search_term_string}"},"query-input":{"@type":"PropertyValueSpecification","valueRequired":true,"valueName":"search_term_string"}}],"inLanguage":"fr-FR"},{"@type":"Organization","@id":"https:\/\/mediumseagreen-eel-531711.hostingersite.com\/#organization","name":"Bladna News.com","url":"https:\/\/mediumseagreen-eel-531711.hostingersite.com\/","logo":{"@type":"ImageObject","inLanguage":"fr-FR","@id":"https:\/\/mediumseagreen-eel-531711.hostingersite.com\/#\/schema\/logo\/image\/","url":"https:\/\/bladnanews.com\/wp-content\/uploads\/2025\/12\/logo-bladnanews-V2-web-black-red.png","contentUrl":"https:\/\/bladnanews.com\/wp-content\/uploads\/2025\/12\/logo-bladnanews-V2-web-black-red.png","width":703,"height":287,"caption":"Bladna News.com"},"image":{"@id":"https:\/\/mediumseagreen-eel-531711.hostingersite.com\/#\/schema\/logo\/image\/"},"email":"info@bladnanews.com","legalName":"Bladna News"},{"@type":"Person","@id":"https:\/\/mediumseagreen-eel-531711.hostingersite.com\/#\/schema\/person\/268e18a453ab080ebf76df6ef7845083","name":"\u00c9quipe r\u00e9dactionnelle de Bladna News","url":"https:\/\/bladnanews.com\/fr\/author\/bladna-news-staff\/"}]}},"_links":{"self":[{"href":"https:\/\/bladnanews.com\/fr\/wp-json\/wp\/v2\/posts\/5915","targetHints":{"allow":["GET"]}}],"collection":[{"href":"https:\/\/bladnanews.com\/fr\/wp-json\/wp\/v2\/posts"}],"about":[{"href":"https:\/\/bladnanews.com\/fr\/wp-json\/wp\/v2\/types\/post"}],"author":[{"embeddable":true,"href":"https:\/\/bladnanews.com\/fr\/wp-json\/wp\/v2\/users\/3"}],"replies":[{"embeddable":true,"href":"https:\/\/bladnanews.com\/fr\/wp-json\/wp\/v2\/comments?post=5915"}],"version-history":[{"count":0,"href":"https:\/\/bladnanews.com\/fr\/wp-json\/wp\/v2\/posts\/5915\/revisions"}],"wp:featuredmedia":[{"embeddable":true,"href":"https:\/\/bladnanews.com\/fr\/wp-json\/wp\/v2\/media\/5914"}],"wp:attachment":[{"href":"https:\/\/bladnanews.com\/fr\/wp-json\/wp\/v2\/media?parent=5915"}],"wp:term":[{"taxonomy":"category","embeddable":true,"href":"https:\/\/bladnanews.com\/fr\/wp-json\/wp\/v2\/categories?post=5915"},{"taxonomy":"post_tag","embeddable":true,"href":"https:\/\/bladnanews.com\/fr\/wp-json\/wp\/v2\/tags?post=5915"}],"curies":[{"name":"wp","href":"https:\/\/api.w.org\/{rel}","templated":true}]}}