{"id":5929,"date":"2026-01-12T09:50:56","date_gmt":"2026-01-12T09:50:56","guid":{"rendered":"https:\/\/bladnanews.com\/former-nigeria-star-tells-osimhen-he-is-not-ronaldo\/"},"modified":"2026-01-12T09:50:56","modified_gmt":"2026-01-12T09:50:56","slug":"lancien-star-nigerian-dit-a-osimhen-quil-nest-pas-ronaldo","status":"publish","type":"post","link":"https:\/\/bladnanews.com\/fr\/lancien-star-nigerian-dit-a-osimhen-quil-nest-pas-ronaldo\/","title":{"rendered":"L'ancien star du Nigeria dit \u00e0 Osimhen qu'il n'est pas Ronaldo"},"content":{"rendered":"<p>Ancien attaquant du Nigeria <strong>Obafemi Martins<\/strong> a suscit\u00e9 un d\u00e9bat apr\u00e8s un message franc \u00e0 son compatriote <strong>Victor Osimhen<\/strong>, insistant sur le fait que l'attaquant de Naples ne devrait pas se comparer \u00e0 <strong>Cristiano Ronaldo<\/strong>.<\/p>\n<p>S'exprimant dans un clip vid\u00e9o qui s'est largement r\u00e9pandu sur les r\u00e9seaux sociaux, Martins a directement adress\u00e9 un message \u00e0 Osimhen et l'a exhort\u00e9 \u00e0 rester humble malgr\u00e9 sa mont\u00e9e rapide en Europe.<\/p>\n<p>Martins a d\u00e9clar\u00e9 qu'Osimhen a accompli beaucoup de choses, mais a soulign\u00e9 que atteindre le niveau de Ronaldo n\u00e9cessite plus qu'une saison solide ou une s\u00e9rie de buts. Il a ajout\u00e9 qu'Osimhen est encore en train de tracer son chemin et doit continuer \u00e0 travailler pour atteindre le sommet.<\/p>\n<p>L'ancien attaquant des Super Eagles a \u00e9t\u00e9 clair dans sa r\u00e9ponse lorsque la comparaison avec Ronaldo a \u00e9t\u00e9 soulev\u00e9e, disant \u00e0 Osimhen : <em>\u201cTu n'es pas Ronaldo.\u201d<\/em><\/p>\n<p>Martins a \u00e9galement profit\u00e9 de l'occasion pour souligner l'\u00e9cart entre \u00eatre un attaquant vedette et devenir une ic\u00f4ne mondiale, en soulignant que la carri\u00e8re de Ronaldo a \u00e9t\u00e9 construite sur de nombreuses ann\u00e9es de constance, de troph\u00e9es et de records.<\/p>\n<p>Osimhen, qui est devenu l'un des noms les plus en vue du Nigeria en Europe, reste une figure cl\u00e9 pour son club et son pays, mais les remarques de Martins ont servi de rappel que les plus grandes normes du football moderne sont fix\u00e9es \u00e0 un niveau diff\u00e9rent.<\/p>","protected":false},"excerpt":{"rendered":"<p>Former Nigeria striker Obafemi Martins has stirred debate after a blunt message to compatriot Victor Osimhen, insisting the Napoli forward [&hellip;]<\/p>\n","protected":false},"author":4,"featured_media":5928,"comment_status":"","ping_status":"open","sticky":false,"template":"","format":"standard","meta":{"googlesitekit_rrm_CAow_uzEDA:productID":"","site-sidebar-layout":"default","site-content-layout":"","ast-site-content-layout":"default","site-content-style":"default","site-sidebar-style":"default","ast-global-header-display":"","ast-banner-title-visibility":"","ast-main-header-display":"","ast-hfb-above-header-display":"","ast-hfb-below-header-display":"","ast-hfb-mobile-header-display":"","site-post-title":"","ast-breadcrumbs-content":"","ast-featured-img":"","footer-sml-layout":"","ast-disable-related-posts":"","theme-transparent-header-meta":"","adv-header-id-meta":"","stick-header-meta":"","header-above-stick-meta":"","header-main-stick-meta":"","header-below-stick-meta":"","astra-migrate-meta-layouts":"default","ast-page-background-enabled":"default","ast-page-background-meta":{"desktop":{"background-color":"var(--ast-global-color-5)","background-image":"","background-repeat":"repeat","background-position":"center center","background-size":"auto","background-attachment":"scroll","background-type":"","background-media":"","overlay-type":"","overlay-color":"","overlay-opacity":"","overlay-gradient":""},"tablet":{"background-color":"","background-image":"","background-repeat":"repeat","background-position":"center center","background-size":"auto","background-attachment":"scroll","background-type":"","background-media":"","overlay-type":"","overlay-color":"","overlay-opacity":"","overlay-gradient":""},"mobile":{"background-color":"","background-image":"","background-repeat":"repeat","background-position":"center center","background-size":"auto","background-attachment":"scroll","background-type":"","background-media":"","overlay-type":"","overlay-color":"","overlay-opacity":"","overlay-gradient":""}},"ast-content-background-meta":{"desktop":{"background-color":"var(--ast-global-color-4)","background-image":"","background-repeat":"repeat","background-position":"center center","background-size":"auto","background-attachment":"scroll","background-type":"","background-media":"","overlay-type":"","overlay-color":"","overlay-opacity":"","overlay-gradient":""},"tablet":{"background-color":"var(--ast-global-color-4)","background-image":"","background-repeat":"repeat","background-position":"center center","background-size":"auto","background-attachment":"scroll","background-type":"","background-media":"","overlay-type":"","overlay-color":"","overlay-opacity":"","overlay-gradient":""},"mobile":{"background-color":"var(--ast-global-color-4)","background-image":"","background-repeat":"repeat","background-position":"center center","background-size":"auto","background-attachment":"scroll","background-type":"","background-media":"","overlay-type":"","overlay-color":"","overlay-opacity":"","overlay-gradient":""}},"footnotes":""},"categories":[1,168],"tags":[],"class_list":["post-5929","post","type-post","status-publish","format-standard","has-post-thumbnail","hentry","category-football-latest-news","category-morocco-national-team"],"yoast_head":"<!-- This site is optimized with the Yoast SEO Premium plugin v26.6 (Yoast SEO v27.4) - https:\/\/yoast.com\/product\/yoast-seo-premium-wordpress\/ -->\n<title>Former Nigeria star tells Osimhen he is not Ronaldo - Bladna News<\/title>\n<meta name=\"robots\" content=\"index, follow, max-snippet:-1, max-image-preview:large, max-video-preview:-1\" \/>\n<link rel=\"canonical\" href=\"https:\/\/bladnanews.com\/fr\/lancien-star-nigerian-dit-a-osimhen-quil-nest-pas-ronaldo\/\" \/>\n<meta property=\"og:locale\" content=\"fr_FR\" \/>\n<meta property=\"og:type\" content=\"article\" \/>\n<meta property=\"og:title\" content=\"Former Nigeria star tells Osimhen he is not Ronaldo\" \/>\n<meta property=\"og:description\" content=\"Former Nigeria striker Obafemi Martins has stirred debate after a blunt message to compatriot Victor Osimhen, insisting the Napoli forward [&hellip;]\" \/>\n<meta property=\"og:url\" content=\"https:\/\/bladnanews.com\/fr\/lancien-star-nigerian-dit-a-osimhen-quil-nest-pas-ronaldo\/\" \/>\n<meta property=\"og:site_name\" content=\"Bladna News\" \/>\n<meta property=\"article:published_time\" content=\"2026-01-12T09:50:56+00:00\" \/>\n<meta property=\"og:image\" content=\"https:\/\/bladnanews.com\/wp-content\/uploads\/2025\/12\/freepik__bladna-newscom-moroccan-soccer-homepage-banner-mor__41838.png\" \/>\n\t<meta property=\"og:image:width\" content=\"1312\" \/>\n\t<meta property=\"og:image:height\" content=\"736\" \/>\n\t<meta property=\"og:image:type\" content=\"image\/png\" \/>\n<meta name=\"author\" content=\"Bladna Sports Desk\" \/>\n<meta name=\"twitter:card\" content=\"summary_large_image\" \/>\n<meta name=\"twitter:label1\" content=\"\u00c9crit par\" \/>\n\t<meta name=\"twitter:data1\" content=\"Bladna Sports Desk\" \/>\n\t<meta name=\"twitter:label2\" content=\"Dur\u00e9e de lecture estim\u00e9e\" \/>\n\t<meta name=\"twitter:data2\" content=\"1 minute\" \/>\n<script type=\"application\/ld+json\" class=\"yoast-schema-graph\">{\"@context\":\"https:\\\/\\\/schema.org\",\"@graph\":[{\"@type\":\"Article\",\"@id\":\"https:\\\/\\\/bladnanews.com\\\/former-nigeria-star-tells-osimhen-he-is-not-ronaldo\\\/#article\",\"isPartOf\":{\"@id\":\"https:\\\/\\\/bladnanews.com\\\/former-nigeria-star-tells-osimhen-he-is-not-ronaldo\\\/\"},\"author\":{\"name\":\"Bladna Sports Desk\",\"@id\":\"https:\\\/\\\/mediumseagreen-eel-531711.hostingersite.com\\\/#\\\/schema\\\/person\\\/6712b38fabe810f7eb8d15ed30d90f1e\"},\"headline\":\"Former Nigeria star tells Osimhen he is not Ronaldo\",\"datePublished\":\"2026-01-12T09:50:56+00:00\",\"mainEntityOfPage\":{\"@id\":\"https:\\\/\\\/bladnanews.com\\\/former-nigeria-star-tells-osimhen-he-is-not-ronaldo\\\/\"},\"wordCount\":206,\"publisher\":{\"@id\":\"https:\\\/\\\/mediumseagreen-eel-531711.hostingersite.com\\\/#organization\"},\"image\":{\"@id\":\"https:\\\/\\\/bladnanews.com\\\/former-nigeria-star-tells-osimhen-he-is-not-ronaldo\\\/#primaryimage\"},\"thumbnailUrl\":\"https:\\\/\\\/bladnanews.com\\\/wp-content\\\/uploads\\\/2026\\\/01\\\/GettyImages-2254974957.jpg.jpg\",\"articleSection\":[\"Latest News\",\"Morocco National Team\"],\"inLanguage\":\"fr-FR\",\"copyrightYear\":\"2026\",\"copyrightHolder\":{\"@id\":\"https:\\\/\\\/bladnanews.com\\\/fr\\\/#organization\"}},{\"@type\":\"WebPage\",\"@id\":\"https:\\\/\\\/bladnanews.com\\\/former-nigeria-star-tells-osimhen-he-is-not-ronaldo\\\/\",\"url\":\"https:\\\/\\\/bladnanews.com\\\/former-nigeria-star-tells-osimhen-he-is-not-ronaldo\\\/\",\"name\":\"Former Nigeria star tells Osimhen he is not Ronaldo - Bladna News\",\"isPartOf\":{\"@id\":\"https:\\\/\\\/mediumseagreen-eel-531711.hostingersite.com\\\/#website\"},\"primaryImageOfPage\":{\"@id\":\"https:\\\/\\\/bladnanews.com\\\/former-nigeria-star-tells-osimhen-he-is-not-ronaldo\\\/#primaryimage\"},\"image\":{\"@id\":\"https:\\\/\\\/bladnanews.com\\\/former-nigeria-star-tells-osimhen-he-is-not-ronaldo\\\/#primaryimage\"},\"thumbnailUrl\":\"https:\\\/\\\/bladnanews.com\\\/wp-content\\\/uploads\\\/2026\\\/01\\\/GettyImages-2254974957.jpg.jpg\",\"datePublished\":\"2026-01-12T09:50:56+00:00\",\"breadcrumb\":{\"@id\":\"https:\\\/\\\/bladnanews.com\\\/former-nigeria-star-tells-osimhen-he-is-not-ronaldo\\\/#breadcrumb\"},\"inLanguage\":\"fr-FR\",\"potentialAction\":[{\"@type\":\"ReadAction\",\"target\":[\"https:\\\/\\\/bladnanews.com\\\/former-nigeria-star-tells-osimhen-he-is-not-ronaldo\\\/\"]}]},{\"@type\":\"ImageObject\",\"inLanguage\":\"fr-FR\",\"@id\":\"https:\\\/\\\/bladnanews.com\\\/former-nigeria-star-tells-osimhen-he-is-not-ronaldo\\\/#primaryimage\",\"url\":\"https:\\\/\\\/bladnanews.com\\\/wp-content\\\/uploads\\\/2026\\\/01\\\/GettyImages-2254974957.jpg.jpg\",\"contentUrl\":\"https:\\\/\\\/bladnanews.com\\\/wp-content\\\/uploads\\\/2026\\\/01\\\/GettyImages-2254974957.jpg.jpg\",\"width\":2144,\"height\":1206,\"caption\":\"Nigeria's Victor Osimhen adjusts a black face mask during a match, wearing the team's vibrant green kit with distinctive patterns.\"},{\"@type\":\"BreadcrumbList\",\"@id\":\"https:\\\/\\\/bladnanews.com\\\/former-nigeria-star-tells-osimhen-he-is-not-ronaldo\\\/#breadcrumb\",\"itemListElement\":[{\"@type\":\"ListItem\",\"position\":1,\"name\":\"Home\",\"item\":\"https:\\\/\\\/bladnanews.com\\\/\"},{\"@type\":\"ListItem\",\"position\":2,\"name\":\"Former Nigeria star tells Osimhen he is not Ronaldo\"}]},{\"@type\":\"WebSite\",\"@id\":\"https:\\\/\\\/mediumseagreen-eel-531711.hostingersite.com\\\/#website\",\"url\":\"https:\\\/\\\/mediumseagreen-eel-531711.hostingersite.com\\\/\",\"name\":\"Bladna News - Morocco\",\"description\":\"Where Moroccan Football Meets the World\",\"publisher\":{\"@id\":\"https:\\\/\\\/mediumseagreen-eel-531711.hostingersite.com\\\/#organization\"},\"potentialAction\":[{\"@type\":\"SearchAction\",\"target\":{\"@type\":\"EntryPoint\",\"urlTemplate\":\"https:\\\/\\\/mediumseagreen-eel-531711.hostingersite.com\\\/?s={search_term_string}\"},\"query-input\":{\"@type\":\"PropertyValueSpecification\",\"valueRequired\":true,\"valueName\":\"search_term_string\"}}],\"inLanguage\":\"fr-FR\"},{\"@type\":\"Organization\",\"@id\":\"https:\\\/\\\/mediumseagreen-eel-531711.hostingersite.com\\\/#organization\",\"name\":\"Bladna News.com\",\"url\":\"https:\\\/\\\/mediumseagreen-eel-531711.hostingersite.com\\\/\",\"logo\":{\"@type\":\"ImageObject\",\"inLanguage\":\"fr-FR\",\"@id\":\"https:\\\/\\\/mediumseagreen-eel-531711.hostingersite.com\\\/#\\\/schema\\\/logo\\\/image\\\/\",\"url\":\"https:\\\/\\\/bladnanews.com\\\/wp-content\\\/uploads\\\/2025\\\/12\\\/logo-bladnanews-V2-web-black-red.png\",\"contentUrl\":\"https:\\\/\\\/bladnanews.com\\\/wp-content\\\/uploads\\\/2025\\\/12\\\/logo-bladnanews-V2-web-black-red.png\",\"width\":703,\"height\":287,\"caption\":\"Bladna News.com\"},\"image\":{\"@id\":\"https:\\\/\\\/mediumseagreen-eel-531711.hostingersite.com\\\/#\\\/schema\\\/logo\\\/image\\\/\"},\"email\":\"info@bladnanews.com\",\"legalName\":\"Bladna News\"},{\"@type\":\"Person\",\"@id\":\"https:\\\/\\\/mediumseagreen-eel-531711.hostingersite.com\\\/#\\\/schema\\\/person\\\/6712b38fabe810f7eb8d15ed30d90f1e\",\"name\":\"Bladna Sports Desk\",\"url\":\"https:\\\/\\\/bladnanews.com\\\/fr\\\/author\\\/bladna-sports-desk\\\/\"}]}<\/script>\n<!-- \/ Yoast SEO Premium plugin. -->","yoast_head_json":{"title":"L'ancien star du Nigeria dit \u00e0 Osimhen qu'il n'est pas Ronaldo - Bladna News","robots":{"index":"index","follow":"follow","max-snippet":"max-snippet:-1","max-image-preview":"max-image-preview:large","max-video-preview":"max-video-preview:-1"},"canonical":"https:\/\/bladnanews.com\/fr\/lancien-star-nigerian-dit-a-osimhen-quil-nest-pas-ronaldo\/","og_locale":"fr_FR","og_type":"article","og_title":"Former Nigeria star tells Osimhen he is not Ronaldo","og_description":"Former Nigeria striker Obafemi Martins has stirred debate after a blunt message to compatriot Victor Osimhen, insisting the Napoli forward [&hellip;]","og_url":"https:\/\/bladnanews.com\/fr\/lancien-star-nigerian-dit-a-osimhen-quil-nest-pas-ronaldo\/","og_site_name":"Bladna News","article_published_time":"2026-01-12T09:50:56+00:00","og_image":[{"width":1312,"height":736,"url":"https:\/\/bladnanews.com\/wp-content\/uploads\/2025\/12\/freepik__bladna-newscom-moroccan-soccer-homepage-banner-mor__41838.png","type":"image\/png"}],"author":"Bladna Sports Desk","twitter_card":"summary_large_image","twitter_misc":{"\u00c9crit par":"Bladna Sports Desk","Dur\u00e9e de lecture estim\u00e9e":"1 minute"},"schema":{"@context":"https:\/\/schema.org","@graph":[{"@type":"Article","@id":"https:\/\/bladnanews.com\/former-nigeria-star-tells-osimhen-he-is-not-ronaldo\/#article","isPartOf":{"@id":"https:\/\/bladnanews.com\/former-nigeria-star-tells-osimhen-he-is-not-ronaldo\/"},"author":{"name":"Bladna Sports Desk","@id":"https:\/\/mediumseagreen-eel-531711.hostingersite.com\/#\/schema\/person\/6712b38fabe810f7eb8d15ed30d90f1e"},"headline":"Former Nigeria star tells Osimhen he is not Ronaldo","datePublished":"2026-01-12T09:50:56+00:00","mainEntityOfPage":{"@id":"https:\/\/bladnanews.com\/former-nigeria-star-tells-osimhen-he-is-not-ronaldo\/"},"wordCount":206,"publisher":{"@id":"https:\/\/mediumseagreen-eel-531711.hostingersite.com\/#organization"},"image":{"@id":"https:\/\/bladnanews.com\/former-nigeria-star-tells-osimhen-he-is-not-ronaldo\/#primaryimage"},"thumbnailUrl":"https:\/\/bladnanews.com\/wp-content\/uploads\/2026\/01\/GettyImages-2254974957.jpg.jpg","articleSection":["Latest News","Morocco National Team"],"inLanguage":"fr-FR","copyrightYear":"2026","copyrightHolder":{"@id":"https:\/\/bladnanews.com\/fr\/#organization"}},{"@type":"WebPage","@id":"https:\/\/bladnanews.com\/former-nigeria-star-tells-osimhen-he-is-not-ronaldo\/","url":"https:\/\/bladnanews.com\/former-nigeria-star-tells-osimhen-he-is-not-ronaldo\/","name":"L'ancien star du Nigeria dit \u00e0 Osimhen qu'il n'est pas Ronaldo - Bladna News","isPartOf":{"@id":"https:\/\/mediumseagreen-eel-531711.hostingersite.com\/#website"},"primaryImageOfPage":{"@id":"https:\/\/bladnanews.com\/former-nigeria-star-tells-osimhen-he-is-not-ronaldo\/#primaryimage"},"image":{"@id":"https:\/\/bladnanews.com\/former-nigeria-star-tells-osimhen-he-is-not-ronaldo\/#primaryimage"},"thumbnailUrl":"https:\/\/bladnanews.com\/wp-content\/uploads\/2026\/01\/GettyImages-2254974957.jpg.jpg","datePublished":"2026-01-12T09:50:56+00:00","breadcrumb":{"@id":"https:\/\/bladnanews.com\/former-nigeria-star-tells-osimhen-he-is-not-ronaldo\/#breadcrumb"},"inLanguage":"fr-FR","potentialAction":[{"@type":"ReadAction","target":["https:\/\/bladnanews.com\/former-nigeria-star-tells-osimhen-he-is-not-ronaldo\/"]}]},{"@type":"ImageObject","inLanguage":"fr-FR","@id":"https:\/\/bladnanews.com\/former-nigeria-star-tells-osimhen-he-is-not-ronaldo\/#primaryimage","url":"https:\/\/bladnanews.com\/wp-content\/uploads\/2026\/01\/GettyImages-2254974957.jpg.jpg","contentUrl":"https:\/\/bladnanews.com\/wp-content\/uploads\/2026\/01\/GettyImages-2254974957.jpg.jpg","width":2144,"height":1206,"caption":"Nigeria's Victor Osimhen adjusts a black face mask during a match, wearing the team's vibrant green kit with distinctive patterns."},{"@type":"BreadcrumbList","@id":"https:\/\/bladnanews.com\/former-nigeria-star-tells-osimhen-he-is-not-ronaldo\/#breadcrumb","itemListElement":[{"@type":"ListItem","position":1,"name":"Home","item":"https:\/\/bladnanews.com\/"},{"@type":"ListItem","position":2,"name":"Former Nigeria star tells Osimhen he is not Ronaldo"}]},{"@type":"WebSite","@id":"https:\/\/mediumseagreen-eel-531711.hostingersite.com\/#website","url":"https:\/\/mediumseagreen-eel-531711.hostingersite.com\/","name":"Bladna News - Maroc","description":"Quand le football marocain rencontre le monde","publisher":{"@id":"https:\/\/mediumseagreen-eel-531711.hostingersite.com\/#organization"},"potentialAction":[{"@type":"SearchAction","target":{"@type":"EntryPoint","urlTemplate":"https:\/\/mediumseagreen-eel-531711.hostingersite.com\/?s={search_term_string}"},"query-input":{"@type":"PropertyValueSpecification","valueRequired":true,"valueName":"search_term_string"}}],"inLanguage":"fr-FR"},{"@type":"Organization","@id":"https:\/\/mediumseagreen-eel-531711.hostingersite.com\/#organization","name":"Bladna News.com","url":"https:\/\/mediumseagreen-eel-531711.hostingersite.com\/","logo":{"@type":"ImageObject","inLanguage":"fr-FR","@id":"https:\/\/mediumseagreen-eel-531711.hostingersite.com\/#\/schema\/logo\/image\/","url":"https:\/\/bladnanews.com\/wp-content\/uploads\/2025\/12\/logo-bladnanews-V2-web-black-red.png","contentUrl":"https:\/\/bladnanews.com\/wp-content\/uploads\/2025\/12\/logo-bladnanews-V2-web-black-red.png","width":703,"height":287,"caption":"Bladna News.com"},"image":{"@id":"https:\/\/mediumseagreen-eel-531711.hostingersite.com\/#\/schema\/logo\/image\/"},"email":"info@bladnanews.com","legalName":"Bladna News"},{"@type":"Person","@id":"https:\/\/mediumseagreen-eel-531711.hostingersite.com\/#\/schema\/person\/6712b38fabe810f7eb8d15ed30d90f1e","name":"Bladna Sports Desk","url":"https:\/\/bladnanews.com\/fr\/author\/bladna-sports-desk\/"}]}},"_links":{"self":[{"href":"https:\/\/bladnanews.com\/fr\/wp-json\/wp\/v2\/posts\/5929","targetHints":{"allow":["GET"]}}],"collection":[{"href":"https:\/\/bladnanews.com\/fr\/wp-json\/wp\/v2\/posts"}],"about":[{"href":"https:\/\/bladnanews.com\/fr\/wp-json\/wp\/v2\/types\/post"}],"author":[{"embeddable":true,"href":"https:\/\/bladnanews.com\/fr\/wp-json\/wp\/v2\/users\/4"}],"replies":[{"embeddable":true,"href":"https:\/\/bladnanews.com\/fr\/wp-json\/wp\/v2\/comments?post=5929"}],"version-history":[{"count":0,"href":"https:\/\/bladnanews.com\/fr\/wp-json\/wp\/v2\/posts\/5929\/revisions"}],"wp:featuredmedia":[{"embeddable":true,"href":"https:\/\/bladnanews.com\/fr\/wp-json\/wp\/v2\/media\/5928"}],"wp:attachment":[{"href":"https:\/\/bladnanews.com\/fr\/wp-json\/wp\/v2\/media?parent=5929"}],"wp:term":[{"taxonomy":"category","embeddable":true,"href":"https:\/\/bladnanews.com\/fr\/wp-json\/wp\/v2\/categories?post=5929"},{"taxonomy":"post_tag","embeddable":true,"href":"https:\/\/bladnanews.com\/fr\/wp-json\/wp\/v2\/tags?post=5929"}],"curies":[{"name":"wp","href":"https:\/\/api.w.org\/{rel}","templated":true}]}}