{"id":5965,"date":"2026-01-12T10:39:31","date_gmt":"2026-01-12T10:39:31","guid":{"rendered":"https:\/\/bladnanews.com\/marcus-rashford-reveals-feelings-on-barcelona-loan-deal\/"},"modified":"2026-01-12T10:39:31","modified_gmt":"2026-01-12T10:39:31","slug":"marcus-rashford-revele-ses-sentiments-concernant-un-pret-au-fc-barcelone","status":"publish","type":"post","link":"https:\/\/bladnanews.com\/fr\/marcus-rashford-revele-ses-sentiments-concernant-un-pret-au-fc-barcelone\/","title":{"rendered":"Marcus Rashford r\u00e9v\u00e8le ses sentiments concernant un pr\u00eat au FC Barcelone."},"content":{"rendered":"<p>Marcus Rashford a reconnu qu'il adorait sa vie \u00e0 Barcelone et esp\u00e8re que son passage chez les g\u00e9ants espagnols ne prendra pas fin de sit\u00f4t, apr\u00e8s avoir soulev\u00e9 son premier troph\u00e9e aux couleurs blaugrana.<\/p>\n<p>L'attaquant anglais, actuellement pr\u00eat\u00e9 par Manchester United, s'est rapidement adapt\u00e9 en Espagne et a jou\u00e9 son r\u00f4le alors que Barcelone a ajout\u00e9 un troph\u00e9e \u00e0 son palmar\u00e8s cette saison. S'exprimant apr\u00e8s les c\u00e9l\u00e9brations, Rashford a clairement indiqu\u00e9 ce qu'il ressentait concernant ce transfert et les rumeurs croissantes d'un retour \u00e0 Old Trafford.<\/p>\n<p><strong>\u201c J'esp\u00e8re que non ! \u201d<\/strong> Rashford a d\u00e9clar\u00e9, interrog\u00e9 sur la possibilit\u00e9 de retourner bient\u00f4t \u00e0 United, avant de souligner \u00e0 quel point il est heureux \u00e0 Barcelone et combien il a appr\u00e9ci\u00e9 son premier go\u00fbt du succ\u00e8s avec le club.<\/p>\n<p>Les commentaires de Rashford interviennent \u00e0 un moment o\u00f9 des questions sont soulev\u00e9es sur son avenir \u00e0 long terme, sa situation \u00e0 United faisant toujours d\u00e9bat en Angleterre. L'incertitude n'a fait que s'accro\u00eetre suite \u00e0 la sortie confirm\u00e9e de Ruben Amorim, ce qui a aliment\u00e9 les discussions sur la suite des \u00e9v\u00e9nements pour plusieurs joueurs li\u00e9s au club.<\/p>\n<p>Pour l'instant, Rashford insiste sur le fait que son focus est sur Barcelone. Il a d\u00e9crit la victoire du troph\u00e9e comme un moment sp\u00e9cial et a point\u00e9 l'ambiance autour du club, ses co\u00e9quipiers et les supporters comme des raisons cl\u00e9s pour lesquelles il a accept\u00e9 le d\u00e9fi de jouer \u00e0 l'\u00e9tranger.<\/p>\n<p>Alors que le d\u00e9bat plus large sur sa prochaine \u00e9tape se poursuit, le message de Rashford \u00e9tait simple : il se sent chez lui \u00e0 Barcelone, il prend du plaisir \u00e0 jouer au football, et il pr\u00e9f\u00e9rerait que cela continue plut\u00f4t que de se pr\u00e9cipiter vers un nouveau changement.<\/p>","protected":false},"excerpt":{"rendered":"<p>Marcus Rashford has admitted he is loving life at Barcelona and hopes his spell with the Spanish giants does not [&hellip;]<\/p>\n","protected":false},"author":3,"featured_media":5964,"comment_status":"","ping_status":"open","sticky":false,"template":"","format":"standard","meta":{"googlesitekit_rrm_CAow_uzEDA:productID":"","site-sidebar-layout":"default","site-content-layout":"","ast-site-content-layout":"default","site-content-style":"default","site-sidebar-style":"default","ast-global-header-display":"","ast-banner-title-visibility":"","ast-main-header-display":"","ast-hfb-above-header-display":"","ast-hfb-below-header-display":"","ast-hfb-mobile-header-display":"","site-post-title":"","ast-breadcrumbs-content":"","ast-featured-img":"","footer-sml-layout":"","ast-disable-related-posts":"","theme-transparent-header-meta":"","adv-header-id-meta":"","stick-header-meta":"","header-above-stick-meta":"","header-main-stick-meta":"","header-below-stick-meta":"","astra-migrate-meta-layouts":"default","ast-page-background-enabled":"default","ast-page-background-meta":{"desktop":{"background-color":"var(--ast-global-color-5)","background-image":"","background-repeat":"repeat","background-position":"center center","background-size":"auto","background-attachment":"scroll","background-type":"","background-media":"","overlay-type":"","overlay-color":"","overlay-opacity":"","overlay-gradient":""},"tablet":{"background-color":"","background-image":"","background-repeat":"repeat","background-position":"center center","background-size":"auto","background-attachment":"scroll","background-type":"","background-media":"","overlay-type":"","overlay-color":"","overlay-opacity":"","overlay-gradient":""},"mobile":{"background-color":"","background-image":"","background-repeat":"repeat","background-position":"center center","background-size":"auto","background-attachment":"scroll","background-type":"","background-media":"","overlay-type":"","overlay-color":"","overlay-opacity":"","overlay-gradient":""}},"ast-content-background-meta":{"desktop":{"background-color":"var(--ast-global-color-4)","background-image":"","background-repeat":"repeat","background-position":"center center","background-size":"auto","background-attachment":"scroll","background-type":"","background-media":"","overlay-type":"","overlay-color":"","overlay-opacity":"","overlay-gradient":""},"tablet":{"background-color":"var(--ast-global-color-4)","background-image":"","background-repeat":"repeat","background-position":"center center","background-size":"auto","background-attachment":"scroll","background-type":"","background-media":"","overlay-type":"","overlay-color":"","overlay-opacity":"","overlay-gradient":""},"mobile":{"background-color":"var(--ast-global-color-4)","background-image":"","background-repeat":"repeat","background-position":"center center","background-size":"auto","background-attachment":"scroll","background-type":"","background-media":"","overlay-type":"","overlay-color":"","overlay-opacity":"","overlay-gradient":""}},"footnotes":""},"categories":[20,1],"tags":[],"class_list":["post-5965","post","type-post","status-publish","format-standard","has-post-thumbnail","hentry","category-international","category-football-latest-news"],"yoast_head":"<!-- This site is optimized with the Yoast SEO Premium plugin v26.6 (Yoast SEO v27.5) - https:\/\/yoast.com\/product\/yoast-seo-premium-wordpress\/ -->\n<title>Marcus Rashford reveals feelings on Barcelona loan deal - Bladna News<\/title>\n<meta name=\"robots\" content=\"index, follow, max-snippet:-1, max-image-preview:large, max-video-preview:-1\" \/>\n<link rel=\"canonical\" href=\"https:\/\/bladnanews.com\/fr\/marcus-rashford-revele-ses-sentiments-concernant-un-pret-au-fc-barcelone\/\" \/>\n<meta property=\"og:locale\" content=\"fr_FR\" \/>\n<meta property=\"og:type\" content=\"article\" \/>\n<meta property=\"og:title\" content=\"Marcus Rashford reveals feelings on Barcelona loan deal\" \/>\n<meta property=\"og:description\" content=\"Marcus Rashford has admitted he is loving life at Barcelona and hopes his spell with the Spanish giants does not [&hellip;]\" \/>\n<meta property=\"og:url\" content=\"https:\/\/bladnanews.com\/fr\/marcus-rashford-revele-ses-sentiments-concernant-un-pret-au-fc-barcelone\/\" \/>\n<meta property=\"og:site_name\" content=\"Bladna News\" \/>\n<meta property=\"article:published_time\" content=\"2026-01-12T10:39:31+00:00\" \/>\n<meta property=\"og:image\" content=\"https:\/\/bladnanews.com\/wp-content\/uploads\/2025\/12\/freepik__bladna-newscom-moroccan-soccer-homepage-banner-mor__41838.png\" \/>\n\t<meta property=\"og:image:width\" content=\"1312\" \/>\n\t<meta property=\"og:image:height\" content=\"736\" \/>\n\t<meta property=\"og:image:type\" content=\"image\/png\" \/>\n<meta name=\"author\" content=\"Bladna News Staff\" \/>\n<meta name=\"twitter:card\" content=\"summary_large_image\" \/>\n<meta name=\"twitter:label1\" content=\"\u00c9crit par\" \/>\n\t<meta name=\"twitter:data1\" content=\"Bladna News Staff\" \/>\n\t<meta name=\"twitter:label2\" content=\"Dur\u00e9e de lecture estim\u00e9e\" \/>\n\t<meta name=\"twitter:data2\" content=\"1 minute\" \/>\n<script type=\"application\/ld+json\" class=\"yoast-schema-graph\">{\"@context\":\"https:\\\/\\\/schema.org\",\"@graph\":[{\"@type\":\"Article\",\"@id\":\"https:\\\/\\\/bladnanews.com\\\/marcus-rashford-reveals-feelings-on-barcelona-loan-deal\\\/#article\",\"isPartOf\":{\"@id\":\"https:\\\/\\\/bladnanews.com\\\/marcus-rashford-reveals-feelings-on-barcelona-loan-deal\\\/\"},\"author\":{\"name\":\"Bladna News Staff\",\"@id\":\"https:\\\/\\\/mediumseagreen-eel-531711.hostingersite.com\\\/#\\\/schema\\\/person\\\/268e18a453ab080ebf76df6ef7845083\"},\"headline\":\"Marcus Rashford reveals feelings on Barcelona loan deal\",\"datePublished\":\"2026-01-12T10:39:31+00:00\",\"mainEntityOfPage\":{\"@id\":\"https:\\\/\\\/bladnanews.com\\\/marcus-rashford-reveals-feelings-on-barcelona-loan-deal\\\/\"},\"wordCount\":266,\"publisher\":{\"@id\":\"https:\\\/\\\/mediumseagreen-eel-531711.hostingersite.com\\\/#organization\"},\"image\":{\"@id\":\"https:\\\/\\\/bladnanews.com\\\/marcus-rashford-reveals-feelings-on-barcelona-loan-deal\\\/#primaryimage\"},\"thumbnailUrl\":\"https:\\\/\\\/bladnanews.com\\\/wp-content\\\/uploads\\\/2026\\\/01\\\/BladnaNews-Marcus-Rashford-reveals-feelings-on-Barcelona-loan-deal-2026-01-12T171035.058Z.jpg\",\"articleSection\":[\"International\",\"Latest News\"],\"inLanguage\":\"fr-FR\",\"copyrightYear\":\"2026\",\"copyrightHolder\":{\"@id\":\"https:\\\/\\\/bladnanews.com\\\/fr\\\/#organization\"}},{\"@type\":\"WebPage\",\"@id\":\"https:\\\/\\\/bladnanews.com\\\/marcus-rashford-reveals-feelings-on-barcelona-loan-deal\\\/\",\"url\":\"https:\\\/\\\/bladnanews.com\\\/marcus-rashford-reveals-feelings-on-barcelona-loan-deal\\\/\",\"name\":\"Marcus Rashford reveals feelings on Barcelona loan deal - Bladna News\",\"isPartOf\":{\"@id\":\"https:\\\/\\\/mediumseagreen-eel-531711.hostingersite.com\\\/#website\"},\"primaryImageOfPage\":{\"@id\":\"https:\\\/\\\/bladnanews.com\\\/marcus-rashford-reveals-feelings-on-barcelona-loan-deal\\\/#primaryimage\"},\"image\":{\"@id\":\"https:\\\/\\\/bladnanews.com\\\/marcus-rashford-reveals-feelings-on-barcelona-loan-deal\\\/#primaryimage\"},\"thumbnailUrl\":\"https:\\\/\\\/bladnanews.com\\\/wp-content\\\/uploads\\\/2026\\\/01\\\/BladnaNews-Marcus-Rashford-reveals-feelings-on-Barcelona-loan-deal-2026-01-12T171035.058Z.jpg\",\"datePublished\":\"2026-01-12T10:39:31+00:00\",\"breadcrumb\":{\"@id\":\"https:\\\/\\\/bladnanews.com\\\/marcus-rashford-reveals-feelings-on-barcelona-loan-deal\\\/#breadcrumb\"},\"inLanguage\":\"fr-FR\",\"potentialAction\":[{\"@type\":\"ReadAction\",\"target\":[\"https:\\\/\\\/bladnanews.com\\\/marcus-rashford-reveals-feelings-on-barcelona-loan-deal\\\/\"]}]},{\"@type\":\"ImageObject\",\"inLanguage\":\"fr-FR\",\"@id\":\"https:\\\/\\\/bladnanews.com\\\/marcus-rashford-reveals-feelings-on-barcelona-loan-deal\\\/#primaryimage\",\"url\":\"https:\\\/\\\/bladnanews.com\\\/wp-content\\\/uploads\\\/2026\\\/01\\\/BladnaNews-Marcus-Rashford-reveals-feelings-on-Barcelona-loan-deal-2026-01-12T171035.058Z.jpg\",\"contentUrl\":\"https:\\\/\\\/bladnanews.com\\\/wp-content\\\/uploads\\\/2026\\\/01\\\/BladnaNews-Marcus-Rashford-reveals-feelings-on-Barcelona-loan-deal-2026-01-12T171035.058Z.jpg\",\"width\":2224,\"height\":1251,\"caption\":\"Marcus Rashford in Barcelona's iconic claret and blue kit, focused on the play during a match, showcasing determination on the pitch.\"},{\"@type\":\"BreadcrumbList\",\"@id\":\"https:\\\/\\\/bladnanews.com\\\/marcus-rashford-reveals-feelings-on-barcelona-loan-deal\\\/#breadcrumb\",\"itemListElement\":[{\"@type\":\"ListItem\",\"position\":1,\"name\":\"Home\",\"item\":\"https:\\\/\\\/bladnanews.com\\\/\"},{\"@type\":\"ListItem\",\"position\":2,\"name\":\"Marcus Rashford reveals feelings on Barcelona loan deal\"}]},{\"@type\":\"WebSite\",\"@id\":\"https:\\\/\\\/mediumseagreen-eel-531711.hostingersite.com\\\/#website\",\"url\":\"https:\\\/\\\/mediumseagreen-eel-531711.hostingersite.com\\\/\",\"name\":\"Bladna News - Morocco\",\"description\":\"Where Moroccan Football Meets the World\",\"publisher\":{\"@id\":\"https:\\\/\\\/mediumseagreen-eel-531711.hostingersite.com\\\/#organization\"},\"potentialAction\":[{\"@type\":\"SearchAction\",\"target\":{\"@type\":\"EntryPoint\",\"urlTemplate\":\"https:\\\/\\\/mediumseagreen-eel-531711.hostingersite.com\\\/?s={search_term_string}\"},\"query-input\":{\"@type\":\"PropertyValueSpecification\",\"valueRequired\":true,\"valueName\":\"search_term_string\"}}],\"inLanguage\":\"fr-FR\"},{\"@type\":\"Organization\",\"@id\":\"https:\\\/\\\/mediumseagreen-eel-531711.hostingersite.com\\\/#organization\",\"name\":\"Bladna News.com\",\"url\":\"https:\\\/\\\/mediumseagreen-eel-531711.hostingersite.com\\\/\",\"logo\":{\"@type\":\"ImageObject\",\"inLanguage\":\"fr-FR\",\"@id\":\"https:\\\/\\\/mediumseagreen-eel-531711.hostingersite.com\\\/#\\\/schema\\\/logo\\\/image\\\/\",\"url\":\"https:\\\/\\\/bladnanews.com\\\/wp-content\\\/uploads\\\/2025\\\/12\\\/logo-bladnanews-V2-web-black-red.png\",\"contentUrl\":\"https:\\\/\\\/bladnanews.com\\\/wp-content\\\/uploads\\\/2025\\\/12\\\/logo-bladnanews-V2-web-black-red.png\",\"width\":703,\"height\":287,\"caption\":\"Bladna News.com\"},\"image\":{\"@id\":\"https:\\\/\\\/mediumseagreen-eel-531711.hostingersite.com\\\/#\\\/schema\\\/logo\\\/image\\\/\"},\"email\":\"info@bladnanews.com\",\"legalName\":\"Bladna News\"},{\"@type\":\"Person\",\"@id\":\"https:\\\/\\\/mediumseagreen-eel-531711.hostingersite.com\\\/#\\\/schema\\\/person\\\/268e18a453ab080ebf76df6ef7845083\",\"name\":\"Bladna News Staff\",\"url\":\"https:\\\/\\\/bladnanews.com\\\/fr\\\/author\\\/bladna-news-staff\\\/\"}]}<\/script>\n<!-- \/ Yoast SEO Premium plugin. -->","yoast_head_json":{"title":"Marcus Rashford r\u00e9v\u00e8le ses sentiments concernant un pr\u00eat au FC Barcelone - Bladna News","robots":{"index":"index","follow":"follow","max-snippet":"max-snippet:-1","max-image-preview":"max-image-preview:large","max-video-preview":"max-video-preview:-1"},"canonical":"https:\/\/bladnanews.com\/fr\/marcus-rashford-revele-ses-sentiments-concernant-un-pret-au-fc-barcelone\/","og_locale":"fr_FR","og_type":"article","og_title":"Marcus Rashford reveals feelings on Barcelona loan deal","og_description":"Marcus Rashford has admitted he is loving life at Barcelona and hopes his spell with the Spanish giants does not [&hellip;]","og_url":"https:\/\/bladnanews.com\/fr\/marcus-rashford-revele-ses-sentiments-concernant-un-pret-au-fc-barcelone\/","og_site_name":"Bladna News","article_published_time":"2026-01-12T10:39:31+00:00","og_image":[{"width":1312,"height":736,"url":"https:\/\/bladnanews.com\/wp-content\/uploads\/2025\/12\/freepik__bladna-newscom-moroccan-soccer-homepage-banner-mor__41838.png","type":"image\/png"}],"author":"Bladna News Staff","twitter_card":"summary_large_image","twitter_misc":{"\u00c9crit par":"Bladna News Staff","Dur\u00e9e de lecture estim\u00e9e":"1 minute"},"schema":{"@context":"https:\/\/schema.org","@graph":[{"@type":"Article","@id":"https:\/\/bladnanews.com\/marcus-rashford-reveals-feelings-on-barcelona-loan-deal\/#article","isPartOf":{"@id":"https:\/\/bladnanews.com\/marcus-rashford-reveals-feelings-on-barcelona-loan-deal\/"},"author":{"name":"Bladna News Staff","@id":"https:\/\/mediumseagreen-eel-531711.hostingersite.com\/#\/schema\/person\/268e18a453ab080ebf76df6ef7845083"},"headline":"Marcus Rashford reveals feelings on Barcelona loan deal","datePublished":"2026-01-12T10:39:31+00:00","mainEntityOfPage":{"@id":"https:\/\/bladnanews.com\/marcus-rashford-reveals-feelings-on-barcelona-loan-deal\/"},"wordCount":266,"publisher":{"@id":"https:\/\/mediumseagreen-eel-531711.hostingersite.com\/#organization"},"image":{"@id":"https:\/\/bladnanews.com\/marcus-rashford-reveals-feelings-on-barcelona-loan-deal\/#primaryimage"},"thumbnailUrl":"https:\/\/bladnanews.com\/wp-content\/uploads\/2026\/01\/BladnaNews-Marcus-Rashford-reveals-feelings-on-Barcelona-loan-deal-2026-01-12T171035.058Z.jpg","articleSection":["International","Latest News"],"inLanguage":"fr-FR","copyrightYear":"2026","copyrightHolder":{"@id":"https:\/\/bladnanews.com\/fr\/#organization"}},{"@type":"WebPage","@id":"https:\/\/bladnanews.com\/marcus-rashford-reveals-feelings-on-barcelona-loan-deal\/","url":"https:\/\/bladnanews.com\/marcus-rashford-reveals-feelings-on-barcelona-loan-deal\/","name":"Marcus Rashford r\u00e9v\u00e8le ses sentiments concernant un pr\u00eat au FC Barcelone - Bladna News","isPartOf":{"@id":"https:\/\/mediumseagreen-eel-531711.hostingersite.com\/#website"},"primaryImageOfPage":{"@id":"https:\/\/bladnanews.com\/marcus-rashford-reveals-feelings-on-barcelona-loan-deal\/#primaryimage"},"image":{"@id":"https:\/\/bladnanews.com\/marcus-rashford-reveals-feelings-on-barcelona-loan-deal\/#primaryimage"},"thumbnailUrl":"https:\/\/bladnanews.com\/wp-content\/uploads\/2026\/01\/BladnaNews-Marcus-Rashford-reveals-feelings-on-Barcelona-loan-deal-2026-01-12T171035.058Z.jpg","datePublished":"2026-01-12T10:39:31+00:00","breadcrumb":{"@id":"https:\/\/bladnanews.com\/marcus-rashford-reveals-feelings-on-barcelona-loan-deal\/#breadcrumb"},"inLanguage":"fr-FR","potentialAction":[{"@type":"ReadAction","target":["https:\/\/bladnanews.com\/marcus-rashford-reveals-feelings-on-barcelona-loan-deal\/"]}]},{"@type":"ImageObject","inLanguage":"fr-FR","@id":"https:\/\/bladnanews.com\/marcus-rashford-reveals-feelings-on-barcelona-loan-deal\/#primaryimage","url":"https:\/\/bladnanews.com\/wp-content\/uploads\/2026\/01\/BladnaNews-Marcus-Rashford-reveals-feelings-on-Barcelona-loan-deal-2026-01-12T171035.058Z.jpg","contentUrl":"https:\/\/bladnanews.com\/wp-content\/uploads\/2026\/01\/BladnaNews-Marcus-Rashford-reveals-feelings-on-Barcelona-loan-deal-2026-01-12T171035.058Z.jpg","width":2224,"height":1251,"caption":"Marcus Rashford in Barcelona's iconic claret and blue kit, focused on the play during a match, showcasing determination on the pitch."},{"@type":"BreadcrumbList","@id":"https:\/\/bladnanews.com\/marcus-rashford-reveals-feelings-on-barcelona-loan-deal\/#breadcrumb","itemListElement":[{"@type":"ListItem","position":1,"name":"Home","item":"https:\/\/bladnanews.com\/"},{"@type":"ListItem","position":2,"name":"Marcus Rashford reveals feelings on Barcelona loan deal"}]},{"@type":"WebSite","@id":"https:\/\/mediumseagreen-eel-531711.hostingersite.com\/#website","url":"https:\/\/mediumseagreen-eel-531711.hostingersite.com\/","name":"Bladna News - Maroc","description":"Quand le football marocain rencontre le monde","publisher":{"@id":"https:\/\/mediumseagreen-eel-531711.hostingersite.com\/#organization"},"potentialAction":[{"@type":"SearchAction","target":{"@type":"EntryPoint","urlTemplate":"https:\/\/mediumseagreen-eel-531711.hostingersite.com\/?s={search_term_string}"},"query-input":{"@type":"PropertyValueSpecification","valueRequired":true,"valueName":"search_term_string"}}],"inLanguage":"fr-FR"},{"@type":"Organization","@id":"https:\/\/mediumseagreen-eel-531711.hostingersite.com\/#organization","name":"Bladna News.com","url":"https:\/\/mediumseagreen-eel-531711.hostingersite.com\/","logo":{"@type":"ImageObject","inLanguage":"fr-FR","@id":"https:\/\/mediumseagreen-eel-531711.hostingersite.com\/#\/schema\/logo\/image\/","url":"https:\/\/bladnanews.com\/wp-content\/uploads\/2025\/12\/logo-bladnanews-V2-web-black-red.png","contentUrl":"https:\/\/bladnanews.com\/wp-content\/uploads\/2025\/12\/logo-bladnanews-V2-web-black-red.png","width":703,"height":287,"caption":"Bladna News.com"},"image":{"@id":"https:\/\/mediumseagreen-eel-531711.hostingersite.com\/#\/schema\/logo\/image\/"},"email":"info@bladnanews.com","legalName":"Bladna News"},{"@type":"Person","@id":"https:\/\/mediumseagreen-eel-531711.hostingersite.com\/#\/schema\/person\/268e18a453ab080ebf76df6ef7845083","name":"\u00c9quipe r\u00e9dactionnelle de Bladna News","url":"https:\/\/bladnanews.com\/fr\/author\/bladna-news-staff\/"}]}},"_links":{"self":[{"href":"https:\/\/bladnanews.com\/fr\/wp-json\/wp\/v2\/posts\/5965","targetHints":{"allow":["GET"]}}],"collection":[{"href":"https:\/\/bladnanews.com\/fr\/wp-json\/wp\/v2\/posts"}],"about":[{"href":"https:\/\/bladnanews.com\/fr\/wp-json\/wp\/v2\/types\/post"}],"author":[{"embeddable":true,"href":"https:\/\/bladnanews.com\/fr\/wp-json\/wp\/v2\/users\/3"}],"replies":[{"embeddable":true,"href":"https:\/\/bladnanews.com\/fr\/wp-json\/wp\/v2\/comments?post=5965"}],"version-history":[{"count":0,"href":"https:\/\/bladnanews.com\/fr\/wp-json\/wp\/v2\/posts\/5965\/revisions"}],"wp:featuredmedia":[{"embeddable":true,"href":"https:\/\/bladnanews.com\/fr\/wp-json\/wp\/v2\/media\/5964"}],"wp:attachment":[{"href":"https:\/\/bladnanews.com\/fr\/wp-json\/wp\/v2\/media?parent=5965"}],"wp:term":[{"taxonomy":"category","embeddable":true,"href":"https:\/\/bladnanews.com\/fr\/wp-json\/wp\/v2\/categories?post=5965"},{"taxonomy":"post_tag","embeddable":true,"href":"https:\/\/bladnanews.com\/fr\/wp-json\/wp\/v2\/tags?post=5965"}],"curies":[{"name":"wp","href":"https:\/\/api.w.org\/{rel}","templated":true}]}}