{"id":5996,"date":"2026-01-12T17:23:09","date_gmt":"2026-01-12T17:23:09","guid":{"rendered":"https:\/\/bladnanews.com\/regragui-weighs-ibrahim-diaz-fitness-ahead-of-nigeria-clash\/"},"modified":"2026-01-12T17:23:09","modified_gmt":"2026-01-12T17:23:09","slug":"regragui-evalue-la-condition-physique-dibrahim-diaz-avant-le-choc-contre-le-nigeria","status":"publish","type":"post","link":"https:\/\/bladnanews.com\/fr\/regragui-evalue-la-condition-physique-dibrahim-diaz-avant-le-choc-contre-le-nigeria\/","title":{"rendered":"Regragui p\u00e8se la forme d'Ibrahim Diaz avant le match contre le Nigeria"},"content":{"rendered":"<p>L'entra\u00eeneur du Maroc <strong>Walid Regragui<\/strong> surveille attentivement <strong>Ibrahim Diaz<\/strong> apr\u00e8s que le milieu de terrain s'est bless\u00e9 avant le match amical contre <strong>Nig\u00e9ria<\/strong>.<\/p>\n<p>Diaz a \u00e9t\u00e9 un \u00e9l\u00e9ment cl\u00e9 dans les plans de Regragui lors des derniers rassemblements, mais son \u00e9tat est devenu une pr\u00e9occupation alors que le Maroc se pr\u00e9pare pour le prochain test. Le staff technique suit de pr\u00e8s sa r\u00e9cup\u00e9ration lors des derni\u00e8res s\u00e9ances d'entra\u00eenement avant d'affronter le Nigeria.<\/p>\n<p>Regragui devrait \u00e9viter tout risque inutile, l'aptitude du joueur ne devant \u00eatre d\u00e9cid\u00e9e qu'apr\u00e8s les \u00e9valuations de l'\u00e9quipe m\u00e9dicale. Selon la d\u00e9marche du staff, la priorit\u00e9 est de prot\u00e9ger Diaz de toute rechute tout en gardant des options ouvertes pour le match.<\/p>\n<p>Cette situation am\u00e8ne Regragui \u00e0 envisager des alternatives au cas o\u00f9 Diaz ne serait pas autoris\u00e9 \u00e0 participer, le Maroc cherchant \u00e0 maintenir \u00e9quilibre et intensit\u00e9 face \u00e0 une solide \u00e9quipe nig\u00e9riane.<\/p>\n<p>Le rassemblement marocain s'est concentr\u00e9 sur les d\u00e9tails fins et la gestion de la condition physique, la blessure de Diaz \u00e9tant d\u00e9sormais l'un des principaux points \u00e0 l'ordre du jour avant l'affrontement contre le Nigeria.<\/p>","protected":false},"excerpt":{"rendered":"<p>Morocco coach Walid Regragui is carefully monitoring Ibrahim Diaz after the midfielder picked up an injury ahead of the friendly [&hellip;]<\/p>\n","protected":false},"author":4,"featured_media":5995,"comment_status":"","ping_status":"open","sticky":false,"template":"","format":"standard","meta":{"googlesitekit_rrm_CAow_uzEDA:productID":"","site-sidebar-layout":"default","site-content-layout":"","ast-site-content-layout":"default","site-content-style":"default","site-sidebar-style":"default","ast-global-header-display":"","ast-banner-title-visibility":"","ast-main-header-display":"","ast-hfb-above-header-display":"","ast-hfb-below-header-display":"","ast-hfb-mobile-header-display":"","site-post-title":"","ast-breadcrumbs-content":"","ast-featured-img":"","footer-sml-layout":"","ast-disable-related-posts":"","theme-transparent-header-meta":"","adv-header-id-meta":"","stick-header-meta":"","header-above-stick-meta":"","header-main-stick-meta":"","header-below-stick-meta":"","astra-migrate-meta-layouts":"default","ast-page-background-enabled":"default","ast-page-background-meta":{"desktop":{"background-color":"var(--ast-global-color-5)","background-image":"","background-repeat":"repeat","background-position":"center center","background-size":"auto","background-attachment":"scroll","background-type":"","background-media":"","overlay-type":"","overlay-color":"","overlay-opacity":"","overlay-gradient":""},"tablet":{"background-color":"","background-image":"","background-repeat":"repeat","background-position":"center center","background-size":"auto","background-attachment":"scroll","background-type":"","background-media":"","overlay-type":"","overlay-color":"","overlay-opacity":"","overlay-gradient":""},"mobile":{"background-color":"","background-image":"","background-repeat":"repeat","background-position":"center center","background-size":"auto","background-attachment":"scroll","background-type":"","background-media":"","overlay-type":"","overlay-color":"","overlay-opacity":"","overlay-gradient":""}},"ast-content-background-meta":{"desktop":{"background-color":"var(--ast-global-color-4)","background-image":"","background-repeat":"repeat","background-position":"center center","background-size":"auto","background-attachment":"scroll","background-type":"","background-media":"","overlay-type":"","overlay-color":"","overlay-opacity":"","overlay-gradient":""},"tablet":{"background-color":"var(--ast-global-color-4)","background-image":"","background-repeat":"repeat","background-position":"center center","background-size":"auto","background-attachment":"scroll","background-type":"","background-media":"","overlay-type":"","overlay-color":"","overlay-opacity":"","overlay-gradient":""},"mobile":{"background-color":"var(--ast-global-color-4)","background-image":"","background-repeat":"repeat","background-position":"center center","background-size":"auto","background-attachment":"scroll","background-type":"","background-media":"","overlay-type":"","overlay-color":"","overlay-opacity":"","overlay-gradient":""}},"footnotes":""},"categories":[1,168],"tags":[],"class_list":["post-5996","post","type-post","status-publish","format-standard","has-post-thumbnail","hentry","category-football-latest-news","category-morocco-national-team"],"yoast_head":"<!-- This site is optimized with the Yoast SEO Premium plugin v26.6 (Yoast SEO v27.4) - https:\/\/yoast.com\/product\/yoast-seo-premium-wordpress\/ -->\n<title>Regragui weighs Ibrahim Diaz fitness ahead of Nigeria clash - Bladna News<\/title>\n<meta name=\"robots\" content=\"index, follow, max-snippet:-1, max-image-preview:large, max-video-preview:-1\" \/>\n<link rel=\"canonical\" href=\"https:\/\/bladnanews.com\/fr\/regragui-evalue-la-condition-physique-dibrahim-diaz-avant-le-choc-contre-le-nigeria\/\" \/>\n<meta property=\"og:locale\" content=\"fr_FR\" \/>\n<meta property=\"og:type\" content=\"article\" \/>\n<meta property=\"og:title\" content=\"Regragui weighs Ibrahim Diaz fitness ahead of Nigeria clash\" \/>\n<meta property=\"og:description\" content=\"Morocco coach Walid Regragui is carefully monitoring Ibrahim Diaz after the midfielder picked up an injury ahead of the friendly [&hellip;]\" \/>\n<meta property=\"og:url\" content=\"https:\/\/bladnanews.com\/fr\/regragui-evalue-la-condition-physique-dibrahim-diaz-avant-le-choc-contre-le-nigeria\/\" \/>\n<meta property=\"og:site_name\" content=\"Bladna News\" \/>\n<meta property=\"article:published_time\" content=\"2026-01-12T17:23:09+00:00\" \/>\n<meta property=\"og:image\" content=\"https:\/\/bladnanews.com\/wp-content\/uploads\/2025\/12\/freepik__bladna-newscom-moroccan-soccer-homepage-banner-mor__41838.png\" \/>\n\t<meta property=\"og:image:width\" content=\"1312\" \/>\n\t<meta property=\"og:image:height\" content=\"736\" \/>\n\t<meta property=\"og:image:type\" content=\"image\/png\" \/>\n<meta name=\"author\" content=\"Bladna Sports Desk\" \/>\n<meta name=\"twitter:card\" content=\"summary_large_image\" \/>\n<meta name=\"twitter:label1\" content=\"\u00c9crit par\" \/>\n\t<meta name=\"twitter:data1\" content=\"Bladna Sports Desk\" \/>\n\t<meta name=\"twitter:label2\" content=\"Dur\u00e9e de lecture estim\u00e9e\" \/>\n\t<meta name=\"twitter:data2\" content=\"1 minute\" \/>\n<script type=\"application\/ld+json\" class=\"yoast-schema-graph\">{\"@context\":\"https:\\\/\\\/schema.org\",\"@graph\":[{\"@type\":\"Article\",\"@id\":\"https:\\\/\\\/bladnanews.com\\\/regragui-weighs-ibrahim-diaz-fitness-ahead-of-nigeria-clash\\\/#article\",\"isPartOf\":{\"@id\":\"https:\\\/\\\/bladnanews.com\\\/regragui-weighs-ibrahim-diaz-fitness-ahead-of-nigeria-clash\\\/\"},\"author\":{\"name\":\"Bladna Sports Desk\",\"@id\":\"https:\\\/\\\/mediumseagreen-eel-531711.hostingersite.com\\\/#\\\/schema\\\/person\\\/6712b38fabe810f7eb8d15ed30d90f1e\"},\"headline\":\"Regragui weighs Ibrahim Diaz fitness ahead of Nigeria clash\",\"datePublished\":\"2026-01-12T17:23:09+00:00\",\"mainEntityOfPage\":{\"@id\":\"https:\\\/\\\/bladnanews.com\\\/regragui-weighs-ibrahim-diaz-fitness-ahead-of-nigeria-clash\\\/\"},\"wordCount\":180,\"publisher\":{\"@id\":\"https:\\\/\\\/mediumseagreen-eel-531711.hostingersite.com\\\/#organization\"},\"image\":{\"@id\":\"https:\\\/\\\/bladnanews.com\\\/regragui-weighs-ibrahim-diaz-fitness-ahead-of-nigeria-clash\\\/#primaryimage\"},\"thumbnailUrl\":\"https:\\\/\\\/bladnanews.com\\\/wp-content\\\/uploads\\\/2026\\\/01\\\/GettyImages-2254833965-1.jpg-1-scaled.jpg\",\"articleSection\":[\"Latest News\",\"Morocco National Team\"],\"inLanguage\":\"fr-FR\",\"copyrightYear\":\"2026\",\"copyrightHolder\":{\"@id\":\"https:\\\/\\\/bladnanews.com\\\/fr\\\/#organization\"}},{\"@type\":\"WebPage\",\"@id\":\"https:\\\/\\\/bladnanews.com\\\/regragui-weighs-ibrahim-diaz-fitness-ahead-of-nigeria-clash\\\/\",\"url\":\"https:\\\/\\\/bladnanews.com\\\/regragui-weighs-ibrahim-diaz-fitness-ahead-of-nigeria-clash\\\/\",\"name\":\"Regragui weighs Ibrahim Diaz fitness ahead of Nigeria clash - Bladna News\",\"isPartOf\":{\"@id\":\"https:\\\/\\\/mediumseagreen-eel-531711.hostingersite.com\\\/#website\"},\"primaryImageOfPage\":{\"@id\":\"https:\\\/\\\/bladnanews.com\\\/regragui-weighs-ibrahim-diaz-fitness-ahead-of-nigeria-clash\\\/#primaryimage\"},\"image\":{\"@id\":\"https:\\\/\\\/bladnanews.com\\\/regragui-weighs-ibrahim-diaz-fitness-ahead-of-nigeria-clash\\\/#primaryimage\"},\"thumbnailUrl\":\"https:\\\/\\\/bladnanews.com\\\/wp-content\\\/uploads\\\/2026\\\/01\\\/GettyImages-2254833965-1.jpg-1-scaled.jpg\",\"datePublished\":\"2026-01-12T17:23:09+00:00\",\"breadcrumb\":{\"@id\":\"https:\\\/\\\/bladnanews.com\\\/regragui-weighs-ibrahim-diaz-fitness-ahead-of-nigeria-clash\\\/#breadcrumb\"},\"inLanguage\":\"fr-FR\",\"potentialAction\":[{\"@type\":\"ReadAction\",\"target\":[\"https:\\\/\\\/bladnanews.com\\\/regragui-weighs-ibrahim-diaz-fitness-ahead-of-nigeria-clash\\\/\"]}]},{\"@type\":\"ImageObject\",\"inLanguage\":\"fr-FR\",\"@id\":\"https:\\\/\\\/bladnanews.com\\\/regragui-weighs-ibrahim-diaz-fitness-ahead-of-nigeria-clash\\\/#primaryimage\",\"url\":\"https:\\\/\\\/bladnanews.com\\\/wp-content\\\/uploads\\\/2026\\\/01\\\/GettyImages-2254833965-1.jpg-1-scaled.jpg\",\"contentUrl\":\"https:\\\/\\\/bladnanews.com\\\/wp-content\\\/uploads\\\/2026\\\/01\\\/GettyImages-2254833965-1.jpg-1-scaled.jpg\",\"width\":2560,\"height\":1440,\"caption\":\"Moroccan player #10 falls as he is challenged by the Cameroonian #14 during a tense match, with flags visible in the background.\"},{\"@type\":\"BreadcrumbList\",\"@id\":\"https:\\\/\\\/bladnanews.com\\\/regragui-weighs-ibrahim-diaz-fitness-ahead-of-nigeria-clash\\\/#breadcrumb\",\"itemListElement\":[{\"@type\":\"ListItem\",\"position\":1,\"name\":\"Home\",\"item\":\"https:\\\/\\\/bladnanews.com\\\/\"},{\"@type\":\"ListItem\",\"position\":2,\"name\":\"Regragui weighs Ibrahim Diaz fitness ahead of Nigeria clash\"}]},{\"@type\":\"WebSite\",\"@id\":\"https:\\\/\\\/mediumseagreen-eel-531711.hostingersite.com\\\/#website\",\"url\":\"https:\\\/\\\/mediumseagreen-eel-531711.hostingersite.com\\\/\",\"name\":\"Bladna News - Morocco\",\"description\":\"Where Moroccan Football Meets the World\",\"publisher\":{\"@id\":\"https:\\\/\\\/mediumseagreen-eel-531711.hostingersite.com\\\/#organization\"},\"potentialAction\":[{\"@type\":\"SearchAction\",\"target\":{\"@type\":\"EntryPoint\",\"urlTemplate\":\"https:\\\/\\\/mediumseagreen-eel-531711.hostingersite.com\\\/?s={search_term_string}\"},\"query-input\":{\"@type\":\"PropertyValueSpecification\",\"valueRequired\":true,\"valueName\":\"search_term_string\"}}],\"inLanguage\":\"fr-FR\"},{\"@type\":\"Organization\",\"@id\":\"https:\\\/\\\/mediumseagreen-eel-531711.hostingersite.com\\\/#organization\",\"name\":\"Bladna News.com\",\"url\":\"https:\\\/\\\/mediumseagreen-eel-531711.hostingersite.com\\\/\",\"logo\":{\"@type\":\"ImageObject\",\"inLanguage\":\"fr-FR\",\"@id\":\"https:\\\/\\\/mediumseagreen-eel-531711.hostingersite.com\\\/#\\\/schema\\\/logo\\\/image\\\/\",\"url\":\"https:\\\/\\\/bladnanews.com\\\/wp-content\\\/uploads\\\/2025\\\/12\\\/logo-bladnanews-V2-web-black-red.png\",\"contentUrl\":\"https:\\\/\\\/bladnanews.com\\\/wp-content\\\/uploads\\\/2025\\\/12\\\/logo-bladnanews-V2-web-black-red.png\",\"width\":703,\"height\":287,\"caption\":\"Bladna News.com\"},\"image\":{\"@id\":\"https:\\\/\\\/mediumseagreen-eel-531711.hostingersite.com\\\/#\\\/schema\\\/logo\\\/image\\\/\"},\"email\":\"info@bladnanews.com\",\"legalName\":\"Bladna News\"},{\"@type\":\"Person\",\"@id\":\"https:\\\/\\\/mediumseagreen-eel-531711.hostingersite.com\\\/#\\\/schema\\\/person\\\/6712b38fabe810f7eb8d15ed30d90f1e\",\"name\":\"Bladna Sports Desk\",\"url\":\"https:\\\/\\\/bladnanews.com\\\/fr\\\/author\\\/bladna-sports-desk\\\/\"}]}<\/script>\n<!-- \/ Yoast SEO Premium plugin. -->","yoast_head_json":{"title":"Regragui \u00e9value la condition physique d'Ibrahim Diaz avant le choc contre le Nigeria - Bladna News","robots":{"index":"index","follow":"follow","max-snippet":"max-snippet:-1","max-image-preview":"max-image-preview:large","max-video-preview":"max-video-preview:-1"},"canonical":"https:\/\/bladnanews.com\/fr\/regragui-evalue-la-condition-physique-dibrahim-diaz-avant-le-choc-contre-le-nigeria\/","og_locale":"fr_FR","og_type":"article","og_title":"Regragui weighs Ibrahim Diaz fitness ahead of Nigeria clash","og_description":"Morocco coach Walid Regragui is carefully monitoring Ibrahim Diaz after the midfielder picked up an injury ahead of the friendly [&hellip;]","og_url":"https:\/\/bladnanews.com\/fr\/regragui-evalue-la-condition-physique-dibrahim-diaz-avant-le-choc-contre-le-nigeria\/","og_site_name":"Bladna News","article_published_time":"2026-01-12T17:23:09+00:00","og_image":[{"width":1312,"height":736,"url":"https:\/\/bladnanews.com\/wp-content\/uploads\/2025\/12\/freepik__bladna-newscom-moroccan-soccer-homepage-banner-mor__41838.png","type":"image\/png"}],"author":"Bladna Sports Desk","twitter_card":"summary_large_image","twitter_misc":{"\u00c9crit par":"Bladna Sports Desk","Dur\u00e9e de lecture estim\u00e9e":"1 minute"},"schema":{"@context":"https:\/\/schema.org","@graph":[{"@type":"Article","@id":"https:\/\/bladnanews.com\/regragui-weighs-ibrahim-diaz-fitness-ahead-of-nigeria-clash\/#article","isPartOf":{"@id":"https:\/\/bladnanews.com\/regragui-weighs-ibrahim-diaz-fitness-ahead-of-nigeria-clash\/"},"author":{"name":"Bladna Sports Desk","@id":"https:\/\/mediumseagreen-eel-531711.hostingersite.com\/#\/schema\/person\/6712b38fabe810f7eb8d15ed30d90f1e"},"headline":"Regragui weighs Ibrahim Diaz fitness ahead of Nigeria clash","datePublished":"2026-01-12T17:23:09+00:00","mainEntityOfPage":{"@id":"https:\/\/bladnanews.com\/regragui-weighs-ibrahim-diaz-fitness-ahead-of-nigeria-clash\/"},"wordCount":180,"publisher":{"@id":"https:\/\/mediumseagreen-eel-531711.hostingersite.com\/#organization"},"image":{"@id":"https:\/\/bladnanews.com\/regragui-weighs-ibrahim-diaz-fitness-ahead-of-nigeria-clash\/#primaryimage"},"thumbnailUrl":"https:\/\/bladnanews.com\/wp-content\/uploads\/2026\/01\/GettyImages-2254833965-1.jpg-1-scaled.jpg","articleSection":["Latest News","Morocco National Team"],"inLanguage":"fr-FR","copyrightYear":"2026","copyrightHolder":{"@id":"https:\/\/bladnanews.com\/fr\/#organization"}},{"@type":"WebPage","@id":"https:\/\/bladnanews.com\/regragui-weighs-ibrahim-diaz-fitness-ahead-of-nigeria-clash\/","url":"https:\/\/bladnanews.com\/regragui-weighs-ibrahim-diaz-fitness-ahead-of-nigeria-clash\/","name":"Regragui \u00e9value la condition physique d'Ibrahim Diaz avant le choc contre le Nigeria - Bladna News","isPartOf":{"@id":"https:\/\/mediumseagreen-eel-531711.hostingersite.com\/#website"},"primaryImageOfPage":{"@id":"https:\/\/bladnanews.com\/regragui-weighs-ibrahim-diaz-fitness-ahead-of-nigeria-clash\/#primaryimage"},"image":{"@id":"https:\/\/bladnanews.com\/regragui-weighs-ibrahim-diaz-fitness-ahead-of-nigeria-clash\/#primaryimage"},"thumbnailUrl":"https:\/\/bladnanews.com\/wp-content\/uploads\/2026\/01\/GettyImages-2254833965-1.jpg-1-scaled.jpg","datePublished":"2026-01-12T17:23:09+00:00","breadcrumb":{"@id":"https:\/\/bladnanews.com\/regragui-weighs-ibrahim-diaz-fitness-ahead-of-nigeria-clash\/#breadcrumb"},"inLanguage":"fr-FR","potentialAction":[{"@type":"ReadAction","target":["https:\/\/bladnanews.com\/regragui-weighs-ibrahim-diaz-fitness-ahead-of-nigeria-clash\/"]}]},{"@type":"ImageObject","inLanguage":"fr-FR","@id":"https:\/\/bladnanews.com\/regragui-weighs-ibrahim-diaz-fitness-ahead-of-nigeria-clash\/#primaryimage","url":"https:\/\/bladnanews.com\/wp-content\/uploads\/2026\/01\/GettyImages-2254833965-1.jpg-1-scaled.jpg","contentUrl":"https:\/\/bladnanews.com\/wp-content\/uploads\/2026\/01\/GettyImages-2254833965-1.jpg-1-scaled.jpg","width":2560,"height":1440,"caption":"Moroccan player #10 falls as he is challenged by the Cameroonian #14 during a tense match, with flags visible in the background."},{"@type":"BreadcrumbList","@id":"https:\/\/bladnanews.com\/regragui-weighs-ibrahim-diaz-fitness-ahead-of-nigeria-clash\/#breadcrumb","itemListElement":[{"@type":"ListItem","position":1,"name":"Home","item":"https:\/\/bladnanews.com\/"},{"@type":"ListItem","position":2,"name":"Regragui weighs Ibrahim Diaz fitness ahead of Nigeria clash"}]},{"@type":"WebSite","@id":"https:\/\/mediumseagreen-eel-531711.hostingersite.com\/#website","url":"https:\/\/mediumseagreen-eel-531711.hostingersite.com\/","name":"Bladna News - Maroc","description":"Quand le football marocain rencontre le monde","publisher":{"@id":"https:\/\/mediumseagreen-eel-531711.hostingersite.com\/#organization"},"potentialAction":[{"@type":"SearchAction","target":{"@type":"EntryPoint","urlTemplate":"https:\/\/mediumseagreen-eel-531711.hostingersite.com\/?s={search_term_string}"},"query-input":{"@type":"PropertyValueSpecification","valueRequired":true,"valueName":"search_term_string"}}],"inLanguage":"fr-FR"},{"@type":"Organization","@id":"https:\/\/mediumseagreen-eel-531711.hostingersite.com\/#organization","name":"Bladna News.com","url":"https:\/\/mediumseagreen-eel-531711.hostingersite.com\/","logo":{"@type":"ImageObject","inLanguage":"fr-FR","@id":"https:\/\/mediumseagreen-eel-531711.hostingersite.com\/#\/schema\/logo\/image\/","url":"https:\/\/bladnanews.com\/wp-content\/uploads\/2025\/12\/logo-bladnanews-V2-web-black-red.png","contentUrl":"https:\/\/bladnanews.com\/wp-content\/uploads\/2025\/12\/logo-bladnanews-V2-web-black-red.png","width":703,"height":287,"caption":"Bladna News.com"},"image":{"@id":"https:\/\/mediumseagreen-eel-531711.hostingersite.com\/#\/schema\/logo\/image\/"},"email":"info@bladnanews.com","legalName":"Bladna News"},{"@type":"Person","@id":"https:\/\/mediumseagreen-eel-531711.hostingersite.com\/#\/schema\/person\/6712b38fabe810f7eb8d15ed30d90f1e","name":"Bladna Sports Desk","url":"https:\/\/bladnanews.com\/fr\/author\/bladna-sports-desk\/"}]}},"_links":{"self":[{"href":"https:\/\/bladnanews.com\/fr\/wp-json\/wp\/v2\/posts\/5996","targetHints":{"allow":["GET"]}}],"collection":[{"href":"https:\/\/bladnanews.com\/fr\/wp-json\/wp\/v2\/posts"}],"about":[{"href":"https:\/\/bladnanews.com\/fr\/wp-json\/wp\/v2\/types\/post"}],"author":[{"embeddable":true,"href":"https:\/\/bladnanews.com\/fr\/wp-json\/wp\/v2\/users\/4"}],"replies":[{"embeddable":true,"href":"https:\/\/bladnanews.com\/fr\/wp-json\/wp\/v2\/comments?post=5996"}],"version-history":[{"count":0,"href":"https:\/\/bladnanews.com\/fr\/wp-json\/wp\/v2\/posts\/5996\/revisions"}],"wp:featuredmedia":[{"embeddable":true,"href":"https:\/\/bladnanews.com\/fr\/wp-json\/wp\/v2\/media\/5995"}],"wp:attachment":[{"href":"https:\/\/bladnanews.com\/fr\/wp-json\/wp\/v2\/media?parent=5996"}],"wp:term":[{"taxonomy":"category","embeddable":true,"href":"https:\/\/bladnanews.com\/fr\/wp-json\/wp\/v2\/categories?post=5996"},{"taxonomy":"post_tag","embeddable":true,"href":"https:\/\/bladnanews.com\/fr\/wp-json\/wp\/v2\/tags?post=5996"}],"curies":[{"name":"wp","href":"https:\/\/api.w.org\/{rel}","templated":true}]}}