{"id":600,"date":"2025-12-30T17:26:30","date_gmt":"2025-12-30T17:26:30","guid":{"rendered":"https:\/\/bladnanews.com\/ismail-gharbi-secures-tunisias-historic-record-at-afcon\/"},"modified":"2025-12-31T09:48:47","modified_gmt":"2025-12-31T09:48:47","slug":"ismail-gharbi-assure-a-la-tunisie-un-record-historique-a-la-can","status":"publish","type":"post","link":"https:\/\/bladnanews.com\/fr\/ismail-gharbi-assure-a-la-tunisie-un-record-historique-a-la-can\/","title":{"rendered":"Isma\u00efl Gharbi \u00e9tablit le record historique de la Tunisie \u00e0 la CAN"},"content":{"rendered":"<p>\u201c`html<\/p>\n<p>Isma\u00efl Gharbi a apport\u00e9 une contribution remarquable \u00e0 la campagne de la Tunisie \u00e0 la Coupe d'Afrique des Nations (CAN), atteignant un jalon historique pour l'\u00e9quipe nationale. Les r\u00e9centes performances du jeune milieu de terrain ont non seulement mis en valeur son talent individuel, mais ont \u00e9galement symbolis\u00e9 une nouvelle \u00e8re pour le football tunisien sur la sc\u00e8ne continentale.<\/p>\n<p>Lors du dernier match de la Tunisie \u00e0 la CAN, Gharbi a livr\u00e9 une performance inspir\u00e9e, marqu\u00e9e par un but crucial qui a aid\u00e9 l'\u00e9quipe \u00e0 consolider sa position dans le tournoi. Cet exploit a prolong\u00e9 la s\u00e9rie d'invincibilit\u00e9 de la Tunisie dans la comp\u00e9tition, constituant l'une des plus longues s\u00e9quences sans d\u00e9faite de l'histoire de la participation du pays \u00e0 la CAN.<\/p>\n<p>L'\u00e9mergence de Gharbi intervient \u00e0 un moment charni\u00e8re alors que la Tunisie cherche \u00e0 b\u00e2tir sur son h\u00e9ritage en tant que l'une des puissances footballistiques constantes d'Afrique. Connu pour ses qualit\u00e9s techniques, sa vision du jeu et sa capacit\u00e9 \u00e0 \u00e9voluer efficacement au milieu de terrain, le joueur de 22 ans est rapidement devenu indispensable aux plans tactiques de l'entra\u00eeneur. Son but, fruit d'un timing pr\u00e9cis et d'un placement intelligent, a soulign\u00e9 sa confiance et sa maturit\u00e9 croissantes.<\/p>\n<p>Cette derni\u00e8re s\u00e9rie record \u00e0 la CAN t\u00e9moigne non seulement de la r\u00e9silience de l'\u00e9quipe, mais aussi de l'int\u00e9gration r\u00e9ussie de jeunes talents comme Gharbi au sein du groupe. Le m\u00e9lange tunisien de joueurs exp\u00e9riment\u00e9s et de talents \u00e9mergents a \u00e9t\u00e9 crucial pour maintenir son avantage comp\u00e9titif dans le tournoi. La capacit\u00e9 de l'\u00e9quipe nationale \u00e0 performer de mani\u00e8re constante \u00e0 un tel niveau est de bon augure pour les futures \u00e9ditions de la comp\u00e9tition.<\/p>\n<p>Par ailleurs, l'importance accrue de Gharbi dans l'\u00e9quipe a consid\u00e9rablement rehauss\u00e9 son profil, attirant l'attention de clubs \u00e0 travers l'Europe. Ses performances dans le championnat continental ont \u00e9t\u00e9 suivies de pr\u00e8s par des recruteurs, alors que les footballeurs tunisiens continuent de prouver leur valeur sur des sc\u00e8nes plus grandes. Cette \u00e9volution refl\u00e8te \u00e9galement positivement l'infrastructure footballistique nationale et les programmes de d\u00e9veloppement des jeunes qui continuent de former des talents prometteurs.<\/p>\n<p>Le staff technique et les co\u00e9quipiers ont tous salu\u00e9 l'attitude et l'\u00e9thique de travail de Gharbi, citant sa volont\u00e9 d'apprendre et de s'adapter comme des facteurs cl\u00e9s de son ascension rapide. Bien que le milieu de terrain reste humble, il comprend le poids de ses contributions et les attentes qui accompagnent la repr\u00e9sentation de la Tunisie dans un tournoi aussi prestigieux.<\/p>\n<p>Cet accomplissement est \u00e9galement une source d'inspiration pour de nombreux jeunes footballeurs ambitieux en Tunisie. Suivant les traces des joueurs tunisiens l\u00e9gendaires, le succ\u00e8s de Gharbi souligne les opportunit\u00e9s offertes \u00e0 la prochaine g\u00e9n\u00e9ration d'athl\u00e8tes qui r\u00eavent de se faire remarquer au niveau international.<\/p>\n<p>Pour la suite, la Tunisie est bien plac\u00e9e pour progresser davantage dans la CAN, Gharbi \u00e9tant susceptible de jouer un r\u00f4le central dans les efforts continus de l'\u00e9quipe. La f\u00e9d\u00e9ration de football du pays devrait continuer \u00e0 investir dans des joueurs au profil similaire, visant \u00e0 maintenir et \u00e0 renforcer le statut de la Tunisie en tant que force redoutable du football africain. Avec la dynamique de leur c\u00f4t\u00e9 et une \u00e9quipe talentueuse, la Tunisie a toutes les raisons de viser des parcours plus profonds dans les prochains tournois.<\/p>\n<p>\u201c`<\/p>","protected":false},"excerpt":{"rendered":"<p>&#8220;`html Isma\u00efl Gharbi has made a remarkable contribution to Tunisia\u2019s campaign at the Africa Cup of Nations (AFCON), securing a [&hellip;]<\/p>\n","protected":false},"author":3,"featured_media":599,"comment_status":"closed","ping_status":"open","sticky":false,"template":"","format":"standard","meta":{"googlesitekit_rrm_CAow_uzEDA:productID":"","site-sidebar-layout":"default","site-content-layout":"","ast-site-content-layout":"default","site-content-style":"default","site-sidebar-style":"default","ast-global-header-display":"","ast-banner-title-visibility":"","ast-main-header-display":"","ast-hfb-above-header-display":"","ast-hfb-below-header-display":"","ast-hfb-mobile-header-display":"","site-post-title":"","ast-breadcrumbs-content":"","ast-featured-img":"","footer-sml-layout":"","ast-disable-related-posts":"","theme-transparent-header-meta":"","adv-header-id-meta":"","stick-header-meta":"","header-above-stick-meta":"","header-main-stick-meta":"","header-below-stick-meta":"","astra-migrate-meta-layouts":"default","ast-page-background-enabled":"default","ast-page-background-meta":{"desktop":{"background-color":"var(--ast-global-color-5)","background-image":"","background-repeat":"repeat","background-position":"center center","background-size":"auto","background-attachment":"scroll","background-type":"","background-media":"","overlay-type":"","overlay-color":"","overlay-opacity":"","overlay-gradient":""},"tablet":{"background-color":"","background-image":"","background-repeat":"repeat","background-position":"center center","background-size":"auto","background-attachment":"scroll","background-type":"","background-media":"","overlay-type":"","overlay-color":"","overlay-opacity":"","overlay-gradient":""},"mobile":{"background-color":"","background-image":"","background-repeat":"repeat","background-position":"center center","background-size":"auto","background-attachment":"scroll","background-type":"","background-media":"","overlay-type":"","overlay-color":"","overlay-opacity":"","overlay-gradient":""}},"ast-content-background-meta":{"desktop":{"background-color":"var(--ast-global-color-4)","background-image":"","background-repeat":"repeat","background-position":"center center","background-size":"auto","background-attachment":"scroll","background-type":"","background-media":"","overlay-type":"","overlay-color":"","overlay-opacity":"","overlay-gradient":""},"tablet":{"background-color":"var(--ast-global-color-4)","background-image":"","background-repeat":"repeat","background-position":"center center","background-size":"auto","background-attachment":"scroll","background-type":"","background-media":"","overlay-type":"","overlay-color":"","overlay-opacity":"","overlay-gradient":""},"mobile":{"background-color":"var(--ast-global-color-4)","background-image":"","background-repeat":"repeat","background-position":"center center","background-size":"auto","background-attachment":"scroll","background-type":"","background-media":"","overlay-type":"","overlay-color":"","overlay-opacity":"","overlay-gradient":""}},"footnotes":""},"categories":[1,168],"tags":[],"class_list":["post-600","post","type-post","status-publish","format-standard","has-post-thumbnail","hentry","category-football-latest-news","category-morocco-national-team"],"yoast_head":"<!-- This site is optimized with the Yoast SEO Premium plugin v26.6 (Yoast SEO v27.5) - https:\/\/yoast.com\/product\/yoast-seo-premium-wordpress\/ -->\n<title>Isma\u00efl Gharbi Secures Tunisia&#039;s Historic Record at Afcon - Bladna News<\/title>\n<meta name=\"robots\" content=\"index, follow, max-snippet:-1, max-image-preview:large, max-video-preview:-1\" \/>\n<link rel=\"canonical\" href=\"https:\/\/bladnanews.com\/fr\/ismail-gharbi-assure-a-la-tunisie-un-record-historique-a-la-can\/\" \/>\n<meta property=\"og:locale\" content=\"fr_FR\" \/>\n<meta property=\"og:type\" content=\"article\" \/>\n<meta property=\"og:title\" content=\"Isma\u00efl Gharbi Secures Tunisia&#039;s Historic Record at Afcon\" \/>\n<meta property=\"og:description\" content=\"&#8220;`html Isma\u00efl Gharbi has made a remarkable contribution to Tunisia\u2019s campaign at the Africa Cup of Nations (AFCON), securing a [&hellip;]\" \/>\n<meta property=\"og:url\" content=\"https:\/\/bladnanews.com\/fr\/ismail-gharbi-assure-a-la-tunisie-un-record-historique-a-la-can\/\" \/>\n<meta property=\"og:site_name\" content=\"Bladna News\" \/>\n<meta property=\"article:published_time\" content=\"2025-12-30T17:26:30+00:00\" \/>\n<meta property=\"article:modified_time\" content=\"2025-12-31T09:48:47+00:00\" \/>\n<meta property=\"og:image\" content=\"https:\/\/bladnanews.com\/wp-content\/uploads\/2025\/12\/GettyImages-2252649890.jpg.jpgIsmail-Gharbi-Secures-Tunisias-Historic-Record-at-Afcon-2025-12-30T181207.812Z.jpg\" \/>\n\t<meta property=\"og:image:width\" content=\"2560\" \/>\n\t<meta property=\"og:image:height\" content=\"1440\" \/>\n\t<meta property=\"og:image:type\" content=\"image\/jpeg\" \/>\n<meta name=\"author\" content=\"Bladna News Staff\" \/>\n<meta name=\"twitter:card\" content=\"summary_large_image\" \/>\n<meta name=\"twitter:label1\" content=\"\u00c9crit par\" \/>\n\t<meta name=\"twitter:data1\" content=\"Bladna News Staff\" \/>\n\t<meta name=\"twitter:label2\" content=\"Dur\u00e9e de lecture estim\u00e9e\" \/>\n\t<meta name=\"twitter:data2\" content=\"2 minutes\" \/>\n<script type=\"application\/ld+json\" class=\"yoast-schema-graph\">{\"@context\":\"https:\\\/\\\/schema.org\",\"@graph\":[{\"@type\":\"Article\",\"@id\":\"https:\\\/\\\/bladnanews.com\\\/ismail-gharbi-secures-tunisias-historic-record-at-afcon\\\/#article\",\"isPartOf\":{\"@id\":\"https:\\\/\\\/bladnanews.com\\\/ismail-gharbi-secures-tunisias-historic-record-at-afcon\\\/\"},\"author\":{\"name\":\"Bladna News Staff\",\"@id\":\"https:\\\/\\\/mediumseagreen-eel-531711.hostingersite.com\\\/#\\\/schema\\\/person\\\/268e18a453ab080ebf76df6ef7845083\"},\"headline\":\"Isma\u00efl Gharbi Secures Tunisia&#8217;s Historic Record at Afcon\",\"datePublished\":\"2025-12-30T17:26:30+00:00\",\"dateModified\":\"2025-12-31T09:48:47+00:00\",\"mainEntityOfPage\":{\"@id\":\"https:\\\/\\\/bladnanews.com\\\/ismail-gharbi-secures-tunisias-historic-record-at-afcon\\\/\"},\"wordCount\":498,\"publisher\":{\"@id\":\"https:\\\/\\\/mediumseagreen-eel-531711.hostingersite.com\\\/#organization\"},\"image\":{\"@id\":\"https:\\\/\\\/bladnanews.com\\\/ismail-gharbi-secures-tunisias-historic-record-at-afcon\\\/#primaryimage\"},\"thumbnailUrl\":\"https:\\\/\\\/bladnanews.com\\\/wp-content\\\/uploads\\\/2025\\\/12\\\/GettyImages-2252649890.jpg.jpgIsmail-Gharbi-Secures-Tunisias-Historic-Record-at-Afcon-2025-12-30T181207.812Z.jpg\",\"articleSection\":[\"Latest News\",\"Morocco National Team\"],\"inLanguage\":\"fr-FR\",\"copyrightYear\":\"2025\",\"copyrightHolder\":{\"@id\":\"https:\\\/\\\/bladnanews.com\\\/fr\\\/#organization\"}},{\"@type\":\"WebPage\",\"@id\":\"https:\\\/\\\/bladnanews.com\\\/ismail-gharbi-secures-tunisias-historic-record-at-afcon\\\/\",\"url\":\"https:\\\/\\\/bladnanews.com\\\/ismail-gharbi-secures-tunisias-historic-record-at-afcon\\\/\",\"name\":\"Isma\u00efl Gharbi Secures Tunisia's Historic Record at Afcon - Bladna News\",\"isPartOf\":{\"@id\":\"https:\\\/\\\/mediumseagreen-eel-531711.hostingersite.com\\\/#website\"},\"primaryImageOfPage\":{\"@id\":\"https:\\\/\\\/bladnanews.com\\\/ismail-gharbi-secures-tunisias-historic-record-at-afcon\\\/#primaryimage\"},\"image\":{\"@id\":\"https:\\\/\\\/bladnanews.com\\\/ismail-gharbi-secures-tunisias-historic-record-at-afcon\\\/#primaryimage\"},\"thumbnailUrl\":\"https:\\\/\\\/bladnanews.com\\\/wp-content\\\/uploads\\\/2025\\\/12\\\/GettyImages-2252649890.jpg.jpgIsmail-Gharbi-Secures-Tunisias-Historic-Record-at-Afcon-2025-12-30T181207.812Z.jpg\",\"datePublished\":\"2025-12-30T17:26:30+00:00\",\"dateModified\":\"2025-12-31T09:48:47+00:00\",\"breadcrumb\":{\"@id\":\"https:\\\/\\\/bladnanews.com\\\/ismail-gharbi-secures-tunisias-historic-record-at-afcon\\\/#breadcrumb\"},\"inLanguage\":\"fr-FR\",\"potentialAction\":[{\"@type\":\"ReadAction\",\"target\":[\"https:\\\/\\\/bladnanews.com\\\/ismail-gharbi-secures-tunisias-historic-record-at-afcon\\\/\"]}]},{\"@type\":\"ImageObject\",\"inLanguage\":\"fr-FR\",\"@id\":\"https:\\\/\\\/bladnanews.com\\\/ismail-gharbi-secures-tunisias-historic-record-at-afcon\\\/#primaryimage\",\"url\":\"https:\\\/\\\/bladnanews.com\\\/wp-content\\\/uploads\\\/2025\\\/12\\\/GettyImages-2252649890.jpg.jpgIsmail-Gharbi-Secures-Tunisias-Historic-Record-at-Afcon-2025-12-30T181207.812Z.jpg\",\"contentUrl\":\"https:\\\/\\\/bladnanews.com\\\/wp-content\\\/uploads\\\/2025\\\/12\\\/GettyImages-2252649890.jpg.jpgIsmail-Gharbi-Secures-Tunisias-Historic-Record-at-Afcon-2025-12-30T181207.812Z.jpg\",\"width\":2560,\"height\":1440},{\"@type\":\"BreadcrumbList\",\"@id\":\"https:\\\/\\\/bladnanews.com\\\/ismail-gharbi-secures-tunisias-historic-record-at-afcon\\\/#breadcrumb\",\"itemListElement\":[{\"@type\":\"ListItem\",\"position\":1,\"name\":\"Home\",\"item\":\"https:\\\/\\\/bladnanews.com\\\/\"},{\"@type\":\"ListItem\",\"position\":2,\"name\":\"Isma\u00efl Gharbi Secures Tunisia&#8217;s Historic Record at Afcon\"}]},{\"@type\":\"WebSite\",\"@id\":\"https:\\\/\\\/mediumseagreen-eel-531711.hostingersite.com\\\/#website\",\"url\":\"https:\\\/\\\/mediumseagreen-eel-531711.hostingersite.com\\\/\",\"name\":\"Bladna News - Morocco\",\"description\":\"Where Moroccan Football Meets the World\",\"publisher\":{\"@id\":\"https:\\\/\\\/mediumseagreen-eel-531711.hostingersite.com\\\/#organization\"},\"potentialAction\":[{\"@type\":\"SearchAction\",\"target\":{\"@type\":\"EntryPoint\",\"urlTemplate\":\"https:\\\/\\\/mediumseagreen-eel-531711.hostingersite.com\\\/?s={search_term_string}\"},\"query-input\":{\"@type\":\"PropertyValueSpecification\",\"valueRequired\":true,\"valueName\":\"search_term_string\"}}],\"inLanguage\":\"fr-FR\"},{\"@type\":\"Organization\",\"@id\":\"https:\\\/\\\/mediumseagreen-eel-531711.hostingersite.com\\\/#organization\",\"name\":\"Bladna News.com\",\"url\":\"https:\\\/\\\/mediumseagreen-eel-531711.hostingersite.com\\\/\",\"logo\":{\"@type\":\"ImageObject\",\"inLanguage\":\"fr-FR\",\"@id\":\"https:\\\/\\\/mediumseagreen-eel-531711.hostingersite.com\\\/#\\\/schema\\\/logo\\\/image\\\/\",\"url\":\"https:\\\/\\\/bladnanews.com\\\/wp-content\\\/uploads\\\/2025\\\/12\\\/logo-bladnanews-V2-web-black-red.png\",\"contentUrl\":\"https:\\\/\\\/bladnanews.com\\\/wp-content\\\/uploads\\\/2025\\\/12\\\/logo-bladnanews-V2-web-black-red.png\",\"width\":703,\"height\":287,\"caption\":\"Bladna News.com\"},\"image\":{\"@id\":\"https:\\\/\\\/mediumseagreen-eel-531711.hostingersite.com\\\/#\\\/schema\\\/logo\\\/image\\\/\"},\"email\":\"info@bladnanews.com\",\"legalName\":\"Bladna News\"},{\"@type\":\"Person\",\"@id\":\"https:\\\/\\\/mediumseagreen-eel-531711.hostingersite.com\\\/#\\\/schema\\\/person\\\/268e18a453ab080ebf76df6ef7845083\",\"name\":\"Bladna News Staff\",\"url\":\"https:\\\/\\\/bladnanews.com\\\/fr\\\/author\\\/bladna-news-staff\\\/\"}]}<\/script>\n<!-- \/ Yoast SEO Premium plugin. -->","yoast_head_json":{"title":"Isma\u00efl Gharbi \u00e9tablit le record historique de la Tunisie \u00e0 la CAN - Bladna News","robots":{"index":"index","follow":"follow","max-snippet":"max-snippet:-1","max-image-preview":"max-image-preview:large","max-video-preview":"max-video-preview:-1"},"canonical":"https:\/\/bladnanews.com\/fr\/ismail-gharbi-assure-a-la-tunisie-un-record-historique-a-la-can\/","og_locale":"fr_FR","og_type":"article","og_title":"Isma\u00efl Gharbi Secures Tunisia's Historic Record at Afcon","og_description":"&#8220;`html Isma\u00efl Gharbi has made a remarkable contribution to Tunisia\u2019s campaign at the Africa Cup of Nations (AFCON), securing a [&hellip;]","og_url":"https:\/\/bladnanews.com\/fr\/ismail-gharbi-assure-a-la-tunisie-un-record-historique-a-la-can\/","og_site_name":"Bladna News","article_published_time":"2025-12-30T17:26:30+00:00","article_modified_time":"2025-12-31T09:48:47+00:00","og_image":[{"width":2560,"height":1440,"url":"https:\/\/bladnanews.com\/wp-content\/uploads\/2025\/12\/GettyImages-2252649890.jpg.jpgIsmail-Gharbi-Secures-Tunisias-Historic-Record-at-Afcon-2025-12-30T181207.812Z.jpg","type":"image\/jpeg"}],"author":"Bladna News Staff","twitter_card":"summary_large_image","twitter_misc":{"\u00c9crit par":"Bladna News Staff","Dur\u00e9e de lecture estim\u00e9e":"2 minutes"},"schema":{"@context":"https:\/\/schema.org","@graph":[{"@type":"Article","@id":"https:\/\/bladnanews.com\/ismail-gharbi-secures-tunisias-historic-record-at-afcon\/#article","isPartOf":{"@id":"https:\/\/bladnanews.com\/ismail-gharbi-secures-tunisias-historic-record-at-afcon\/"},"author":{"name":"Bladna News Staff","@id":"https:\/\/mediumseagreen-eel-531711.hostingersite.com\/#\/schema\/person\/268e18a453ab080ebf76df6ef7845083"},"headline":"Isma\u00efl Gharbi Secures Tunisia&#8217;s Historic Record at Afcon","datePublished":"2025-12-30T17:26:30+00:00","dateModified":"2025-12-31T09:48:47+00:00","mainEntityOfPage":{"@id":"https:\/\/bladnanews.com\/ismail-gharbi-secures-tunisias-historic-record-at-afcon\/"},"wordCount":498,"publisher":{"@id":"https:\/\/mediumseagreen-eel-531711.hostingersite.com\/#organization"},"image":{"@id":"https:\/\/bladnanews.com\/ismail-gharbi-secures-tunisias-historic-record-at-afcon\/#primaryimage"},"thumbnailUrl":"https:\/\/bladnanews.com\/wp-content\/uploads\/2025\/12\/GettyImages-2252649890.jpg.jpgIsmail-Gharbi-Secures-Tunisias-Historic-Record-at-Afcon-2025-12-30T181207.812Z.jpg","articleSection":["Latest News","Morocco National Team"],"inLanguage":"fr-FR","copyrightYear":"2025","copyrightHolder":{"@id":"https:\/\/bladnanews.com\/fr\/#organization"}},{"@type":"WebPage","@id":"https:\/\/bladnanews.com\/ismail-gharbi-secures-tunisias-historic-record-at-afcon\/","url":"https:\/\/bladnanews.com\/ismail-gharbi-secures-tunisias-historic-record-at-afcon\/","name":"Isma\u00efl Gharbi \u00e9tablit le record historique de la Tunisie \u00e0 la CAN - Bladna News","isPartOf":{"@id":"https:\/\/mediumseagreen-eel-531711.hostingersite.com\/#website"},"primaryImageOfPage":{"@id":"https:\/\/bladnanews.com\/ismail-gharbi-secures-tunisias-historic-record-at-afcon\/#primaryimage"},"image":{"@id":"https:\/\/bladnanews.com\/ismail-gharbi-secures-tunisias-historic-record-at-afcon\/#primaryimage"},"thumbnailUrl":"https:\/\/bladnanews.com\/wp-content\/uploads\/2025\/12\/GettyImages-2252649890.jpg.jpgIsmail-Gharbi-Secures-Tunisias-Historic-Record-at-Afcon-2025-12-30T181207.812Z.jpg","datePublished":"2025-12-30T17:26:30+00:00","dateModified":"2025-12-31T09:48:47+00:00","breadcrumb":{"@id":"https:\/\/bladnanews.com\/ismail-gharbi-secures-tunisias-historic-record-at-afcon\/#breadcrumb"},"inLanguage":"fr-FR","potentialAction":[{"@type":"ReadAction","target":["https:\/\/bladnanews.com\/ismail-gharbi-secures-tunisias-historic-record-at-afcon\/"]}]},{"@type":"ImageObject","inLanguage":"fr-FR","@id":"https:\/\/bladnanews.com\/ismail-gharbi-secures-tunisias-historic-record-at-afcon\/#primaryimage","url":"https:\/\/bladnanews.com\/wp-content\/uploads\/2025\/12\/GettyImages-2252649890.jpg.jpgIsmail-Gharbi-Secures-Tunisias-Historic-Record-at-Afcon-2025-12-30T181207.812Z.jpg","contentUrl":"https:\/\/bladnanews.com\/wp-content\/uploads\/2025\/12\/GettyImages-2252649890.jpg.jpgIsmail-Gharbi-Secures-Tunisias-Historic-Record-at-Afcon-2025-12-30T181207.812Z.jpg","width":2560,"height":1440},{"@type":"BreadcrumbList","@id":"https:\/\/bladnanews.com\/ismail-gharbi-secures-tunisias-historic-record-at-afcon\/#breadcrumb","itemListElement":[{"@type":"ListItem","position":1,"name":"Home","item":"https:\/\/bladnanews.com\/"},{"@type":"ListItem","position":2,"name":"Isma\u00efl Gharbi Secures Tunisia&#8217;s Historic Record at Afcon"}]},{"@type":"WebSite","@id":"https:\/\/mediumseagreen-eel-531711.hostingersite.com\/#website","url":"https:\/\/mediumseagreen-eel-531711.hostingersite.com\/","name":"Bladna News - Maroc","description":"Quand le football marocain rencontre le monde","publisher":{"@id":"https:\/\/mediumseagreen-eel-531711.hostingersite.com\/#organization"},"potentialAction":[{"@type":"SearchAction","target":{"@type":"EntryPoint","urlTemplate":"https:\/\/mediumseagreen-eel-531711.hostingersite.com\/?s={search_term_string}"},"query-input":{"@type":"PropertyValueSpecification","valueRequired":true,"valueName":"search_term_string"}}],"inLanguage":"fr-FR"},{"@type":"Organization","@id":"https:\/\/mediumseagreen-eel-531711.hostingersite.com\/#organization","name":"Bladna News.com","url":"https:\/\/mediumseagreen-eel-531711.hostingersite.com\/","logo":{"@type":"ImageObject","inLanguage":"fr-FR","@id":"https:\/\/mediumseagreen-eel-531711.hostingersite.com\/#\/schema\/logo\/image\/","url":"https:\/\/bladnanews.com\/wp-content\/uploads\/2025\/12\/logo-bladnanews-V2-web-black-red.png","contentUrl":"https:\/\/bladnanews.com\/wp-content\/uploads\/2025\/12\/logo-bladnanews-V2-web-black-red.png","width":703,"height":287,"caption":"Bladna News.com"},"image":{"@id":"https:\/\/mediumseagreen-eel-531711.hostingersite.com\/#\/schema\/logo\/image\/"},"email":"info@bladnanews.com","legalName":"Bladna News"},{"@type":"Person","@id":"https:\/\/mediumseagreen-eel-531711.hostingersite.com\/#\/schema\/person\/268e18a453ab080ebf76df6ef7845083","name":"\u00c9quipe r\u00e9dactionnelle de Bladna News","url":"https:\/\/bladnanews.com\/fr\/author\/bladna-news-staff\/"}]}},"_links":{"self":[{"href":"https:\/\/bladnanews.com\/fr\/wp-json\/wp\/v2\/posts\/600","targetHints":{"allow":["GET"]}}],"collection":[{"href":"https:\/\/bladnanews.com\/fr\/wp-json\/wp\/v2\/posts"}],"about":[{"href":"https:\/\/bladnanews.com\/fr\/wp-json\/wp\/v2\/types\/post"}],"author":[{"embeddable":true,"href":"https:\/\/bladnanews.com\/fr\/wp-json\/wp\/v2\/users\/3"}],"replies":[{"embeddable":true,"href":"https:\/\/bladnanews.com\/fr\/wp-json\/wp\/v2\/comments?post=600"}],"version-history":[{"count":0,"href":"https:\/\/bladnanews.com\/fr\/wp-json\/wp\/v2\/posts\/600\/revisions"}],"wp:featuredmedia":[{"embeddable":true,"href":"https:\/\/bladnanews.com\/fr\/wp-json\/wp\/v2\/media\/599"}],"wp:attachment":[{"href":"https:\/\/bladnanews.com\/fr\/wp-json\/wp\/v2\/media?parent=600"}],"wp:term":[{"taxonomy":"category","embeddable":true,"href":"https:\/\/bladnanews.com\/fr\/wp-json\/wp\/v2\/categories?post=600"},{"taxonomy":"post_tag","embeddable":true,"href":"https:\/\/bladnanews.com\/fr\/wp-json\/wp\/v2\/tags?post=600"}],"curies":[{"name":"wp","href":"https:\/\/api.w.org\/{rel}","templated":true}]}}