{"id":6014,"date":"2026-01-12T14:59:13","date_gmt":"2026-01-12T14:59:13","guid":{"rendered":"https:\/\/bladnanews.com\/harry-kane-matches-60-year-bundesliga-scoring-record-at-bayern\/"},"modified":"2026-01-12T14:59:13","modified_gmt":"2026-01-12T14:59:13","slug":"harry-kane-egale-un-record-de-buts-vieux-de-60-ans-en-bundesliga-au-bayern","status":"publish","type":"post","link":"https:\/\/bladnanews.com\/fr\/harry-kane-egale-un-record-de-buts-vieux-de-60-ans-en-bundesliga-au-bayern\/","title":{"rendered":"Harry Kane \u00e9gale un record de buts vieux de 60 ans en Bundesliga au Bayern"},"content":{"rendered":"<p>Harry Kane a poursuivi son d\u00e9but fulgurant sous les couleurs du Bayern Munich, le capitaine anglais \u00e9galant un record de buts en Bundesliga vieux de 60 ans.<\/p>\n<p>Kane a de nouveau trouv\u00e9 le chemin des filets pour maintenir sa remarquable s\u00e9rie de buts en Allemagne, soulignant pourquoi le Bayern s'est empress\u00e9 de l'attirer \u00e0 l'Allianz Arena. L'attaquant marque avec aisance depuis son arriv\u00e9e, et son dernier but lui a permis d'atteindre un jalon in\u00e9gal\u00e9 depuis six d\u00e9cennies dans l'\u00e9lite allemande.<\/p>\n<p>Ce but signifie que Kane a d\u00e9sormais \u00e9gal\u00e9 l'ancien record de Bundesliga datant de 60 ans, consolidant ainsi son impact \u00e0 Munich et ajoutant un nouveau titre \u00e0 une p\u00e9riode d\u00e9j\u00e0 exceptionnelle devant le but.<\/p>\n<p>Le Bayern a imm\u00e9diatement b\u00e9n\u00e9fici\u00e9 de la r\u00e9gularit\u00e9 de Kane, l'attaquant continuant \u00e0 offrir des moments d\u00e9cisifs tout en s'adaptant \u00e0 un nouveau championnat et \u00e0 une nouvelle culture footballistique sans aucun temps d'adaptation.<\/p>\n<p>Alors que Kane ne montre aucun signe de ralentissement, le nouveau num\u00e9ro 9 du Bayern \u00e9crit d\u00e9j\u00e0 son nom dans l'histoire de la Bundesliga, sa s\u00e9rie de buts en Allemagne se poursuivant.<\/p>","protected":false},"excerpt":{"rendered":"<p>Harry Kane continued his blistering start to life at Bayern Munich as the England captain matched a Bundesliga scoring record [&hellip;]<\/p>\n","protected":false},"author":3,"featured_media":6013,"comment_status":"","ping_status":"open","sticky":false,"template":"","format":"standard","meta":{"googlesitekit_rrm_CAow_uzEDA:productID":"","site-sidebar-layout":"default","site-content-layout":"","ast-site-content-layout":"default","site-content-style":"default","site-sidebar-style":"default","ast-global-header-display":"","ast-banner-title-visibility":"","ast-main-header-display":"","ast-hfb-above-header-display":"","ast-hfb-below-header-display":"","ast-hfb-mobile-header-display":"","site-post-title":"","ast-breadcrumbs-content":"","ast-featured-img":"","footer-sml-layout":"","ast-disable-related-posts":"","theme-transparent-header-meta":"","adv-header-id-meta":"","stick-header-meta":"","header-above-stick-meta":"","header-main-stick-meta":"","header-below-stick-meta":"","astra-migrate-meta-layouts":"default","ast-page-background-enabled":"default","ast-page-background-meta":{"desktop":{"background-color":"var(--ast-global-color-5)","background-image":"","background-repeat":"repeat","background-position":"center center","background-size":"auto","background-attachment":"scroll","background-type":"","background-media":"","overlay-type":"","overlay-color":"","overlay-opacity":"","overlay-gradient":""},"tablet":{"background-color":"","background-image":"","background-repeat":"repeat","background-position":"center center","background-size":"auto","background-attachment":"scroll","background-type":"","background-media":"","overlay-type":"","overlay-color":"","overlay-opacity":"","overlay-gradient":""},"mobile":{"background-color":"","background-image":"","background-repeat":"repeat","background-position":"center center","background-size":"auto","background-attachment":"scroll","background-type":"","background-media":"","overlay-type":"","overlay-color":"","overlay-opacity":"","overlay-gradient":""}},"ast-content-background-meta":{"desktop":{"background-color":"var(--ast-global-color-4)","background-image":"","background-repeat":"repeat","background-position":"center center","background-size":"auto","background-attachment":"scroll","background-type":"","background-media":"","overlay-type":"","overlay-color":"","overlay-opacity":"","overlay-gradient":""},"tablet":{"background-color":"var(--ast-global-color-4)","background-image":"","background-repeat":"repeat","background-position":"center center","background-size":"auto","background-attachment":"scroll","background-type":"","background-media":"","overlay-type":"","overlay-color":"","overlay-opacity":"","overlay-gradient":""},"mobile":{"background-color":"var(--ast-global-color-4)","background-image":"","background-repeat":"repeat","background-position":"center center","background-size":"auto","background-attachment":"scroll","background-type":"","background-media":"","overlay-type":"","overlay-color":"","overlay-opacity":"","overlay-gradient":""}},"footnotes":""},"categories":[20,1],"tags":[],"class_list":["post-6014","post","type-post","status-publish","format-standard","has-post-thumbnail","hentry","category-international","category-football-latest-news"],"yoast_head":"<!-- This site is optimized with the Yoast SEO Premium plugin v26.6 (Yoast SEO v27.5) - https:\/\/yoast.com\/product\/yoast-seo-premium-wordpress\/ -->\n<title>Harry Kane matches 60-year Bundesliga scoring record at Bayern - Bladna News<\/title>\n<meta name=\"robots\" content=\"index, follow, max-snippet:-1, max-image-preview:large, max-video-preview:-1\" \/>\n<link rel=\"canonical\" href=\"https:\/\/bladnanews.com\/fr\/harry-kane-egale-un-record-de-buts-vieux-de-60-ans-en-bundesliga-au-bayern\/\" \/>\n<meta property=\"og:locale\" content=\"fr_FR\" \/>\n<meta property=\"og:type\" content=\"article\" \/>\n<meta property=\"og:title\" content=\"Harry Kane matches 60-year Bundesliga scoring record at Bayern\" \/>\n<meta property=\"og:description\" content=\"Harry Kane continued his blistering start to life at Bayern Munich as the England captain matched a Bundesliga scoring record [&hellip;]\" \/>\n<meta property=\"og:url\" content=\"https:\/\/bladnanews.com\/fr\/harry-kane-egale-un-record-de-buts-vieux-de-60-ans-en-bundesliga-au-bayern\/\" \/>\n<meta property=\"og:site_name\" content=\"Bladna News\" \/>\n<meta property=\"article:published_time\" content=\"2026-01-12T14:59:13+00:00\" \/>\n<meta property=\"og:image\" content=\"https:\/\/bladnanews.com\/wp-content\/uploads\/2025\/12\/freepik__bladna-newscom-moroccan-soccer-homepage-banner-mor__41838.png\" \/>\n\t<meta property=\"og:image:width\" content=\"1312\" \/>\n\t<meta property=\"og:image:height\" content=\"736\" \/>\n\t<meta property=\"og:image:type\" content=\"image\/png\" \/>\n<meta name=\"author\" content=\"Bladna News Staff\" \/>\n<meta name=\"twitter:card\" content=\"summary_large_image\" \/>\n<meta name=\"twitter:label1\" content=\"\u00c9crit par\" \/>\n\t<meta name=\"twitter:data1\" content=\"Bladna News Staff\" \/>\n\t<meta name=\"twitter:label2\" content=\"Dur\u00e9e de lecture estim\u00e9e\" \/>\n\t<meta name=\"twitter:data2\" content=\"1 minute\" \/>\n<script type=\"application\/ld+json\" class=\"yoast-schema-graph\">{\"@context\":\"https:\\\/\\\/schema.org\",\"@graph\":[{\"@type\":\"Article\",\"@id\":\"https:\\\/\\\/bladnanews.com\\\/harry-kane-matches-60-year-bundesliga-scoring-record-at-bayern\\\/#article\",\"isPartOf\":{\"@id\":\"https:\\\/\\\/bladnanews.com\\\/harry-kane-matches-60-year-bundesliga-scoring-record-at-bayern\\\/\"},\"author\":{\"name\":\"Bladna News Staff\",\"@id\":\"https:\\\/\\\/mediumseagreen-eel-531711.hostingersite.com\\\/#\\\/schema\\\/person\\\/268e18a453ab080ebf76df6ef7845083\"},\"headline\":\"Harry Kane matches 60-year Bundesliga scoring record at Bayern\",\"datePublished\":\"2026-01-12T14:59:13+00:00\",\"mainEntityOfPage\":{\"@id\":\"https:\\\/\\\/bladnanews.com\\\/harry-kane-matches-60-year-bundesliga-scoring-record-at-bayern\\\/\"},\"wordCount\":182,\"publisher\":{\"@id\":\"https:\\\/\\\/mediumseagreen-eel-531711.hostingersite.com\\\/#organization\"},\"image\":{\"@id\":\"https:\\\/\\\/bladnanews.com\\\/harry-kane-matches-60-year-bundesliga-scoring-record-at-bayern\\\/#primaryimage\"},\"thumbnailUrl\":\"https:\\\/\\\/bladnanews.com\\\/wp-content\\\/uploads\\\/2026\\\/01\\\/BladnaNews-Harry-Kane-matches-60-year-Bundesliga-scoring-record-at-Bayern-2026-01-13T010952.611Z.jpg\",\"articleSection\":[\"International\",\"Latest News\"],\"inLanguage\":\"fr-FR\",\"copyrightYear\":\"2026\",\"copyrightHolder\":{\"@id\":\"https:\\\/\\\/bladnanews.com\\\/fr\\\/#organization\"}},{\"@type\":\"WebPage\",\"@id\":\"https:\\\/\\\/bladnanews.com\\\/harry-kane-matches-60-year-bundesliga-scoring-record-at-bayern\\\/\",\"url\":\"https:\\\/\\\/bladnanews.com\\\/harry-kane-matches-60-year-bundesliga-scoring-record-at-bayern\\\/\",\"name\":\"Harry Kane matches 60-year Bundesliga scoring record at Bayern - Bladna News\",\"isPartOf\":{\"@id\":\"https:\\\/\\\/mediumseagreen-eel-531711.hostingersite.com\\\/#website\"},\"primaryImageOfPage\":{\"@id\":\"https:\\\/\\\/bladnanews.com\\\/harry-kane-matches-60-year-bundesliga-scoring-record-at-bayern\\\/#primaryimage\"},\"image\":{\"@id\":\"https:\\\/\\\/bladnanews.com\\\/harry-kane-matches-60-year-bundesliga-scoring-record-at-bayern\\\/#primaryimage\"},\"thumbnailUrl\":\"https:\\\/\\\/bladnanews.com\\\/wp-content\\\/uploads\\\/2026\\\/01\\\/BladnaNews-Harry-Kane-matches-60-year-Bundesliga-scoring-record-at-Bayern-2026-01-13T010952.611Z.jpg\",\"datePublished\":\"2026-01-12T14:59:13+00:00\",\"breadcrumb\":{\"@id\":\"https:\\\/\\\/bladnanews.com\\\/harry-kane-matches-60-year-bundesliga-scoring-record-at-bayern\\\/#breadcrumb\"},\"inLanguage\":\"fr-FR\",\"potentialAction\":[{\"@type\":\"ReadAction\",\"target\":[\"https:\\\/\\\/bladnanews.com\\\/harry-kane-matches-60-year-bundesliga-scoring-record-at-bayern\\\/\"]}]},{\"@type\":\"ImageObject\",\"inLanguage\":\"fr-FR\",\"@id\":\"https:\\\/\\\/bladnanews.com\\\/harry-kane-matches-60-year-bundesliga-scoring-record-at-bayern\\\/#primaryimage\",\"url\":\"https:\\\/\\\/bladnanews.com\\\/wp-content\\\/uploads\\\/2026\\\/01\\\/BladnaNews-Harry-Kane-matches-60-year-Bundesliga-scoring-record-at-Bayern-2026-01-13T010952.611Z.jpg\",\"contentUrl\":\"https:\\\/\\\/bladnanews.com\\\/wp-content\\\/uploads\\\/2026\\\/01\\\/BladnaNews-Harry-Kane-matches-60-year-Bundesliga-scoring-record-at-Bayern-2026-01-13T010952.611Z.jpg\",\"width\":1920,\"height\":1080,\"caption\":\"Harry Kane smiling in Bayern Munich's red home kit, celebrating a goal during a Bundesliga match, with fans in the background.\"},{\"@type\":\"BreadcrumbList\",\"@id\":\"https:\\\/\\\/bladnanews.com\\\/harry-kane-matches-60-year-bundesliga-scoring-record-at-bayern\\\/#breadcrumb\",\"itemListElement\":[{\"@type\":\"ListItem\",\"position\":1,\"name\":\"Home\",\"item\":\"https:\\\/\\\/bladnanews.com\\\/\"},{\"@type\":\"ListItem\",\"position\":2,\"name\":\"Harry Kane matches 60-year Bundesliga scoring record at Bayern\"}]},{\"@type\":\"WebSite\",\"@id\":\"https:\\\/\\\/mediumseagreen-eel-531711.hostingersite.com\\\/#website\",\"url\":\"https:\\\/\\\/mediumseagreen-eel-531711.hostingersite.com\\\/\",\"name\":\"Bladna News - Morocco\",\"description\":\"Where Moroccan Football Meets the World\",\"publisher\":{\"@id\":\"https:\\\/\\\/mediumseagreen-eel-531711.hostingersite.com\\\/#organization\"},\"potentialAction\":[{\"@type\":\"SearchAction\",\"target\":{\"@type\":\"EntryPoint\",\"urlTemplate\":\"https:\\\/\\\/mediumseagreen-eel-531711.hostingersite.com\\\/?s={search_term_string}\"},\"query-input\":{\"@type\":\"PropertyValueSpecification\",\"valueRequired\":true,\"valueName\":\"search_term_string\"}}],\"inLanguage\":\"fr-FR\"},{\"@type\":\"Organization\",\"@id\":\"https:\\\/\\\/mediumseagreen-eel-531711.hostingersite.com\\\/#organization\",\"name\":\"Bladna News.com\",\"url\":\"https:\\\/\\\/mediumseagreen-eel-531711.hostingersite.com\\\/\",\"logo\":{\"@type\":\"ImageObject\",\"inLanguage\":\"fr-FR\",\"@id\":\"https:\\\/\\\/mediumseagreen-eel-531711.hostingersite.com\\\/#\\\/schema\\\/logo\\\/image\\\/\",\"url\":\"https:\\\/\\\/bladnanews.com\\\/wp-content\\\/uploads\\\/2025\\\/12\\\/logo-bladnanews-V2-web-black-red.png\",\"contentUrl\":\"https:\\\/\\\/bladnanews.com\\\/wp-content\\\/uploads\\\/2025\\\/12\\\/logo-bladnanews-V2-web-black-red.png\",\"width\":703,\"height\":287,\"caption\":\"Bladna News.com\"},\"image\":{\"@id\":\"https:\\\/\\\/mediumseagreen-eel-531711.hostingersite.com\\\/#\\\/schema\\\/logo\\\/image\\\/\"},\"email\":\"info@bladnanews.com\",\"legalName\":\"Bladna News\"},{\"@type\":\"Person\",\"@id\":\"https:\\\/\\\/mediumseagreen-eel-531711.hostingersite.com\\\/#\\\/schema\\\/person\\\/268e18a453ab080ebf76df6ef7845083\",\"name\":\"Bladna News Staff\",\"url\":\"https:\\\/\\\/bladnanews.com\\\/fr\\\/author\\\/bladna-news-staff\\\/\"}]}<\/script>\n<!-- \/ Yoast SEO Premium plugin. -->","yoast_head_json":{"title":"Harry Kane \u00e9gale un record de buts vieux de 60 ans en Bundesliga au Bayern - Bladna News","robots":{"index":"index","follow":"follow","max-snippet":"max-snippet:-1","max-image-preview":"max-image-preview:large","max-video-preview":"max-video-preview:-1"},"canonical":"https:\/\/bladnanews.com\/fr\/harry-kane-egale-un-record-de-buts-vieux-de-60-ans-en-bundesliga-au-bayern\/","og_locale":"fr_FR","og_type":"article","og_title":"Harry Kane matches 60-year Bundesliga scoring record at Bayern","og_description":"Harry Kane continued his blistering start to life at Bayern Munich as the England captain matched a Bundesliga scoring record [&hellip;]","og_url":"https:\/\/bladnanews.com\/fr\/harry-kane-egale-un-record-de-buts-vieux-de-60-ans-en-bundesliga-au-bayern\/","og_site_name":"Bladna News","article_published_time":"2026-01-12T14:59:13+00:00","og_image":[{"width":1312,"height":736,"url":"https:\/\/bladnanews.com\/wp-content\/uploads\/2025\/12\/freepik__bladna-newscom-moroccan-soccer-homepage-banner-mor__41838.png","type":"image\/png"}],"author":"Bladna News Staff","twitter_card":"summary_large_image","twitter_misc":{"\u00c9crit par":"Bladna News Staff","Dur\u00e9e de lecture estim\u00e9e":"1 minute"},"schema":{"@context":"https:\/\/schema.org","@graph":[{"@type":"Article","@id":"https:\/\/bladnanews.com\/harry-kane-matches-60-year-bundesliga-scoring-record-at-bayern\/#article","isPartOf":{"@id":"https:\/\/bladnanews.com\/harry-kane-matches-60-year-bundesliga-scoring-record-at-bayern\/"},"author":{"name":"Bladna News Staff","@id":"https:\/\/mediumseagreen-eel-531711.hostingersite.com\/#\/schema\/person\/268e18a453ab080ebf76df6ef7845083"},"headline":"Harry Kane matches 60-year Bundesliga scoring record at Bayern","datePublished":"2026-01-12T14:59:13+00:00","mainEntityOfPage":{"@id":"https:\/\/bladnanews.com\/harry-kane-matches-60-year-bundesliga-scoring-record-at-bayern\/"},"wordCount":182,"publisher":{"@id":"https:\/\/mediumseagreen-eel-531711.hostingersite.com\/#organization"},"image":{"@id":"https:\/\/bladnanews.com\/harry-kane-matches-60-year-bundesliga-scoring-record-at-bayern\/#primaryimage"},"thumbnailUrl":"https:\/\/bladnanews.com\/wp-content\/uploads\/2026\/01\/BladnaNews-Harry-Kane-matches-60-year-Bundesliga-scoring-record-at-Bayern-2026-01-13T010952.611Z.jpg","articleSection":["International","Latest News"],"inLanguage":"fr-FR","copyrightYear":"2026","copyrightHolder":{"@id":"https:\/\/bladnanews.com\/fr\/#organization"}},{"@type":"WebPage","@id":"https:\/\/bladnanews.com\/harry-kane-matches-60-year-bundesliga-scoring-record-at-bayern\/","url":"https:\/\/bladnanews.com\/harry-kane-matches-60-year-bundesliga-scoring-record-at-bayern\/","name":"Harry Kane \u00e9gale un record de buts vieux de 60 ans en Bundesliga au Bayern - Bladna News","isPartOf":{"@id":"https:\/\/mediumseagreen-eel-531711.hostingersite.com\/#website"},"primaryImageOfPage":{"@id":"https:\/\/bladnanews.com\/harry-kane-matches-60-year-bundesliga-scoring-record-at-bayern\/#primaryimage"},"image":{"@id":"https:\/\/bladnanews.com\/harry-kane-matches-60-year-bundesliga-scoring-record-at-bayern\/#primaryimage"},"thumbnailUrl":"https:\/\/bladnanews.com\/wp-content\/uploads\/2026\/01\/BladnaNews-Harry-Kane-matches-60-year-Bundesliga-scoring-record-at-Bayern-2026-01-13T010952.611Z.jpg","datePublished":"2026-01-12T14:59:13+00:00","breadcrumb":{"@id":"https:\/\/bladnanews.com\/harry-kane-matches-60-year-bundesliga-scoring-record-at-bayern\/#breadcrumb"},"inLanguage":"fr-FR","potentialAction":[{"@type":"ReadAction","target":["https:\/\/bladnanews.com\/harry-kane-matches-60-year-bundesliga-scoring-record-at-bayern\/"]}]},{"@type":"ImageObject","inLanguage":"fr-FR","@id":"https:\/\/bladnanews.com\/harry-kane-matches-60-year-bundesliga-scoring-record-at-bayern\/#primaryimage","url":"https:\/\/bladnanews.com\/wp-content\/uploads\/2026\/01\/BladnaNews-Harry-Kane-matches-60-year-Bundesliga-scoring-record-at-Bayern-2026-01-13T010952.611Z.jpg","contentUrl":"https:\/\/bladnanews.com\/wp-content\/uploads\/2026\/01\/BladnaNews-Harry-Kane-matches-60-year-Bundesliga-scoring-record-at-Bayern-2026-01-13T010952.611Z.jpg","width":1920,"height":1080,"caption":"Harry Kane smiling in Bayern Munich's red home kit, celebrating a goal during a Bundesliga match, with fans in the background."},{"@type":"BreadcrumbList","@id":"https:\/\/bladnanews.com\/harry-kane-matches-60-year-bundesliga-scoring-record-at-bayern\/#breadcrumb","itemListElement":[{"@type":"ListItem","position":1,"name":"Home","item":"https:\/\/bladnanews.com\/"},{"@type":"ListItem","position":2,"name":"Harry Kane matches 60-year Bundesliga scoring record at Bayern"}]},{"@type":"WebSite","@id":"https:\/\/mediumseagreen-eel-531711.hostingersite.com\/#website","url":"https:\/\/mediumseagreen-eel-531711.hostingersite.com\/","name":"Bladna News - Maroc","description":"Quand le football marocain rencontre le monde","publisher":{"@id":"https:\/\/mediumseagreen-eel-531711.hostingersite.com\/#organization"},"potentialAction":[{"@type":"SearchAction","target":{"@type":"EntryPoint","urlTemplate":"https:\/\/mediumseagreen-eel-531711.hostingersite.com\/?s={search_term_string}"},"query-input":{"@type":"PropertyValueSpecification","valueRequired":true,"valueName":"search_term_string"}}],"inLanguage":"fr-FR"},{"@type":"Organization","@id":"https:\/\/mediumseagreen-eel-531711.hostingersite.com\/#organization","name":"Bladna News.com","url":"https:\/\/mediumseagreen-eel-531711.hostingersite.com\/","logo":{"@type":"ImageObject","inLanguage":"fr-FR","@id":"https:\/\/mediumseagreen-eel-531711.hostingersite.com\/#\/schema\/logo\/image\/","url":"https:\/\/bladnanews.com\/wp-content\/uploads\/2025\/12\/logo-bladnanews-V2-web-black-red.png","contentUrl":"https:\/\/bladnanews.com\/wp-content\/uploads\/2025\/12\/logo-bladnanews-V2-web-black-red.png","width":703,"height":287,"caption":"Bladna News.com"},"image":{"@id":"https:\/\/mediumseagreen-eel-531711.hostingersite.com\/#\/schema\/logo\/image\/"},"email":"info@bladnanews.com","legalName":"Bladna News"},{"@type":"Person","@id":"https:\/\/mediumseagreen-eel-531711.hostingersite.com\/#\/schema\/person\/268e18a453ab080ebf76df6ef7845083","name":"\u00c9quipe r\u00e9dactionnelle de Bladna News","url":"https:\/\/bladnanews.com\/fr\/author\/bladna-news-staff\/"}]}},"_links":{"self":[{"href":"https:\/\/bladnanews.com\/fr\/wp-json\/wp\/v2\/posts\/6014","targetHints":{"allow":["GET"]}}],"collection":[{"href":"https:\/\/bladnanews.com\/fr\/wp-json\/wp\/v2\/posts"}],"about":[{"href":"https:\/\/bladnanews.com\/fr\/wp-json\/wp\/v2\/types\/post"}],"author":[{"embeddable":true,"href":"https:\/\/bladnanews.com\/fr\/wp-json\/wp\/v2\/users\/3"}],"replies":[{"embeddable":true,"href":"https:\/\/bladnanews.com\/fr\/wp-json\/wp\/v2\/comments?post=6014"}],"version-history":[{"count":0,"href":"https:\/\/bladnanews.com\/fr\/wp-json\/wp\/v2\/posts\/6014\/revisions"}],"wp:featuredmedia":[{"embeddable":true,"href":"https:\/\/bladnanews.com\/fr\/wp-json\/wp\/v2\/media\/6013"}],"wp:attachment":[{"href":"https:\/\/bladnanews.com\/fr\/wp-json\/wp\/v2\/media?parent=6014"}],"wp:term":[{"taxonomy":"category","embeddable":true,"href":"https:\/\/bladnanews.com\/fr\/wp-json\/wp\/v2\/categories?post=6014"},{"taxonomy":"post_tag","embeddable":true,"href":"https:\/\/bladnanews.com\/fr\/wp-json\/wp\/v2\/tags?post=6014"}],"curies":[{"name":"wp","href":"https:\/\/api.w.org\/{rel}","templated":true}]}}