{"id":6018,"date":"2026-01-12T15:44:52","date_gmt":"2026-01-12T15:44:52","guid":{"rendered":"https:\/\/bladnanews.com\/investigation-launched-into-player-behaviour-at-afcon-quarters\/"},"modified":"2026-01-12T15:44:52","modified_gmt":"2026-01-12T15:44:52","slug":"enquete-lancee-sur-le-comportement-des-joueurs-lors-des-quarts-de-finale-de-la-can","status":"publish","type":"post","link":"https:\/\/bladnanews.com\/fr\/enquete-lancee-sur-le-comportement-des-joueurs-lors-des-quarts-de-finale-de-la-can\/","title":{"rendered":"Enqu\u00eate lanc\u00e9e sur le comportement des joueurs lors des quarts de finale de la CAN"},"content":{"rendered":"<p>La Conf\u00e9d\u00e9ration Africaine de Football (CAF) a confirm\u00e9 avoir ouvert une enqu\u00eate sur ce qu'elle a qualifi\u00e9 de \u201c comportement inacceptable \u201d de la part de joueurs lors des quarts de finale de la Coupe d'Afrique des Nations.<\/p>\n<p>La CAF a d\u00e9clar\u00e9 examiner les incidents survenus lors des matches des huiti\u00e8mes de finale, l'instance dirigeante proc\u00e9dant \u00e0 l'examen des rapports et des s\u00e9quences vid\u00e9o des rencontres concern\u00e9es.<\/p>\n<p>Dans un bref communiqu\u00e9, la CAF a indiqu\u00e9 avoir \u201c ouvert une enqu\u00eate sur le comportement inacceptable affich\u00e9 par certains joueurs lors des matches de quarts de finale de la CAN \u201d.\u201d<\/p>\n<p>La f\u00e9d\u00e9ration a ajout\u00e9 qu'elle traiterait cette affaire par les voies appropri\u00e9es une fois l'enqu\u00eate termin\u00e9e.<\/p>\n<p>Les quarts de finale se sont d\u00e9roul\u00e9s alors que le tournoi entrait dans sa phase d\u00e9cisive, et l'annonce de la CAF intervient alors que l'attention se tourne vers les derniers tours de la comp\u00e9tition.<\/p>\n<p>Aucun d\u00e9tail suppl\u00e9mentaire n'a \u00e9t\u00e9 fourni par la CAF \u00e0 ce stade, et l'organisme n'a pas encore confirm\u00e9 quels matches ou quels individus font l'objet de l'examen.<\/p>\n<p>La CAF n'a pas non plus annonc\u00e9 de sanctions imm\u00e9diates, le processus \u00e9tant d\u00e9sormais en cours avant toute d\u00e9cision officielle.<\/p>","protected":false},"excerpt":{"rendered":"<p>The Confederation of African Football (CAF) has confirmed it has opened an investigation into what it described as \u201cunacceptable behaviour\u201d [&hellip;]<\/p>\n","protected":false},"author":3,"featured_media":6017,"comment_status":"","ping_status":"open","sticky":false,"template":"","format":"standard","meta":{"googlesitekit_rrm_CAow_uzEDA:productID":"","site-sidebar-layout":"default","site-content-layout":"","ast-site-content-layout":"default","site-content-style":"default","site-sidebar-style":"default","ast-global-header-display":"","ast-banner-title-visibility":"","ast-main-header-display":"","ast-hfb-above-header-display":"","ast-hfb-below-header-display":"","ast-hfb-mobile-header-display":"","site-post-title":"","ast-breadcrumbs-content":"","ast-featured-img":"","footer-sml-layout":"","ast-disable-related-posts":"","theme-transparent-header-meta":"","adv-header-id-meta":"","stick-header-meta":"","header-above-stick-meta":"","header-main-stick-meta":"","header-below-stick-meta":"","astra-migrate-meta-layouts":"default","ast-page-background-enabled":"default","ast-page-background-meta":{"desktop":{"background-color":"var(--ast-global-color-5)","background-image":"","background-repeat":"repeat","background-position":"center center","background-size":"auto","background-attachment":"scroll","background-type":"","background-media":"","overlay-type":"","overlay-color":"","overlay-opacity":"","overlay-gradient":""},"tablet":{"background-color":"","background-image":"","background-repeat":"repeat","background-position":"center center","background-size":"auto","background-attachment":"scroll","background-type":"","background-media":"","overlay-type":"","overlay-color":"","overlay-opacity":"","overlay-gradient":""},"mobile":{"background-color":"","background-image":"","background-repeat":"repeat","background-position":"center center","background-size":"auto","background-attachment":"scroll","background-type":"","background-media":"","overlay-type":"","overlay-color":"","overlay-opacity":"","overlay-gradient":""}},"ast-content-background-meta":{"desktop":{"background-color":"var(--ast-global-color-4)","background-image":"","background-repeat":"repeat","background-position":"center center","background-size":"auto","background-attachment":"scroll","background-type":"","background-media":"","overlay-type":"","overlay-color":"","overlay-opacity":"","overlay-gradient":""},"tablet":{"background-color":"var(--ast-global-color-4)","background-image":"","background-repeat":"repeat","background-position":"center center","background-size":"auto","background-attachment":"scroll","background-type":"","background-media":"","overlay-type":"","overlay-color":"","overlay-opacity":"","overlay-gradient":""},"mobile":{"background-color":"var(--ast-global-color-4)","background-image":"","background-repeat":"repeat","background-position":"center center","background-size":"auto","background-attachment":"scroll","background-type":"","background-media":"","overlay-type":"","overlay-color":"","overlay-opacity":"","overlay-gradient":""}},"footnotes":""},"categories":[20,1],"tags":[],"class_list":["post-6018","post","type-post","status-publish","format-standard","has-post-thumbnail","hentry","category-international","category-football-latest-news"],"yoast_head":"<!-- This site is optimized with the Yoast SEO Premium plugin v26.6 (Yoast SEO v27.5) - https:\/\/yoast.com\/product\/yoast-seo-premium-wordpress\/ -->\n<title>Investigation launched into player behaviour at AFCON quarters - Bladna News<\/title>\n<meta name=\"robots\" content=\"index, follow, max-snippet:-1, max-image-preview:large, max-video-preview:-1\" \/>\n<link rel=\"canonical\" href=\"https:\/\/bladnanews.com\/fr\/enquete-lancee-sur-le-comportement-des-joueurs-lors-des-quarts-de-finale-de-la-can\/\" \/>\n<meta property=\"og:locale\" content=\"fr_FR\" \/>\n<meta property=\"og:type\" content=\"article\" \/>\n<meta property=\"og:title\" content=\"Investigation launched into player behaviour at AFCON quarters\" \/>\n<meta property=\"og:description\" content=\"The Confederation of African Football (CAF) has confirmed it has opened an investigation into what it described as \u201cunacceptable behaviour\u201d [&hellip;]\" \/>\n<meta property=\"og:url\" content=\"https:\/\/bladnanews.com\/fr\/enquete-lancee-sur-le-comportement-des-joueurs-lors-des-quarts-de-finale-de-la-can\/\" \/>\n<meta property=\"og:site_name\" content=\"Bladna News\" \/>\n<meta property=\"article:published_time\" content=\"2026-01-12T15:44:52+00:00\" \/>\n<meta property=\"og:image\" content=\"https:\/\/bladnanews.com\/wp-content\/uploads\/2025\/12\/freepik__bladna-newscom-moroccan-soccer-homepage-banner-mor__41838.png\" \/>\n\t<meta property=\"og:image:width\" content=\"1312\" \/>\n\t<meta property=\"og:image:height\" content=\"736\" \/>\n\t<meta property=\"og:image:type\" content=\"image\/png\" \/>\n<meta name=\"author\" content=\"Bladna News Staff\" \/>\n<meta name=\"twitter:card\" content=\"summary_large_image\" \/>\n<meta name=\"twitter:label1\" content=\"\u00c9crit par\" \/>\n\t<meta name=\"twitter:data1\" content=\"Bladna News Staff\" \/>\n\t<meta name=\"twitter:label2\" content=\"Dur\u00e9e de lecture estim\u00e9e\" \/>\n\t<meta name=\"twitter:data2\" content=\"1 minute\" \/>\n<script type=\"application\/ld+json\" class=\"yoast-schema-graph\">{\"@context\":\"https:\\\/\\\/schema.org\",\"@graph\":[{\"@type\":\"Article\",\"@id\":\"https:\\\/\\\/bladnanews.com\\\/investigation-launched-into-player-behaviour-at-afcon-quarters\\\/#article\",\"isPartOf\":{\"@id\":\"https:\\\/\\\/bladnanews.com\\\/investigation-launched-into-player-behaviour-at-afcon-quarters\\\/\"},\"author\":{\"name\":\"Bladna News Staff\",\"@id\":\"https:\\\/\\\/mediumseagreen-eel-531711.hostingersite.com\\\/#\\\/schema\\\/person\\\/268e18a453ab080ebf76df6ef7845083\"},\"headline\":\"Investigation launched into player behaviour at AFCON quarters\",\"datePublished\":\"2026-01-12T15:44:52+00:00\",\"mainEntityOfPage\":{\"@id\":\"https:\\\/\\\/bladnanews.com\\\/investigation-launched-into-player-behaviour-at-afcon-quarters\\\/\"},\"wordCount\":179,\"publisher\":{\"@id\":\"https:\\\/\\\/mediumseagreen-eel-531711.hostingersite.com\\\/#organization\"},\"image\":{\"@id\":\"https:\\\/\\\/bladnanews.com\\\/investigation-launched-into-player-behaviour-at-afcon-quarters\\\/#primaryimage\"},\"thumbnailUrl\":\"https:\\\/\\\/bladnanews.com\\\/wp-content\\\/uploads\\\/2026\\\/01\\\/BladnaNews-Investigation-launched-into-player-behaviour-at-AFCON-quarters-2026-01-13T011040.518Z-scaled.jpg\",\"articleSection\":[\"International\",\"Latest News\"],\"inLanguage\":\"fr-FR\",\"copyrightYear\":\"2026\",\"copyrightHolder\":{\"@id\":\"https:\\\/\\\/bladnanews.com\\\/fr\\\/#organization\"}},{\"@type\":\"WebPage\",\"@id\":\"https:\\\/\\\/bladnanews.com\\\/investigation-launched-into-player-behaviour-at-afcon-quarters\\\/\",\"url\":\"https:\\\/\\\/bladnanews.com\\\/investigation-launched-into-player-behaviour-at-afcon-quarters\\\/\",\"name\":\"Investigation launched into player behaviour at AFCON quarters - Bladna News\",\"isPartOf\":{\"@id\":\"https:\\\/\\\/mediumseagreen-eel-531711.hostingersite.com\\\/#website\"},\"primaryImageOfPage\":{\"@id\":\"https:\\\/\\\/bladnanews.com\\\/investigation-launched-into-player-behaviour-at-afcon-quarters\\\/#primaryimage\"},\"image\":{\"@id\":\"https:\\\/\\\/bladnanews.com\\\/investigation-launched-into-player-behaviour-at-afcon-quarters\\\/#primaryimage\"},\"thumbnailUrl\":\"https:\\\/\\\/bladnanews.com\\\/wp-content\\\/uploads\\\/2026\\\/01\\\/BladnaNews-Investigation-launched-into-player-behaviour-at-AFCON-quarters-2026-01-13T011040.518Z-scaled.jpg\",\"datePublished\":\"2026-01-12T15:44:52+00:00\",\"breadcrumb\":{\"@id\":\"https:\\\/\\\/bladnanews.com\\\/investigation-launched-into-player-behaviour-at-afcon-quarters\\\/#breadcrumb\"},\"inLanguage\":\"fr-FR\",\"potentialAction\":[{\"@type\":\"ReadAction\",\"target\":[\"https:\\\/\\\/bladnanews.com\\\/investigation-launched-into-player-behaviour-at-afcon-quarters\\\/\"]}]},{\"@type\":\"ImageObject\",\"inLanguage\":\"fr-FR\",\"@id\":\"https:\\\/\\\/bladnanews.com\\\/investigation-launched-into-player-behaviour-at-afcon-quarters\\\/#primaryimage\",\"url\":\"https:\\\/\\\/bladnanews.com\\\/wp-content\\\/uploads\\\/2026\\\/01\\\/BladnaNews-Investigation-launched-into-player-behaviour-at-AFCON-quarters-2026-01-13T011040.518Z-scaled.jpg\",\"contentUrl\":\"https:\\\/\\\/bladnanews.com\\\/wp-content\\\/uploads\\\/2026\\\/01\\\/BladnaNews-Investigation-launched-into-player-behaviour-at-AFCON-quarters-2026-01-13T011040.518Z-scaled.jpg\",\"width\":2560,\"height\":1440,\"caption\":\"Nigerian players in vibrant green kits confront a Moroccan player in green, amidst a tense moment during the AFCON quarter-finals.\"},{\"@type\":\"BreadcrumbList\",\"@id\":\"https:\\\/\\\/bladnanews.com\\\/investigation-launched-into-player-behaviour-at-afcon-quarters\\\/#breadcrumb\",\"itemListElement\":[{\"@type\":\"ListItem\",\"position\":1,\"name\":\"Home\",\"item\":\"https:\\\/\\\/bladnanews.com\\\/\"},{\"@type\":\"ListItem\",\"position\":2,\"name\":\"Investigation launched into player behaviour at AFCON quarters\"}]},{\"@type\":\"WebSite\",\"@id\":\"https:\\\/\\\/mediumseagreen-eel-531711.hostingersite.com\\\/#website\",\"url\":\"https:\\\/\\\/mediumseagreen-eel-531711.hostingersite.com\\\/\",\"name\":\"Bladna News - Morocco\",\"description\":\"Where Moroccan Football Meets the World\",\"publisher\":{\"@id\":\"https:\\\/\\\/mediumseagreen-eel-531711.hostingersite.com\\\/#organization\"},\"potentialAction\":[{\"@type\":\"SearchAction\",\"target\":{\"@type\":\"EntryPoint\",\"urlTemplate\":\"https:\\\/\\\/mediumseagreen-eel-531711.hostingersite.com\\\/?s={search_term_string}\"},\"query-input\":{\"@type\":\"PropertyValueSpecification\",\"valueRequired\":true,\"valueName\":\"search_term_string\"}}],\"inLanguage\":\"fr-FR\"},{\"@type\":\"Organization\",\"@id\":\"https:\\\/\\\/mediumseagreen-eel-531711.hostingersite.com\\\/#organization\",\"name\":\"Bladna News.com\",\"url\":\"https:\\\/\\\/mediumseagreen-eel-531711.hostingersite.com\\\/\",\"logo\":{\"@type\":\"ImageObject\",\"inLanguage\":\"fr-FR\",\"@id\":\"https:\\\/\\\/mediumseagreen-eel-531711.hostingersite.com\\\/#\\\/schema\\\/logo\\\/image\\\/\",\"url\":\"https:\\\/\\\/bladnanews.com\\\/wp-content\\\/uploads\\\/2025\\\/12\\\/logo-bladnanews-V2-web-black-red.png\",\"contentUrl\":\"https:\\\/\\\/bladnanews.com\\\/wp-content\\\/uploads\\\/2025\\\/12\\\/logo-bladnanews-V2-web-black-red.png\",\"width\":703,\"height\":287,\"caption\":\"Bladna News.com\"},\"image\":{\"@id\":\"https:\\\/\\\/mediumseagreen-eel-531711.hostingersite.com\\\/#\\\/schema\\\/logo\\\/image\\\/\"},\"email\":\"info@bladnanews.com\",\"legalName\":\"Bladna News\"},{\"@type\":\"Person\",\"@id\":\"https:\\\/\\\/mediumseagreen-eel-531711.hostingersite.com\\\/#\\\/schema\\\/person\\\/268e18a453ab080ebf76df6ef7845083\",\"name\":\"Bladna News Staff\",\"url\":\"https:\\\/\\\/bladnanews.com\\\/fr\\\/author\\\/bladna-news-staff\\\/\"}]}<\/script>\n<!-- \/ Yoast SEO Premium plugin. -->","yoast_head_json":{"title":"Enqu\u00eate lanc\u00e9e sur le comportement des joueurs lors des quarts de finale de la CAN - Bladna News","robots":{"index":"index","follow":"follow","max-snippet":"max-snippet:-1","max-image-preview":"max-image-preview:large","max-video-preview":"max-video-preview:-1"},"canonical":"https:\/\/bladnanews.com\/fr\/enquete-lancee-sur-le-comportement-des-joueurs-lors-des-quarts-de-finale-de-la-can\/","og_locale":"fr_FR","og_type":"article","og_title":"Investigation launched into player behaviour at AFCON quarters","og_description":"The Confederation of African Football (CAF) has confirmed it has opened an investigation into what it described as \u201cunacceptable behaviour\u201d [&hellip;]","og_url":"https:\/\/bladnanews.com\/fr\/enquete-lancee-sur-le-comportement-des-joueurs-lors-des-quarts-de-finale-de-la-can\/","og_site_name":"Bladna News","article_published_time":"2026-01-12T15:44:52+00:00","og_image":[{"width":1312,"height":736,"url":"https:\/\/bladnanews.com\/wp-content\/uploads\/2025\/12\/freepik__bladna-newscom-moroccan-soccer-homepage-banner-mor__41838.png","type":"image\/png"}],"author":"Bladna News Staff","twitter_card":"summary_large_image","twitter_misc":{"\u00c9crit par":"Bladna News Staff","Dur\u00e9e de lecture estim\u00e9e":"1 minute"},"schema":{"@context":"https:\/\/schema.org","@graph":[{"@type":"Article","@id":"https:\/\/bladnanews.com\/investigation-launched-into-player-behaviour-at-afcon-quarters\/#article","isPartOf":{"@id":"https:\/\/bladnanews.com\/investigation-launched-into-player-behaviour-at-afcon-quarters\/"},"author":{"name":"Bladna News Staff","@id":"https:\/\/mediumseagreen-eel-531711.hostingersite.com\/#\/schema\/person\/268e18a453ab080ebf76df6ef7845083"},"headline":"Investigation launched into player behaviour at AFCON quarters","datePublished":"2026-01-12T15:44:52+00:00","mainEntityOfPage":{"@id":"https:\/\/bladnanews.com\/investigation-launched-into-player-behaviour-at-afcon-quarters\/"},"wordCount":179,"publisher":{"@id":"https:\/\/mediumseagreen-eel-531711.hostingersite.com\/#organization"},"image":{"@id":"https:\/\/bladnanews.com\/investigation-launched-into-player-behaviour-at-afcon-quarters\/#primaryimage"},"thumbnailUrl":"https:\/\/bladnanews.com\/wp-content\/uploads\/2026\/01\/BladnaNews-Investigation-launched-into-player-behaviour-at-AFCON-quarters-2026-01-13T011040.518Z-scaled.jpg","articleSection":["International","Latest News"],"inLanguage":"fr-FR","copyrightYear":"2026","copyrightHolder":{"@id":"https:\/\/bladnanews.com\/fr\/#organization"}},{"@type":"WebPage","@id":"https:\/\/bladnanews.com\/investigation-launched-into-player-behaviour-at-afcon-quarters\/","url":"https:\/\/bladnanews.com\/investigation-launched-into-player-behaviour-at-afcon-quarters\/","name":"Enqu\u00eate lanc\u00e9e sur le comportement des joueurs lors des quarts de finale de la CAN - Bladna News","isPartOf":{"@id":"https:\/\/mediumseagreen-eel-531711.hostingersite.com\/#website"},"primaryImageOfPage":{"@id":"https:\/\/bladnanews.com\/investigation-launched-into-player-behaviour-at-afcon-quarters\/#primaryimage"},"image":{"@id":"https:\/\/bladnanews.com\/investigation-launched-into-player-behaviour-at-afcon-quarters\/#primaryimage"},"thumbnailUrl":"https:\/\/bladnanews.com\/wp-content\/uploads\/2026\/01\/BladnaNews-Investigation-launched-into-player-behaviour-at-AFCON-quarters-2026-01-13T011040.518Z-scaled.jpg","datePublished":"2026-01-12T15:44:52+00:00","breadcrumb":{"@id":"https:\/\/bladnanews.com\/investigation-launched-into-player-behaviour-at-afcon-quarters\/#breadcrumb"},"inLanguage":"fr-FR","potentialAction":[{"@type":"ReadAction","target":["https:\/\/bladnanews.com\/investigation-launched-into-player-behaviour-at-afcon-quarters\/"]}]},{"@type":"ImageObject","inLanguage":"fr-FR","@id":"https:\/\/bladnanews.com\/investigation-launched-into-player-behaviour-at-afcon-quarters\/#primaryimage","url":"https:\/\/bladnanews.com\/wp-content\/uploads\/2026\/01\/BladnaNews-Investigation-launched-into-player-behaviour-at-AFCON-quarters-2026-01-13T011040.518Z-scaled.jpg","contentUrl":"https:\/\/bladnanews.com\/wp-content\/uploads\/2026\/01\/BladnaNews-Investigation-launched-into-player-behaviour-at-AFCON-quarters-2026-01-13T011040.518Z-scaled.jpg","width":2560,"height":1440,"caption":"Nigerian players in vibrant green kits confront a Moroccan player in green, amidst a tense moment during the AFCON quarter-finals."},{"@type":"BreadcrumbList","@id":"https:\/\/bladnanews.com\/investigation-launched-into-player-behaviour-at-afcon-quarters\/#breadcrumb","itemListElement":[{"@type":"ListItem","position":1,"name":"Home","item":"https:\/\/bladnanews.com\/"},{"@type":"ListItem","position":2,"name":"Investigation launched into player behaviour at AFCON quarters"}]},{"@type":"WebSite","@id":"https:\/\/mediumseagreen-eel-531711.hostingersite.com\/#website","url":"https:\/\/mediumseagreen-eel-531711.hostingersite.com\/","name":"Bladna News - Maroc","description":"Quand le football marocain rencontre le monde","publisher":{"@id":"https:\/\/mediumseagreen-eel-531711.hostingersite.com\/#organization"},"potentialAction":[{"@type":"SearchAction","target":{"@type":"EntryPoint","urlTemplate":"https:\/\/mediumseagreen-eel-531711.hostingersite.com\/?s={search_term_string}"},"query-input":{"@type":"PropertyValueSpecification","valueRequired":true,"valueName":"search_term_string"}}],"inLanguage":"fr-FR"},{"@type":"Organization","@id":"https:\/\/mediumseagreen-eel-531711.hostingersite.com\/#organization","name":"Bladna News.com","url":"https:\/\/mediumseagreen-eel-531711.hostingersite.com\/","logo":{"@type":"ImageObject","inLanguage":"fr-FR","@id":"https:\/\/mediumseagreen-eel-531711.hostingersite.com\/#\/schema\/logo\/image\/","url":"https:\/\/bladnanews.com\/wp-content\/uploads\/2025\/12\/logo-bladnanews-V2-web-black-red.png","contentUrl":"https:\/\/bladnanews.com\/wp-content\/uploads\/2025\/12\/logo-bladnanews-V2-web-black-red.png","width":703,"height":287,"caption":"Bladna News.com"},"image":{"@id":"https:\/\/mediumseagreen-eel-531711.hostingersite.com\/#\/schema\/logo\/image\/"},"email":"info@bladnanews.com","legalName":"Bladna News"},{"@type":"Person","@id":"https:\/\/mediumseagreen-eel-531711.hostingersite.com\/#\/schema\/person\/268e18a453ab080ebf76df6ef7845083","name":"\u00c9quipe r\u00e9dactionnelle de Bladna News","url":"https:\/\/bladnanews.com\/fr\/author\/bladna-news-staff\/"}]}},"_links":{"self":[{"href":"https:\/\/bladnanews.com\/fr\/wp-json\/wp\/v2\/posts\/6018","targetHints":{"allow":["GET"]}}],"collection":[{"href":"https:\/\/bladnanews.com\/fr\/wp-json\/wp\/v2\/posts"}],"about":[{"href":"https:\/\/bladnanews.com\/fr\/wp-json\/wp\/v2\/types\/post"}],"author":[{"embeddable":true,"href":"https:\/\/bladnanews.com\/fr\/wp-json\/wp\/v2\/users\/3"}],"replies":[{"embeddable":true,"href":"https:\/\/bladnanews.com\/fr\/wp-json\/wp\/v2\/comments?post=6018"}],"version-history":[{"count":0,"href":"https:\/\/bladnanews.com\/fr\/wp-json\/wp\/v2\/posts\/6018\/revisions"}],"wp:featuredmedia":[{"embeddable":true,"href":"https:\/\/bladnanews.com\/fr\/wp-json\/wp\/v2\/media\/6017"}],"wp:attachment":[{"href":"https:\/\/bladnanews.com\/fr\/wp-json\/wp\/v2\/media?parent=6018"}],"wp:term":[{"taxonomy":"category","embeddable":true,"href":"https:\/\/bladnanews.com\/fr\/wp-json\/wp\/v2\/categories?post=6018"},{"taxonomy":"post_tag","embeddable":true,"href":"https:\/\/bladnanews.com\/fr\/wp-json\/wp\/v2\/tags?post=6018"}],"curies":[{"name":"wp","href":"https:\/\/api.w.org\/{rel}","templated":true}]}}