{"id":6034,"date":"2026-01-12T16:23:33","date_gmt":"2026-01-12T16:23:33","guid":{"rendered":"https:\/\/bladnanews.com\/should-usmnt-striker-josh-sargent-join-toronto-fc\/"},"modified":"2026-01-12T16:23:33","modified_gmt":"2026-01-12T16:23:33","slug":"le-buteur-de-lusmnt-josh-sargent-devrait-il-rejoindre-le-toronto-fc","status":"publish","type":"post","link":"https:\/\/bladnanews.com\/fr\/le-buteur-de-lusmnt-josh-sargent-devrait-il-rejoindre-le-toronto-fc\/","title":{"rendered":"Le joueur de l'\u00e9quipe nationale masculine des \u00c9tats-Unis, l'attaquant Josh Sargent, devrait-il rejoindre le Toronto FC ?"},"content":{"rendered":"<p>La pr\u00e9-saison de la MLS bat son plein, et avec elle \u00e9merge une nouvelle vague de questions autour de la ligue \u2014 des rumeurs de transfert qui persistent aux d\u00e9cisions d'entra\u00eenement qui pourraient d\u00e9finir 2026. Dans la derni\u00e8re \u00e9dition du <em>Rondo<\/em>, l'un des plus grands sujets de d\u00e9bat est de savoir si le Toronto FC devrait s\u00e9rieusement tenter de recruter l'attaquant de l'\u00e9quipe nationale am\u00e9ricaine, Josh Sargent.<\/p>\n<p>Sargent est devenu un nom qui suscite instantan\u00e9ment la pol\u00e9mique : un num\u00e9ro 9 \u00e9prouv\u00e9 au niveau international, entrant encore dans sa prime, et un joueur qui apporterait une identit\u00e9 claire \u00e0 toute ligne offensive. C'est exactement ce que Toronto recherche alors qu'il tente de restructurer son effectif et de construire une \u00e9quipe capable de rivaliser \u00e0 nouveau dans la Conf\u00e9rence Est.<\/p>\n<p>Dans ce d\u00e9bat, l'id\u00e9e est simple \u2014 Sargent am\u00e9liorerait-il Toronto, et ce transfert aurait-il du sens pour le joueur ? L'int\u00e9r\u00eat pour Toronto est \u00e9vident : un attaquant fiable change tout en MLS, surtout pour un club qui a eu du mal \u00e0 transformer r\u00e9guli\u00e8rement la possession en buts. Pour Sargent, la question porte sur le timing, l'ambition et le type de plateforme qu'il souhaite en vue du prochain grand cycle international.<\/p>\n<p>Le Rondo regarde \u00e9galement au-del\u00e0 de Toronto et Sargent, pour se tourner vers le paysage plus large de la MLS alors que la pr\u00e9-saison s'intensifie. Avec de nouveaux visages sur les bancs \u00e0 travers la ligue, le panel \u00e9value quel club a r\u00e9alis\u00e9 la meilleure nomination d'entra\u00eeneur cet hiver \u2014 une d\u00e9cision qui peut fa\u00e7onner une \u00e9quipe bien plus qu'un seul recrutement.<\/p>\n<p>Et, comme toujours durant la p\u00e9riode de intersaison de la MLS, le march\u00e9 des agents libres laisse quelques clubs avec des regrets. Le Rondo met en lumi\u00e8re le plus grand rat\u00e9 de ce processus \u2014 le joueur qu'une \u00e9quipe a laiss\u00e9 filer alors qu'une opportunit\u00e9 claire d'agir se pr\u00e9sentait.<\/p>\n<p>Alors que les matchs de pr\u00e9-saison sont en cours et que les effectifs prennent encore forme, ces questions trouveront bient\u00f4t des r\u00e9ponses. Mais pour l'instant, le possible transfert de Sargent \u00e0 Toronto reste l'un des \u201cet si\u201d les plus intrigants du d\u00e9but du calendrier de la MLS.<\/p>","protected":false},"excerpt":{"rendered":"<p>MLS preseason is in full swing, and with it comes a fresh wave of questions around the league \u2014 from [&hellip;]<\/p>\n","protected":false},"author":3,"featured_media":6033,"comment_status":"","ping_status":"open","sticky":false,"template":"","format":"standard","meta":{"googlesitekit_rrm_CAow_uzEDA:productID":"","site-sidebar-layout":"default","site-content-layout":"","ast-site-content-layout":"default","site-content-style":"default","site-sidebar-style":"default","ast-global-header-display":"","ast-banner-title-visibility":"","ast-main-header-display":"","ast-hfb-above-header-display":"","ast-hfb-below-header-display":"","ast-hfb-mobile-header-display":"","site-post-title":"","ast-breadcrumbs-content":"","ast-featured-img":"","footer-sml-layout":"","ast-disable-related-posts":"","theme-transparent-header-meta":"","adv-header-id-meta":"","stick-header-meta":"","header-above-stick-meta":"","header-main-stick-meta":"","header-below-stick-meta":"","astra-migrate-meta-layouts":"default","ast-page-background-enabled":"default","ast-page-background-meta":{"desktop":{"background-color":"var(--ast-global-color-5)","background-image":"","background-repeat":"repeat","background-position":"center center","background-size":"auto","background-attachment":"scroll","background-type":"","background-media":"","overlay-type":"","overlay-color":"","overlay-opacity":"","overlay-gradient":""},"tablet":{"background-color":"","background-image":"","background-repeat":"repeat","background-position":"center center","background-size":"auto","background-attachment":"scroll","background-type":"","background-media":"","overlay-type":"","overlay-color":"","overlay-opacity":"","overlay-gradient":""},"mobile":{"background-color":"","background-image":"","background-repeat":"repeat","background-position":"center center","background-size":"auto","background-attachment":"scroll","background-type":"","background-media":"","overlay-type":"","overlay-color":"","overlay-opacity":"","overlay-gradient":""}},"ast-content-background-meta":{"desktop":{"background-color":"var(--ast-global-color-4)","background-image":"","background-repeat":"repeat","background-position":"center center","background-size":"auto","background-attachment":"scroll","background-type":"","background-media":"","overlay-type":"","overlay-color":"","overlay-opacity":"","overlay-gradient":""},"tablet":{"background-color":"var(--ast-global-color-4)","background-image":"","background-repeat":"repeat","background-position":"center center","background-size":"auto","background-attachment":"scroll","background-type":"","background-media":"","overlay-type":"","overlay-color":"","overlay-opacity":"","overlay-gradient":""},"mobile":{"background-color":"var(--ast-global-color-4)","background-image":"","background-repeat":"repeat","background-position":"center center","background-size":"auto","background-attachment":"scroll","background-type":"","background-media":"","overlay-type":"","overlay-color":"","overlay-opacity":"","overlay-gradient":""}},"footnotes":""},"categories":[20,1],"tags":[],"class_list":["post-6034","post","type-post","status-publish","format-standard","has-post-thumbnail","hentry","category-international","category-football-latest-news"],"yoast_head":"<!-- This site is optimized with the Yoast SEO Premium plugin v26.6 (Yoast SEO v27.5) - https:\/\/yoast.com\/product\/yoast-seo-premium-wordpress\/ -->\n<title>Should USMNT striker Josh Sargent join Toronto FC - Bladna News<\/title>\n<meta name=\"robots\" content=\"index, follow, max-snippet:-1, max-image-preview:large, max-video-preview:-1\" \/>\n<link rel=\"canonical\" href=\"https:\/\/bladnanews.com\/fr\/le-buteur-de-lusmnt-josh-sargent-devrait-il-rejoindre-le-toronto-fc\/\" \/>\n<meta property=\"og:locale\" content=\"fr_FR\" \/>\n<meta property=\"og:type\" content=\"article\" \/>\n<meta property=\"og:title\" content=\"Should USMNT striker Josh Sargent join Toronto FC\" \/>\n<meta property=\"og:description\" content=\"MLS preseason is in full swing, and with it comes a fresh wave of questions around the league \u2014 from [&hellip;]\" \/>\n<meta property=\"og:url\" content=\"https:\/\/bladnanews.com\/fr\/le-buteur-de-lusmnt-josh-sargent-devrait-il-rejoindre-le-toronto-fc\/\" \/>\n<meta property=\"og:site_name\" content=\"Bladna News\" \/>\n<meta property=\"article:published_time\" content=\"2026-01-12T16:23:33+00:00\" \/>\n<meta property=\"og:image\" content=\"https:\/\/bladnanews.com\/wp-content\/uploads\/2025\/12\/freepik__bladna-newscom-moroccan-soccer-homepage-banner-mor__41838.png\" \/>\n\t<meta property=\"og:image:width\" content=\"1312\" \/>\n\t<meta property=\"og:image:height\" content=\"736\" \/>\n\t<meta property=\"og:image:type\" content=\"image\/png\" \/>\n<meta name=\"author\" content=\"Bladna News Staff\" \/>\n<meta name=\"twitter:card\" content=\"summary_large_image\" \/>\n<meta name=\"twitter:label1\" content=\"\u00c9crit par\" \/>\n\t<meta name=\"twitter:data1\" content=\"Bladna News Staff\" \/>\n\t<meta name=\"twitter:label2\" content=\"Dur\u00e9e de lecture estim\u00e9e\" \/>\n\t<meta name=\"twitter:data2\" content=\"2 minutes\" \/>\n<script type=\"application\/ld+json\" class=\"yoast-schema-graph\">{\"@context\":\"https:\\\/\\\/schema.org\",\"@graph\":[{\"@type\":\"Article\",\"@id\":\"https:\\\/\\\/bladnanews.com\\\/should-usmnt-striker-josh-sargent-join-toronto-fc\\\/#article\",\"isPartOf\":{\"@id\":\"https:\\\/\\\/bladnanews.com\\\/should-usmnt-striker-josh-sargent-join-toronto-fc\\\/\"},\"author\":{\"name\":\"Bladna News Staff\",\"@id\":\"https:\\\/\\\/mediumseagreen-eel-531711.hostingersite.com\\\/#\\\/schema\\\/person\\\/268e18a453ab080ebf76df6ef7845083\"},\"headline\":\"Should USMNT striker Josh Sargent join Toronto FC\",\"datePublished\":\"2026-01-12T16:23:33+00:00\",\"mainEntityOfPage\":{\"@id\":\"https:\\\/\\\/bladnanews.com\\\/should-usmnt-striker-josh-sargent-join-toronto-fc\\\/\"},\"wordCount\":328,\"publisher\":{\"@id\":\"https:\\\/\\\/mediumseagreen-eel-531711.hostingersite.com\\\/#organization\"},\"image\":{\"@id\":\"https:\\\/\\\/bladnanews.com\\\/should-usmnt-striker-josh-sargent-join-toronto-fc\\\/#primaryimage\"},\"thumbnailUrl\":\"https:\\\/\\\/bladnanews.com\\\/wp-content\\\/uploads\\\/2026\\\/01\\\/BladnaNews-Should-USMNT-striker-Josh-Sargent-join-Toronto-FC-2026-01-13T051018.709Z.jpg\",\"articleSection\":[\"International\",\"Latest News\"],\"inLanguage\":\"fr-FR\",\"copyrightYear\":\"2026\",\"copyrightHolder\":{\"@id\":\"https:\\\/\\\/bladnanews.com\\\/fr\\\/#organization\"}},{\"@type\":\"WebPage\",\"@id\":\"https:\\\/\\\/bladnanews.com\\\/should-usmnt-striker-josh-sargent-join-toronto-fc\\\/\",\"url\":\"https:\\\/\\\/bladnanews.com\\\/should-usmnt-striker-josh-sargent-join-toronto-fc\\\/\",\"name\":\"Should USMNT striker Josh Sargent join Toronto FC - Bladna News\",\"isPartOf\":{\"@id\":\"https:\\\/\\\/mediumseagreen-eel-531711.hostingersite.com\\\/#website\"},\"primaryImageOfPage\":{\"@id\":\"https:\\\/\\\/bladnanews.com\\\/should-usmnt-striker-josh-sargent-join-toronto-fc\\\/#primaryimage\"},\"image\":{\"@id\":\"https:\\\/\\\/bladnanews.com\\\/should-usmnt-striker-josh-sargent-join-toronto-fc\\\/#primaryimage\"},\"thumbnailUrl\":\"https:\\\/\\\/bladnanews.com\\\/wp-content\\\/uploads\\\/2026\\\/01\\\/BladnaNews-Should-USMNT-striker-Josh-Sargent-join-Toronto-FC-2026-01-13T051018.709Z.jpg\",\"datePublished\":\"2026-01-12T16:23:33+00:00\",\"breadcrumb\":{\"@id\":\"https:\\\/\\\/bladnanews.com\\\/should-usmnt-striker-josh-sargent-join-toronto-fc\\\/#breadcrumb\"},\"inLanguage\":\"fr-FR\",\"potentialAction\":[{\"@type\":\"ReadAction\",\"target\":[\"https:\\\/\\\/bladnanews.com\\\/should-usmnt-striker-josh-sargent-join-toronto-fc\\\/\"]}]},{\"@type\":\"ImageObject\",\"inLanguage\":\"fr-FR\",\"@id\":\"https:\\\/\\\/bladnanews.com\\\/should-usmnt-striker-josh-sargent-join-toronto-fc\\\/#primaryimage\",\"url\":\"https:\\\/\\\/bladnanews.com\\\/wp-content\\\/uploads\\\/2026\\\/01\\\/BladnaNews-Should-USMNT-striker-Josh-Sargent-join-Toronto-FC-2026-01-13T051018.709Z.jpg\",\"contentUrl\":\"https:\\\/\\\/bladnanews.com\\\/wp-content\\\/uploads\\\/2026\\\/01\\\/BladnaNews-Should-USMNT-striker-Josh-Sargent-join-Toronto-FC-2026-01-13T051018.709Z.jpg\",\"width\":1920,\"height\":1080,\"caption\":\"Collage featuring prominent football figures: a coach, players from LAFC, Inter Miami, and Vancouver Whitecaps, set against a bold gold backdrop.\"},{\"@type\":\"BreadcrumbList\",\"@id\":\"https:\\\/\\\/bladnanews.com\\\/should-usmnt-striker-josh-sargent-join-toronto-fc\\\/#breadcrumb\",\"itemListElement\":[{\"@type\":\"ListItem\",\"position\":1,\"name\":\"Home\",\"item\":\"https:\\\/\\\/bladnanews.com\\\/\"},{\"@type\":\"ListItem\",\"position\":2,\"name\":\"Should USMNT striker Josh Sargent join Toronto FC\"}]},{\"@type\":\"WebSite\",\"@id\":\"https:\\\/\\\/mediumseagreen-eel-531711.hostingersite.com\\\/#website\",\"url\":\"https:\\\/\\\/mediumseagreen-eel-531711.hostingersite.com\\\/\",\"name\":\"Bladna News - Morocco\",\"description\":\"Where Moroccan Football Meets the World\",\"publisher\":{\"@id\":\"https:\\\/\\\/mediumseagreen-eel-531711.hostingersite.com\\\/#organization\"},\"potentialAction\":[{\"@type\":\"SearchAction\",\"target\":{\"@type\":\"EntryPoint\",\"urlTemplate\":\"https:\\\/\\\/mediumseagreen-eel-531711.hostingersite.com\\\/?s={search_term_string}\"},\"query-input\":{\"@type\":\"PropertyValueSpecification\",\"valueRequired\":true,\"valueName\":\"search_term_string\"}}],\"inLanguage\":\"fr-FR\"},{\"@type\":\"Organization\",\"@id\":\"https:\\\/\\\/mediumseagreen-eel-531711.hostingersite.com\\\/#organization\",\"name\":\"Bladna News.com\",\"url\":\"https:\\\/\\\/mediumseagreen-eel-531711.hostingersite.com\\\/\",\"logo\":{\"@type\":\"ImageObject\",\"inLanguage\":\"fr-FR\",\"@id\":\"https:\\\/\\\/mediumseagreen-eel-531711.hostingersite.com\\\/#\\\/schema\\\/logo\\\/image\\\/\",\"url\":\"https:\\\/\\\/bladnanews.com\\\/wp-content\\\/uploads\\\/2025\\\/12\\\/logo-bladnanews-V2-web-black-red.png\",\"contentUrl\":\"https:\\\/\\\/bladnanews.com\\\/wp-content\\\/uploads\\\/2025\\\/12\\\/logo-bladnanews-V2-web-black-red.png\",\"width\":703,\"height\":287,\"caption\":\"Bladna News.com\"},\"image\":{\"@id\":\"https:\\\/\\\/mediumseagreen-eel-531711.hostingersite.com\\\/#\\\/schema\\\/logo\\\/image\\\/\"},\"email\":\"info@bladnanews.com\",\"legalName\":\"Bladna News\"},{\"@type\":\"Person\",\"@id\":\"https:\\\/\\\/mediumseagreen-eel-531711.hostingersite.com\\\/#\\\/schema\\\/person\\\/268e18a453ab080ebf76df6ef7845083\",\"name\":\"Bladna News Staff\",\"url\":\"https:\\\/\\\/bladnanews.com\\\/fr\\\/author\\\/bladna-news-staff\\\/\"}]}<\/script>\n<!-- \/ Yoast SEO Premium plugin. -->","yoast_head_json":{"title":"Le joueur de l'\u00e9quipe nationale am\u00e9ricaine Josh Sargent devrait-il rejoindre le Toronto FC ? - Bladna News","robots":{"index":"index","follow":"follow","max-snippet":"max-snippet:-1","max-image-preview":"max-image-preview:large","max-video-preview":"max-video-preview:-1"},"canonical":"https:\/\/bladnanews.com\/fr\/le-buteur-de-lusmnt-josh-sargent-devrait-il-rejoindre-le-toronto-fc\/","og_locale":"fr_FR","og_type":"article","og_title":"Should USMNT striker Josh Sargent join Toronto FC","og_description":"MLS preseason is in full swing, and with it comes a fresh wave of questions around the league \u2014 from [&hellip;]","og_url":"https:\/\/bladnanews.com\/fr\/le-buteur-de-lusmnt-josh-sargent-devrait-il-rejoindre-le-toronto-fc\/","og_site_name":"Bladna News","article_published_time":"2026-01-12T16:23:33+00:00","og_image":[{"width":1312,"height":736,"url":"https:\/\/bladnanews.com\/wp-content\/uploads\/2025\/12\/freepik__bladna-newscom-moroccan-soccer-homepage-banner-mor__41838.png","type":"image\/png"}],"author":"Bladna News Staff","twitter_card":"summary_large_image","twitter_misc":{"\u00c9crit par":"Bladna News Staff","Dur\u00e9e de lecture estim\u00e9e":"2 minutes"},"schema":{"@context":"https:\/\/schema.org","@graph":[{"@type":"Article","@id":"https:\/\/bladnanews.com\/should-usmnt-striker-josh-sargent-join-toronto-fc\/#article","isPartOf":{"@id":"https:\/\/bladnanews.com\/should-usmnt-striker-josh-sargent-join-toronto-fc\/"},"author":{"name":"Bladna News Staff","@id":"https:\/\/mediumseagreen-eel-531711.hostingersite.com\/#\/schema\/person\/268e18a453ab080ebf76df6ef7845083"},"headline":"Should USMNT striker Josh Sargent join Toronto FC","datePublished":"2026-01-12T16:23:33+00:00","mainEntityOfPage":{"@id":"https:\/\/bladnanews.com\/should-usmnt-striker-josh-sargent-join-toronto-fc\/"},"wordCount":328,"publisher":{"@id":"https:\/\/mediumseagreen-eel-531711.hostingersite.com\/#organization"},"image":{"@id":"https:\/\/bladnanews.com\/should-usmnt-striker-josh-sargent-join-toronto-fc\/#primaryimage"},"thumbnailUrl":"https:\/\/bladnanews.com\/wp-content\/uploads\/2026\/01\/BladnaNews-Should-USMNT-striker-Josh-Sargent-join-Toronto-FC-2026-01-13T051018.709Z.jpg","articleSection":["International","Latest News"],"inLanguage":"fr-FR","copyrightYear":"2026","copyrightHolder":{"@id":"https:\/\/bladnanews.com\/fr\/#organization"}},{"@type":"WebPage","@id":"https:\/\/bladnanews.com\/should-usmnt-striker-josh-sargent-join-toronto-fc\/","url":"https:\/\/bladnanews.com\/should-usmnt-striker-josh-sargent-join-toronto-fc\/","name":"Le joueur de l'\u00e9quipe nationale am\u00e9ricaine Josh Sargent devrait-il rejoindre le Toronto FC ? - Bladna News","isPartOf":{"@id":"https:\/\/mediumseagreen-eel-531711.hostingersite.com\/#website"},"primaryImageOfPage":{"@id":"https:\/\/bladnanews.com\/should-usmnt-striker-josh-sargent-join-toronto-fc\/#primaryimage"},"image":{"@id":"https:\/\/bladnanews.com\/should-usmnt-striker-josh-sargent-join-toronto-fc\/#primaryimage"},"thumbnailUrl":"https:\/\/bladnanews.com\/wp-content\/uploads\/2026\/01\/BladnaNews-Should-USMNT-striker-Josh-Sargent-join-Toronto-FC-2026-01-13T051018.709Z.jpg","datePublished":"2026-01-12T16:23:33+00:00","breadcrumb":{"@id":"https:\/\/bladnanews.com\/should-usmnt-striker-josh-sargent-join-toronto-fc\/#breadcrumb"},"inLanguage":"fr-FR","potentialAction":[{"@type":"ReadAction","target":["https:\/\/bladnanews.com\/should-usmnt-striker-josh-sargent-join-toronto-fc\/"]}]},{"@type":"ImageObject","inLanguage":"fr-FR","@id":"https:\/\/bladnanews.com\/should-usmnt-striker-josh-sargent-join-toronto-fc\/#primaryimage","url":"https:\/\/bladnanews.com\/wp-content\/uploads\/2026\/01\/BladnaNews-Should-USMNT-striker-Josh-Sargent-join-Toronto-FC-2026-01-13T051018.709Z.jpg","contentUrl":"https:\/\/bladnanews.com\/wp-content\/uploads\/2026\/01\/BladnaNews-Should-USMNT-striker-Josh-Sargent-join-Toronto-FC-2026-01-13T051018.709Z.jpg","width":1920,"height":1080,"caption":"Collage featuring prominent football figures: a coach, players from LAFC, Inter Miami, and Vancouver Whitecaps, set against a bold gold backdrop."},{"@type":"BreadcrumbList","@id":"https:\/\/bladnanews.com\/should-usmnt-striker-josh-sargent-join-toronto-fc\/#breadcrumb","itemListElement":[{"@type":"ListItem","position":1,"name":"Home","item":"https:\/\/bladnanews.com\/"},{"@type":"ListItem","position":2,"name":"Should USMNT striker Josh Sargent join Toronto FC"}]},{"@type":"WebSite","@id":"https:\/\/mediumseagreen-eel-531711.hostingersite.com\/#website","url":"https:\/\/mediumseagreen-eel-531711.hostingersite.com\/","name":"Bladna News - Maroc","description":"Quand le football marocain rencontre le monde","publisher":{"@id":"https:\/\/mediumseagreen-eel-531711.hostingersite.com\/#organization"},"potentialAction":[{"@type":"SearchAction","target":{"@type":"EntryPoint","urlTemplate":"https:\/\/mediumseagreen-eel-531711.hostingersite.com\/?s={search_term_string}"},"query-input":{"@type":"PropertyValueSpecification","valueRequired":true,"valueName":"search_term_string"}}],"inLanguage":"fr-FR"},{"@type":"Organization","@id":"https:\/\/mediumseagreen-eel-531711.hostingersite.com\/#organization","name":"Bladna News.com","url":"https:\/\/mediumseagreen-eel-531711.hostingersite.com\/","logo":{"@type":"ImageObject","inLanguage":"fr-FR","@id":"https:\/\/mediumseagreen-eel-531711.hostingersite.com\/#\/schema\/logo\/image\/","url":"https:\/\/bladnanews.com\/wp-content\/uploads\/2025\/12\/logo-bladnanews-V2-web-black-red.png","contentUrl":"https:\/\/bladnanews.com\/wp-content\/uploads\/2025\/12\/logo-bladnanews-V2-web-black-red.png","width":703,"height":287,"caption":"Bladna News.com"},"image":{"@id":"https:\/\/mediumseagreen-eel-531711.hostingersite.com\/#\/schema\/logo\/image\/"},"email":"info@bladnanews.com","legalName":"Bladna News"},{"@type":"Person","@id":"https:\/\/mediumseagreen-eel-531711.hostingersite.com\/#\/schema\/person\/268e18a453ab080ebf76df6ef7845083","name":"\u00c9quipe r\u00e9dactionnelle de Bladna News","url":"https:\/\/bladnanews.com\/fr\/author\/bladna-news-staff\/"}]}},"_links":{"self":[{"href":"https:\/\/bladnanews.com\/fr\/wp-json\/wp\/v2\/posts\/6034","targetHints":{"allow":["GET"]}}],"collection":[{"href":"https:\/\/bladnanews.com\/fr\/wp-json\/wp\/v2\/posts"}],"about":[{"href":"https:\/\/bladnanews.com\/fr\/wp-json\/wp\/v2\/types\/post"}],"author":[{"embeddable":true,"href":"https:\/\/bladnanews.com\/fr\/wp-json\/wp\/v2\/users\/3"}],"replies":[{"embeddable":true,"href":"https:\/\/bladnanews.com\/fr\/wp-json\/wp\/v2\/comments?post=6034"}],"version-history":[{"count":0,"href":"https:\/\/bladnanews.com\/fr\/wp-json\/wp\/v2\/posts\/6034\/revisions"}],"wp:featuredmedia":[{"embeddable":true,"href":"https:\/\/bladnanews.com\/fr\/wp-json\/wp\/v2\/media\/6033"}],"wp:attachment":[{"href":"https:\/\/bladnanews.com\/fr\/wp-json\/wp\/v2\/media?parent=6034"}],"wp:term":[{"taxonomy":"category","embeddable":true,"href":"https:\/\/bladnanews.com\/fr\/wp-json\/wp\/v2\/categories?post=6034"},{"taxonomy":"post_tag","embeddable":true,"href":"https:\/\/bladnanews.com\/fr\/wp-json\/wp\/v2\/tags?post=6034"}],"curies":[{"name":"wp","href":"https:\/\/api.w.org\/{rel}","templated":true}]}}