{"id":6067,"date":"2026-01-13T07:33:31","date_gmt":"2026-01-13T07:33:31","guid":{"rendered":"https:\/\/bladnanews.com\/kylian-mbappe-pays-tribute-after-xabi-alonso-leaves-real-madrid\/"},"modified":"2026-01-13T07:33:31","modified_gmt":"2026-01-13T07:33:31","slug":"kylian-mbappe-rend-hommage-apres-le-depart-de-xabi-alonso-du-real-madrid","status":"publish","type":"post","link":"https:\/\/bladnanews.com\/fr\/kylian-mbappe-rend-hommage-apres-le-depart-de-xabi-alonso-du-real-madrid\/","title":{"rendered":"Kylian Mbapp\u00e9 rend hommage apr\u00e8s le d\u00e9part de Xabi Alonso du Real Madrid"},"content":{"rendered":"<p>Kylian Mbapp\u00e9 s'est exprim\u00e9 publiquement pour la premi\u00e8re fois depuis le d\u00e9part de Xabi Alonso du Real Madrid, l'attaquant fran\u00e7ais rendant hommage \u00e0 l'entra\u00eeneur apr\u00e8s son bref passage aux commandes.<\/p>\n<p>Alonso a d\u00e9sormais quitt\u00e9 ses fonctions au Bernab\u00e9u, mettant fin \u00e0 une courte p\u00e9riode sur le banc madril\u00e8ne. Mbapp\u00e9, qui a r\u00e9alis\u00e9 une saison remarquable apr\u00e8s son arriv\u00e9e en tant que recrue majeure de l'\u00e9t\u00e9, a profit\u00e9 de son message pour reconna\u00eetre l'impact d'Alonso durant leur collaboration.<\/p>\n<p><strong>\u201c Cela a \u00e9t\u00e9 bref, \u201d<\/strong> a d\u00e9clar\u00e9 Mbapp\u00e9, en \u00e9voquant le d\u00e9part d'Alonso et en adressant ses remerciements \u00e0 l'ancien patron.<\/p>\n<p>L'attaquant a clairement exprim\u00e9 son respect pour le travail accompli par Alonso au club, m\u00eame si leur association n'a pas dur\u00e9 longtemps. Les propos de Mbapp\u00e9 ont \u00e9t\u00e9 per\u00e7us comme une r\u00e9ponse directe et personnelle au changement sur le banc, alors que le Real Madrid tourne la page apr\u00e8s la d\u00e9cision de mettre fin au mandat d'Alonso.<\/p>\n<p>Cet hommage de Mbapp\u00e9 intervient alors que le Real Madrid regarde d\u00e9j\u00e0 vers l'\u00e9tape suivante, le club entrant dans un nouveau chapitre apr\u00e8s le d\u00e9part d'Alonso de l'un des postes les plus prestigieux du football.<\/p>","protected":false},"excerpt":{"rendered":"<p>Kylian Mbappe has spoken publicly for the first time since Xabi Alonso\u2019s departure from Real Madrid, with the France forward [&hellip;]<\/p>\n","protected":false},"author":3,"featured_media":6066,"comment_status":"","ping_status":"open","sticky":false,"template":"","format":"standard","meta":{"googlesitekit_rrm_CAow_uzEDA:productID":"","site-sidebar-layout":"default","site-content-layout":"","ast-site-content-layout":"default","site-content-style":"default","site-sidebar-style":"default","ast-global-header-display":"","ast-banner-title-visibility":"","ast-main-header-display":"","ast-hfb-above-header-display":"","ast-hfb-below-header-display":"","ast-hfb-mobile-header-display":"","site-post-title":"","ast-breadcrumbs-content":"","ast-featured-img":"","footer-sml-layout":"","ast-disable-related-posts":"","theme-transparent-header-meta":"","adv-header-id-meta":"","stick-header-meta":"","header-above-stick-meta":"","header-main-stick-meta":"","header-below-stick-meta":"","astra-migrate-meta-layouts":"default","ast-page-background-enabled":"default","ast-page-background-meta":{"desktop":{"background-color":"var(--ast-global-color-5)","background-image":"","background-repeat":"repeat","background-position":"center center","background-size":"auto","background-attachment":"scroll","background-type":"","background-media":"","overlay-type":"","overlay-color":"","overlay-opacity":"","overlay-gradient":""},"tablet":{"background-color":"","background-image":"","background-repeat":"repeat","background-position":"center center","background-size":"auto","background-attachment":"scroll","background-type":"","background-media":"","overlay-type":"","overlay-color":"","overlay-opacity":"","overlay-gradient":""},"mobile":{"background-color":"","background-image":"","background-repeat":"repeat","background-position":"center center","background-size":"auto","background-attachment":"scroll","background-type":"","background-media":"","overlay-type":"","overlay-color":"","overlay-opacity":"","overlay-gradient":""}},"ast-content-background-meta":{"desktop":{"background-color":"var(--ast-global-color-4)","background-image":"","background-repeat":"repeat","background-position":"center center","background-size":"auto","background-attachment":"scroll","background-type":"","background-media":"","overlay-type":"","overlay-color":"","overlay-opacity":"","overlay-gradient":""},"tablet":{"background-color":"var(--ast-global-color-4)","background-image":"","background-repeat":"repeat","background-position":"center center","background-size":"auto","background-attachment":"scroll","background-type":"","background-media":"","overlay-type":"","overlay-color":"","overlay-opacity":"","overlay-gradient":""},"mobile":{"background-color":"var(--ast-global-color-4)","background-image":"","background-repeat":"repeat","background-position":"center center","background-size":"auto","background-attachment":"scroll","background-type":"","background-media":"","overlay-type":"","overlay-color":"","overlay-opacity":"","overlay-gradient":""}},"footnotes":""},"categories":[20,1],"tags":[],"class_list":["post-6067","post","type-post","status-publish","format-standard","has-post-thumbnail","hentry","category-international","category-football-latest-news"],"yoast_head":"<!-- This site is optimized with the Yoast SEO Premium plugin v26.6 (Yoast SEO v27.5) - https:\/\/yoast.com\/product\/yoast-seo-premium-wordpress\/ -->\n<title>Kylian Mbappe pays tribute after Xabi Alonso leaves Real Madrid - Bladna News<\/title>\n<meta name=\"robots\" content=\"index, follow, max-snippet:-1, max-image-preview:large, max-video-preview:-1\" \/>\n<link rel=\"canonical\" href=\"https:\/\/bladnanews.com\/fr\/kylian-mbappe-rend-hommage-apres-le-depart-de-xabi-alonso-du-real-madrid\/\" \/>\n<meta property=\"og:locale\" content=\"fr_FR\" \/>\n<meta property=\"og:type\" content=\"article\" \/>\n<meta property=\"og:title\" content=\"Kylian Mbappe pays tribute after Xabi Alonso leaves Real Madrid\" \/>\n<meta property=\"og:description\" content=\"Kylian Mbappe has spoken publicly for the first time since Xabi Alonso\u2019s departure from Real Madrid, with the France forward [&hellip;]\" \/>\n<meta property=\"og:url\" content=\"https:\/\/bladnanews.com\/fr\/kylian-mbappe-rend-hommage-apres-le-depart-de-xabi-alonso-du-real-madrid\/\" \/>\n<meta property=\"og:site_name\" content=\"Bladna News\" \/>\n<meta property=\"article:published_time\" content=\"2026-01-13T07:33:31+00:00\" \/>\n<meta property=\"og:image\" content=\"https:\/\/bladnanews.com\/wp-content\/uploads\/2025\/12\/freepik__bladna-newscom-moroccan-soccer-homepage-banner-mor__41838.png\" \/>\n\t<meta property=\"og:image:width\" content=\"1312\" \/>\n\t<meta property=\"og:image:height\" content=\"736\" \/>\n\t<meta property=\"og:image:type\" content=\"image\/png\" \/>\n<meta name=\"author\" content=\"Bladna News Staff\" \/>\n<meta name=\"twitter:card\" content=\"summary_large_image\" \/>\n<meta name=\"twitter:label1\" content=\"\u00c9crit par\" \/>\n\t<meta name=\"twitter:data1\" content=\"Bladna News Staff\" \/>\n\t<meta name=\"twitter:label2\" content=\"Dur\u00e9e de lecture estim\u00e9e\" \/>\n\t<meta name=\"twitter:data2\" content=\"1 minute\" \/>\n<script type=\"application\/ld+json\" class=\"yoast-schema-graph\">{\"@context\":\"https:\\\/\\\/schema.org\",\"@graph\":[{\"@type\":\"Article\",\"@id\":\"https:\\\/\\\/bladnanews.com\\\/kylian-mbappe-pays-tribute-after-xabi-alonso-leaves-real-madrid\\\/#article\",\"isPartOf\":{\"@id\":\"https:\\\/\\\/bladnanews.com\\\/kylian-mbappe-pays-tribute-after-xabi-alonso-leaves-real-madrid\\\/\"},\"author\":{\"name\":\"Bladna News Staff\",\"@id\":\"https:\\\/\\\/mediumseagreen-eel-531711.hostingersite.com\\\/#\\\/schema\\\/person\\\/268e18a453ab080ebf76df6ef7845083\"},\"headline\":\"Kylian Mbappe pays tribute after Xabi Alonso leaves Real Madrid\",\"datePublished\":\"2026-01-13T07:33:31+00:00\",\"mainEntityOfPage\":{\"@id\":\"https:\\\/\\\/bladnanews.com\\\/kylian-mbappe-pays-tribute-after-xabi-alonso-leaves-real-madrid\\\/\"},\"wordCount\":194,\"publisher\":{\"@id\":\"https:\\\/\\\/mediumseagreen-eel-531711.hostingersite.com\\\/#organization\"},\"image\":{\"@id\":\"https:\\\/\\\/bladnanews.com\\\/kylian-mbappe-pays-tribute-after-xabi-alonso-leaves-real-madrid\\\/#primaryimage\"},\"thumbnailUrl\":\"https:\\\/\\\/bladnanews.com\\\/wp-content\\\/uploads\\\/2026\\\/01\\\/BladnaNews-Kylian-Mbappe-pays-tribute-after-Xabi-Alonso-leaves-Real-Madrid-2026-01-13T131005.304Z.jpg\",\"articleSection\":[\"International\",\"Latest News\"],\"inLanguage\":\"fr-FR\",\"copyrightYear\":\"2026\",\"copyrightHolder\":{\"@id\":\"https:\\\/\\\/bladnanews.com\\\/fr\\\/#organization\"}},{\"@type\":\"WebPage\",\"@id\":\"https:\\\/\\\/bladnanews.com\\\/kylian-mbappe-pays-tribute-after-xabi-alonso-leaves-real-madrid\\\/\",\"url\":\"https:\\\/\\\/bladnanews.com\\\/kylian-mbappe-pays-tribute-after-xabi-alonso-leaves-real-madrid\\\/\",\"name\":\"Kylian Mbappe pays tribute after Xabi Alonso leaves Real Madrid - Bladna News\",\"isPartOf\":{\"@id\":\"https:\\\/\\\/mediumseagreen-eel-531711.hostingersite.com\\\/#website\"},\"primaryImageOfPage\":{\"@id\":\"https:\\\/\\\/bladnanews.com\\\/kylian-mbappe-pays-tribute-after-xabi-alonso-leaves-real-madrid\\\/#primaryimage\"},\"image\":{\"@id\":\"https:\\\/\\\/bladnanews.com\\\/kylian-mbappe-pays-tribute-after-xabi-alonso-leaves-real-madrid\\\/#primaryimage\"},\"thumbnailUrl\":\"https:\\\/\\\/bladnanews.com\\\/wp-content\\\/uploads\\\/2026\\\/01\\\/BladnaNews-Kylian-Mbappe-pays-tribute-after-Xabi-Alonso-leaves-Real-Madrid-2026-01-13T131005.304Z.jpg\",\"datePublished\":\"2026-01-13T07:33:31+00:00\",\"breadcrumb\":{\"@id\":\"https:\\\/\\\/bladnanews.com\\\/kylian-mbappe-pays-tribute-after-xabi-alonso-leaves-real-madrid\\\/#breadcrumb\"},\"inLanguage\":\"fr-FR\",\"potentialAction\":[{\"@type\":\"ReadAction\",\"target\":[\"https:\\\/\\\/bladnanews.com\\\/kylian-mbappe-pays-tribute-after-xabi-alonso-leaves-real-madrid\\\/\"]}]},{\"@type\":\"ImageObject\",\"inLanguage\":\"fr-FR\",\"@id\":\"https:\\\/\\\/bladnanews.com\\\/kylian-mbappe-pays-tribute-after-xabi-alonso-leaves-real-madrid\\\/#primaryimage\",\"url\":\"https:\\\/\\\/bladnanews.com\\\/wp-content\\\/uploads\\\/2026\\\/01\\\/BladnaNews-Kylian-Mbappe-pays-tribute-after-Xabi-Alonso-leaves-Real-Madrid-2026-01-13T131005.304Z.jpg\",\"contentUrl\":\"https:\\\/\\\/bladnanews.com\\\/wp-content\\\/uploads\\\/2026\\\/01\\\/BladnaNews-Kylian-Mbappe-pays-tribute-after-Xabi-Alonso-leaves-Real-Madrid-2026-01-13T131005.304Z.jpg\",\"width\":1600,\"height\":900,\"caption\":\"Kylian Mbapp\u00e9 looks on intently as Xabi Alonso speaks closely, both in football attire, amid a match backdrop with a yellow hue.\"},{\"@type\":\"BreadcrumbList\",\"@id\":\"https:\\\/\\\/bladnanews.com\\\/kylian-mbappe-pays-tribute-after-xabi-alonso-leaves-real-madrid\\\/#breadcrumb\",\"itemListElement\":[{\"@type\":\"ListItem\",\"position\":1,\"name\":\"Home\",\"item\":\"https:\\\/\\\/bladnanews.com\\\/\"},{\"@type\":\"ListItem\",\"position\":2,\"name\":\"Kylian Mbappe pays tribute after Xabi Alonso leaves Real Madrid\"}]},{\"@type\":\"WebSite\",\"@id\":\"https:\\\/\\\/mediumseagreen-eel-531711.hostingersite.com\\\/#website\",\"url\":\"https:\\\/\\\/mediumseagreen-eel-531711.hostingersite.com\\\/\",\"name\":\"Bladna News - Morocco\",\"description\":\"Where Moroccan Football Meets the World\",\"publisher\":{\"@id\":\"https:\\\/\\\/mediumseagreen-eel-531711.hostingersite.com\\\/#organization\"},\"potentialAction\":[{\"@type\":\"SearchAction\",\"target\":{\"@type\":\"EntryPoint\",\"urlTemplate\":\"https:\\\/\\\/mediumseagreen-eel-531711.hostingersite.com\\\/?s={search_term_string}\"},\"query-input\":{\"@type\":\"PropertyValueSpecification\",\"valueRequired\":true,\"valueName\":\"search_term_string\"}}],\"inLanguage\":\"fr-FR\"},{\"@type\":\"Organization\",\"@id\":\"https:\\\/\\\/mediumseagreen-eel-531711.hostingersite.com\\\/#organization\",\"name\":\"Bladna News.com\",\"url\":\"https:\\\/\\\/mediumseagreen-eel-531711.hostingersite.com\\\/\",\"logo\":{\"@type\":\"ImageObject\",\"inLanguage\":\"fr-FR\",\"@id\":\"https:\\\/\\\/mediumseagreen-eel-531711.hostingersite.com\\\/#\\\/schema\\\/logo\\\/image\\\/\",\"url\":\"https:\\\/\\\/bladnanews.com\\\/wp-content\\\/uploads\\\/2025\\\/12\\\/logo-bladnanews-V2-web-black-red.png\",\"contentUrl\":\"https:\\\/\\\/bladnanews.com\\\/wp-content\\\/uploads\\\/2025\\\/12\\\/logo-bladnanews-V2-web-black-red.png\",\"width\":703,\"height\":287,\"caption\":\"Bladna News.com\"},\"image\":{\"@id\":\"https:\\\/\\\/mediumseagreen-eel-531711.hostingersite.com\\\/#\\\/schema\\\/logo\\\/image\\\/\"},\"email\":\"info@bladnanews.com\",\"legalName\":\"Bladna News\"},{\"@type\":\"Person\",\"@id\":\"https:\\\/\\\/mediumseagreen-eel-531711.hostingersite.com\\\/#\\\/schema\\\/person\\\/268e18a453ab080ebf76df6ef7845083\",\"name\":\"Bladna News Staff\",\"url\":\"https:\\\/\\\/bladnanews.com\\\/fr\\\/author\\\/bladna-news-staff\\\/\"}]}<\/script>\n<!-- \/ Yoast SEO Premium plugin. -->","yoast_head_json":{"title":"Kylian Mbapp\u00e9 rend hommage apr\u00e8s le d\u00e9part de Xabi Alonso du Real Madrid - Bladna News","robots":{"index":"index","follow":"follow","max-snippet":"max-snippet:-1","max-image-preview":"max-image-preview:large","max-video-preview":"max-video-preview:-1"},"canonical":"https:\/\/bladnanews.com\/fr\/kylian-mbappe-rend-hommage-apres-le-depart-de-xabi-alonso-du-real-madrid\/","og_locale":"fr_FR","og_type":"article","og_title":"Kylian Mbappe pays tribute after Xabi Alonso leaves Real Madrid","og_description":"Kylian Mbappe has spoken publicly for the first time since Xabi Alonso\u2019s departure from Real Madrid, with the France forward [&hellip;]","og_url":"https:\/\/bladnanews.com\/fr\/kylian-mbappe-rend-hommage-apres-le-depart-de-xabi-alonso-du-real-madrid\/","og_site_name":"Bladna News","article_published_time":"2026-01-13T07:33:31+00:00","og_image":[{"width":1312,"height":736,"url":"https:\/\/bladnanews.com\/wp-content\/uploads\/2025\/12\/freepik__bladna-newscom-moroccan-soccer-homepage-banner-mor__41838.png","type":"image\/png"}],"author":"Bladna News Staff","twitter_card":"summary_large_image","twitter_misc":{"\u00c9crit par":"Bladna News Staff","Dur\u00e9e de lecture estim\u00e9e":"1 minute"},"schema":{"@context":"https:\/\/schema.org","@graph":[{"@type":"Article","@id":"https:\/\/bladnanews.com\/kylian-mbappe-pays-tribute-after-xabi-alonso-leaves-real-madrid\/#article","isPartOf":{"@id":"https:\/\/bladnanews.com\/kylian-mbappe-pays-tribute-after-xabi-alonso-leaves-real-madrid\/"},"author":{"name":"Bladna News Staff","@id":"https:\/\/mediumseagreen-eel-531711.hostingersite.com\/#\/schema\/person\/268e18a453ab080ebf76df6ef7845083"},"headline":"Kylian Mbappe pays tribute after Xabi Alonso leaves Real Madrid","datePublished":"2026-01-13T07:33:31+00:00","mainEntityOfPage":{"@id":"https:\/\/bladnanews.com\/kylian-mbappe-pays-tribute-after-xabi-alonso-leaves-real-madrid\/"},"wordCount":194,"publisher":{"@id":"https:\/\/mediumseagreen-eel-531711.hostingersite.com\/#organization"},"image":{"@id":"https:\/\/bladnanews.com\/kylian-mbappe-pays-tribute-after-xabi-alonso-leaves-real-madrid\/#primaryimage"},"thumbnailUrl":"https:\/\/bladnanews.com\/wp-content\/uploads\/2026\/01\/BladnaNews-Kylian-Mbappe-pays-tribute-after-Xabi-Alonso-leaves-Real-Madrid-2026-01-13T131005.304Z.jpg","articleSection":["International","Latest News"],"inLanguage":"fr-FR","copyrightYear":"2026","copyrightHolder":{"@id":"https:\/\/bladnanews.com\/fr\/#organization"}},{"@type":"WebPage","@id":"https:\/\/bladnanews.com\/kylian-mbappe-pays-tribute-after-xabi-alonso-leaves-real-madrid\/","url":"https:\/\/bladnanews.com\/kylian-mbappe-pays-tribute-after-xabi-alonso-leaves-real-madrid\/","name":"Kylian Mbapp\u00e9 rend hommage apr\u00e8s le d\u00e9part de Xabi Alonso du Real Madrid - Bladna News","isPartOf":{"@id":"https:\/\/mediumseagreen-eel-531711.hostingersite.com\/#website"},"primaryImageOfPage":{"@id":"https:\/\/bladnanews.com\/kylian-mbappe-pays-tribute-after-xabi-alonso-leaves-real-madrid\/#primaryimage"},"image":{"@id":"https:\/\/bladnanews.com\/kylian-mbappe-pays-tribute-after-xabi-alonso-leaves-real-madrid\/#primaryimage"},"thumbnailUrl":"https:\/\/bladnanews.com\/wp-content\/uploads\/2026\/01\/BladnaNews-Kylian-Mbappe-pays-tribute-after-Xabi-Alonso-leaves-Real-Madrid-2026-01-13T131005.304Z.jpg","datePublished":"2026-01-13T07:33:31+00:00","breadcrumb":{"@id":"https:\/\/bladnanews.com\/kylian-mbappe-pays-tribute-after-xabi-alonso-leaves-real-madrid\/#breadcrumb"},"inLanguage":"fr-FR","potentialAction":[{"@type":"ReadAction","target":["https:\/\/bladnanews.com\/kylian-mbappe-pays-tribute-after-xabi-alonso-leaves-real-madrid\/"]}]},{"@type":"ImageObject","inLanguage":"fr-FR","@id":"https:\/\/bladnanews.com\/kylian-mbappe-pays-tribute-after-xabi-alonso-leaves-real-madrid\/#primaryimage","url":"https:\/\/bladnanews.com\/wp-content\/uploads\/2026\/01\/BladnaNews-Kylian-Mbappe-pays-tribute-after-Xabi-Alonso-leaves-Real-Madrid-2026-01-13T131005.304Z.jpg","contentUrl":"https:\/\/bladnanews.com\/wp-content\/uploads\/2026\/01\/BladnaNews-Kylian-Mbappe-pays-tribute-after-Xabi-Alonso-leaves-Real-Madrid-2026-01-13T131005.304Z.jpg","width":1600,"height":900,"caption":"Kylian Mbapp\u00e9 looks on intently as Xabi Alonso speaks closely, both in football attire, amid a match backdrop with a yellow hue."},{"@type":"BreadcrumbList","@id":"https:\/\/bladnanews.com\/kylian-mbappe-pays-tribute-after-xabi-alonso-leaves-real-madrid\/#breadcrumb","itemListElement":[{"@type":"ListItem","position":1,"name":"Home","item":"https:\/\/bladnanews.com\/"},{"@type":"ListItem","position":2,"name":"Kylian Mbappe pays tribute after Xabi Alonso leaves Real Madrid"}]},{"@type":"WebSite","@id":"https:\/\/mediumseagreen-eel-531711.hostingersite.com\/#website","url":"https:\/\/mediumseagreen-eel-531711.hostingersite.com\/","name":"Bladna News - Maroc","description":"Quand le football marocain rencontre le monde","publisher":{"@id":"https:\/\/mediumseagreen-eel-531711.hostingersite.com\/#organization"},"potentialAction":[{"@type":"SearchAction","target":{"@type":"EntryPoint","urlTemplate":"https:\/\/mediumseagreen-eel-531711.hostingersite.com\/?s={search_term_string}"},"query-input":{"@type":"PropertyValueSpecification","valueRequired":true,"valueName":"search_term_string"}}],"inLanguage":"fr-FR"},{"@type":"Organization","@id":"https:\/\/mediumseagreen-eel-531711.hostingersite.com\/#organization","name":"Bladna News.com","url":"https:\/\/mediumseagreen-eel-531711.hostingersite.com\/","logo":{"@type":"ImageObject","inLanguage":"fr-FR","@id":"https:\/\/mediumseagreen-eel-531711.hostingersite.com\/#\/schema\/logo\/image\/","url":"https:\/\/bladnanews.com\/wp-content\/uploads\/2025\/12\/logo-bladnanews-V2-web-black-red.png","contentUrl":"https:\/\/bladnanews.com\/wp-content\/uploads\/2025\/12\/logo-bladnanews-V2-web-black-red.png","width":703,"height":287,"caption":"Bladna News.com"},"image":{"@id":"https:\/\/mediumseagreen-eel-531711.hostingersite.com\/#\/schema\/logo\/image\/"},"email":"info@bladnanews.com","legalName":"Bladna News"},{"@type":"Person","@id":"https:\/\/mediumseagreen-eel-531711.hostingersite.com\/#\/schema\/person\/268e18a453ab080ebf76df6ef7845083","name":"\u00c9quipe r\u00e9dactionnelle de Bladna News","url":"https:\/\/bladnanews.com\/fr\/author\/bladna-news-staff\/"}]}},"_links":{"self":[{"href":"https:\/\/bladnanews.com\/fr\/wp-json\/wp\/v2\/posts\/6067","targetHints":{"allow":["GET"]}}],"collection":[{"href":"https:\/\/bladnanews.com\/fr\/wp-json\/wp\/v2\/posts"}],"about":[{"href":"https:\/\/bladnanews.com\/fr\/wp-json\/wp\/v2\/types\/post"}],"author":[{"embeddable":true,"href":"https:\/\/bladnanews.com\/fr\/wp-json\/wp\/v2\/users\/3"}],"replies":[{"embeddable":true,"href":"https:\/\/bladnanews.com\/fr\/wp-json\/wp\/v2\/comments?post=6067"}],"version-history":[{"count":0,"href":"https:\/\/bladnanews.com\/fr\/wp-json\/wp\/v2\/posts\/6067\/revisions"}],"wp:featuredmedia":[{"embeddable":true,"href":"https:\/\/bladnanews.com\/fr\/wp-json\/wp\/v2\/media\/6066"}],"wp:attachment":[{"href":"https:\/\/bladnanews.com\/fr\/wp-json\/wp\/v2\/media?parent=6067"}],"wp:term":[{"taxonomy":"category","embeddable":true,"href":"https:\/\/bladnanews.com\/fr\/wp-json\/wp\/v2\/categories?post=6067"},{"taxonomy":"post_tag","embeddable":true,"href":"https:\/\/bladnanews.com\/fr\/wp-json\/wp\/v2\/tags?post=6067"}],"curies":[{"name":"wp","href":"https:\/\/api.w.org\/{rel}","templated":true}]}}