{"id":6119,"date":"2026-01-14T08:55:58","date_gmt":"2026-01-14T08:55:58","guid":{"rendered":"https:\/\/bladnanews.com\/pep-guardiola-attacks-var-after-semenyo-goal-ruled-out\/"},"modified":"2026-01-14T08:55:58","modified_gmt":"2026-01-14T08:55:58","slug":"pep-guardiola-attaque-la-var-apres-lannulation-du-but-de-semenyo","status":"publish","type":"post","link":"https:\/\/bladnanews.com\/fr\/pep-guardiola-attaque-la-var-apres-lannulation-du-but-de-semenyo\/","title":{"rendered":"Pep Guardiola attaque la VAR apr\u00e8s le but de Semenyo refus\u00e9"},"content":{"rendered":"<p>Pep Guardiola s\u2019en est pris \u00e0 la VAR apr\u00e8s l\u2019annulation d\u2019un but d\u2019Antoine Semenyo lors du match de Manchester City contre Newcastle en FA Cup, le manager citoyen exprimant une vive protestation contre les officiels \u00e0 l\u2019issue de la rencontre.<\/p>\n<p>City a cru avoir pris l\u2019avantage lorsque Semenyo a conclu dans la surface, mais la frappe a \u00e9t\u00e9 invalid\u00e9e suite \u00e0 une v\u00e9rification de la VAR. Cette d\u00e9cision a provoqu\u00e9 une frustration imm\u00e9diate sur le bord du terrain et est devenue le principal sujet de d\u00e9bat apr\u00e8s le match, Guardiola critiquant ce qu\u2019il consid\u00e8re comme un autre moment cl\u00e9 d\u00e9cid\u00e9 en dehors du terrain.<\/p>\n<p>S\u2019exprimant apr\u00e8s le match, Guardiola n\u2019a pas cach\u00e9 sa col\u00e8re, remettant en question le niveau de prise de d\u00e9cision et la coh\u00e9rence des interventions de la VAR. Il a insist\u00e9 sur le fait que City avait \u00e9t\u00e9 l\u00e9s\u00e9 par cette d\u00e9cision et a sugg\u00e9r\u00e9 que la technologie ne parvenait toujours pas \u00e0 offrir la clart\u00e9 qu\u2019elle \u00e9tait cens\u00e9e apporter.<\/p>\n<p>Guardiola a \u00e9galement r\u00e9v\u00e9l\u00e9 que sa r\u00e9action \u00e9tait attis\u00e9e par l\u2019amertume persistante de la d\u00e9faite de City en finale de la FA Cup 2025 contre Newcastle, \u00e9voquant ce r\u00e9sultat comme une blessure qui n\u2019est pas totalement referm\u00e9e. Le manager de City a clairement indiqu\u00e9 que ce dernier incident n\u2019avait fait qu\u2019ajouter \u00e0 sa frustration face aux m\u00eames adversaires dans la m\u00eame comp\u00e9tition.<\/p>\n<p>Le match s\u2019est poursuivi apr\u00e8s le but refus\u00e9, mais la controverse est rest\u00e9e au centre des d\u00e9bats, les commentaires de Guardiola garantissant que la VAR dominerait une fois de plus les discussions autour de City et de la FA Cup.<\/p>","protected":false},"excerpt":{"rendered":"<p>Pep Guardiola hit out at VAR after Manchester City saw a goal by Antoine Semenyo ruled out during their FA [&hellip;]<\/p>\n","protected":false},"author":3,"featured_media":6118,"comment_status":"","ping_status":"open","sticky":false,"template":"","format":"standard","meta":{"googlesitekit_rrm_CAow_uzEDA:productID":"","site-sidebar-layout":"default","site-content-layout":"","ast-site-content-layout":"default","site-content-style":"default","site-sidebar-style":"default","ast-global-header-display":"","ast-banner-title-visibility":"","ast-main-header-display":"","ast-hfb-above-header-display":"","ast-hfb-below-header-display":"","ast-hfb-mobile-header-display":"","site-post-title":"","ast-breadcrumbs-content":"","ast-featured-img":"","footer-sml-layout":"","ast-disable-related-posts":"","theme-transparent-header-meta":"","adv-header-id-meta":"","stick-header-meta":"","header-above-stick-meta":"","header-main-stick-meta":"","header-below-stick-meta":"","astra-migrate-meta-layouts":"default","ast-page-background-enabled":"default","ast-page-background-meta":{"desktop":{"background-color":"var(--ast-global-color-5)","background-image":"","background-repeat":"repeat","background-position":"center center","background-size":"auto","background-attachment":"scroll","background-type":"","background-media":"","overlay-type":"","overlay-color":"","overlay-opacity":"","overlay-gradient":""},"tablet":{"background-color":"","background-image":"","background-repeat":"repeat","background-position":"center center","background-size":"auto","background-attachment":"scroll","background-type":"","background-media":"","overlay-type":"","overlay-color":"","overlay-opacity":"","overlay-gradient":""},"mobile":{"background-color":"","background-image":"","background-repeat":"repeat","background-position":"center center","background-size":"auto","background-attachment":"scroll","background-type":"","background-media":"","overlay-type":"","overlay-color":"","overlay-opacity":"","overlay-gradient":""}},"ast-content-background-meta":{"desktop":{"background-color":"var(--ast-global-color-4)","background-image":"","background-repeat":"repeat","background-position":"center center","background-size":"auto","background-attachment":"scroll","background-type":"","background-media":"","overlay-type":"","overlay-color":"","overlay-opacity":"","overlay-gradient":""},"tablet":{"background-color":"var(--ast-global-color-4)","background-image":"","background-repeat":"repeat","background-position":"center center","background-size":"auto","background-attachment":"scroll","background-type":"","background-media":"","overlay-type":"","overlay-color":"","overlay-opacity":"","overlay-gradient":""},"mobile":{"background-color":"var(--ast-global-color-4)","background-image":"","background-repeat":"repeat","background-position":"center center","background-size":"auto","background-attachment":"scroll","background-type":"","background-media":"","overlay-type":"","overlay-color":"","overlay-opacity":"","overlay-gradient":""}},"footnotes":""},"categories":[20,1],"tags":[],"class_list":["post-6119","post","type-post","status-publish","format-standard","has-post-thumbnail","hentry","category-international","category-football-latest-news"],"yoast_head":"<!-- This site is optimized with the Yoast SEO Premium plugin v26.6 (Yoast SEO v27.5) - https:\/\/yoast.com\/product\/yoast-seo-premium-wordpress\/ -->\n<title>Pep Guardiola attacks VAR after Semenyo goal ruled out - Bladna News<\/title>\n<meta name=\"robots\" content=\"index, follow, max-snippet:-1, max-image-preview:large, max-video-preview:-1\" \/>\n<link rel=\"canonical\" href=\"https:\/\/bladnanews.com\/fr\/pep-guardiola-attaque-la-var-apres-lannulation-du-but-de-semenyo\/\" \/>\n<meta property=\"og:locale\" content=\"fr_FR\" \/>\n<meta property=\"og:type\" content=\"article\" \/>\n<meta property=\"og:title\" content=\"Pep Guardiola attacks VAR after Semenyo goal ruled out\" \/>\n<meta property=\"og:description\" content=\"Pep Guardiola hit out at VAR after Manchester City saw a goal by Antoine Semenyo ruled out during their FA [&hellip;]\" \/>\n<meta property=\"og:url\" content=\"https:\/\/bladnanews.com\/fr\/pep-guardiola-attaque-la-var-apres-lannulation-du-but-de-semenyo\/\" \/>\n<meta property=\"og:site_name\" content=\"Bladna News\" \/>\n<meta property=\"article:published_time\" content=\"2026-01-14T08:55:58+00:00\" \/>\n<meta property=\"og:image\" content=\"https:\/\/bladnanews.com\/wp-content\/uploads\/2025\/12\/freepik__bladna-newscom-moroccan-soccer-homepage-banner-mor__41838.png\" \/>\n\t<meta property=\"og:image:width\" content=\"1312\" \/>\n\t<meta property=\"og:image:height\" content=\"736\" \/>\n\t<meta property=\"og:image:type\" content=\"image\/png\" \/>\n<meta name=\"author\" content=\"Bladna News Staff\" \/>\n<meta name=\"twitter:card\" content=\"summary_large_image\" \/>\n<meta name=\"twitter:label1\" content=\"\u00c9crit par\" \/>\n\t<meta name=\"twitter:data1\" content=\"Bladna News Staff\" \/>\n\t<meta name=\"twitter:label2\" content=\"Dur\u00e9e de lecture estim\u00e9e\" \/>\n\t<meta name=\"twitter:data2\" content=\"1 minute\" \/>\n<script type=\"application\/ld+json\" class=\"yoast-schema-graph\">{\"@context\":\"https:\\\/\\\/schema.org\",\"@graph\":[{\"@type\":\"Article\",\"@id\":\"https:\\\/\\\/bladnanews.com\\\/pep-guardiola-attacks-var-after-semenyo-goal-ruled-out\\\/#article\",\"isPartOf\":{\"@id\":\"https:\\\/\\\/bladnanews.com\\\/pep-guardiola-attacks-var-after-semenyo-goal-ruled-out\\\/\"},\"author\":{\"name\":\"Bladna News Staff\",\"@id\":\"https:\\\/\\\/mediumseagreen-eel-531711.hostingersite.com\\\/#\\\/schema\\\/person\\\/268e18a453ab080ebf76df6ef7845083\"},\"headline\":\"Pep Guardiola attacks VAR after Semenyo goal ruled out\",\"datePublished\":\"2026-01-14T08:55:58+00:00\",\"mainEntityOfPage\":{\"@id\":\"https:\\\/\\\/bladnanews.com\\\/pep-guardiola-attacks-var-after-semenyo-goal-ruled-out\\\/\"},\"wordCount\":237,\"publisher\":{\"@id\":\"https:\\\/\\\/mediumseagreen-eel-531711.hostingersite.com\\\/#organization\"},\"image\":{\"@id\":\"https:\\\/\\\/bladnanews.com\\\/pep-guardiola-attacks-var-after-semenyo-goal-ruled-out\\\/#primaryimage\"},\"thumbnailUrl\":\"https:\\\/\\\/bladnanews.com\\\/wp-content\\\/uploads\\\/2026\\\/01\\\/BladnaNews-Pep-Guardiola-attacks-VAR-after-Semenyo-goal-ruled-out-2026-01-14T171026.618Z-scaled.jpg\",\"articleSection\":[\"International\",\"Latest News\"],\"inLanguage\":\"fr-FR\",\"copyrightYear\":\"2026\",\"copyrightHolder\":{\"@id\":\"https:\\\/\\\/bladnanews.com\\\/fr\\\/#organization\"}},{\"@type\":\"WebPage\",\"@id\":\"https:\\\/\\\/bladnanews.com\\\/pep-guardiola-attacks-var-after-semenyo-goal-ruled-out\\\/\",\"url\":\"https:\\\/\\\/bladnanews.com\\\/pep-guardiola-attacks-var-after-semenyo-goal-ruled-out\\\/\",\"name\":\"Pep Guardiola attacks VAR after Semenyo goal ruled out - Bladna News\",\"isPartOf\":{\"@id\":\"https:\\\/\\\/mediumseagreen-eel-531711.hostingersite.com\\\/#website\"},\"primaryImageOfPage\":{\"@id\":\"https:\\\/\\\/bladnanews.com\\\/pep-guardiola-attacks-var-after-semenyo-goal-ruled-out\\\/#primaryimage\"},\"image\":{\"@id\":\"https:\\\/\\\/bladnanews.com\\\/pep-guardiola-attacks-var-after-semenyo-goal-ruled-out\\\/#primaryimage\"},\"thumbnailUrl\":\"https:\\\/\\\/bladnanews.com\\\/wp-content\\\/uploads\\\/2026\\\/01\\\/BladnaNews-Pep-Guardiola-attacks-VAR-after-Semenyo-goal-ruled-out-2026-01-14T171026.618Z-scaled.jpg\",\"datePublished\":\"2026-01-14T08:55:58+00:00\",\"breadcrumb\":{\"@id\":\"https:\\\/\\\/bladnanews.com\\\/pep-guardiola-attacks-var-after-semenyo-goal-ruled-out\\\/#breadcrumb\"},\"inLanguage\":\"fr-FR\",\"potentialAction\":[{\"@type\":\"ReadAction\",\"target\":[\"https:\\\/\\\/bladnanews.com\\\/pep-guardiola-attacks-var-after-semenyo-goal-ruled-out\\\/\"]}]},{\"@type\":\"ImageObject\",\"inLanguage\":\"fr-FR\",\"@id\":\"https:\\\/\\\/bladnanews.com\\\/pep-guardiola-attacks-var-after-semenyo-goal-ruled-out\\\/#primaryimage\",\"url\":\"https:\\\/\\\/bladnanews.com\\\/wp-content\\\/uploads\\\/2026\\\/01\\\/BladnaNews-Pep-Guardiola-attacks-VAR-after-Semenyo-goal-ruled-out-2026-01-14T171026.618Z-scaled.jpg\",\"contentUrl\":\"https:\\\/\\\/bladnanews.com\\\/wp-content\\\/uploads\\\/2026\\\/01\\\/BladnaNews-Pep-Guardiola-attacks-VAR-after-Semenyo-goal-ruled-out-2026-01-14T171026.618Z-scaled.jpg\",\"width\":2560,\"height\":1440,\"caption\":\"Pep Guardiola gestures expressively during a match, wearing a black jacket, amidst the backdrop of a stadium crowd.\"},{\"@type\":\"BreadcrumbList\",\"@id\":\"https:\\\/\\\/bladnanews.com\\\/pep-guardiola-attacks-var-after-semenyo-goal-ruled-out\\\/#breadcrumb\",\"itemListElement\":[{\"@type\":\"ListItem\",\"position\":1,\"name\":\"Home\",\"item\":\"https:\\\/\\\/bladnanews.com\\\/\"},{\"@type\":\"ListItem\",\"position\":2,\"name\":\"Pep Guardiola attacks VAR after Semenyo goal ruled out\"}]},{\"@type\":\"WebSite\",\"@id\":\"https:\\\/\\\/mediumseagreen-eel-531711.hostingersite.com\\\/#website\",\"url\":\"https:\\\/\\\/mediumseagreen-eel-531711.hostingersite.com\\\/\",\"name\":\"Bladna News - Morocco\",\"description\":\"Where Moroccan Football Meets the World\",\"publisher\":{\"@id\":\"https:\\\/\\\/mediumseagreen-eel-531711.hostingersite.com\\\/#organization\"},\"potentialAction\":[{\"@type\":\"SearchAction\",\"target\":{\"@type\":\"EntryPoint\",\"urlTemplate\":\"https:\\\/\\\/mediumseagreen-eel-531711.hostingersite.com\\\/?s={search_term_string}\"},\"query-input\":{\"@type\":\"PropertyValueSpecification\",\"valueRequired\":true,\"valueName\":\"search_term_string\"}}],\"inLanguage\":\"fr-FR\"},{\"@type\":\"Organization\",\"@id\":\"https:\\\/\\\/mediumseagreen-eel-531711.hostingersite.com\\\/#organization\",\"name\":\"Bladna News.com\",\"url\":\"https:\\\/\\\/mediumseagreen-eel-531711.hostingersite.com\\\/\",\"logo\":{\"@type\":\"ImageObject\",\"inLanguage\":\"fr-FR\",\"@id\":\"https:\\\/\\\/mediumseagreen-eel-531711.hostingersite.com\\\/#\\\/schema\\\/logo\\\/image\\\/\",\"url\":\"https:\\\/\\\/bladnanews.com\\\/wp-content\\\/uploads\\\/2025\\\/12\\\/logo-bladnanews-V2-web-black-red.png\",\"contentUrl\":\"https:\\\/\\\/bladnanews.com\\\/wp-content\\\/uploads\\\/2025\\\/12\\\/logo-bladnanews-V2-web-black-red.png\",\"width\":703,\"height\":287,\"caption\":\"Bladna News.com\"},\"image\":{\"@id\":\"https:\\\/\\\/mediumseagreen-eel-531711.hostingersite.com\\\/#\\\/schema\\\/logo\\\/image\\\/\"},\"email\":\"info@bladnanews.com\",\"legalName\":\"Bladna News\"},{\"@type\":\"Person\",\"@id\":\"https:\\\/\\\/mediumseagreen-eel-531711.hostingersite.com\\\/#\\\/schema\\\/person\\\/268e18a453ab080ebf76df6ef7845083\",\"name\":\"Bladna News Staff\",\"url\":\"https:\\\/\\\/bladnanews.com\\\/fr\\\/author\\\/bladna-news-staff\\\/\"}]}<\/script>\n<!-- \/ Yoast SEO Premium plugin. -->","yoast_head_json":{"title":"Pep Guardiola s'attaque au VAR apr\u00e8s l'annulation du but de Semenyo - Bladna News","robots":{"index":"index","follow":"follow","max-snippet":"max-snippet:-1","max-image-preview":"max-image-preview:large","max-video-preview":"max-video-preview:-1"},"canonical":"https:\/\/bladnanews.com\/fr\/pep-guardiola-attaque-la-var-apres-lannulation-du-but-de-semenyo\/","og_locale":"fr_FR","og_type":"article","og_title":"Pep Guardiola attacks VAR after Semenyo goal ruled out","og_description":"Pep Guardiola hit out at VAR after Manchester City saw a goal by Antoine Semenyo ruled out during their FA [&hellip;]","og_url":"https:\/\/bladnanews.com\/fr\/pep-guardiola-attaque-la-var-apres-lannulation-du-but-de-semenyo\/","og_site_name":"Bladna News","article_published_time":"2026-01-14T08:55:58+00:00","og_image":[{"width":1312,"height":736,"url":"https:\/\/bladnanews.com\/wp-content\/uploads\/2025\/12\/freepik__bladna-newscom-moroccan-soccer-homepage-banner-mor__41838.png","type":"image\/png"}],"author":"Bladna News Staff","twitter_card":"summary_large_image","twitter_misc":{"\u00c9crit par":"Bladna News Staff","Dur\u00e9e de lecture estim\u00e9e":"1 minute"},"schema":{"@context":"https:\/\/schema.org","@graph":[{"@type":"Article","@id":"https:\/\/bladnanews.com\/pep-guardiola-attacks-var-after-semenyo-goal-ruled-out\/#article","isPartOf":{"@id":"https:\/\/bladnanews.com\/pep-guardiola-attacks-var-after-semenyo-goal-ruled-out\/"},"author":{"name":"Bladna News Staff","@id":"https:\/\/mediumseagreen-eel-531711.hostingersite.com\/#\/schema\/person\/268e18a453ab080ebf76df6ef7845083"},"headline":"Pep Guardiola attacks VAR after Semenyo goal ruled out","datePublished":"2026-01-14T08:55:58+00:00","mainEntityOfPage":{"@id":"https:\/\/bladnanews.com\/pep-guardiola-attacks-var-after-semenyo-goal-ruled-out\/"},"wordCount":237,"publisher":{"@id":"https:\/\/mediumseagreen-eel-531711.hostingersite.com\/#organization"},"image":{"@id":"https:\/\/bladnanews.com\/pep-guardiola-attacks-var-after-semenyo-goal-ruled-out\/#primaryimage"},"thumbnailUrl":"https:\/\/bladnanews.com\/wp-content\/uploads\/2026\/01\/BladnaNews-Pep-Guardiola-attacks-VAR-after-Semenyo-goal-ruled-out-2026-01-14T171026.618Z-scaled.jpg","articleSection":["International","Latest News"],"inLanguage":"fr-FR","copyrightYear":"2026","copyrightHolder":{"@id":"https:\/\/bladnanews.com\/fr\/#organization"}},{"@type":"WebPage","@id":"https:\/\/bladnanews.com\/pep-guardiola-attacks-var-after-semenyo-goal-ruled-out\/","url":"https:\/\/bladnanews.com\/pep-guardiola-attacks-var-after-semenyo-goal-ruled-out\/","name":"Pep Guardiola s'attaque au VAR apr\u00e8s l'annulation du but de Semenyo - Bladna News","isPartOf":{"@id":"https:\/\/mediumseagreen-eel-531711.hostingersite.com\/#website"},"primaryImageOfPage":{"@id":"https:\/\/bladnanews.com\/pep-guardiola-attacks-var-after-semenyo-goal-ruled-out\/#primaryimage"},"image":{"@id":"https:\/\/bladnanews.com\/pep-guardiola-attacks-var-after-semenyo-goal-ruled-out\/#primaryimage"},"thumbnailUrl":"https:\/\/bladnanews.com\/wp-content\/uploads\/2026\/01\/BladnaNews-Pep-Guardiola-attacks-VAR-after-Semenyo-goal-ruled-out-2026-01-14T171026.618Z-scaled.jpg","datePublished":"2026-01-14T08:55:58+00:00","breadcrumb":{"@id":"https:\/\/bladnanews.com\/pep-guardiola-attacks-var-after-semenyo-goal-ruled-out\/#breadcrumb"},"inLanguage":"fr-FR","potentialAction":[{"@type":"ReadAction","target":["https:\/\/bladnanews.com\/pep-guardiola-attacks-var-after-semenyo-goal-ruled-out\/"]}]},{"@type":"ImageObject","inLanguage":"fr-FR","@id":"https:\/\/bladnanews.com\/pep-guardiola-attacks-var-after-semenyo-goal-ruled-out\/#primaryimage","url":"https:\/\/bladnanews.com\/wp-content\/uploads\/2026\/01\/BladnaNews-Pep-Guardiola-attacks-VAR-after-Semenyo-goal-ruled-out-2026-01-14T171026.618Z-scaled.jpg","contentUrl":"https:\/\/bladnanews.com\/wp-content\/uploads\/2026\/01\/BladnaNews-Pep-Guardiola-attacks-VAR-after-Semenyo-goal-ruled-out-2026-01-14T171026.618Z-scaled.jpg","width":2560,"height":1440,"caption":"Pep Guardiola gestures expressively during a match, wearing a black jacket, amidst the backdrop of a stadium crowd."},{"@type":"BreadcrumbList","@id":"https:\/\/bladnanews.com\/pep-guardiola-attacks-var-after-semenyo-goal-ruled-out\/#breadcrumb","itemListElement":[{"@type":"ListItem","position":1,"name":"Home","item":"https:\/\/bladnanews.com\/"},{"@type":"ListItem","position":2,"name":"Pep Guardiola attacks VAR after Semenyo goal ruled out"}]},{"@type":"WebSite","@id":"https:\/\/mediumseagreen-eel-531711.hostingersite.com\/#website","url":"https:\/\/mediumseagreen-eel-531711.hostingersite.com\/","name":"Bladna News - Maroc","description":"Quand le football marocain rencontre le monde","publisher":{"@id":"https:\/\/mediumseagreen-eel-531711.hostingersite.com\/#organization"},"potentialAction":[{"@type":"SearchAction","target":{"@type":"EntryPoint","urlTemplate":"https:\/\/mediumseagreen-eel-531711.hostingersite.com\/?s={search_term_string}"},"query-input":{"@type":"PropertyValueSpecification","valueRequired":true,"valueName":"search_term_string"}}],"inLanguage":"fr-FR"},{"@type":"Organization","@id":"https:\/\/mediumseagreen-eel-531711.hostingersite.com\/#organization","name":"Bladna News.com","url":"https:\/\/mediumseagreen-eel-531711.hostingersite.com\/","logo":{"@type":"ImageObject","inLanguage":"fr-FR","@id":"https:\/\/mediumseagreen-eel-531711.hostingersite.com\/#\/schema\/logo\/image\/","url":"https:\/\/bladnanews.com\/wp-content\/uploads\/2025\/12\/logo-bladnanews-V2-web-black-red.png","contentUrl":"https:\/\/bladnanews.com\/wp-content\/uploads\/2025\/12\/logo-bladnanews-V2-web-black-red.png","width":703,"height":287,"caption":"Bladna News.com"},"image":{"@id":"https:\/\/mediumseagreen-eel-531711.hostingersite.com\/#\/schema\/logo\/image\/"},"email":"info@bladnanews.com","legalName":"Bladna News"},{"@type":"Person","@id":"https:\/\/mediumseagreen-eel-531711.hostingersite.com\/#\/schema\/person\/268e18a453ab080ebf76df6ef7845083","name":"\u00c9quipe r\u00e9dactionnelle de Bladna News","url":"https:\/\/bladnanews.com\/fr\/author\/bladna-news-staff\/"}]}},"_links":{"self":[{"href":"https:\/\/bladnanews.com\/fr\/wp-json\/wp\/v2\/posts\/6119","targetHints":{"allow":["GET"]}}],"collection":[{"href":"https:\/\/bladnanews.com\/fr\/wp-json\/wp\/v2\/posts"}],"about":[{"href":"https:\/\/bladnanews.com\/fr\/wp-json\/wp\/v2\/types\/post"}],"author":[{"embeddable":true,"href":"https:\/\/bladnanews.com\/fr\/wp-json\/wp\/v2\/users\/3"}],"replies":[{"embeddable":true,"href":"https:\/\/bladnanews.com\/fr\/wp-json\/wp\/v2\/comments?post=6119"}],"version-history":[{"count":0,"href":"https:\/\/bladnanews.com\/fr\/wp-json\/wp\/v2\/posts\/6119\/revisions"}],"wp:featuredmedia":[{"embeddable":true,"href":"https:\/\/bladnanews.com\/fr\/wp-json\/wp\/v2\/media\/6118"}],"wp:attachment":[{"href":"https:\/\/bladnanews.com\/fr\/wp-json\/wp\/v2\/media?parent=6119"}],"wp:term":[{"taxonomy":"category","embeddable":true,"href":"https:\/\/bladnanews.com\/fr\/wp-json\/wp\/v2\/categories?post=6119"},{"taxonomy":"post_tag","embeddable":true,"href":"https:\/\/bladnanews.com\/fr\/wp-json\/wp\/v2\/tags?post=6119"}],"curies":[{"name":"wp","href":"https:\/\/api.w.org\/{rel}","templated":true}]}}