{"id":6121,"date":"2026-01-14T09:00:18","date_gmt":"2026-01-14T09:00:18","guid":{"rendered":"https:\/\/bladnanews.com\/florentino-perez-wants-jose-mourinho-back-at-real-madrid\/"},"modified":"2026-01-14T09:00:18","modified_gmt":"2026-01-14T09:00:18","slug":"florentino-perez-souhaite-le-retour-de-jose-mourinho-au-real-madrid","status":"publish","type":"post","link":"https:\/\/bladnanews.com\/fr\/florentino-perez-souhaite-le-retour-de-jose-mourinho-au-real-madrid\/","title":{"rendered":"Florentino Perez souhaite le retour de Jose Mourinho au Real Madrid."},"content":{"rendered":"<p>Selon des affirmations concernant la r\u00e9flexion \u00e0 long terme du pr\u00e9sident du club, l\u201c\u201d objectif ultime \u00bb de Florentino P\u00e9rez est de \u00ab ramener Jos\u00e9 Mourinho \u00bb au Real Madrid.<\/p>\n<p>Le rapport indique que P\u00e9rez reste un grand admirateur de Mourinho, qui a entra\u00een\u00e9 le Madrid de 2010 \u00e0 2013 et y a remport\u00e9 le titre de Liga, la Copa del Rey et la Supercoupe d'Espagne durant son passage au Santiago Bernab\u00e9u.<\/p>\n<p>Le passage de Mourinho en Espagne a \u00e9t\u00e9 l'un des plus intenses de l'\u00e8re moderne, le Madrid ayant bris\u00e9 la domination du Bar\u00e7a en championnat et \u00e9tabli un record de points (\u00e0 l'\u00e9poque) en 2011-12. Mais il s'est \u00e9galement achev\u00e9 dans les conflits et les divisions au sein du vestiaire, les relations \u00e9tant tendues dans l'effectif.<\/p>\n<p>L'un des d\u00e9tails les plus frappants r\u00e9v\u00e9l\u00e9s est que l'ancien d\u00e9fenseur madril\u00e8ne \u00c1lvaro Arbeloa avait \u00e9t\u00e9 qualifi\u00e9 de \u201c mouchard \u201d et d'une figure qui \u201c n'inspire personne \u201d durant cette p\u00e9riode, refl\u00e9tant l'atmosph\u00e8re autour de l'\u00e9quipe lors de la derni\u00e8re saison de Mourinho.<\/p>\n<p>Le m\u00eame r\u00e9cit affirme que P\u00e9rez n'a jamais compl\u00e8tement abandonn\u00e9 l'id\u00e9e de ramener le Portugais, le d\u00e9crivant comme l\u201c\u201d objectif ultime \u00bb du pr\u00e9sident, malgr\u00e9 les ann\u00e9es \u00e9coul\u00e9es et les diff\u00e9rentes \u00e8res travers\u00e9es par le club depuis le d\u00e9part de Mourinho.<\/p>\n<p>Mourinho est actuellement en poste \u00e0 Fenerbah\u00e7e, tandis que le Madrid poursuit ses propres projets sur le terrain. Mais ces affirmations soulignent \u00e0 quel point P\u00e9rez serait admiratif de la personnalit\u00e9 et des m\u00e9thodes de Mourinho, et combien le pr\u00e9sident le consid\u00e9rerait comme un entra\u00eeneur capable de diriger \u00e0 nouveau le club \u00e0 l'avenir.<\/p>","protected":false},"excerpt":{"rendered":"<p>Florentino Perez\u2019s \u201cultimate goal is to bring Jose Mourinho back\u201d to Real Madrid, according to claims made about the club [&hellip;]<\/p>\n","protected":false},"author":3,"featured_media":6120,"comment_status":"","ping_status":"open","sticky":false,"template":"","format":"standard","meta":{"googlesitekit_rrm_CAow_uzEDA:productID":"","site-sidebar-layout":"default","site-content-layout":"","ast-site-content-layout":"default","site-content-style":"default","site-sidebar-style":"default","ast-global-header-display":"","ast-banner-title-visibility":"","ast-main-header-display":"","ast-hfb-above-header-display":"","ast-hfb-below-header-display":"","ast-hfb-mobile-header-display":"","site-post-title":"","ast-breadcrumbs-content":"","ast-featured-img":"","footer-sml-layout":"","ast-disable-related-posts":"","theme-transparent-header-meta":"","adv-header-id-meta":"","stick-header-meta":"","header-above-stick-meta":"","header-main-stick-meta":"","header-below-stick-meta":"","astra-migrate-meta-layouts":"default","ast-page-background-enabled":"default","ast-page-background-meta":{"desktop":{"background-color":"var(--ast-global-color-5)","background-image":"","background-repeat":"repeat","background-position":"center center","background-size":"auto","background-attachment":"scroll","background-type":"","background-media":"","overlay-type":"","overlay-color":"","overlay-opacity":"","overlay-gradient":""},"tablet":{"background-color":"","background-image":"","background-repeat":"repeat","background-position":"center center","background-size":"auto","background-attachment":"scroll","background-type":"","background-media":"","overlay-type":"","overlay-color":"","overlay-opacity":"","overlay-gradient":""},"mobile":{"background-color":"","background-image":"","background-repeat":"repeat","background-position":"center center","background-size":"auto","background-attachment":"scroll","background-type":"","background-media":"","overlay-type":"","overlay-color":"","overlay-opacity":"","overlay-gradient":""}},"ast-content-background-meta":{"desktop":{"background-color":"var(--ast-global-color-4)","background-image":"","background-repeat":"repeat","background-position":"center center","background-size":"auto","background-attachment":"scroll","background-type":"","background-media":"","overlay-type":"","overlay-color":"","overlay-opacity":"","overlay-gradient":""},"tablet":{"background-color":"var(--ast-global-color-4)","background-image":"","background-repeat":"repeat","background-position":"center center","background-size":"auto","background-attachment":"scroll","background-type":"","background-media":"","overlay-type":"","overlay-color":"","overlay-opacity":"","overlay-gradient":""},"mobile":{"background-color":"var(--ast-global-color-4)","background-image":"","background-repeat":"repeat","background-position":"center center","background-size":"auto","background-attachment":"scroll","background-type":"","background-media":"","overlay-type":"","overlay-color":"","overlay-opacity":"","overlay-gradient":""}},"footnotes":""},"categories":[20,1],"tags":[],"class_list":["post-6121","post","type-post","status-publish","format-standard","has-post-thumbnail","hentry","category-international","category-football-latest-news"],"yoast_head":"<!-- This site is optimized with the Yoast SEO Premium plugin v26.6 (Yoast SEO v27.5) - https:\/\/yoast.com\/product\/yoast-seo-premium-wordpress\/ -->\n<title>Florentino Perez wants Jose Mourinho back at Real Madrid - Bladna News<\/title>\n<meta name=\"robots\" content=\"index, follow, max-snippet:-1, max-image-preview:large, max-video-preview:-1\" \/>\n<link rel=\"canonical\" href=\"https:\/\/bladnanews.com\/fr\/florentino-perez-souhaite-le-retour-de-jose-mourinho-au-real-madrid\/\" \/>\n<meta property=\"og:locale\" content=\"fr_FR\" \/>\n<meta property=\"og:type\" content=\"article\" \/>\n<meta property=\"og:title\" content=\"Florentino Perez wants Jose Mourinho back at Real Madrid\" \/>\n<meta property=\"og:description\" content=\"Florentino Perez\u2019s \u201cultimate goal is to bring Jose Mourinho back\u201d to Real Madrid, according to claims made about the club [&hellip;]\" \/>\n<meta property=\"og:url\" content=\"https:\/\/bladnanews.com\/fr\/florentino-perez-souhaite-le-retour-de-jose-mourinho-au-real-madrid\/\" \/>\n<meta property=\"og:site_name\" content=\"Bladna News\" \/>\n<meta property=\"article:published_time\" content=\"2026-01-14T09:00:18+00:00\" \/>\n<meta property=\"og:image\" content=\"https:\/\/bladnanews.com\/wp-content\/uploads\/2025\/12\/freepik__bladna-newscom-moroccan-soccer-homepage-banner-mor__41838.png\" \/>\n\t<meta property=\"og:image:width\" content=\"1312\" \/>\n\t<meta property=\"og:image:height\" content=\"736\" \/>\n\t<meta property=\"og:image:type\" content=\"image\/png\" \/>\n<meta name=\"author\" content=\"Bladna News Staff\" \/>\n<meta name=\"twitter:card\" content=\"summary_large_image\" \/>\n<meta name=\"twitter:label1\" content=\"\u00c9crit par\" \/>\n\t<meta name=\"twitter:data1\" content=\"Bladna News Staff\" \/>\n\t<meta name=\"twitter:label2\" content=\"Dur\u00e9e de lecture estim\u00e9e\" \/>\n\t<meta name=\"twitter:data2\" content=\"1 minute\" \/>\n<script type=\"application\/ld+json\" class=\"yoast-schema-graph\">{\"@context\":\"https:\\\/\\\/schema.org\",\"@graph\":[{\"@type\":\"Article\",\"@id\":\"https:\\\/\\\/bladnanews.com\\\/florentino-perez-wants-jose-mourinho-back-at-real-madrid\\\/#article\",\"isPartOf\":{\"@id\":\"https:\\\/\\\/bladnanews.com\\\/florentino-perez-wants-jose-mourinho-back-at-real-madrid\\\/\"},\"author\":{\"name\":\"Bladna News Staff\",\"@id\":\"https:\\\/\\\/mediumseagreen-eel-531711.hostingersite.com\\\/#\\\/schema\\\/person\\\/268e18a453ab080ebf76df6ef7845083\"},\"headline\":\"Florentino Perez wants Jose Mourinho back at Real Madrid\",\"datePublished\":\"2026-01-14T09:00:18+00:00\",\"mainEntityOfPage\":{\"@id\":\"https:\\\/\\\/bladnanews.com\\\/florentino-perez-wants-jose-mourinho-back-at-real-madrid\\\/\"},\"wordCount\":259,\"publisher\":{\"@id\":\"https:\\\/\\\/mediumseagreen-eel-531711.hostingersite.com\\\/#organization\"},\"image\":{\"@id\":\"https:\\\/\\\/bladnanews.com\\\/florentino-perez-wants-jose-mourinho-back-at-real-madrid\\\/#primaryimage\"},\"thumbnailUrl\":\"https:\\\/\\\/bladnanews.com\\\/wp-content\\\/uploads\\\/2026\\\/01\\\/BladnaNews-Florentino-Perez-wants-Jose-Mourinho-back-at-Real-Madrid-2026-01-14T171053.828Z.jpg\",\"articleSection\":[\"International\",\"Latest News\"],\"inLanguage\":\"fr-FR\",\"copyrightYear\":\"2026\",\"copyrightHolder\":{\"@id\":\"https:\\\/\\\/bladnanews.com\\\/fr\\\/#organization\"}},{\"@type\":\"WebPage\",\"@id\":\"https:\\\/\\\/bladnanews.com\\\/florentino-perez-wants-jose-mourinho-back-at-real-madrid\\\/\",\"url\":\"https:\\\/\\\/bladnanews.com\\\/florentino-perez-wants-jose-mourinho-back-at-real-madrid\\\/\",\"name\":\"Florentino Perez wants Jose Mourinho back at Real Madrid - Bladna News\",\"isPartOf\":{\"@id\":\"https:\\\/\\\/mediumseagreen-eel-531711.hostingersite.com\\\/#website\"},\"primaryImageOfPage\":{\"@id\":\"https:\\\/\\\/bladnanews.com\\\/florentino-perez-wants-jose-mourinho-back-at-real-madrid\\\/#primaryimage\"},\"image\":{\"@id\":\"https:\\\/\\\/bladnanews.com\\\/florentino-perez-wants-jose-mourinho-back-at-real-madrid\\\/#primaryimage\"},\"thumbnailUrl\":\"https:\\\/\\\/bladnanews.com\\\/wp-content\\\/uploads\\\/2026\\\/01\\\/BladnaNews-Florentino-Perez-wants-Jose-Mourinho-back-at-Real-Madrid-2026-01-14T171053.828Z.jpg\",\"datePublished\":\"2026-01-14T09:00:18+00:00\",\"breadcrumb\":{\"@id\":\"https:\\\/\\\/bladnanews.com\\\/florentino-perez-wants-jose-mourinho-back-at-real-madrid\\\/#breadcrumb\"},\"inLanguage\":\"fr-FR\",\"potentialAction\":[{\"@type\":\"ReadAction\",\"target\":[\"https:\\\/\\\/bladnanews.com\\\/florentino-perez-wants-jose-mourinho-back-at-real-madrid\\\/\"]}]},{\"@type\":\"ImageObject\",\"inLanguage\":\"fr-FR\",\"@id\":\"https:\\\/\\\/bladnanews.com\\\/florentino-perez-wants-jose-mourinho-back-at-real-madrid\\\/#primaryimage\",\"url\":\"https:\\\/\\\/bladnanews.com\\\/wp-content\\\/uploads\\\/2026\\\/01\\\/BladnaNews-Florentino-Perez-wants-Jose-Mourinho-back-at-Real-Madrid-2026-01-14T171053.828Z.jpg\",\"contentUrl\":\"https:\\\/\\\/bladnanews.com\\\/wp-content\\\/uploads\\\/2026\\\/01\\\/BladnaNews-Florentino-Perez-wants-Jose-Mourinho-back-at-Real-Madrid-2026-01-14T171053.828Z.jpg\",\"width\":1920,\"height\":1080,\"caption\":\"Real Madrid's Achraf Hakimi smiling during a press conference, alongside Jos\u00e9 Mourinho in a serious expression, showcasing contrasting emotions.\"},{\"@type\":\"BreadcrumbList\",\"@id\":\"https:\\\/\\\/bladnanews.com\\\/florentino-perez-wants-jose-mourinho-back-at-real-madrid\\\/#breadcrumb\",\"itemListElement\":[{\"@type\":\"ListItem\",\"position\":1,\"name\":\"Home\",\"item\":\"https:\\\/\\\/bladnanews.com\\\/\"},{\"@type\":\"ListItem\",\"position\":2,\"name\":\"Florentino Perez wants Jose Mourinho back at Real Madrid\"}]},{\"@type\":\"WebSite\",\"@id\":\"https:\\\/\\\/mediumseagreen-eel-531711.hostingersite.com\\\/#website\",\"url\":\"https:\\\/\\\/mediumseagreen-eel-531711.hostingersite.com\\\/\",\"name\":\"Bladna News - Morocco\",\"description\":\"Where Moroccan Football Meets the World\",\"publisher\":{\"@id\":\"https:\\\/\\\/mediumseagreen-eel-531711.hostingersite.com\\\/#organization\"},\"potentialAction\":[{\"@type\":\"SearchAction\",\"target\":{\"@type\":\"EntryPoint\",\"urlTemplate\":\"https:\\\/\\\/mediumseagreen-eel-531711.hostingersite.com\\\/?s={search_term_string}\"},\"query-input\":{\"@type\":\"PropertyValueSpecification\",\"valueRequired\":true,\"valueName\":\"search_term_string\"}}],\"inLanguage\":\"fr-FR\"},{\"@type\":\"Organization\",\"@id\":\"https:\\\/\\\/mediumseagreen-eel-531711.hostingersite.com\\\/#organization\",\"name\":\"Bladna News.com\",\"url\":\"https:\\\/\\\/mediumseagreen-eel-531711.hostingersite.com\\\/\",\"logo\":{\"@type\":\"ImageObject\",\"inLanguage\":\"fr-FR\",\"@id\":\"https:\\\/\\\/mediumseagreen-eel-531711.hostingersite.com\\\/#\\\/schema\\\/logo\\\/image\\\/\",\"url\":\"https:\\\/\\\/bladnanews.com\\\/wp-content\\\/uploads\\\/2025\\\/12\\\/logo-bladnanews-V2-web-black-red.png\",\"contentUrl\":\"https:\\\/\\\/bladnanews.com\\\/wp-content\\\/uploads\\\/2025\\\/12\\\/logo-bladnanews-V2-web-black-red.png\",\"width\":703,\"height\":287,\"caption\":\"Bladna News.com\"},\"image\":{\"@id\":\"https:\\\/\\\/mediumseagreen-eel-531711.hostingersite.com\\\/#\\\/schema\\\/logo\\\/image\\\/\"},\"email\":\"info@bladnanews.com\",\"legalName\":\"Bladna News\"},{\"@type\":\"Person\",\"@id\":\"https:\\\/\\\/mediumseagreen-eel-531711.hostingersite.com\\\/#\\\/schema\\\/person\\\/268e18a453ab080ebf76df6ef7845083\",\"name\":\"Bladna News Staff\",\"url\":\"https:\\\/\\\/bladnanews.com\\\/fr\\\/author\\\/bladna-news-staff\\\/\"}]}<\/script>\n<!-- \/ Yoast SEO Premium plugin. -->","yoast_head_json":{"title":"Florentino Perez souhaite le retour de Jose Mourinho au Real Madrid - Bladna News","robots":{"index":"index","follow":"follow","max-snippet":"max-snippet:-1","max-image-preview":"max-image-preview:large","max-video-preview":"max-video-preview:-1"},"canonical":"https:\/\/bladnanews.com\/fr\/florentino-perez-souhaite-le-retour-de-jose-mourinho-au-real-madrid\/","og_locale":"fr_FR","og_type":"article","og_title":"Florentino Perez wants Jose Mourinho back at Real Madrid","og_description":"Florentino Perez\u2019s \u201cultimate goal is to bring Jose Mourinho back\u201d to Real Madrid, according to claims made about the club [&hellip;]","og_url":"https:\/\/bladnanews.com\/fr\/florentino-perez-souhaite-le-retour-de-jose-mourinho-au-real-madrid\/","og_site_name":"Bladna News","article_published_time":"2026-01-14T09:00:18+00:00","og_image":[{"width":1312,"height":736,"url":"https:\/\/bladnanews.com\/wp-content\/uploads\/2025\/12\/freepik__bladna-newscom-moroccan-soccer-homepage-banner-mor__41838.png","type":"image\/png"}],"author":"Bladna News Staff","twitter_card":"summary_large_image","twitter_misc":{"\u00c9crit par":"Bladna News Staff","Dur\u00e9e de lecture estim\u00e9e":"1 minute"},"schema":{"@context":"https:\/\/schema.org","@graph":[{"@type":"Article","@id":"https:\/\/bladnanews.com\/florentino-perez-wants-jose-mourinho-back-at-real-madrid\/#article","isPartOf":{"@id":"https:\/\/bladnanews.com\/florentino-perez-wants-jose-mourinho-back-at-real-madrid\/"},"author":{"name":"Bladna News Staff","@id":"https:\/\/mediumseagreen-eel-531711.hostingersite.com\/#\/schema\/person\/268e18a453ab080ebf76df6ef7845083"},"headline":"Florentino Perez wants Jose Mourinho back at Real Madrid","datePublished":"2026-01-14T09:00:18+00:00","mainEntityOfPage":{"@id":"https:\/\/bladnanews.com\/florentino-perez-wants-jose-mourinho-back-at-real-madrid\/"},"wordCount":259,"publisher":{"@id":"https:\/\/mediumseagreen-eel-531711.hostingersite.com\/#organization"},"image":{"@id":"https:\/\/bladnanews.com\/florentino-perez-wants-jose-mourinho-back-at-real-madrid\/#primaryimage"},"thumbnailUrl":"https:\/\/bladnanews.com\/wp-content\/uploads\/2026\/01\/BladnaNews-Florentino-Perez-wants-Jose-Mourinho-back-at-Real-Madrid-2026-01-14T171053.828Z.jpg","articleSection":["International","Latest News"],"inLanguage":"fr-FR","copyrightYear":"2026","copyrightHolder":{"@id":"https:\/\/bladnanews.com\/fr\/#organization"}},{"@type":"WebPage","@id":"https:\/\/bladnanews.com\/florentino-perez-wants-jose-mourinho-back-at-real-madrid\/","url":"https:\/\/bladnanews.com\/florentino-perez-wants-jose-mourinho-back-at-real-madrid\/","name":"Florentino Perez souhaite le retour de Jose Mourinho au Real Madrid - Bladna News","isPartOf":{"@id":"https:\/\/mediumseagreen-eel-531711.hostingersite.com\/#website"},"primaryImageOfPage":{"@id":"https:\/\/bladnanews.com\/florentino-perez-wants-jose-mourinho-back-at-real-madrid\/#primaryimage"},"image":{"@id":"https:\/\/bladnanews.com\/florentino-perez-wants-jose-mourinho-back-at-real-madrid\/#primaryimage"},"thumbnailUrl":"https:\/\/bladnanews.com\/wp-content\/uploads\/2026\/01\/BladnaNews-Florentino-Perez-wants-Jose-Mourinho-back-at-Real-Madrid-2026-01-14T171053.828Z.jpg","datePublished":"2026-01-14T09:00:18+00:00","breadcrumb":{"@id":"https:\/\/bladnanews.com\/florentino-perez-wants-jose-mourinho-back-at-real-madrid\/#breadcrumb"},"inLanguage":"fr-FR","potentialAction":[{"@type":"ReadAction","target":["https:\/\/bladnanews.com\/florentino-perez-wants-jose-mourinho-back-at-real-madrid\/"]}]},{"@type":"ImageObject","inLanguage":"fr-FR","@id":"https:\/\/bladnanews.com\/florentino-perez-wants-jose-mourinho-back-at-real-madrid\/#primaryimage","url":"https:\/\/bladnanews.com\/wp-content\/uploads\/2026\/01\/BladnaNews-Florentino-Perez-wants-Jose-Mourinho-back-at-Real-Madrid-2026-01-14T171053.828Z.jpg","contentUrl":"https:\/\/bladnanews.com\/wp-content\/uploads\/2026\/01\/BladnaNews-Florentino-Perez-wants-Jose-Mourinho-back-at-Real-Madrid-2026-01-14T171053.828Z.jpg","width":1920,"height":1080,"caption":"Real Madrid's Achraf Hakimi smiling during a press conference, alongside Jos\u00e9 Mourinho in a serious expression, showcasing contrasting emotions."},{"@type":"BreadcrumbList","@id":"https:\/\/bladnanews.com\/florentino-perez-wants-jose-mourinho-back-at-real-madrid\/#breadcrumb","itemListElement":[{"@type":"ListItem","position":1,"name":"Home","item":"https:\/\/bladnanews.com\/"},{"@type":"ListItem","position":2,"name":"Florentino Perez wants Jose Mourinho back at Real Madrid"}]},{"@type":"WebSite","@id":"https:\/\/mediumseagreen-eel-531711.hostingersite.com\/#website","url":"https:\/\/mediumseagreen-eel-531711.hostingersite.com\/","name":"Bladna News - Maroc","description":"Quand le football marocain rencontre le monde","publisher":{"@id":"https:\/\/mediumseagreen-eel-531711.hostingersite.com\/#organization"},"potentialAction":[{"@type":"SearchAction","target":{"@type":"EntryPoint","urlTemplate":"https:\/\/mediumseagreen-eel-531711.hostingersite.com\/?s={search_term_string}"},"query-input":{"@type":"PropertyValueSpecification","valueRequired":true,"valueName":"search_term_string"}}],"inLanguage":"fr-FR"},{"@type":"Organization","@id":"https:\/\/mediumseagreen-eel-531711.hostingersite.com\/#organization","name":"Bladna News.com","url":"https:\/\/mediumseagreen-eel-531711.hostingersite.com\/","logo":{"@type":"ImageObject","inLanguage":"fr-FR","@id":"https:\/\/mediumseagreen-eel-531711.hostingersite.com\/#\/schema\/logo\/image\/","url":"https:\/\/bladnanews.com\/wp-content\/uploads\/2025\/12\/logo-bladnanews-V2-web-black-red.png","contentUrl":"https:\/\/bladnanews.com\/wp-content\/uploads\/2025\/12\/logo-bladnanews-V2-web-black-red.png","width":703,"height":287,"caption":"Bladna News.com"},"image":{"@id":"https:\/\/mediumseagreen-eel-531711.hostingersite.com\/#\/schema\/logo\/image\/"},"email":"info@bladnanews.com","legalName":"Bladna News"},{"@type":"Person","@id":"https:\/\/mediumseagreen-eel-531711.hostingersite.com\/#\/schema\/person\/268e18a453ab080ebf76df6ef7845083","name":"\u00c9quipe r\u00e9dactionnelle de Bladna News","url":"https:\/\/bladnanews.com\/fr\/author\/bladna-news-staff\/"}]}},"_links":{"self":[{"href":"https:\/\/bladnanews.com\/fr\/wp-json\/wp\/v2\/posts\/6121","targetHints":{"allow":["GET"]}}],"collection":[{"href":"https:\/\/bladnanews.com\/fr\/wp-json\/wp\/v2\/posts"}],"about":[{"href":"https:\/\/bladnanews.com\/fr\/wp-json\/wp\/v2\/types\/post"}],"author":[{"embeddable":true,"href":"https:\/\/bladnanews.com\/fr\/wp-json\/wp\/v2\/users\/3"}],"replies":[{"embeddable":true,"href":"https:\/\/bladnanews.com\/fr\/wp-json\/wp\/v2\/comments?post=6121"}],"version-history":[{"count":0,"href":"https:\/\/bladnanews.com\/fr\/wp-json\/wp\/v2\/posts\/6121\/revisions"}],"wp:featuredmedia":[{"embeddable":true,"href":"https:\/\/bladnanews.com\/fr\/wp-json\/wp\/v2\/media\/6120"}],"wp:attachment":[{"href":"https:\/\/bladnanews.com\/fr\/wp-json\/wp\/v2\/media?parent=6121"}],"wp:term":[{"taxonomy":"category","embeddable":true,"href":"https:\/\/bladnanews.com\/fr\/wp-json\/wp\/v2\/categories?post=6121"},{"taxonomy":"post_tag","embeddable":true,"href":"https:\/\/bladnanews.com\/fr\/wp-json\/wp\/v2\/tags?post=6121"}],"curies":[{"name":"wp","href":"https:\/\/api.w.org\/{rel}","templated":true}]}}