{"id":6143,"date":"2026-01-14T11:44:44","date_gmt":"2026-01-14T11:44:44","guid":{"rendered":"https:\/\/bladnanews.com\/xabi-alonso-scolded-real-madrid-players-over-tactical-struggles\/"},"modified":"2026-01-14T11:44:44","modified_gmt":"2026-01-14T11:44:44","slug":"xabi-alonso-a-reprimande-les-joueurs-du-real-madrid-pour-leurs-difficultes-tactiques","status":"publish","type":"post","link":"https:\/\/bladnanews.com\/fr\/xabi-alonso-a-reprimande-les-joueurs-du-real-madrid-pour-leurs-difficultes-tactiques\/","title":{"rendered":"Xabi Alonso a r\u00e9primand\u00e9 les joueurs du Real Madrid pour leurs difficult\u00e9s tactiques."},"content":{"rendered":"<p>Xabi Alonso aurait r\u00e9primand\u00e9 ses joueurs du Real Madrid lors d\u2019une s\u00e9ance d\u2019entra\u00eenement tendue, les frustrations augmentant face aux difficult\u00e9s tactiques de l\u2019effectif.<\/p>\n<p>Selon les informations r\u00e9v\u00e9l\u00e9es, Alonso aurait pouss\u00e9 ce qui a \u00e9t\u00e9 d\u00e9crit comme un \u201c cri de d\u00e9sespoir \u201d apr\u00e8s des probl\u00e8mes r\u00e9p\u00e9t\u00e9s \u00e0 l\u2019entra\u00eenement, d\u00e9clarant \u00e0 ses joueurs : <strong>\u201c Je ne savais pas que je venais entra\u00eener une garderie ! \u201d<\/strong><\/p>\n<p>Le rapport indique que l\u2019emportement de l\u2019entra\u00eeneur est survenu alors qu\u2019il tentait de faire passer des id\u00e9es cl\u00e9s sur le terrain, mais la s\u00e9ance a continu\u00e9 d\u2019\u00eatre ponctu\u00e9e d\u2019erreurs et d\u2019un manque de compr\u00e9hension du travail tactique exig\u00e9.<\/p>\n<p>Il est sugg\u00e9r\u00e9 que l\u2019atmosph\u00e8re \u00e0 l\u2019entra\u00eenement \u00e9tait tendue, Alonso \u00e9tant m\u00e9content de la lenteur d\u2019ex\u00e9cution de certaines consignes et de la r\u00e9p\u00e9tition fr\u00e9quente des m\u00eames erreurs.<\/p>\n<p>Cet incident est pr\u00e9sent\u00e9 comme un signe \u00e9vident de la pression pesant sur le groupe, Alonso exigeant une am\u00e9lioration rapide et le respect des standards dans le travail quotidien, tandis que les joueurs peinent \u00e0 assimiler pleinement les demandes des exercices tactiques.<\/p>\n<p>Le rapport ajoute que le message de l\u2019entra\u00eeneur visait \u00e0 secouer l\u2019effectif et \u00e0 provoquer une r\u00e9action, apr\u00e8s une s\u00e9ance \u00e0 nouveau marqu\u00e9e par la confusion et la frustration.<\/p>","protected":false},"excerpt":{"rendered":"<p>Xabi Alonso has reportedly scolded his Real Madrid players during a tense training session, as frustrations grew over the squad\u2019s [&hellip;]<\/p>\n","protected":false},"author":3,"featured_media":6142,"comment_status":"","ping_status":"open","sticky":false,"template":"","format":"standard","meta":{"googlesitekit_rrm_CAow_uzEDA:productID":"","site-sidebar-layout":"default","site-content-layout":"","ast-site-content-layout":"default","site-content-style":"default","site-sidebar-style":"default","ast-global-header-display":"","ast-banner-title-visibility":"","ast-main-header-display":"","ast-hfb-above-header-display":"","ast-hfb-below-header-display":"","ast-hfb-mobile-header-display":"","site-post-title":"","ast-breadcrumbs-content":"","ast-featured-img":"","footer-sml-layout":"","ast-disable-related-posts":"","theme-transparent-header-meta":"","adv-header-id-meta":"","stick-header-meta":"","header-above-stick-meta":"","header-main-stick-meta":"","header-below-stick-meta":"","astra-migrate-meta-layouts":"default","ast-page-background-enabled":"default","ast-page-background-meta":{"desktop":{"background-color":"var(--ast-global-color-5)","background-image":"","background-repeat":"repeat","background-position":"center center","background-size":"auto","background-attachment":"scroll","background-type":"","background-media":"","overlay-type":"","overlay-color":"","overlay-opacity":"","overlay-gradient":""},"tablet":{"background-color":"","background-image":"","background-repeat":"repeat","background-position":"center center","background-size":"auto","background-attachment":"scroll","background-type":"","background-media":"","overlay-type":"","overlay-color":"","overlay-opacity":"","overlay-gradient":""},"mobile":{"background-color":"","background-image":"","background-repeat":"repeat","background-position":"center center","background-size":"auto","background-attachment":"scroll","background-type":"","background-media":"","overlay-type":"","overlay-color":"","overlay-opacity":"","overlay-gradient":""}},"ast-content-background-meta":{"desktop":{"background-color":"var(--ast-global-color-4)","background-image":"","background-repeat":"repeat","background-position":"center center","background-size":"auto","background-attachment":"scroll","background-type":"","background-media":"","overlay-type":"","overlay-color":"","overlay-opacity":"","overlay-gradient":""},"tablet":{"background-color":"var(--ast-global-color-4)","background-image":"","background-repeat":"repeat","background-position":"center center","background-size":"auto","background-attachment":"scroll","background-type":"","background-media":"","overlay-type":"","overlay-color":"","overlay-opacity":"","overlay-gradient":""},"mobile":{"background-color":"var(--ast-global-color-4)","background-image":"","background-repeat":"repeat","background-position":"center center","background-size":"auto","background-attachment":"scroll","background-type":"","background-media":"","overlay-type":"","overlay-color":"","overlay-opacity":"","overlay-gradient":""}},"footnotes":""},"categories":[20,1],"tags":[],"class_list":["post-6143","post","type-post","status-publish","format-standard","has-post-thumbnail","hentry","category-international","category-football-latest-news"],"yoast_head":"<!-- This site is optimized with the Yoast SEO Premium plugin v26.6 (Yoast SEO v27.5) - https:\/\/yoast.com\/product\/yoast-seo-premium-wordpress\/ -->\n<title>Xabi Alonso scolded Real Madrid players over tactical struggles - Bladna News<\/title>\n<meta name=\"robots\" content=\"index, follow, max-snippet:-1, max-image-preview:large, max-video-preview:-1\" \/>\n<link rel=\"canonical\" href=\"https:\/\/bladnanews.com\/fr\/xabi-alonso-a-reprimande-les-joueurs-du-real-madrid-pour-leurs-difficultes-tactiques\/\" \/>\n<meta property=\"og:locale\" content=\"fr_FR\" \/>\n<meta property=\"og:type\" content=\"article\" \/>\n<meta property=\"og:title\" content=\"Xabi Alonso scolded Real Madrid players over tactical struggles\" \/>\n<meta property=\"og:description\" content=\"Xabi Alonso has reportedly scolded his Real Madrid players during a tense training session, as frustrations grew over the squad\u2019s [&hellip;]\" \/>\n<meta property=\"og:url\" content=\"https:\/\/bladnanews.com\/fr\/xabi-alonso-a-reprimande-les-joueurs-du-real-madrid-pour-leurs-difficultes-tactiques\/\" \/>\n<meta property=\"og:site_name\" content=\"Bladna News\" \/>\n<meta property=\"article:published_time\" content=\"2026-01-14T11:44:44+00:00\" \/>\n<meta property=\"og:image\" content=\"https:\/\/bladnanews.com\/wp-content\/uploads\/2025\/12\/freepik__bladna-newscom-moroccan-soccer-homepage-banner-mor__41838.png\" \/>\n\t<meta property=\"og:image:width\" content=\"1312\" \/>\n\t<meta property=\"og:image:height\" content=\"736\" \/>\n\t<meta property=\"og:image:type\" content=\"image\/png\" \/>\n<meta name=\"author\" content=\"Bladna News Staff\" \/>\n<meta name=\"twitter:card\" content=\"summary_large_image\" \/>\n<meta name=\"twitter:label1\" content=\"\u00c9crit par\" \/>\n\t<meta name=\"twitter:data1\" content=\"Bladna News Staff\" \/>\n\t<meta name=\"twitter:label2\" content=\"Dur\u00e9e de lecture estim\u00e9e\" \/>\n\t<meta name=\"twitter:data2\" content=\"1 minute\" \/>\n<script type=\"application\/ld+json\" class=\"yoast-schema-graph\">{\"@context\":\"https:\\\/\\\/schema.org\",\"@graph\":[{\"@type\":\"Article\",\"@id\":\"https:\\\/\\\/bladnanews.com\\\/xabi-alonso-scolded-real-madrid-players-over-tactical-struggles\\\/#article\",\"isPartOf\":{\"@id\":\"https:\\\/\\\/bladnanews.com\\\/xabi-alonso-scolded-real-madrid-players-over-tactical-struggles\\\/\"},\"author\":{\"name\":\"Bladna News Staff\",\"@id\":\"https:\\\/\\\/mediumseagreen-eel-531711.hostingersite.com\\\/#\\\/schema\\\/person\\\/268e18a453ab080ebf76df6ef7845083\"},\"headline\":\"Xabi Alonso scolded Real Madrid players over tactical struggles\",\"datePublished\":\"2026-01-14T11:44:44+00:00\",\"mainEntityOfPage\":{\"@id\":\"https:\\\/\\\/bladnanews.com\\\/xabi-alonso-scolded-real-madrid-players-over-tactical-struggles\\\/\"},\"wordCount\":209,\"publisher\":{\"@id\":\"https:\\\/\\\/mediumseagreen-eel-531711.hostingersite.com\\\/#organization\"},\"image\":{\"@id\":\"https:\\\/\\\/bladnanews.com\\\/xabi-alonso-scolded-real-madrid-players-over-tactical-struggles\\\/#primaryimage\"},\"thumbnailUrl\":\"https:\\\/\\\/bladnanews.com\\\/wp-content\\\/uploads\\\/2026\\\/01\\\/BladnaNews-Xabi-Alonso-scolded-Real-Madrid-players-over-tactical-struggles-2026-01-14T210935.020Z.jpg\",\"articleSection\":[\"International\",\"Latest News\"],\"inLanguage\":\"fr-FR\",\"copyrightYear\":\"2026\",\"copyrightHolder\":{\"@id\":\"https:\\\/\\\/bladnanews.com\\\/fr\\\/#organization\"}},{\"@type\":\"WebPage\",\"@id\":\"https:\\\/\\\/bladnanews.com\\\/xabi-alonso-scolded-real-madrid-players-over-tactical-struggles\\\/\",\"url\":\"https:\\\/\\\/bladnanews.com\\\/xabi-alonso-scolded-real-madrid-players-over-tactical-struggles\\\/\",\"name\":\"Xabi Alonso scolded Real Madrid players over tactical struggles - Bladna News\",\"isPartOf\":{\"@id\":\"https:\\\/\\\/mediumseagreen-eel-531711.hostingersite.com\\\/#website\"},\"primaryImageOfPage\":{\"@id\":\"https:\\\/\\\/bladnanews.com\\\/xabi-alonso-scolded-real-madrid-players-over-tactical-struggles\\\/#primaryimage\"},\"image\":{\"@id\":\"https:\\\/\\\/bladnanews.com\\\/xabi-alonso-scolded-real-madrid-players-over-tactical-struggles\\\/#primaryimage\"},\"thumbnailUrl\":\"https:\\\/\\\/bladnanews.com\\\/wp-content\\\/uploads\\\/2026\\\/01\\\/BladnaNews-Xabi-Alonso-scolded-Real-Madrid-players-over-tactical-struggles-2026-01-14T210935.020Z.jpg\",\"datePublished\":\"2026-01-14T11:44:44+00:00\",\"breadcrumb\":{\"@id\":\"https:\\\/\\\/bladnanews.com\\\/xabi-alonso-scolded-real-madrid-players-over-tactical-struggles\\\/#breadcrumb\"},\"inLanguage\":\"fr-FR\",\"potentialAction\":[{\"@type\":\"ReadAction\",\"target\":[\"https:\\\/\\\/bladnanews.com\\\/xabi-alonso-scolded-real-madrid-players-over-tactical-struggles\\\/\"]}]},{\"@type\":\"ImageObject\",\"inLanguage\":\"fr-FR\",\"@id\":\"https:\\\/\\\/bladnanews.com\\\/xabi-alonso-scolded-real-madrid-players-over-tactical-struggles\\\/#primaryimage\",\"url\":\"https:\\\/\\\/bladnanews.com\\\/wp-content\\\/uploads\\\/2026\\\/01\\\/BladnaNews-Xabi-Alonso-scolded-Real-Madrid-players-over-tactical-struggles-2026-01-14T210935.020Z.jpg\",\"contentUrl\":\"https:\\\/\\\/bladnanews.com\\\/wp-content\\\/uploads\\\/2026\\\/01\\\/BladnaNews-Xabi-Alonso-scolded-Real-Madrid-players-over-tactical-struggles-2026-01-14T210935.020Z.jpg\",\"width\":2320,\"height\":1305,\"caption\":\"Xabi Alonso gestures expressively on the touchline, wearing a dark polo shirt with Real Madrid's logo, amidst a blurred crowd.\"},{\"@type\":\"BreadcrumbList\",\"@id\":\"https:\\\/\\\/bladnanews.com\\\/xabi-alonso-scolded-real-madrid-players-over-tactical-struggles\\\/#breadcrumb\",\"itemListElement\":[{\"@type\":\"ListItem\",\"position\":1,\"name\":\"Home\",\"item\":\"https:\\\/\\\/bladnanews.com\\\/\"},{\"@type\":\"ListItem\",\"position\":2,\"name\":\"Xabi Alonso scolded Real Madrid players over tactical struggles\"}]},{\"@type\":\"WebSite\",\"@id\":\"https:\\\/\\\/mediumseagreen-eel-531711.hostingersite.com\\\/#website\",\"url\":\"https:\\\/\\\/mediumseagreen-eel-531711.hostingersite.com\\\/\",\"name\":\"Bladna News - Morocco\",\"description\":\"Where Moroccan Football Meets the World\",\"publisher\":{\"@id\":\"https:\\\/\\\/mediumseagreen-eel-531711.hostingersite.com\\\/#organization\"},\"potentialAction\":[{\"@type\":\"SearchAction\",\"target\":{\"@type\":\"EntryPoint\",\"urlTemplate\":\"https:\\\/\\\/mediumseagreen-eel-531711.hostingersite.com\\\/?s={search_term_string}\"},\"query-input\":{\"@type\":\"PropertyValueSpecification\",\"valueRequired\":true,\"valueName\":\"search_term_string\"}}],\"inLanguage\":\"fr-FR\"},{\"@type\":\"Organization\",\"@id\":\"https:\\\/\\\/mediumseagreen-eel-531711.hostingersite.com\\\/#organization\",\"name\":\"Bladna News.com\",\"url\":\"https:\\\/\\\/mediumseagreen-eel-531711.hostingersite.com\\\/\",\"logo\":{\"@type\":\"ImageObject\",\"inLanguage\":\"fr-FR\",\"@id\":\"https:\\\/\\\/mediumseagreen-eel-531711.hostingersite.com\\\/#\\\/schema\\\/logo\\\/image\\\/\",\"url\":\"https:\\\/\\\/bladnanews.com\\\/wp-content\\\/uploads\\\/2025\\\/12\\\/logo-bladnanews-V2-web-black-red.png\",\"contentUrl\":\"https:\\\/\\\/bladnanews.com\\\/wp-content\\\/uploads\\\/2025\\\/12\\\/logo-bladnanews-V2-web-black-red.png\",\"width\":703,\"height\":287,\"caption\":\"Bladna News.com\"},\"image\":{\"@id\":\"https:\\\/\\\/mediumseagreen-eel-531711.hostingersite.com\\\/#\\\/schema\\\/logo\\\/image\\\/\"},\"email\":\"info@bladnanews.com\",\"legalName\":\"Bladna News\"},{\"@type\":\"Person\",\"@id\":\"https:\\\/\\\/mediumseagreen-eel-531711.hostingersite.com\\\/#\\\/schema\\\/person\\\/268e18a453ab080ebf76df6ef7845083\",\"name\":\"Bladna News Staff\",\"url\":\"https:\\\/\\\/bladnanews.com\\\/fr\\\/author\\\/bladna-news-staff\\\/\"}]}<\/script>\n<!-- \/ Yoast SEO Premium plugin. -->","yoast_head_json":{"title":"Xabi Alonso a r\u00e9primand\u00e9 les joueurs du Real Madrid pour leurs difficult\u00e9s tactiques - Bladna News","robots":{"index":"index","follow":"follow","max-snippet":"max-snippet:-1","max-image-preview":"max-image-preview:large","max-video-preview":"max-video-preview:-1"},"canonical":"https:\/\/bladnanews.com\/fr\/xabi-alonso-a-reprimande-les-joueurs-du-real-madrid-pour-leurs-difficultes-tactiques\/","og_locale":"fr_FR","og_type":"article","og_title":"Xabi Alonso scolded Real Madrid players over tactical struggles","og_description":"Xabi Alonso has reportedly scolded his Real Madrid players during a tense training session, as frustrations grew over the squad\u2019s [&hellip;]","og_url":"https:\/\/bladnanews.com\/fr\/xabi-alonso-a-reprimande-les-joueurs-du-real-madrid-pour-leurs-difficultes-tactiques\/","og_site_name":"Bladna News","article_published_time":"2026-01-14T11:44:44+00:00","og_image":[{"width":1312,"height":736,"url":"https:\/\/bladnanews.com\/wp-content\/uploads\/2025\/12\/freepik__bladna-newscom-moroccan-soccer-homepage-banner-mor__41838.png","type":"image\/png"}],"author":"Bladna News Staff","twitter_card":"summary_large_image","twitter_misc":{"\u00c9crit par":"Bladna News Staff","Dur\u00e9e de lecture estim\u00e9e":"1 minute"},"schema":{"@context":"https:\/\/schema.org","@graph":[{"@type":"Article","@id":"https:\/\/bladnanews.com\/xabi-alonso-scolded-real-madrid-players-over-tactical-struggles\/#article","isPartOf":{"@id":"https:\/\/bladnanews.com\/xabi-alonso-scolded-real-madrid-players-over-tactical-struggles\/"},"author":{"name":"Bladna News Staff","@id":"https:\/\/mediumseagreen-eel-531711.hostingersite.com\/#\/schema\/person\/268e18a453ab080ebf76df6ef7845083"},"headline":"Xabi Alonso scolded Real Madrid players over tactical struggles","datePublished":"2026-01-14T11:44:44+00:00","mainEntityOfPage":{"@id":"https:\/\/bladnanews.com\/xabi-alonso-scolded-real-madrid-players-over-tactical-struggles\/"},"wordCount":209,"publisher":{"@id":"https:\/\/mediumseagreen-eel-531711.hostingersite.com\/#organization"},"image":{"@id":"https:\/\/bladnanews.com\/xabi-alonso-scolded-real-madrid-players-over-tactical-struggles\/#primaryimage"},"thumbnailUrl":"https:\/\/bladnanews.com\/wp-content\/uploads\/2026\/01\/BladnaNews-Xabi-Alonso-scolded-Real-Madrid-players-over-tactical-struggles-2026-01-14T210935.020Z.jpg","articleSection":["International","Latest News"],"inLanguage":"fr-FR","copyrightYear":"2026","copyrightHolder":{"@id":"https:\/\/bladnanews.com\/fr\/#organization"}},{"@type":"WebPage","@id":"https:\/\/bladnanews.com\/xabi-alonso-scolded-real-madrid-players-over-tactical-struggles\/","url":"https:\/\/bladnanews.com\/xabi-alonso-scolded-real-madrid-players-over-tactical-struggles\/","name":"Xabi Alonso a r\u00e9primand\u00e9 les joueurs du Real Madrid pour leurs difficult\u00e9s tactiques - Bladna News","isPartOf":{"@id":"https:\/\/mediumseagreen-eel-531711.hostingersite.com\/#website"},"primaryImageOfPage":{"@id":"https:\/\/bladnanews.com\/xabi-alonso-scolded-real-madrid-players-over-tactical-struggles\/#primaryimage"},"image":{"@id":"https:\/\/bladnanews.com\/xabi-alonso-scolded-real-madrid-players-over-tactical-struggles\/#primaryimage"},"thumbnailUrl":"https:\/\/bladnanews.com\/wp-content\/uploads\/2026\/01\/BladnaNews-Xabi-Alonso-scolded-Real-Madrid-players-over-tactical-struggles-2026-01-14T210935.020Z.jpg","datePublished":"2026-01-14T11:44:44+00:00","breadcrumb":{"@id":"https:\/\/bladnanews.com\/xabi-alonso-scolded-real-madrid-players-over-tactical-struggles\/#breadcrumb"},"inLanguage":"fr-FR","potentialAction":[{"@type":"ReadAction","target":["https:\/\/bladnanews.com\/xabi-alonso-scolded-real-madrid-players-over-tactical-struggles\/"]}]},{"@type":"ImageObject","inLanguage":"fr-FR","@id":"https:\/\/bladnanews.com\/xabi-alonso-scolded-real-madrid-players-over-tactical-struggles\/#primaryimage","url":"https:\/\/bladnanews.com\/wp-content\/uploads\/2026\/01\/BladnaNews-Xabi-Alonso-scolded-Real-Madrid-players-over-tactical-struggles-2026-01-14T210935.020Z.jpg","contentUrl":"https:\/\/bladnanews.com\/wp-content\/uploads\/2026\/01\/BladnaNews-Xabi-Alonso-scolded-Real-Madrid-players-over-tactical-struggles-2026-01-14T210935.020Z.jpg","width":2320,"height":1305,"caption":"Xabi Alonso gestures expressively on the touchline, wearing a dark polo shirt with Real Madrid's logo, amidst a blurred crowd."},{"@type":"BreadcrumbList","@id":"https:\/\/bladnanews.com\/xabi-alonso-scolded-real-madrid-players-over-tactical-struggles\/#breadcrumb","itemListElement":[{"@type":"ListItem","position":1,"name":"Home","item":"https:\/\/bladnanews.com\/"},{"@type":"ListItem","position":2,"name":"Xabi Alonso scolded Real Madrid players over tactical struggles"}]},{"@type":"WebSite","@id":"https:\/\/mediumseagreen-eel-531711.hostingersite.com\/#website","url":"https:\/\/mediumseagreen-eel-531711.hostingersite.com\/","name":"Bladna News - Maroc","description":"Quand le football marocain rencontre le monde","publisher":{"@id":"https:\/\/mediumseagreen-eel-531711.hostingersite.com\/#organization"},"potentialAction":[{"@type":"SearchAction","target":{"@type":"EntryPoint","urlTemplate":"https:\/\/mediumseagreen-eel-531711.hostingersite.com\/?s={search_term_string}"},"query-input":{"@type":"PropertyValueSpecification","valueRequired":true,"valueName":"search_term_string"}}],"inLanguage":"fr-FR"},{"@type":"Organization","@id":"https:\/\/mediumseagreen-eel-531711.hostingersite.com\/#organization","name":"Bladna News.com","url":"https:\/\/mediumseagreen-eel-531711.hostingersite.com\/","logo":{"@type":"ImageObject","inLanguage":"fr-FR","@id":"https:\/\/mediumseagreen-eel-531711.hostingersite.com\/#\/schema\/logo\/image\/","url":"https:\/\/bladnanews.com\/wp-content\/uploads\/2025\/12\/logo-bladnanews-V2-web-black-red.png","contentUrl":"https:\/\/bladnanews.com\/wp-content\/uploads\/2025\/12\/logo-bladnanews-V2-web-black-red.png","width":703,"height":287,"caption":"Bladna News.com"},"image":{"@id":"https:\/\/mediumseagreen-eel-531711.hostingersite.com\/#\/schema\/logo\/image\/"},"email":"info@bladnanews.com","legalName":"Bladna News"},{"@type":"Person","@id":"https:\/\/mediumseagreen-eel-531711.hostingersite.com\/#\/schema\/person\/268e18a453ab080ebf76df6ef7845083","name":"\u00c9quipe r\u00e9dactionnelle de Bladna News","url":"https:\/\/bladnanews.com\/fr\/author\/bladna-news-staff\/"}]}},"_links":{"self":[{"href":"https:\/\/bladnanews.com\/fr\/wp-json\/wp\/v2\/posts\/6143","targetHints":{"allow":["GET"]}}],"collection":[{"href":"https:\/\/bladnanews.com\/fr\/wp-json\/wp\/v2\/posts"}],"about":[{"href":"https:\/\/bladnanews.com\/fr\/wp-json\/wp\/v2\/types\/post"}],"author":[{"embeddable":true,"href":"https:\/\/bladnanews.com\/fr\/wp-json\/wp\/v2\/users\/3"}],"replies":[{"embeddable":true,"href":"https:\/\/bladnanews.com\/fr\/wp-json\/wp\/v2\/comments?post=6143"}],"version-history":[{"count":0,"href":"https:\/\/bladnanews.com\/fr\/wp-json\/wp\/v2\/posts\/6143\/revisions"}],"wp:featuredmedia":[{"embeddable":true,"href":"https:\/\/bladnanews.com\/fr\/wp-json\/wp\/v2\/media\/6142"}],"wp:attachment":[{"href":"https:\/\/bladnanews.com\/fr\/wp-json\/wp\/v2\/media?parent=6143"}],"wp:term":[{"taxonomy":"category","embeddable":true,"href":"https:\/\/bladnanews.com\/fr\/wp-json\/wp\/v2\/categories?post=6143"},{"taxonomy":"post_tag","embeddable":true,"href":"https:\/\/bladnanews.com\/fr\/wp-json\/wp\/v2\/tags?post=6143"}],"curies":[{"name":"wp","href":"https:\/\/api.w.org\/{rel}","templated":true}]}}