{"id":6216,"date":"2026-01-14T14:04:08","date_gmt":"2026-01-14T14:04:08","guid":{"rendered":"https:\/\/bladnanews.com\/evan-ferguson-backed-for-shock-wrexham-transfer\/"},"modified":"2026-01-14T14:04:08","modified_gmt":"2026-01-14T14:04:08","slug":"evan-ferguson-pressenti-pour-un-transfert-surprise-a-wrexham","status":"publish","type":"post","link":"https:\/\/bladnanews.com\/fr\/evan-ferguson-pressenti-pour-un-transfert-surprise-a-wrexham\/","title":{"rendered":"Evan Ferguson soutenu pour un transfert surprise \u00e0 Wrexham"},"content":{"rendered":"<p>Evan Ferguson a \u00e9t\u00e9 encourag\u00e9 \u00e0 envisager un transfert surprise \u00e0 Wrexham dans le but de \u201c retrouver le plaisir du jeu \u201d, apr\u00e8s une p\u00e9riode frustrante \u00e0 la Roma.<\/p>\n<p>L'attaquant de la R\u00e9publique d'Irlande a \u00e9prouv\u00e9 des difficult\u00e9s en Italie, son passage dans la capitale italienne n'ayant pas offert l'\u00e9lan que beaucoup anticipaient lors de ce changement.<\/p>\n<p>Il a d\u00e9sormais \u00e9t\u00e9 sugg\u00e9r\u00e9 qu'une descente en EFL avec Wrexham pourrait offrir \u00e0 Ferguson le type d'environnement propice \u00e0 retrouver confiance et bonheur sur le terrain, le profil unique du club et son ambition ascendante \u00e9tant per\u00e7us comme une ad\u00e9quation possible.<\/p>\n<p>Une opinion avance qu'un nouveau d\u00e9part, loin de la pression d'un grand championnat europ\u00e9en, pourrait permettre \u00e0 Ferguson de rejouer avec libert\u00e9, l'objectif principal \u00e9tant de ranimer l'\u00e9tincelle qui a fait d\u00e9faut durant son passage \u00e0 la Roma.<\/p>\n<p>L'ascension de Wrexham sous sa direction actuelle a fait du club gallois une destination de plus en plus attractive pour les joueurs en qu\u00eate d'un nouveau d\u00e9fi, et l'id\u00e9e d'un engagement de Ferguson y est pr\u00e9sent\u00e9e comme une \u00e9tape audacieuse mais potentiellement b\u00e9n\u00e9fique, si la priorit\u00e9 est un football r\u00e9gulier et un plaisir renouvel\u00e9.<\/p>\n<p>Pour l'instant, ces discussions refl\u00e8tent un d\u00e9bat croissant autour du prochain mouvement de l'attaquant, l'argument cl\u00e9 \u00e9tant qu'un transfert choquant \u00e0 Wrexham est soutenu comme un moyen pour lui de remettre sa carri\u00e8re sur les rails apr\u00e8s une p\u00e9riode difficile \u00e0 la Roma.<\/p>","protected":false},"excerpt":{"rendered":"<p>Evan Ferguson has been urged to consider a surprise move to Wrexham in a bid to \u201cget enjoyment for the [&hellip;]<\/p>\n","protected":false},"author":3,"featured_media":6215,"comment_status":"","ping_status":"open","sticky":false,"template":"","format":"standard","meta":{"googlesitekit_rrm_CAow_uzEDA:productID":"","site-sidebar-layout":"default","site-content-layout":"","ast-site-content-layout":"default","site-content-style":"default","site-sidebar-style":"default","ast-global-header-display":"","ast-banner-title-visibility":"","ast-main-header-display":"","ast-hfb-above-header-display":"","ast-hfb-below-header-display":"","ast-hfb-mobile-header-display":"","site-post-title":"","ast-breadcrumbs-content":"","ast-featured-img":"","footer-sml-layout":"","ast-disable-related-posts":"","theme-transparent-header-meta":"","adv-header-id-meta":"","stick-header-meta":"","header-above-stick-meta":"","header-main-stick-meta":"","header-below-stick-meta":"","astra-migrate-meta-layouts":"default","ast-page-background-enabled":"default","ast-page-background-meta":{"desktop":{"background-color":"var(--ast-global-color-5)","background-image":"","background-repeat":"repeat","background-position":"center center","background-size":"auto","background-attachment":"scroll","background-type":"","background-media":"","overlay-type":"","overlay-color":"","overlay-opacity":"","overlay-gradient":""},"tablet":{"background-color":"","background-image":"","background-repeat":"repeat","background-position":"center center","background-size":"auto","background-attachment":"scroll","background-type":"","background-media":"","overlay-type":"","overlay-color":"","overlay-opacity":"","overlay-gradient":""},"mobile":{"background-color":"","background-image":"","background-repeat":"repeat","background-position":"center center","background-size":"auto","background-attachment":"scroll","background-type":"","background-media":"","overlay-type":"","overlay-color":"","overlay-opacity":"","overlay-gradient":""}},"ast-content-background-meta":{"desktop":{"background-color":"var(--ast-global-color-4)","background-image":"","background-repeat":"repeat","background-position":"center center","background-size":"auto","background-attachment":"scroll","background-type":"","background-media":"","overlay-type":"","overlay-color":"","overlay-opacity":"","overlay-gradient":""},"tablet":{"background-color":"var(--ast-global-color-4)","background-image":"","background-repeat":"repeat","background-position":"center center","background-size":"auto","background-attachment":"scroll","background-type":"","background-media":"","overlay-type":"","overlay-color":"","overlay-opacity":"","overlay-gradient":""},"mobile":{"background-color":"var(--ast-global-color-4)","background-image":"","background-repeat":"repeat","background-position":"center center","background-size":"auto","background-attachment":"scroll","background-type":"","background-media":"","overlay-type":"","overlay-color":"","overlay-opacity":"","overlay-gradient":""}},"footnotes":""},"categories":[20,1],"tags":[],"class_list":["post-6216","post","type-post","status-publish","format-standard","has-post-thumbnail","hentry","category-international","category-football-latest-news"],"yoast_head":"<!-- This site is optimized with the Yoast SEO Premium plugin v26.6 (Yoast SEO v27.5) - https:\/\/yoast.com\/product\/yoast-seo-premium-wordpress\/ -->\n<title>Evan Ferguson backed for shock Wrexham transfer - Bladna News<\/title>\n<meta name=\"robots\" content=\"index, follow, max-snippet:-1, max-image-preview:large, max-video-preview:-1\" \/>\n<link rel=\"canonical\" href=\"https:\/\/bladnanews.com\/fr\/evan-ferguson-pressenti-pour-un-transfert-surprise-a-wrexham\/\" \/>\n<meta property=\"og:locale\" content=\"fr_FR\" \/>\n<meta property=\"og:type\" content=\"article\" \/>\n<meta property=\"og:title\" content=\"Evan Ferguson backed for shock Wrexham transfer\" \/>\n<meta property=\"og:description\" content=\"Evan Ferguson has been urged to consider a surprise move to Wrexham in a bid to \u201cget enjoyment for the [&hellip;]\" \/>\n<meta property=\"og:url\" content=\"https:\/\/bladnanews.com\/fr\/evan-ferguson-pressenti-pour-un-transfert-surprise-a-wrexham\/\" \/>\n<meta property=\"og:site_name\" content=\"Bladna News\" \/>\n<meta property=\"article:published_time\" content=\"2026-01-14T14:04:08+00:00\" \/>\n<meta property=\"og:image\" content=\"https:\/\/bladnanews.com\/wp-content\/uploads\/2025\/12\/freepik__bladna-newscom-moroccan-soccer-homepage-banner-mor__41838.png\" \/>\n\t<meta property=\"og:image:width\" content=\"1312\" \/>\n\t<meta property=\"og:image:height\" content=\"736\" \/>\n\t<meta property=\"og:image:type\" content=\"image\/png\" \/>\n<meta name=\"author\" content=\"Bladna News Staff\" \/>\n<meta name=\"twitter:card\" content=\"summary_large_image\" \/>\n<meta name=\"twitter:label1\" content=\"\u00c9crit par\" \/>\n\t<meta name=\"twitter:data1\" content=\"Bladna News Staff\" \/>\n\t<meta name=\"twitter:label2\" content=\"Dur\u00e9e de lecture estim\u00e9e\" \/>\n\t<meta name=\"twitter:data2\" content=\"1 minute\" \/>\n<script type=\"application\/ld+json\" class=\"yoast-schema-graph\">{\"@context\":\"https:\\\/\\\/schema.org\",\"@graph\":[{\"@type\":\"Article\",\"@id\":\"https:\\\/\\\/bladnanews.com\\\/evan-ferguson-backed-for-shock-wrexham-transfer\\\/#article\",\"isPartOf\":{\"@id\":\"https:\\\/\\\/bladnanews.com\\\/evan-ferguson-backed-for-shock-wrexham-transfer\\\/\"},\"author\":{\"name\":\"Bladna News Staff\",\"@id\":\"https:\\\/\\\/mediumseagreen-eel-531711.hostingersite.com\\\/#\\\/schema\\\/person\\\/268e18a453ab080ebf76df6ef7845083\"},\"headline\":\"Evan Ferguson backed for shock Wrexham transfer\",\"datePublished\":\"2026-01-14T14:04:08+00:00\",\"mainEntityOfPage\":{\"@id\":\"https:\\\/\\\/bladnanews.com\\\/evan-ferguson-backed-for-shock-wrexham-transfer\\\/\"},\"wordCount\":245,\"publisher\":{\"@id\":\"https:\\\/\\\/mediumseagreen-eel-531711.hostingersite.com\\\/#organization\"},\"image\":{\"@id\":\"https:\\\/\\\/bladnanews.com\\\/evan-ferguson-backed-for-shock-wrexham-transfer\\\/#primaryimage\"},\"thumbnailUrl\":\"https:\\\/\\\/bladnanews.com\\\/wp-content\\\/uploads\\\/2026\\\/01\\\/BladnaNews-Evan-Ferguson-backed-for-shock-Wrexham-transfer-2026-01-15T010927.380Z-scaled.jpg\",\"articleSection\":[\"International\",\"Latest News\"],\"inLanguage\":\"fr-FR\",\"copyrightYear\":\"2026\",\"copyrightHolder\":{\"@id\":\"https:\\\/\\\/bladnanews.com\\\/fr\\\/#organization\"}},{\"@type\":\"WebPage\",\"@id\":\"https:\\\/\\\/bladnanews.com\\\/evan-ferguson-backed-for-shock-wrexham-transfer\\\/\",\"url\":\"https:\\\/\\\/bladnanews.com\\\/evan-ferguson-backed-for-shock-wrexham-transfer\\\/\",\"name\":\"Evan Ferguson backed for shock Wrexham transfer - Bladna News\",\"isPartOf\":{\"@id\":\"https:\\\/\\\/mediumseagreen-eel-531711.hostingersite.com\\\/#website\"},\"primaryImageOfPage\":{\"@id\":\"https:\\\/\\\/bladnanews.com\\\/evan-ferguson-backed-for-shock-wrexham-transfer\\\/#primaryimage\"},\"image\":{\"@id\":\"https:\\\/\\\/bladnanews.com\\\/evan-ferguson-backed-for-shock-wrexham-transfer\\\/#primaryimage\"},\"thumbnailUrl\":\"https:\\\/\\\/bladnanews.com\\\/wp-content\\\/uploads\\\/2026\\\/01\\\/BladnaNews-Evan-Ferguson-backed-for-shock-Wrexham-transfer-2026-01-15T010927.380Z-scaled.jpg\",\"datePublished\":\"2026-01-14T14:04:08+00:00\",\"breadcrumb\":{\"@id\":\"https:\\\/\\\/bladnanews.com\\\/evan-ferguson-backed-for-shock-wrexham-transfer\\\/#breadcrumb\"},\"inLanguage\":\"fr-FR\",\"potentialAction\":[{\"@type\":\"ReadAction\",\"target\":[\"https:\\\/\\\/bladnanews.com\\\/evan-ferguson-backed-for-shock-wrexham-transfer\\\/\"]}]},{\"@type\":\"ImageObject\",\"inLanguage\":\"fr-FR\",\"@id\":\"https:\\\/\\\/bladnanews.com\\\/evan-ferguson-backed-for-shock-wrexham-transfer\\\/#primaryimage\",\"url\":\"https:\\\/\\\/bladnanews.com\\\/wp-content\\\/uploads\\\/2026\\\/01\\\/BladnaNews-Evan-Ferguson-backed-for-shock-Wrexham-transfer-2026-01-15T010927.380Z-scaled.jpg\",\"contentUrl\":\"https:\\\/\\\/bladnanews.com\\\/wp-content\\\/uploads\\\/2026\\\/01\\\/BladnaNews-Evan-Ferguson-backed-for-shock-Wrexham-transfer-2026-01-15T010927.380Z-scaled.jpg\",\"width\":2560,\"height\":1440,\"caption\":\"Evan Ferguson stands focused on the pitch, wearing a white shirt with green and yellow accents, amidst a blurred crowd background.\"},{\"@type\":\"BreadcrumbList\",\"@id\":\"https:\\\/\\\/bladnanews.com\\\/evan-ferguson-backed-for-shock-wrexham-transfer\\\/#breadcrumb\",\"itemListElement\":[{\"@type\":\"ListItem\",\"position\":1,\"name\":\"Home\",\"item\":\"https:\\\/\\\/bladnanews.com\\\/\"},{\"@type\":\"ListItem\",\"position\":2,\"name\":\"Evan Ferguson backed for shock Wrexham transfer\"}]},{\"@type\":\"WebSite\",\"@id\":\"https:\\\/\\\/mediumseagreen-eel-531711.hostingersite.com\\\/#website\",\"url\":\"https:\\\/\\\/mediumseagreen-eel-531711.hostingersite.com\\\/\",\"name\":\"Bladna News - Morocco\",\"description\":\"Where Moroccan Football Meets the World\",\"publisher\":{\"@id\":\"https:\\\/\\\/mediumseagreen-eel-531711.hostingersite.com\\\/#organization\"},\"potentialAction\":[{\"@type\":\"SearchAction\",\"target\":{\"@type\":\"EntryPoint\",\"urlTemplate\":\"https:\\\/\\\/mediumseagreen-eel-531711.hostingersite.com\\\/?s={search_term_string}\"},\"query-input\":{\"@type\":\"PropertyValueSpecification\",\"valueRequired\":true,\"valueName\":\"search_term_string\"}}],\"inLanguage\":\"fr-FR\"},{\"@type\":\"Organization\",\"@id\":\"https:\\\/\\\/mediumseagreen-eel-531711.hostingersite.com\\\/#organization\",\"name\":\"Bladna News.com\",\"url\":\"https:\\\/\\\/mediumseagreen-eel-531711.hostingersite.com\\\/\",\"logo\":{\"@type\":\"ImageObject\",\"inLanguage\":\"fr-FR\",\"@id\":\"https:\\\/\\\/mediumseagreen-eel-531711.hostingersite.com\\\/#\\\/schema\\\/logo\\\/image\\\/\",\"url\":\"https:\\\/\\\/bladnanews.com\\\/wp-content\\\/uploads\\\/2025\\\/12\\\/logo-bladnanews-V2-web-black-red.png\",\"contentUrl\":\"https:\\\/\\\/bladnanews.com\\\/wp-content\\\/uploads\\\/2025\\\/12\\\/logo-bladnanews-V2-web-black-red.png\",\"width\":703,\"height\":287,\"caption\":\"Bladna News.com\"},\"image\":{\"@id\":\"https:\\\/\\\/mediumseagreen-eel-531711.hostingersite.com\\\/#\\\/schema\\\/logo\\\/image\\\/\"},\"email\":\"info@bladnanews.com\",\"legalName\":\"Bladna News\"},{\"@type\":\"Person\",\"@id\":\"https:\\\/\\\/mediumseagreen-eel-531711.hostingersite.com\\\/#\\\/schema\\\/person\\\/268e18a453ab080ebf76df6ef7845083\",\"name\":\"Bladna News Staff\",\"url\":\"https:\\\/\\\/bladnanews.com\\\/fr\\\/author\\\/bladna-news-staff\\\/\"}]}<\/script>\n<!-- \/ Yoast SEO Premium plugin. -->","yoast_head_json":{"title":"Evan Ferguson soutenu pour un transfert surprise \u00e0 Wrexham - Bladna News","robots":{"index":"index","follow":"follow","max-snippet":"max-snippet:-1","max-image-preview":"max-image-preview:large","max-video-preview":"max-video-preview:-1"},"canonical":"https:\/\/bladnanews.com\/fr\/evan-ferguson-pressenti-pour-un-transfert-surprise-a-wrexham\/","og_locale":"fr_FR","og_type":"article","og_title":"Evan Ferguson backed for shock Wrexham transfer","og_description":"Evan Ferguson has been urged to consider a surprise move to Wrexham in a bid to \u201cget enjoyment for the [&hellip;]","og_url":"https:\/\/bladnanews.com\/fr\/evan-ferguson-pressenti-pour-un-transfert-surprise-a-wrexham\/","og_site_name":"Bladna News","article_published_time":"2026-01-14T14:04:08+00:00","og_image":[{"width":1312,"height":736,"url":"https:\/\/bladnanews.com\/wp-content\/uploads\/2025\/12\/freepik__bladna-newscom-moroccan-soccer-homepage-banner-mor__41838.png","type":"image\/png"}],"author":"Bladna News Staff","twitter_card":"summary_large_image","twitter_misc":{"\u00c9crit par":"Bladna News Staff","Dur\u00e9e de lecture estim\u00e9e":"1 minute"},"schema":{"@context":"https:\/\/schema.org","@graph":[{"@type":"Article","@id":"https:\/\/bladnanews.com\/evan-ferguson-backed-for-shock-wrexham-transfer\/#article","isPartOf":{"@id":"https:\/\/bladnanews.com\/evan-ferguson-backed-for-shock-wrexham-transfer\/"},"author":{"name":"Bladna News Staff","@id":"https:\/\/mediumseagreen-eel-531711.hostingersite.com\/#\/schema\/person\/268e18a453ab080ebf76df6ef7845083"},"headline":"Evan Ferguson backed for shock Wrexham transfer","datePublished":"2026-01-14T14:04:08+00:00","mainEntityOfPage":{"@id":"https:\/\/bladnanews.com\/evan-ferguson-backed-for-shock-wrexham-transfer\/"},"wordCount":245,"publisher":{"@id":"https:\/\/mediumseagreen-eel-531711.hostingersite.com\/#organization"},"image":{"@id":"https:\/\/bladnanews.com\/evan-ferguson-backed-for-shock-wrexham-transfer\/#primaryimage"},"thumbnailUrl":"https:\/\/bladnanews.com\/wp-content\/uploads\/2026\/01\/BladnaNews-Evan-Ferguson-backed-for-shock-Wrexham-transfer-2026-01-15T010927.380Z-scaled.jpg","articleSection":["International","Latest News"],"inLanguage":"fr-FR","copyrightYear":"2026","copyrightHolder":{"@id":"https:\/\/bladnanews.com\/fr\/#organization"}},{"@type":"WebPage","@id":"https:\/\/bladnanews.com\/evan-ferguson-backed-for-shock-wrexham-transfer\/","url":"https:\/\/bladnanews.com\/evan-ferguson-backed-for-shock-wrexham-transfer\/","name":"Evan Ferguson soutenu pour un transfert surprise \u00e0 Wrexham - Bladna News","isPartOf":{"@id":"https:\/\/mediumseagreen-eel-531711.hostingersite.com\/#website"},"primaryImageOfPage":{"@id":"https:\/\/bladnanews.com\/evan-ferguson-backed-for-shock-wrexham-transfer\/#primaryimage"},"image":{"@id":"https:\/\/bladnanews.com\/evan-ferguson-backed-for-shock-wrexham-transfer\/#primaryimage"},"thumbnailUrl":"https:\/\/bladnanews.com\/wp-content\/uploads\/2026\/01\/BladnaNews-Evan-Ferguson-backed-for-shock-Wrexham-transfer-2026-01-15T010927.380Z-scaled.jpg","datePublished":"2026-01-14T14:04:08+00:00","breadcrumb":{"@id":"https:\/\/bladnanews.com\/evan-ferguson-backed-for-shock-wrexham-transfer\/#breadcrumb"},"inLanguage":"fr-FR","potentialAction":[{"@type":"ReadAction","target":["https:\/\/bladnanews.com\/evan-ferguson-backed-for-shock-wrexham-transfer\/"]}]},{"@type":"ImageObject","inLanguage":"fr-FR","@id":"https:\/\/bladnanews.com\/evan-ferguson-backed-for-shock-wrexham-transfer\/#primaryimage","url":"https:\/\/bladnanews.com\/wp-content\/uploads\/2026\/01\/BladnaNews-Evan-Ferguson-backed-for-shock-Wrexham-transfer-2026-01-15T010927.380Z-scaled.jpg","contentUrl":"https:\/\/bladnanews.com\/wp-content\/uploads\/2026\/01\/BladnaNews-Evan-Ferguson-backed-for-shock-Wrexham-transfer-2026-01-15T010927.380Z-scaled.jpg","width":2560,"height":1440,"caption":"Evan Ferguson stands focused on the pitch, wearing a white shirt with green and yellow accents, amidst a blurred crowd background."},{"@type":"BreadcrumbList","@id":"https:\/\/bladnanews.com\/evan-ferguson-backed-for-shock-wrexham-transfer\/#breadcrumb","itemListElement":[{"@type":"ListItem","position":1,"name":"Home","item":"https:\/\/bladnanews.com\/"},{"@type":"ListItem","position":2,"name":"Evan Ferguson backed for shock Wrexham transfer"}]},{"@type":"WebSite","@id":"https:\/\/mediumseagreen-eel-531711.hostingersite.com\/#website","url":"https:\/\/mediumseagreen-eel-531711.hostingersite.com\/","name":"Bladna News - Maroc","description":"Quand le football marocain rencontre le monde","publisher":{"@id":"https:\/\/mediumseagreen-eel-531711.hostingersite.com\/#organization"},"potentialAction":[{"@type":"SearchAction","target":{"@type":"EntryPoint","urlTemplate":"https:\/\/mediumseagreen-eel-531711.hostingersite.com\/?s={search_term_string}"},"query-input":{"@type":"PropertyValueSpecification","valueRequired":true,"valueName":"search_term_string"}}],"inLanguage":"fr-FR"},{"@type":"Organization","@id":"https:\/\/mediumseagreen-eel-531711.hostingersite.com\/#organization","name":"Bladna News.com","url":"https:\/\/mediumseagreen-eel-531711.hostingersite.com\/","logo":{"@type":"ImageObject","inLanguage":"fr-FR","@id":"https:\/\/mediumseagreen-eel-531711.hostingersite.com\/#\/schema\/logo\/image\/","url":"https:\/\/bladnanews.com\/wp-content\/uploads\/2025\/12\/logo-bladnanews-V2-web-black-red.png","contentUrl":"https:\/\/bladnanews.com\/wp-content\/uploads\/2025\/12\/logo-bladnanews-V2-web-black-red.png","width":703,"height":287,"caption":"Bladna News.com"},"image":{"@id":"https:\/\/mediumseagreen-eel-531711.hostingersite.com\/#\/schema\/logo\/image\/"},"email":"info@bladnanews.com","legalName":"Bladna News"},{"@type":"Person","@id":"https:\/\/mediumseagreen-eel-531711.hostingersite.com\/#\/schema\/person\/268e18a453ab080ebf76df6ef7845083","name":"\u00c9quipe r\u00e9dactionnelle de Bladna News","url":"https:\/\/bladnanews.com\/fr\/author\/bladna-news-staff\/"}]}},"_links":{"self":[{"href":"https:\/\/bladnanews.com\/fr\/wp-json\/wp\/v2\/posts\/6216","targetHints":{"allow":["GET"]}}],"collection":[{"href":"https:\/\/bladnanews.com\/fr\/wp-json\/wp\/v2\/posts"}],"about":[{"href":"https:\/\/bladnanews.com\/fr\/wp-json\/wp\/v2\/types\/post"}],"author":[{"embeddable":true,"href":"https:\/\/bladnanews.com\/fr\/wp-json\/wp\/v2\/users\/3"}],"replies":[{"embeddable":true,"href":"https:\/\/bladnanews.com\/fr\/wp-json\/wp\/v2\/comments?post=6216"}],"version-history":[{"count":0,"href":"https:\/\/bladnanews.com\/fr\/wp-json\/wp\/v2\/posts\/6216\/revisions"}],"wp:featuredmedia":[{"embeddable":true,"href":"https:\/\/bladnanews.com\/fr\/wp-json\/wp\/v2\/media\/6215"}],"wp:attachment":[{"href":"https:\/\/bladnanews.com\/fr\/wp-json\/wp\/v2\/media?parent=6216"}],"wp:term":[{"taxonomy":"category","embeddable":true,"href":"https:\/\/bladnanews.com\/fr\/wp-json\/wp\/v2\/categories?post=6216"},{"taxonomy":"post_tag","embeddable":true,"href":"https:\/\/bladnanews.com\/fr\/wp-json\/wp\/v2\/tags?post=6216"}],"curies":[{"name":"wp","href":"https:\/\/api.w.org\/{rel}","templated":true}]}}