{"id":6222,"date":"2026-01-14T15:02:26","date_gmt":"2026-01-14T15:02:26","guid":{"rendered":"https:\/\/bladnanews.com\/manuel-ugarte-told-he-is-not-a-man-utd-midfielder\/"},"modified":"2026-01-14T15:02:26","modified_gmt":"2026-01-14T15:02:26","slug":"manuel-ugarte-a-appris-quil-netait-pas-un-milieu-de-terrain-de-manchester-united","status":"publish","type":"post","link":"https:\/\/bladnanews.com\/fr\/manuel-ugarte-a-appris-quil-netait-pas-un-milieu-de-terrain-de-manchester-united\/","title":{"rendered":"Manuel Ugarte inform\u00e9 qu'il n'est pas un milieu de terrain adapt\u00e9 \u00e0 Manchester United"},"content":{"rendered":"<p>Il a \u00e9t\u00e9 dit \u00e0 Manuel Ugarte de mani\u00e8re franche qu'il n'\u00e9tait \u201cabsolument pas un milieu de terrain de Manchester United\u201d, de nouveaux doutes \u00e9tant soulev\u00e9s sur la fa\u00e7on dont il s'int\u00e9grerait dans le c\u0153ur de jeu du club sous la direction de l'ancien milieu de terrain d'Old Trafford, Michael Carrick.<\/p>\n<p>L'international uruguayen a \u00e9t\u00e9 associ\u00e9 \u00e0 un transfert vers United alors que le club cherche \u00e0 remodeler ses options au milieu de terrain, mais le d\u00e9bat sur son ad\u00e9quation s'est intensifi\u00e9 apr\u00e8s une \u00e9valuation cinglante remettant en question si son style correspond \u00e0 ce qui est attendu d'un joueur de United \u00e0 ce poste.<\/p>\n<p>En parlant de cette question, il a \u00e9t\u00e9 soutenu que trop de gens se m\u00e9prennent sur ce qu'Ugarte apporte \u00e0 une \u00e9quipe, les critiques les plus s\u00e9v\u00e8res visant l'id\u00e9e qu'il pourrait op\u00e9rer comme le type de milieu de terrain autour duquel United se construit traditionnellement.<\/p>\n<p><em>\u201c Ils persistent \u00e0 se tromper ! \u201d<\/em> fut le verdict, avant qu'Ugarte ne soit \u00e9cart\u00e9 comme <em>\u201c absolument pas un milieu de terrain de Manchester United \u201d<\/em> durant la conversation sur son r\u00f4le potentiel et les exigences requises pour jouer au milieu de terrain \u00e0 United.<\/p>\n<p>Ces commentaires ont \u00e9galement rouvert le d\u00e9bat sur ce que Carrick repr\u00e9sente comme r\u00e9f\u00e9rence \u00e0 Old Trafford, et sur la mani\u00e8re dont diff\u00e9rents profils sont \u00e9valu\u00e9s lorsque United recherche des joueurs capables de contr\u00f4ler les matches, de jouer sous pression et d'imposer le rythme depuis la profondeur.<\/p>\n<p>Alors qu'United continue d'\u00eatre associ\u00e9 \u00e0 des cibles pour le milieu de terrain, le nom d'Ugarte reste dans la liste, mais les critiques soulignent que tout transfert s'accompagnerait de questions quant \u00e0 l'ad\u00e9quation de ses qualit\u00e9s aux besoins de United et aux attentes li\u00e9es \u00e0 ce poste.<\/p>","protected":false},"excerpt":{"rendered":"<p>Manuel Ugarte has been told in blunt fashion that he is \u201cnot a Manchester United midfielder in a million years\u201d, [&hellip;]<\/p>\n","protected":false},"author":3,"featured_media":6221,"comment_status":"","ping_status":"open","sticky":false,"template":"","format":"standard","meta":{"googlesitekit_rrm_CAow_uzEDA:productID":"","site-sidebar-layout":"default","site-content-layout":"","ast-site-content-layout":"default","site-content-style":"default","site-sidebar-style":"default","ast-global-header-display":"","ast-banner-title-visibility":"","ast-main-header-display":"","ast-hfb-above-header-display":"","ast-hfb-below-header-display":"","ast-hfb-mobile-header-display":"","site-post-title":"","ast-breadcrumbs-content":"","ast-featured-img":"","footer-sml-layout":"","ast-disable-related-posts":"","theme-transparent-header-meta":"","adv-header-id-meta":"","stick-header-meta":"","header-above-stick-meta":"","header-main-stick-meta":"","header-below-stick-meta":"","astra-migrate-meta-layouts":"default","ast-page-background-enabled":"default","ast-page-background-meta":{"desktop":{"background-color":"var(--ast-global-color-5)","background-image":"","background-repeat":"repeat","background-position":"center center","background-size":"auto","background-attachment":"scroll","background-type":"","background-media":"","overlay-type":"","overlay-color":"","overlay-opacity":"","overlay-gradient":""},"tablet":{"background-color":"","background-image":"","background-repeat":"repeat","background-position":"center center","background-size":"auto","background-attachment":"scroll","background-type":"","background-media":"","overlay-type":"","overlay-color":"","overlay-opacity":"","overlay-gradient":""},"mobile":{"background-color":"","background-image":"","background-repeat":"repeat","background-position":"center center","background-size":"auto","background-attachment":"scroll","background-type":"","background-media":"","overlay-type":"","overlay-color":"","overlay-opacity":"","overlay-gradient":""}},"ast-content-background-meta":{"desktop":{"background-color":"var(--ast-global-color-4)","background-image":"","background-repeat":"repeat","background-position":"center center","background-size":"auto","background-attachment":"scroll","background-type":"","background-media":"","overlay-type":"","overlay-color":"","overlay-opacity":"","overlay-gradient":""},"tablet":{"background-color":"var(--ast-global-color-4)","background-image":"","background-repeat":"repeat","background-position":"center center","background-size":"auto","background-attachment":"scroll","background-type":"","background-media":"","overlay-type":"","overlay-color":"","overlay-opacity":"","overlay-gradient":""},"mobile":{"background-color":"var(--ast-global-color-4)","background-image":"","background-repeat":"repeat","background-position":"center center","background-size":"auto","background-attachment":"scroll","background-type":"","background-media":"","overlay-type":"","overlay-color":"","overlay-opacity":"","overlay-gradient":""}},"footnotes":""},"categories":[20,1],"tags":[],"class_list":["post-6222","post","type-post","status-publish","format-standard","has-post-thumbnail","hentry","category-international","category-football-latest-news"],"yoast_head":"<!-- This site is optimized with the Yoast SEO Premium plugin v26.6 (Yoast SEO v27.5) - https:\/\/yoast.com\/product\/yoast-seo-premium-wordpress\/ -->\n<title>Manuel Ugarte told he is not a Man Utd midfielder - Bladna News<\/title>\n<meta name=\"robots\" content=\"index, follow, max-snippet:-1, max-image-preview:large, max-video-preview:-1\" \/>\n<link rel=\"canonical\" href=\"https:\/\/bladnanews.com\/fr\/manuel-ugarte-a-appris-quil-netait-pas-un-milieu-de-terrain-de-manchester-united\/\" \/>\n<meta property=\"og:locale\" content=\"fr_FR\" \/>\n<meta property=\"og:type\" content=\"article\" \/>\n<meta property=\"og:title\" content=\"Manuel Ugarte told he is not a Man Utd midfielder\" \/>\n<meta property=\"og:description\" content=\"Manuel Ugarte has been told in blunt fashion that he is \u201cnot a Manchester United midfielder in a million years\u201d, [&hellip;]\" \/>\n<meta property=\"og:url\" content=\"https:\/\/bladnanews.com\/fr\/manuel-ugarte-a-appris-quil-netait-pas-un-milieu-de-terrain-de-manchester-united\/\" \/>\n<meta property=\"og:site_name\" content=\"Bladna News\" \/>\n<meta property=\"article:published_time\" content=\"2026-01-14T15:02:26+00:00\" \/>\n<meta property=\"og:image\" content=\"https:\/\/bladnanews.com\/wp-content\/uploads\/2025\/12\/freepik__bladna-newscom-moroccan-soccer-homepage-banner-mor__41838.png\" \/>\n\t<meta property=\"og:image:width\" content=\"1312\" \/>\n\t<meta property=\"og:image:height\" content=\"736\" \/>\n\t<meta property=\"og:image:type\" content=\"image\/png\" \/>\n<meta name=\"author\" content=\"Bladna News Staff\" \/>\n<meta name=\"twitter:card\" content=\"summary_large_image\" \/>\n<meta name=\"twitter:label1\" content=\"\u00c9crit par\" \/>\n\t<meta name=\"twitter:data1\" content=\"Bladna News Staff\" \/>\n\t<meta name=\"twitter:label2\" content=\"Dur\u00e9e de lecture estim\u00e9e\" \/>\n\t<meta name=\"twitter:data2\" content=\"1 minute\" \/>\n<script type=\"application\/ld+json\" class=\"yoast-schema-graph\">{\"@context\":\"https:\\\/\\\/schema.org\",\"@graph\":[{\"@type\":\"Article\",\"@id\":\"https:\\\/\\\/bladnanews.com\\\/manuel-ugarte-told-he-is-not-a-man-utd-midfielder\\\/#article\",\"isPartOf\":{\"@id\":\"https:\\\/\\\/bladnanews.com\\\/manuel-ugarte-told-he-is-not-a-man-utd-midfielder\\\/\"},\"author\":{\"name\":\"Bladna News Staff\",\"@id\":\"https:\\\/\\\/mediumseagreen-eel-531711.hostingersite.com\\\/#\\\/schema\\\/person\\\/268e18a453ab080ebf76df6ef7845083\"},\"headline\":\"Manuel Ugarte told he is not a Man Utd midfielder\",\"datePublished\":\"2026-01-14T15:02:26+00:00\",\"mainEntityOfPage\":{\"@id\":\"https:\\\/\\\/bladnanews.com\\\/manuel-ugarte-told-he-is-not-a-man-utd-midfielder\\\/\"},\"wordCount\":256,\"publisher\":{\"@id\":\"https:\\\/\\\/mediumseagreen-eel-531711.hostingersite.com\\\/#organization\"},\"image\":{\"@id\":\"https:\\\/\\\/bladnanews.com\\\/manuel-ugarte-told-he-is-not-a-man-utd-midfielder\\\/#primaryimage\"},\"thumbnailUrl\":\"https:\\\/\\\/bladnanews.com\\\/wp-content\\\/uploads\\\/2026\\\/01\\\/BladnaNews-Manuel-Ugarte-told-he-is-not-a-Man-Utd-midfielder-2026-01-15T011033.779Z-scaled.jpg\",\"articleSection\":[\"International\",\"Latest News\"],\"inLanguage\":\"fr-FR\",\"copyrightYear\":\"2026\",\"copyrightHolder\":{\"@id\":\"https:\\\/\\\/bladnanews.com\\\/fr\\\/#organization\"}},{\"@type\":\"WebPage\",\"@id\":\"https:\\\/\\\/bladnanews.com\\\/manuel-ugarte-told-he-is-not-a-man-utd-midfielder\\\/\",\"url\":\"https:\\\/\\\/bladnanews.com\\\/manuel-ugarte-told-he-is-not-a-man-utd-midfielder\\\/\",\"name\":\"Manuel Ugarte told he is not a Man Utd midfielder - Bladna News\",\"isPartOf\":{\"@id\":\"https:\\\/\\\/mediumseagreen-eel-531711.hostingersite.com\\\/#website\"},\"primaryImageOfPage\":{\"@id\":\"https:\\\/\\\/bladnanews.com\\\/manuel-ugarte-told-he-is-not-a-man-utd-midfielder\\\/#primaryimage\"},\"image\":{\"@id\":\"https:\\\/\\\/bladnanews.com\\\/manuel-ugarte-told-he-is-not-a-man-utd-midfielder\\\/#primaryimage\"},\"thumbnailUrl\":\"https:\\\/\\\/bladnanews.com\\\/wp-content\\\/uploads\\\/2026\\\/01\\\/BladnaNews-Manuel-Ugarte-told-he-is-not-a-Man-Utd-midfielder-2026-01-15T011033.779Z-scaled.jpg\",\"datePublished\":\"2026-01-14T15:02:26+00:00\",\"breadcrumb\":{\"@id\":\"https:\\\/\\\/bladnanews.com\\\/manuel-ugarte-told-he-is-not-a-man-utd-midfielder\\\/#breadcrumb\"},\"inLanguage\":\"fr-FR\",\"potentialAction\":[{\"@type\":\"ReadAction\",\"target\":[\"https:\\\/\\\/bladnanews.com\\\/manuel-ugarte-told-he-is-not-a-man-utd-midfielder\\\/\"]}]},{\"@type\":\"ImageObject\",\"inLanguage\":\"fr-FR\",\"@id\":\"https:\\\/\\\/bladnanews.com\\\/manuel-ugarte-told-he-is-not-a-man-utd-midfielder\\\/#primaryimage\",\"url\":\"https:\\\/\\\/bladnanews.com\\\/wp-content\\\/uploads\\\/2026\\\/01\\\/BladnaNews-Manuel-Ugarte-told-he-is-not-a-Man-Utd-midfielder-2026-01-15T011033.779Z-scaled.jpg\",\"contentUrl\":\"https:\\\/\\\/bladnanews.com\\\/wp-content\\\/uploads\\\/2026\\\/01\\\/BladnaNews-Manuel-Ugarte-told-he-is-not-a-Man-Utd-midfielder-2026-01-15T011033.779Z-scaled.jpg\",\"width\":2560,\"height\":1440},{\"@type\":\"BreadcrumbList\",\"@id\":\"https:\\\/\\\/bladnanews.com\\\/manuel-ugarte-told-he-is-not-a-man-utd-midfielder\\\/#breadcrumb\",\"itemListElement\":[{\"@type\":\"ListItem\",\"position\":1,\"name\":\"Home\",\"item\":\"https:\\\/\\\/bladnanews.com\\\/\"},{\"@type\":\"ListItem\",\"position\":2,\"name\":\"Manuel Ugarte told he is not a Man Utd midfielder\"}]},{\"@type\":\"WebSite\",\"@id\":\"https:\\\/\\\/mediumseagreen-eel-531711.hostingersite.com\\\/#website\",\"url\":\"https:\\\/\\\/mediumseagreen-eel-531711.hostingersite.com\\\/\",\"name\":\"Bladna News - Morocco\",\"description\":\"Where Moroccan Football Meets the World\",\"publisher\":{\"@id\":\"https:\\\/\\\/mediumseagreen-eel-531711.hostingersite.com\\\/#organization\"},\"potentialAction\":[{\"@type\":\"SearchAction\",\"target\":{\"@type\":\"EntryPoint\",\"urlTemplate\":\"https:\\\/\\\/mediumseagreen-eel-531711.hostingersite.com\\\/?s={search_term_string}\"},\"query-input\":{\"@type\":\"PropertyValueSpecification\",\"valueRequired\":true,\"valueName\":\"search_term_string\"}}],\"inLanguage\":\"fr-FR\"},{\"@type\":\"Organization\",\"@id\":\"https:\\\/\\\/mediumseagreen-eel-531711.hostingersite.com\\\/#organization\",\"name\":\"Bladna News.com\",\"url\":\"https:\\\/\\\/mediumseagreen-eel-531711.hostingersite.com\\\/\",\"logo\":{\"@type\":\"ImageObject\",\"inLanguage\":\"fr-FR\",\"@id\":\"https:\\\/\\\/mediumseagreen-eel-531711.hostingersite.com\\\/#\\\/schema\\\/logo\\\/image\\\/\",\"url\":\"https:\\\/\\\/bladnanews.com\\\/wp-content\\\/uploads\\\/2025\\\/12\\\/logo-bladnanews-V2-web-black-red.png\",\"contentUrl\":\"https:\\\/\\\/bladnanews.com\\\/wp-content\\\/uploads\\\/2025\\\/12\\\/logo-bladnanews-V2-web-black-red.png\",\"width\":703,\"height\":287,\"caption\":\"Bladna News.com\"},\"image\":{\"@id\":\"https:\\\/\\\/mediumseagreen-eel-531711.hostingersite.com\\\/#\\\/schema\\\/logo\\\/image\\\/\"},\"email\":\"info@bladnanews.com\",\"legalName\":\"Bladna News\"},{\"@type\":\"Person\",\"@id\":\"https:\\\/\\\/mediumseagreen-eel-531711.hostingersite.com\\\/#\\\/schema\\\/person\\\/268e18a453ab080ebf76df6ef7845083\",\"name\":\"Bladna News Staff\",\"url\":\"https:\\\/\\\/bladnanews.com\\\/fr\\\/author\\\/bladna-news-staff\\\/\"}]}<\/script>\n<!-- \/ Yoast SEO Premium plugin. -->","yoast_head_json":{"title":"Manuel Ugarte inform\u00e9 qu'il n'est pas un milieu de terrain de Manchester United - Bladna News","robots":{"index":"index","follow":"follow","max-snippet":"max-snippet:-1","max-image-preview":"max-image-preview:large","max-video-preview":"max-video-preview:-1"},"canonical":"https:\/\/bladnanews.com\/fr\/manuel-ugarte-a-appris-quil-netait-pas-un-milieu-de-terrain-de-manchester-united\/","og_locale":"fr_FR","og_type":"article","og_title":"Manuel Ugarte told he is not a Man Utd midfielder","og_description":"Manuel Ugarte has been told in blunt fashion that he is \u201cnot a Manchester United midfielder in a million years\u201d, [&hellip;]","og_url":"https:\/\/bladnanews.com\/fr\/manuel-ugarte-a-appris-quil-netait-pas-un-milieu-de-terrain-de-manchester-united\/","og_site_name":"Bladna News","article_published_time":"2026-01-14T15:02:26+00:00","og_image":[{"width":1312,"height":736,"url":"https:\/\/bladnanews.com\/wp-content\/uploads\/2025\/12\/freepik__bladna-newscom-moroccan-soccer-homepage-banner-mor__41838.png","type":"image\/png"}],"author":"Bladna News Staff","twitter_card":"summary_large_image","twitter_misc":{"\u00c9crit par":"Bladna News Staff","Dur\u00e9e de lecture estim\u00e9e":"1 minute"},"schema":{"@context":"https:\/\/schema.org","@graph":[{"@type":"Article","@id":"https:\/\/bladnanews.com\/manuel-ugarte-told-he-is-not-a-man-utd-midfielder\/#article","isPartOf":{"@id":"https:\/\/bladnanews.com\/manuel-ugarte-told-he-is-not-a-man-utd-midfielder\/"},"author":{"name":"Bladna News Staff","@id":"https:\/\/mediumseagreen-eel-531711.hostingersite.com\/#\/schema\/person\/268e18a453ab080ebf76df6ef7845083"},"headline":"Manuel Ugarte told he is not a Man Utd midfielder","datePublished":"2026-01-14T15:02:26+00:00","mainEntityOfPage":{"@id":"https:\/\/bladnanews.com\/manuel-ugarte-told-he-is-not-a-man-utd-midfielder\/"},"wordCount":256,"publisher":{"@id":"https:\/\/mediumseagreen-eel-531711.hostingersite.com\/#organization"},"image":{"@id":"https:\/\/bladnanews.com\/manuel-ugarte-told-he-is-not-a-man-utd-midfielder\/#primaryimage"},"thumbnailUrl":"https:\/\/bladnanews.com\/wp-content\/uploads\/2026\/01\/BladnaNews-Manuel-Ugarte-told-he-is-not-a-Man-Utd-midfielder-2026-01-15T011033.779Z-scaled.jpg","articleSection":["International","Latest News"],"inLanguage":"fr-FR","copyrightYear":"2026","copyrightHolder":{"@id":"https:\/\/bladnanews.com\/fr\/#organization"}},{"@type":"WebPage","@id":"https:\/\/bladnanews.com\/manuel-ugarte-told-he-is-not-a-man-utd-midfielder\/","url":"https:\/\/bladnanews.com\/manuel-ugarte-told-he-is-not-a-man-utd-midfielder\/","name":"Manuel Ugarte inform\u00e9 qu'il n'est pas un milieu de terrain de Manchester United - Bladna News","isPartOf":{"@id":"https:\/\/mediumseagreen-eel-531711.hostingersite.com\/#website"},"primaryImageOfPage":{"@id":"https:\/\/bladnanews.com\/manuel-ugarte-told-he-is-not-a-man-utd-midfielder\/#primaryimage"},"image":{"@id":"https:\/\/bladnanews.com\/manuel-ugarte-told-he-is-not-a-man-utd-midfielder\/#primaryimage"},"thumbnailUrl":"https:\/\/bladnanews.com\/wp-content\/uploads\/2026\/01\/BladnaNews-Manuel-Ugarte-told-he-is-not-a-Man-Utd-midfielder-2026-01-15T011033.779Z-scaled.jpg","datePublished":"2026-01-14T15:02:26+00:00","breadcrumb":{"@id":"https:\/\/bladnanews.com\/manuel-ugarte-told-he-is-not-a-man-utd-midfielder\/#breadcrumb"},"inLanguage":"fr-FR","potentialAction":[{"@type":"ReadAction","target":["https:\/\/bladnanews.com\/manuel-ugarte-told-he-is-not-a-man-utd-midfielder\/"]}]},{"@type":"ImageObject","inLanguage":"fr-FR","@id":"https:\/\/bladnanews.com\/manuel-ugarte-told-he-is-not-a-man-utd-midfielder\/#primaryimage","url":"https:\/\/bladnanews.com\/wp-content\/uploads\/2026\/01\/BladnaNews-Manuel-Ugarte-told-he-is-not-a-Man-Utd-midfielder-2026-01-15T011033.779Z-scaled.jpg","contentUrl":"https:\/\/bladnanews.com\/wp-content\/uploads\/2026\/01\/BladnaNews-Manuel-Ugarte-told-he-is-not-a-Man-Utd-midfielder-2026-01-15T011033.779Z-scaled.jpg","width":2560,"height":1440},{"@type":"BreadcrumbList","@id":"https:\/\/bladnanews.com\/manuel-ugarte-told-he-is-not-a-man-utd-midfielder\/#breadcrumb","itemListElement":[{"@type":"ListItem","position":1,"name":"Home","item":"https:\/\/bladnanews.com\/"},{"@type":"ListItem","position":2,"name":"Manuel Ugarte told he is not a Man Utd midfielder"}]},{"@type":"WebSite","@id":"https:\/\/mediumseagreen-eel-531711.hostingersite.com\/#website","url":"https:\/\/mediumseagreen-eel-531711.hostingersite.com\/","name":"Bladna News - Maroc","description":"Quand le football marocain rencontre le monde","publisher":{"@id":"https:\/\/mediumseagreen-eel-531711.hostingersite.com\/#organization"},"potentialAction":[{"@type":"SearchAction","target":{"@type":"EntryPoint","urlTemplate":"https:\/\/mediumseagreen-eel-531711.hostingersite.com\/?s={search_term_string}"},"query-input":{"@type":"PropertyValueSpecification","valueRequired":true,"valueName":"search_term_string"}}],"inLanguage":"fr-FR"},{"@type":"Organization","@id":"https:\/\/mediumseagreen-eel-531711.hostingersite.com\/#organization","name":"Bladna News.com","url":"https:\/\/mediumseagreen-eel-531711.hostingersite.com\/","logo":{"@type":"ImageObject","inLanguage":"fr-FR","@id":"https:\/\/mediumseagreen-eel-531711.hostingersite.com\/#\/schema\/logo\/image\/","url":"https:\/\/bladnanews.com\/wp-content\/uploads\/2025\/12\/logo-bladnanews-V2-web-black-red.png","contentUrl":"https:\/\/bladnanews.com\/wp-content\/uploads\/2025\/12\/logo-bladnanews-V2-web-black-red.png","width":703,"height":287,"caption":"Bladna News.com"},"image":{"@id":"https:\/\/mediumseagreen-eel-531711.hostingersite.com\/#\/schema\/logo\/image\/"},"email":"info@bladnanews.com","legalName":"Bladna News"},{"@type":"Person","@id":"https:\/\/mediumseagreen-eel-531711.hostingersite.com\/#\/schema\/person\/268e18a453ab080ebf76df6ef7845083","name":"\u00c9quipe r\u00e9dactionnelle de Bladna News","url":"https:\/\/bladnanews.com\/fr\/author\/bladna-news-staff\/"}]}},"_links":{"self":[{"href":"https:\/\/bladnanews.com\/fr\/wp-json\/wp\/v2\/posts\/6222","targetHints":{"allow":["GET"]}}],"collection":[{"href":"https:\/\/bladnanews.com\/fr\/wp-json\/wp\/v2\/posts"}],"about":[{"href":"https:\/\/bladnanews.com\/fr\/wp-json\/wp\/v2\/types\/post"}],"author":[{"embeddable":true,"href":"https:\/\/bladnanews.com\/fr\/wp-json\/wp\/v2\/users\/3"}],"replies":[{"embeddable":true,"href":"https:\/\/bladnanews.com\/fr\/wp-json\/wp\/v2\/comments?post=6222"}],"version-history":[{"count":0,"href":"https:\/\/bladnanews.com\/fr\/wp-json\/wp\/v2\/posts\/6222\/revisions"}],"wp:featuredmedia":[{"embeddable":true,"href":"https:\/\/bladnanews.com\/fr\/wp-json\/wp\/v2\/media\/6221"}],"wp:attachment":[{"href":"https:\/\/bladnanews.com\/fr\/wp-json\/wp\/v2\/media?parent=6222"}],"wp:term":[{"taxonomy":"category","embeddable":true,"href":"https:\/\/bladnanews.com\/fr\/wp-json\/wp\/v2\/categories?post=6222"},{"taxonomy":"post_tag","embeddable":true,"href":"https:\/\/bladnanews.com\/fr\/wp-json\/wp\/v2\/tags?post=6222"}],"curies":[{"name":"wp","href":"https:\/\/api.w.org\/{rel}","templated":true}]}}