{"id":6230,"date":"2026-01-14T15:05:31","date_gmt":"2026-01-14T15:05:31","guid":{"rendered":"https:\/\/bladnanews.com\/harry-kane-and-mbappe-picked-in-champions-league-free-xi-draft\/"},"modified":"2026-01-14T15:05:31","modified_gmt":"2026-01-14T15:05:31","slug":"harry-kane-et-mbappe-selectionnes-dans-lequipe-type-libre-de-la-ligue-des-champions","status":"publish","type":"post","link":"https:\/\/bladnanews.com\/fr\/harry-kane-et-mbappe-selectionnes-dans-lequipe-type-libre-de-la-ligue-des-champions\/","title":{"rendered":"Harry Kane et Mbapp\u00e9 s\u00e9lectionn\u00e9s dans une \u00e9quipe-type sans joueurs de Ligue des Champions"},"content":{"rendered":"<p>Les trois experts de GOAL se sont affront\u00e9s lors d'un Football Draft pour constituer le XI ultime compos\u00e9 uniquement de joueurs n'ayant <strong>jamais remport\u00e9 la Ligue des Champions<\/strong> \u2013 et les grands noms ont afflu\u00e9 d'entr\u00e9e de jeu.<\/p>\n<p>Les r\u00e8gles \u00e9tant claires, le panel a commenc\u00e9 \u00e0 s\u00e9lectionner des stars qui ont brill\u00e9 au plus haut niveau mais qui n'ont toujours pas remport\u00e9 le plus grand prix europ\u00e9en en club. <strong>Harry Kane<\/strong> a \u00e9t\u00e9 rapidement choisi, tandis que <strong>Kylian Mbappe<\/strong> figurait \u00e9galement parmi les choix phares au fur et \u00e0 mesure que l'\u00e9quipe prenait forme.<\/p>\n<p>Le format du draft a vu les trois contributeurs choisir \u00e0 tour de r\u00f4le des joueurs pour cr\u00e9er leur meilleure \u00e9quipe possible sous une condition stricte : aucun vainqueur de la Ligue des Champions n'\u00e9tait autoris\u00e9. Cela a ouvert la porte \u00e0 un m\u00e9lange de grands noms modernes et de favoris de longue date des supporters, chacun \u00e9tant \u00e9valu\u00e9 sur ses capacit\u00e9s, son impact et sa r\u00e9putation globale.<\/p>\n<p>Au fil des s\u00e9lections, les \u00e9quipes ont commenc\u00e9 \u00e0 d\u00e9velopper des identit\u00e9s claires, chaque participant \u00e9quilibrant puissance des stars et structure dans la d\u00e9fense, le milieu et l'attaque. Le d\u00e9bat a oscill\u00e9 entre le pur talent et la n\u00e9cessit\u00e9 de construire un XI fonctionnel, alors que les trois experts d\u00e9fendaient leurs choix joueur par joueur.<\/p>\n<p>La r\u00e9v\u00e9lation cl\u00e9 de ce draft a \u00e9t\u00e9 le nombre impressionnant d'\u00e9lites qui n'ont toujours pas de m\u00e9daille de la Ligue des Champions, m\u00eame apr\u00e8s des ann\u00e9es au sommet du jeu. Kane et Mbapp\u00e9 ont \u00e9t\u00e9 les rappels les plus marquants que le talent individuel et les grands troph\u00e9es ne vont pas toujours de pair.<\/p>\n<p>\u00c0 la fin, chaque membre du panel avait compl\u00e9t\u00e9 un XI construit autour d'une qualit\u00e9 av\u00e9r\u00e9e, mais avec un th\u00e8me commun : tous les joueurs choisis sont toujours \u00e0 la poursuite de cette m\u00e9daille de vainqueur de la Ligue des Champions si insaisissable.<\/p>","protected":false},"excerpt":{"rendered":"<p>GOAL\u2019s Front Three went head-to-head in a Football Draft to build the ultimate XI made up only of players who [&hellip;]<\/p>\n","protected":false},"author":3,"featured_media":6229,"comment_status":"","ping_status":"open","sticky":false,"template":"","format":"standard","meta":{"googlesitekit_rrm_CAow_uzEDA:productID":"","site-sidebar-layout":"default","site-content-layout":"","ast-site-content-layout":"default","site-content-style":"default","site-sidebar-style":"default","ast-global-header-display":"","ast-banner-title-visibility":"","ast-main-header-display":"","ast-hfb-above-header-display":"","ast-hfb-below-header-display":"","ast-hfb-mobile-header-display":"","site-post-title":"","ast-breadcrumbs-content":"","ast-featured-img":"","footer-sml-layout":"","ast-disable-related-posts":"","theme-transparent-header-meta":"","adv-header-id-meta":"","stick-header-meta":"","header-above-stick-meta":"","header-main-stick-meta":"","header-below-stick-meta":"","astra-migrate-meta-layouts":"default","ast-page-background-enabled":"default","ast-page-background-meta":{"desktop":{"background-color":"var(--ast-global-color-5)","background-image":"","background-repeat":"repeat","background-position":"center center","background-size":"auto","background-attachment":"scroll","background-type":"","background-media":"","overlay-type":"","overlay-color":"","overlay-opacity":"","overlay-gradient":""},"tablet":{"background-color":"","background-image":"","background-repeat":"repeat","background-position":"center center","background-size":"auto","background-attachment":"scroll","background-type":"","background-media":"","overlay-type":"","overlay-color":"","overlay-opacity":"","overlay-gradient":""},"mobile":{"background-color":"","background-image":"","background-repeat":"repeat","background-position":"center center","background-size":"auto","background-attachment":"scroll","background-type":"","background-media":"","overlay-type":"","overlay-color":"","overlay-opacity":"","overlay-gradient":""}},"ast-content-background-meta":{"desktop":{"background-color":"var(--ast-global-color-4)","background-image":"","background-repeat":"repeat","background-position":"center center","background-size":"auto","background-attachment":"scroll","background-type":"","background-media":"","overlay-type":"","overlay-color":"","overlay-opacity":"","overlay-gradient":""},"tablet":{"background-color":"var(--ast-global-color-4)","background-image":"","background-repeat":"repeat","background-position":"center center","background-size":"auto","background-attachment":"scroll","background-type":"","background-media":"","overlay-type":"","overlay-color":"","overlay-opacity":"","overlay-gradient":""},"mobile":{"background-color":"var(--ast-global-color-4)","background-image":"","background-repeat":"repeat","background-position":"center center","background-size":"auto","background-attachment":"scroll","background-type":"","background-media":"","overlay-type":"","overlay-color":"","overlay-opacity":"","overlay-gradient":""}},"footnotes":""},"categories":[20,1],"tags":[],"class_list":["post-6230","post","type-post","status-publish","format-standard","has-post-thumbnail","hentry","category-international","category-football-latest-news"],"yoast_head":"<!-- This site is optimized with the Yoast SEO Premium plugin v26.6 (Yoast SEO v27.5) - https:\/\/yoast.com\/product\/yoast-seo-premium-wordpress\/ -->\n<title>Harry Kane and Mbappe picked in Champions League-free XI draft - Bladna News<\/title>\n<meta name=\"robots\" content=\"index, follow, max-snippet:-1, max-image-preview:large, max-video-preview:-1\" \/>\n<link rel=\"canonical\" href=\"https:\/\/bladnanews.com\/fr\/harry-kane-et-mbappe-selectionnes-dans-lequipe-type-libre-de-la-ligue-des-champions\/\" \/>\n<meta property=\"og:locale\" content=\"fr_FR\" \/>\n<meta property=\"og:type\" content=\"article\" \/>\n<meta property=\"og:title\" content=\"Harry Kane and Mbappe picked in Champions League-free XI draft\" \/>\n<meta property=\"og:description\" content=\"GOAL\u2019s Front Three went head-to-head in a Football Draft to build the ultimate XI made up only of players who [&hellip;]\" \/>\n<meta property=\"og:url\" content=\"https:\/\/bladnanews.com\/fr\/harry-kane-et-mbappe-selectionnes-dans-lequipe-type-libre-de-la-ligue-des-champions\/\" \/>\n<meta property=\"og:site_name\" content=\"Bladna News\" \/>\n<meta property=\"article:published_time\" content=\"2026-01-14T15:05:31+00:00\" \/>\n<meta property=\"og:image\" content=\"https:\/\/bladnanews.com\/wp-content\/uploads\/2025\/12\/freepik__bladna-newscom-moroccan-soccer-homepage-banner-mor__41838.png\" \/>\n\t<meta property=\"og:image:width\" content=\"1312\" \/>\n\t<meta property=\"og:image:height\" content=\"736\" \/>\n\t<meta property=\"og:image:type\" content=\"image\/png\" \/>\n<meta name=\"author\" content=\"Bladna News Staff\" \/>\n<meta name=\"twitter:card\" content=\"summary_large_image\" \/>\n<meta name=\"twitter:label1\" content=\"\u00c9crit par\" \/>\n\t<meta name=\"twitter:data1\" content=\"Bladna News Staff\" \/>\n\t<meta name=\"twitter:label2\" content=\"Dur\u00e9e de lecture estim\u00e9e\" \/>\n\t<meta name=\"twitter:data2\" content=\"1 minute\" \/>\n<script type=\"application\/ld+json\" class=\"yoast-schema-graph\">{\"@context\":\"https:\\\/\\\/schema.org\",\"@graph\":[{\"@type\":\"Article\",\"@id\":\"https:\\\/\\\/bladnanews.com\\\/harry-kane-and-mbappe-picked-in-champions-league-free-xi-draft\\\/#article\",\"isPartOf\":{\"@id\":\"https:\\\/\\\/bladnanews.com\\\/harry-kane-and-mbappe-picked-in-champions-league-free-xi-draft\\\/\"},\"author\":{\"name\":\"Bladna News Staff\",\"@id\":\"https:\\\/\\\/mediumseagreen-eel-531711.hostingersite.com\\\/#\\\/schema\\\/person\\\/268e18a453ab080ebf76df6ef7845083\"},\"headline\":\"Harry Kane and Mbappe picked in Champions League-free XI draft\",\"datePublished\":\"2026-01-14T15:05:31+00:00\",\"mainEntityOfPage\":{\"@id\":\"https:\\\/\\\/bladnanews.com\\\/harry-kane-and-mbappe-picked-in-champions-league-free-xi-draft\\\/\"},\"wordCount\":268,\"publisher\":{\"@id\":\"https:\\\/\\\/mediumseagreen-eel-531711.hostingersite.com\\\/#organization\"},\"image\":{\"@id\":\"https:\\\/\\\/bladnanews.com\\\/harry-kane-and-mbappe-picked-in-champions-league-free-xi-draft\\\/#primaryimage\"},\"thumbnailUrl\":\"https:\\\/\\\/bladnanews.com\\\/wp-content\\\/uploads\\\/2026\\\/01\\\/BladnaNews-Harry-Kane-and-Mbappe-picked-in-Champions-League-free-XI-draft-2026-01-15T050934.543Z.jpg\",\"articleSection\":[\"International\",\"Latest News\"],\"inLanguage\":\"fr-FR\",\"copyrightYear\":\"2026\",\"copyrightHolder\":{\"@id\":\"https:\\\/\\\/bladnanews.com\\\/fr\\\/#organization\"}},{\"@type\":\"WebPage\",\"@id\":\"https:\\\/\\\/bladnanews.com\\\/harry-kane-and-mbappe-picked-in-champions-league-free-xi-draft\\\/\",\"url\":\"https:\\\/\\\/bladnanews.com\\\/harry-kane-and-mbappe-picked-in-champions-league-free-xi-draft\\\/\",\"name\":\"Harry Kane and Mbappe picked in Champions League-free XI draft - Bladna News\",\"isPartOf\":{\"@id\":\"https:\\\/\\\/mediumseagreen-eel-531711.hostingersite.com\\\/#website\"},\"primaryImageOfPage\":{\"@id\":\"https:\\\/\\\/bladnanews.com\\\/harry-kane-and-mbappe-picked-in-champions-league-free-xi-draft\\\/#primaryimage\"},\"image\":{\"@id\":\"https:\\\/\\\/bladnanews.com\\\/harry-kane-and-mbappe-picked-in-champions-league-free-xi-draft\\\/#primaryimage\"},\"thumbnailUrl\":\"https:\\\/\\\/bladnanews.com\\\/wp-content\\\/uploads\\\/2026\\\/01\\\/BladnaNews-Harry-Kane-and-Mbappe-picked-in-Champions-League-free-XI-draft-2026-01-15T050934.543Z.jpg\",\"datePublished\":\"2026-01-14T15:05:31+00:00\",\"breadcrumb\":{\"@id\":\"https:\\\/\\\/bladnanews.com\\\/harry-kane-and-mbappe-picked-in-champions-league-free-xi-draft\\\/#breadcrumb\"},\"inLanguage\":\"fr-FR\",\"potentialAction\":[{\"@type\":\"ReadAction\",\"target\":[\"https:\\\/\\\/bladnanews.com\\\/harry-kane-and-mbappe-picked-in-champions-league-free-xi-draft\\\/\"]}]},{\"@type\":\"ImageObject\",\"inLanguage\":\"fr-FR\",\"@id\":\"https:\\\/\\\/bladnanews.com\\\/harry-kane-and-mbappe-picked-in-champions-league-free-xi-draft\\\/#primaryimage\",\"url\":\"https:\\\/\\\/bladnanews.com\\\/wp-content\\\/uploads\\\/2026\\\/01\\\/BladnaNews-Harry-Kane-and-Mbappe-picked-in-Champions-League-free-XI-draft-2026-01-15T050934.543Z.jpg\",\"contentUrl\":\"https:\\\/\\\/bladnanews.com\\\/wp-content\\\/uploads\\\/2026\\\/01\\\/BladnaNews-Harry-Kane-and-Mbappe-picked-in-Champions-League-free-XI-draft-2026-01-15T050934.543Z.jpg\",\"width\":1920,\"height\":1080,\"caption\":\"Football draft featuring smiling presenters, Gianluigi Buffon holding a trophy, and iconic players like Ronaldo and Ibrahimovi\u0107.\"},{\"@type\":\"BreadcrumbList\",\"@id\":\"https:\\\/\\\/bladnanews.com\\\/harry-kane-and-mbappe-picked-in-champions-league-free-xi-draft\\\/#breadcrumb\",\"itemListElement\":[{\"@type\":\"ListItem\",\"position\":1,\"name\":\"Home\",\"item\":\"https:\\\/\\\/bladnanews.com\\\/\"},{\"@type\":\"ListItem\",\"position\":2,\"name\":\"Harry Kane and Mbappe picked in Champions League-free XI draft\"}]},{\"@type\":\"WebSite\",\"@id\":\"https:\\\/\\\/mediumseagreen-eel-531711.hostingersite.com\\\/#website\",\"url\":\"https:\\\/\\\/mediumseagreen-eel-531711.hostingersite.com\\\/\",\"name\":\"Bladna News - Morocco\",\"description\":\"Where Moroccan Football Meets the World\",\"publisher\":{\"@id\":\"https:\\\/\\\/mediumseagreen-eel-531711.hostingersite.com\\\/#organization\"},\"potentialAction\":[{\"@type\":\"SearchAction\",\"target\":{\"@type\":\"EntryPoint\",\"urlTemplate\":\"https:\\\/\\\/mediumseagreen-eel-531711.hostingersite.com\\\/?s={search_term_string}\"},\"query-input\":{\"@type\":\"PropertyValueSpecification\",\"valueRequired\":true,\"valueName\":\"search_term_string\"}}],\"inLanguage\":\"fr-FR\"},{\"@type\":\"Organization\",\"@id\":\"https:\\\/\\\/mediumseagreen-eel-531711.hostingersite.com\\\/#organization\",\"name\":\"Bladna News.com\",\"url\":\"https:\\\/\\\/mediumseagreen-eel-531711.hostingersite.com\\\/\",\"logo\":{\"@type\":\"ImageObject\",\"inLanguage\":\"fr-FR\",\"@id\":\"https:\\\/\\\/mediumseagreen-eel-531711.hostingersite.com\\\/#\\\/schema\\\/logo\\\/image\\\/\",\"url\":\"https:\\\/\\\/bladnanews.com\\\/wp-content\\\/uploads\\\/2025\\\/12\\\/logo-bladnanews-V2-web-black-red.png\",\"contentUrl\":\"https:\\\/\\\/bladnanews.com\\\/wp-content\\\/uploads\\\/2025\\\/12\\\/logo-bladnanews-V2-web-black-red.png\",\"width\":703,\"height\":287,\"caption\":\"Bladna News.com\"},\"image\":{\"@id\":\"https:\\\/\\\/mediumseagreen-eel-531711.hostingersite.com\\\/#\\\/schema\\\/logo\\\/image\\\/\"},\"email\":\"info@bladnanews.com\",\"legalName\":\"Bladna News\"},{\"@type\":\"Person\",\"@id\":\"https:\\\/\\\/mediumseagreen-eel-531711.hostingersite.com\\\/#\\\/schema\\\/person\\\/268e18a453ab080ebf76df6ef7845083\",\"name\":\"Bladna News Staff\",\"url\":\"https:\\\/\\\/bladnanews.com\\\/fr\\\/author\\\/bladna-news-staff\\\/\"}]}<\/script>\n<!-- \/ Yoast SEO Premium plugin. -->","yoast_head_json":{"title":"Harry Kane et Mbapp\u00e9 s\u00e9lectionn\u00e9s dans l'\u00e9quipe-type sans joueurs de Ligue des Champions - Bladna News","robots":{"index":"index","follow":"follow","max-snippet":"max-snippet:-1","max-image-preview":"max-image-preview:large","max-video-preview":"max-video-preview:-1"},"canonical":"https:\/\/bladnanews.com\/fr\/harry-kane-et-mbappe-selectionnes-dans-lequipe-type-libre-de-la-ligue-des-champions\/","og_locale":"fr_FR","og_type":"article","og_title":"Harry Kane and Mbappe picked in Champions League-free XI draft","og_description":"GOAL\u2019s Front Three went head-to-head in a Football Draft to build the ultimate XI made up only of players who [&hellip;]","og_url":"https:\/\/bladnanews.com\/fr\/harry-kane-et-mbappe-selectionnes-dans-lequipe-type-libre-de-la-ligue-des-champions\/","og_site_name":"Bladna News","article_published_time":"2026-01-14T15:05:31+00:00","og_image":[{"width":1312,"height":736,"url":"https:\/\/bladnanews.com\/wp-content\/uploads\/2025\/12\/freepik__bladna-newscom-moroccan-soccer-homepage-banner-mor__41838.png","type":"image\/png"}],"author":"Bladna News Staff","twitter_card":"summary_large_image","twitter_misc":{"\u00c9crit par":"Bladna News Staff","Dur\u00e9e de lecture estim\u00e9e":"1 minute"},"schema":{"@context":"https:\/\/schema.org","@graph":[{"@type":"Article","@id":"https:\/\/bladnanews.com\/harry-kane-and-mbappe-picked-in-champions-league-free-xi-draft\/#article","isPartOf":{"@id":"https:\/\/bladnanews.com\/harry-kane-and-mbappe-picked-in-champions-league-free-xi-draft\/"},"author":{"name":"Bladna News Staff","@id":"https:\/\/mediumseagreen-eel-531711.hostingersite.com\/#\/schema\/person\/268e18a453ab080ebf76df6ef7845083"},"headline":"Harry Kane and Mbappe picked in Champions League-free XI draft","datePublished":"2026-01-14T15:05:31+00:00","mainEntityOfPage":{"@id":"https:\/\/bladnanews.com\/harry-kane-and-mbappe-picked-in-champions-league-free-xi-draft\/"},"wordCount":268,"publisher":{"@id":"https:\/\/mediumseagreen-eel-531711.hostingersite.com\/#organization"},"image":{"@id":"https:\/\/bladnanews.com\/harry-kane-and-mbappe-picked-in-champions-league-free-xi-draft\/#primaryimage"},"thumbnailUrl":"https:\/\/bladnanews.com\/wp-content\/uploads\/2026\/01\/BladnaNews-Harry-Kane-and-Mbappe-picked-in-Champions-League-free-XI-draft-2026-01-15T050934.543Z.jpg","articleSection":["International","Latest News"],"inLanguage":"fr-FR","copyrightYear":"2026","copyrightHolder":{"@id":"https:\/\/bladnanews.com\/fr\/#organization"}},{"@type":"WebPage","@id":"https:\/\/bladnanews.com\/harry-kane-and-mbappe-picked-in-champions-league-free-xi-draft\/","url":"https:\/\/bladnanews.com\/harry-kane-and-mbappe-picked-in-champions-league-free-xi-draft\/","name":"Harry Kane et Mbapp\u00e9 s\u00e9lectionn\u00e9s dans l'\u00e9quipe-type sans joueurs de Ligue des Champions - Bladna News","isPartOf":{"@id":"https:\/\/mediumseagreen-eel-531711.hostingersite.com\/#website"},"primaryImageOfPage":{"@id":"https:\/\/bladnanews.com\/harry-kane-and-mbappe-picked-in-champions-league-free-xi-draft\/#primaryimage"},"image":{"@id":"https:\/\/bladnanews.com\/harry-kane-and-mbappe-picked-in-champions-league-free-xi-draft\/#primaryimage"},"thumbnailUrl":"https:\/\/bladnanews.com\/wp-content\/uploads\/2026\/01\/BladnaNews-Harry-Kane-and-Mbappe-picked-in-Champions-League-free-XI-draft-2026-01-15T050934.543Z.jpg","datePublished":"2026-01-14T15:05:31+00:00","breadcrumb":{"@id":"https:\/\/bladnanews.com\/harry-kane-and-mbappe-picked-in-champions-league-free-xi-draft\/#breadcrumb"},"inLanguage":"fr-FR","potentialAction":[{"@type":"ReadAction","target":["https:\/\/bladnanews.com\/harry-kane-and-mbappe-picked-in-champions-league-free-xi-draft\/"]}]},{"@type":"ImageObject","inLanguage":"fr-FR","@id":"https:\/\/bladnanews.com\/harry-kane-and-mbappe-picked-in-champions-league-free-xi-draft\/#primaryimage","url":"https:\/\/bladnanews.com\/wp-content\/uploads\/2026\/01\/BladnaNews-Harry-Kane-and-Mbappe-picked-in-Champions-League-free-XI-draft-2026-01-15T050934.543Z.jpg","contentUrl":"https:\/\/bladnanews.com\/wp-content\/uploads\/2026\/01\/BladnaNews-Harry-Kane-and-Mbappe-picked-in-Champions-League-free-XI-draft-2026-01-15T050934.543Z.jpg","width":1920,"height":1080,"caption":"Football draft featuring smiling presenters, Gianluigi Buffon holding a trophy, and iconic players like Ronaldo and Ibrahimovi\u0107."},{"@type":"BreadcrumbList","@id":"https:\/\/bladnanews.com\/harry-kane-and-mbappe-picked-in-champions-league-free-xi-draft\/#breadcrumb","itemListElement":[{"@type":"ListItem","position":1,"name":"Home","item":"https:\/\/bladnanews.com\/"},{"@type":"ListItem","position":2,"name":"Harry Kane and Mbappe picked in Champions League-free XI draft"}]},{"@type":"WebSite","@id":"https:\/\/mediumseagreen-eel-531711.hostingersite.com\/#website","url":"https:\/\/mediumseagreen-eel-531711.hostingersite.com\/","name":"Bladna News - Maroc","description":"Quand le football marocain rencontre le monde","publisher":{"@id":"https:\/\/mediumseagreen-eel-531711.hostingersite.com\/#organization"},"potentialAction":[{"@type":"SearchAction","target":{"@type":"EntryPoint","urlTemplate":"https:\/\/mediumseagreen-eel-531711.hostingersite.com\/?s={search_term_string}"},"query-input":{"@type":"PropertyValueSpecification","valueRequired":true,"valueName":"search_term_string"}}],"inLanguage":"fr-FR"},{"@type":"Organization","@id":"https:\/\/mediumseagreen-eel-531711.hostingersite.com\/#organization","name":"Bladna News.com","url":"https:\/\/mediumseagreen-eel-531711.hostingersite.com\/","logo":{"@type":"ImageObject","inLanguage":"fr-FR","@id":"https:\/\/mediumseagreen-eel-531711.hostingersite.com\/#\/schema\/logo\/image\/","url":"https:\/\/bladnanews.com\/wp-content\/uploads\/2025\/12\/logo-bladnanews-V2-web-black-red.png","contentUrl":"https:\/\/bladnanews.com\/wp-content\/uploads\/2025\/12\/logo-bladnanews-V2-web-black-red.png","width":703,"height":287,"caption":"Bladna News.com"},"image":{"@id":"https:\/\/mediumseagreen-eel-531711.hostingersite.com\/#\/schema\/logo\/image\/"},"email":"info@bladnanews.com","legalName":"Bladna News"},{"@type":"Person","@id":"https:\/\/mediumseagreen-eel-531711.hostingersite.com\/#\/schema\/person\/268e18a453ab080ebf76df6ef7845083","name":"\u00c9quipe r\u00e9dactionnelle de Bladna News","url":"https:\/\/bladnanews.com\/fr\/author\/bladna-news-staff\/"}]}},"_links":{"self":[{"href":"https:\/\/bladnanews.com\/fr\/wp-json\/wp\/v2\/posts\/6230","targetHints":{"allow":["GET"]}}],"collection":[{"href":"https:\/\/bladnanews.com\/fr\/wp-json\/wp\/v2\/posts"}],"about":[{"href":"https:\/\/bladnanews.com\/fr\/wp-json\/wp\/v2\/types\/post"}],"author":[{"embeddable":true,"href":"https:\/\/bladnanews.com\/fr\/wp-json\/wp\/v2\/users\/3"}],"replies":[{"embeddable":true,"href":"https:\/\/bladnanews.com\/fr\/wp-json\/wp\/v2\/comments?post=6230"}],"version-history":[{"count":0,"href":"https:\/\/bladnanews.com\/fr\/wp-json\/wp\/v2\/posts\/6230\/revisions"}],"wp:featuredmedia":[{"embeddable":true,"href":"https:\/\/bladnanews.com\/fr\/wp-json\/wp\/v2\/media\/6229"}],"wp:attachment":[{"href":"https:\/\/bladnanews.com\/fr\/wp-json\/wp\/v2\/media?parent=6230"}],"wp:term":[{"taxonomy":"category","embeddable":true,"href":"https:\/\/bladnanews.com\/fr\/wp-json\/wp\/v2\/categories?post=6230"},{"taxonomy":"post_tag","embeddable":true,"href":"https:\/\/bladnanews.com\/fr\/wp-json\/wp\/v2\/tags?post=6230"}],"curies":[{"name":"wp","href":"https:\/\/api.w.org\/{rel}","templated":true}]}}