{"id":6234,"date":"2026-01-14T16:22:25","date_gmt":"2026-01-14T16:22:25","guid":{"rendered":"https:\/\/bladnanews.com\/monaco-say-paul-pogba-plan-not-working-after-injury-setback\/"},"modified":"2026-01-14T16:22:25","modified_gmt":"2026-01-14T16:22:25","slug":"monaco-affirme-que-le-plan-pour-paul-pogba-ne-fonctionne-pas-apres-un-revers-du-a-une-blessure","status":"publish","type":"post","link":"https:\/\/bladnanews.com\/fr\/monaco-affirme-que-le-plan-pour-paul-pogba-ne-fonctionne-pas-apres-un-revers-du-a-une-blessure\/","title":{"rendered":"Monaco admet que le plan Paul Pogba ne fonctionne pas apr\u00e8s un nouveau contretemps blessure"},"content":{"rendered":"<p>Monaco a reconnu que son plan avec Paul Pogba \u201c ne fonctionne pas \u201d apr\u00e8s que le milieu de terrain a subi un nouveau revers physique, le club fournissant un bilan peu optimiste de son \u00e9volution.<\/p>\n<p>Pogba, qui a rejoint Monaco dans l'objectif de retrouver les terrains de comp\u00e9tition, voit de nouveau son programme perturb\u00e9 et doit d\u00e9sormais s\u2019attendre \u00e0 une nouvelle p\u00e9riode d\u2019\u00e9loignement. Le club a confirm\u00e9 que ce dernier probl\u00e8me laisse l\u2019ancien international fran\u00e7ais \u201c frustr\u00e9 \u201d dans sa qu\u00eate de condition physique.<\/p>\n<p>Le message de Monaco \u00e9tait clair : la voie trac\u00e9e avec Pogba ne s\u2019est pas d\u00e9roul\u00e9e comme pr\u00e9vu. Face \u00e0 une nouvelle complication entravant la r\u00e9cup\u00e9ration du milieu, le club fran\u00e7ais a admis que le plan suivi jusqu\u2019alors ne se d\u00e9roule plus comme il l\u2019esp\u00e9rait.<\/p>\n<p>Ce bilan constitue un nouveau coup dur pour Pogba, qui tente de relancer sa carri\u00e8re. Monaco n\u2019a formul\u00e9 aucune promesse spectaculaire, reconnaissant plut\u00f4t la r\u00e9alit\u00e9 de la situation et le fait que ce revers ralentit une fois de plus le processus.<\/p>\n<p>Pogba garde pour priorit\u00e9 un retour aussi rapide que possible, mais l\u2019\u00e9valuation de Monaco a soulign\u00e9 que la situation n\u2019est pas simple et que son chemin vers la reprise est devenu plus ardu apr\u00e8s ce dernier probl\u00e8me physique.<\/p>","protected":false},"excerpt":{"rendered":"<p>Monaco have conceded that their plan with Paul Pogba \u201cisn\u2019t working out\u201d after the midfielder suffered another injury setback, with [&hellip;]<\/p>\n","protected":false},"author":3,"featured_media":6233,"comment_status":"","ping_status":"open","sticky":false,"template":"","format":"standard","meta":{"googlesitekit_rrm_CAow_uzEDA:productID":"","site-sidebar-layout":"default","site-content-layout":"","ast-site-content-layout":"default","site-content-style":"default","site-sidebar-style":"default","ast-global-header-display":"","ast-banner-title-visibility":"","ast-main-header-display":"","ast-hfb-above-header-display":"","ast-hfb-below-header-display":"","ast-hfb-mobile-header-display":"","site-post-title":"","ast-breadcrumbs-content":"","ast-featured-img":"","footer-sml-layout":"","ast-disable-related-posts":"","theme-transparent-header-meta":"","adv-header-id-meta":"","stick-header-meta":"","header-above-stick-meta":"","header-main-stick-meta":"","header-below-stick-meta":"","astra-migrate-meta-layouts":"default","ast-page-background-enabled":"default","ast-page-background-meta":{"desktop":{"background-color":"var(--ast-global-color-5)","background-image":"","background-repeat":"repeat","background-position":"center center","background-size":"auto","background-attachment":"scroll","background-type":"","background-media":"","overlay-type":"","overlay-color":"","overlay-opacity":"","overlay-gradient":""},"tablet":{"background-color":"","background-image":"","background-repeat":"repeat","background-position":"center center","background-size":"auto","background-attachment":"scroll","background-type":"","background-media":"","overlay-type":"","overlay-color":"","overlay-opacity":"","overlay-gradient":""},"mobile":{"background-color":"","background-image":"","background-repeat":"repeat","background-position":"center center","background-size":"auto","background-attachment":"scroll","background-type":"","background-media":"","overlay-type":"","overlay-color":"","overlay-opacity":"","overlay-gradient":""}},"ast-content-background-meta":{"desktop":{"background-color":"var(--ast-global-color-4)","background-image":"","background-repeat":"repeat","background-position":"center center","background-size":"auto","background-attachment":"scroll","background-type":"","background-media":"","overlay-type":"","overlay-color":"","overlay-opacity":"","overlay-gradient":""},"tablet":{"background-color":"var(--ast-global-color-4)","background-image":"","background-repeat":"repeat","background-position":"center center","background-size":"auto","background-attachment":"scroll","background-type":"","background-media":"","overlay-type":"","overlay-color":"","overlay-opacity":"","overlay-gradient":""},"mobile":{"background-color":"var(--ast-global-color-4)","background-image":"","background-repeat":"repeat","background-position":"center center","background-size":"auto","background-attachment":"scroll","background-type":"","background-media":"","overlay-type":"","overlay-color":"","overlay-opacity":"","overlay-gradient":""}},"footnotes":""},"categories":[20,1],"tags":[],"class_list":["post-6234","post","type-post","status-publish","format-standard","has-post-thumbnail","hentry","category-international","category-football-latest-news"],"yoast_head":"<!-- This site is optimized with the Yoast SEO Premium plugin v26.6 (Yoast SEO v27.5) - https:\/\/yoast.com\/product\/yoast-seo-premium-wordpress\/ -->\n<title>Monaco say Paul Pogba plan not working after injury setback - Bladna News<\/title>\n<meta name=\"robots\" content=\"index, follow, max-snippet:-1, max-image-preview:large, max-video-preview:-1\" \/>\n<link rel=\"canonical\" href=\"https:\/\/bladnanews.com\/fr\/monaco-affirme-que-le-plan-pour-paul-pogba-ne-fonctionne-pas-apres-un-revers-du-a-une-blessure\/\" \/>\n<meta property=\"og:locale\" content=\"fr_FR\" \/>\n<meta property=\"og:type\" content=\"article\" \/>\n<meta property=\"og:title\" content=\"Monaco say Paul Pogba plan not working after injury setback\" \/>\n<meta property=\"og:description\" content=\"Monaco have conceded that their plan with Paul Pogba \u201cisn\u2019t working out\u201d after the midfielder suffered another injury setback, with [&hellip;]\" \/>\n<meta property=\"og:url\" content=\"https:\/\/bladnanews.com\/fr\/monaco-affirme-que-le-plan-pour-paul-pogba-ne-fonctionne-pas-apres-un-revers-du-a-une-blessure\/\" \/>\n<meta property=\"og:site_name\" content=\"Bladna News\" \/>\n<meta property=\"article:published_time\" content=\"2026-01-14T16:22:25+00:00\" \/>\n<meta property=\"og:image\" content=\"https:\/\/bladnanews.com\/wp-content\/uploads\/2025\/12\/freepik__bladna-newscom-moroccan-soccer-homepage-banner-mor__41838.png\" \/>\n\t<meta property=\"og:image:width\" content=\"1312\" \/>\n\t<meta property=\"og:image:height\" content=\"736\" \/>\n\t<meta property=\"og:image:type\" content=\"image\/png\" \/>\n<meta name=\"author\" content=\"Bladna News Staff\" \/>\n<meta name=\"twitter:card\" content=\"summary_large_image\" \/>\n<meta name=\"twitter:label1\" content=\"\u00c9crit par\" \/>\n\t<meta name=\"twitter:data1\" content=\"Bladna News Staff\" \/>\n\t<meta name=\"twitter:label2\" content=\"Dur\u00e9e de lecture estim\u00e9e\" \/>\n\t<meta name=\"twitter:data2\" content=\"1 minute\" \/>\n<script type=\"application\/ld+json\" class=\"yoast-schema-graph\">{\"@context\":\"https:\\\/\\\/schema.org\",\"@graph\":[{\"@type\":\"Article\",\"@id\":\"https:\\\/\\\/bladnanews.com\\\/monaco-say-paul-pogba-plan-not-working-after-injury-setback\\\/#article\",\"isPartOf\":{\"@id\":\"https:\\\/\\\/bladnanews.com\\\/monaco-say-paul-pogba-plan-not-working-after-injury-setback\\\/\"},\"author\":{\"name\":\"Bladna News Staff\",\"@id\":\"https:\\\/\\\/mediumseagreen-eel-531711.hostingersite.com\\\/#\\\/schema\\\/person\\\/268e18a453ab080ebf76df6ef7845083\"},\"headline\":\"Monaco say Paul Pogba plan not working after injury setback\",\"datePublished\":\"2026-01-14T16:22:25+00:00\",\"mainEntityOfPage\":{\"@id\":\"https:\\\/\\\/bladnanews.com\\\/monaco-say-paul-pogba-plan-not-working-after-injury-setback\\\/\"},\"wordCount\":211,\"publisher\":{\"@id\":\"https:\\\/\\\/mediumseagreen-eel-531711.hostingersite.com\\\/#organization\"},\"image\":{\"@id\":\"https:\\\/\\\/bladnanews.com\\\/monaco-say-paul-pogba-plan-not-working-after-injury-setback\\\/#primaryimage\"},\"thumbnailUrl\":\"https:\\\/\\\/bladnanews.com\\\/wp-content\\\/uploads\\\/2026\\\/01\\\/BladnaNews-Monaco-say-Paul-Pogba-plan-not-working-after-injury-setback-2026-01-15T051020.265Z.jpg\",\"articleSection\":[\"International\",\"Latest News\"],\"inLanguage\":\"fr-FR\",\"copyrightYear\":\"2026\",\"copyrightHolder\":{\"@id\":\"https:\\\/\\\/bladnanews.com\\\/fr\\\/#organization\"}},{\"@type\":\"WebPage\",\"@id\":\"https:\\\/\\\/bladnanews.com\\\/monaco-say-paul-pogba-plan-not-working-after-injury-setback\\\/\",\"url\":\"https:\\\/\\\/bladnanews.com\\\/monaco-say-paul-pogba-plan-not-working-after-injury-setback\\\/\",\"name\":\"Monaco say Paul Pogba plan not working after injury setback - Bladna News\",\"isPartOf\":{\"@id\":\"https:\\\/\\\/mediumseagreen-eel-531711.hostingersite.com\\\/#website\"},\"primaryImageOfPage\":{\"@id\":\"https:\\\/\\\/bladnanews.com\\\/monaco-say-paul-pogba-plan-not-working-after-injury-setback\\\/#primaryimage\"},\"image\":{\"@id\":\"https:\\\/\\\/bladnanews.com\\\/monaco-say-paul-pogba-plan-not-working-after-injury-setback\\\/#primaryimage\"},\"thumbnailUrl\":\"https:\\\/\\\/bladnanews.com\\\/wp-content\\\/uploads\\\/2026\\\/01\\\/BladnaNews-Monaco-say-Paul-Pogba-plan-not-working-after-injury-setback-2026-01-15T051020.265Z.jpg\",\"datePublished\":\"2026-01-14T16:22:25+00:00\",\"breadcrumb\":{\"@id\":\"https:\\\/\\\/bladnanews.com\\\/monaco-say-paul-pogba-plan-not-working-after-injury-setback\\\/#breadcrumb\"},\"inLanguage\":\"fr-FR\",\"potentialAction\":[{\"@type\":\"ReadAction\",\"target\":[\"https:\\\/\\\/bladnanews.com\\\/monaco-say-paul-pogba-plan-not-working-after-injury-setback\\\/\"]}]},{\"@type\":\"ImageObject\",\"inLanguage\":\"fr-FR\",\"@id\":\"https:\\\/\\\/bladnanews.com\\\/monaco-say-paul-pogba-plan-not-working-after-injury-setback\\\/#primaryimage\",\"url\":\"https:\\\/\\\/bladnanews.com\\\/wp-content\\\/uploads\\\/2026\\\/01\\\/BladnaNews-Monaco-say-Paul-Pogba-plan-not-working-after-injury-setback-2026-01-15T051020.265Z.jpg\",\"contentUrl\":\"https:\\\/\\\/bladnanews.com\\\/wp-content\\\/uploads\\\/2026\\\/01\\\/BladnaNews-Monaco-say-Paul-Pogba-plan-not-working-after-injury-setback-2026-01-15T051020.265Z.jpg\",\"width\":1978,\"height\":1113,\"caption\":\"Paul Pogba in a red AS Monaco training kit, looking contemplative, reflecting on his injury setbacks during the 2026 season.\"},{\"@type\":\"BreadcrumbList\",\"@id\":\"https:\\\/\\\/bladnanews.com\\\/monaco-say-paul-pogba-plan-not-working-after-injury-setback\\\/#breadcrumb\",\"itemListElement\":[{\"@type\":\"ListItem\",\"position\":1,\"name\":\"Home\",\"item\":\"https:\\\/\\\/bladnanews.com\\\/\"},{\"@type\":\"ListItem\",\"position\":2,\"name\":\"Monaco say Paul Pogba plan not working after injury setback\"}]},{\"@type\":\"WebSite\",\"@id\":\"https:\\\/\\\/mediumseagreen-eel-531711.hostingersite.com\\\/#website\",\"url\":\"https:\\\/\\\/mediumseagreen-eel-531711.hostingersite.com\\\/\",\"name\":\"Bladna News - Morocco\",\"description\":\"Where Moroccan Football Meets the World\",\"publisher\":{\"@id\":\"https:\\\/\\\/mediumseagreen-eel-531711.hostingersite.com\\\/#organization\"},\"potentialAction\":[{\"@type\":\"SearchAction\",\"target\":{\"@type\":\"EntryPoint\",\"urlTemplate\":\"https:\\\/\\\/mediumseagreen-eel-531711.hostingersite.com\\\/?s={search_term_string}\"},\"query-input\":{\"@type\":\"PropertyValueSpecification\",\"valueRequired\":true,\"valueName\":\"search_term_string\"}}],\"inLanguage\":\"fr-FR\"},{\"@type\":\"Organization\",\"@id\":\"https:\\\/\\\/mediumseagreen-eel-531711.hostingersite.com\\\/#organization\",\"name\":\"Bladna News.com\",\"url\":\"https:\\\/\\\/mediumseagreen-eel-531711.hostingersite.com\\\/\",\"logo\":{\"@type\":\"ImageObject\",\"inLanguage\":\"fr-FR\",\"@id\":\"https:\\\/\\\/mediumseagreen-eel-531711.hostingersite.com\\\/#\\\/schema\\\/logo\\\/image\\\/\",\"url\":\"https:\\\/\\\/bladnanews.com\\\/wp-content\\\/uploads\\\/2025\\\/12\\\/logo-bladnanews-V2-web-black-red.png\",\"contentUrl\":\"https:\\\/\\\/bladnanews.com\\\/wp-content\\\/uploads\\\/2025\\\/12\\\/logo-bladnanews-V2-web-black-red.png\",\"width\":703,\"height\":287,\"caption\":\"Bladna News.com\"},\"image\":{\"@id\":\"https:\\\/\\\/mediumseagreen-eel-531711.hostingersite.com\\\/#\\\/schema\\\/logo\\\/image\\\/\"},\"email\":\"info@bladnanews.com\",\"legalName\":\"Bladna News\"},{\"@type\":\"Person\",\"@id\":\"https:\\\/\\\/mediumseagreen-eel-531711.hostingersite.com\\\/#\\\/schema\\\/person\\\/268e18a453ab080ebf76df6ef7845083\",\"name\":\"Bladna News Staff\",\"url\":\"https:\\\/\\\/bladnanews.com\\\/fr\\\/author\\\/bladna-news-staff\\\/\"}]}<\/script>\n<!-- \/ Yoast SEO Premium plugin. -->","yoast_head_json":{"title":"Monaco d\u00e9clare que le plan Paul Pogba ne fonctionne pas apr\u00e8s un revers de blessure - Bladna News","robots":{"index":"index","follow":"follow","max-snippet":"max-snippet:-1","max-image-preview":"max-image-preview:large","max-video-preview":"max-video-preview:-1"},"canonical":"https:\/\/bladnanews.com\/fr\/monaco-affirme-que-le-plan-pour-paul-pogba-ne-fonctionne-pas-apres-un-revers-du-a-une-blessure\/","og_locale":"fr_FR","og_type":"article","og_title":"Monaco say Paul Pogba plan not working after injury setback","og_description":"Monaco have conceded that their plan with Paul Pogba \u201cisn\u2019t working out\u201d after the midfielder suffered another injury setback, with [&hellip;]","og_url":"https:\/\/bladnanews.com\/fr\/monaco-affirme-que-le-plan-pour-paul-pogba-ne-fonctionne-pas-apres-un-revers-du-a-une-blessure\/","og_site_name":"Bladna News","article_published_time":"2026-01-14T16:22:25+00:00","og_image":[{"width":1312,"height":736,"url":"https:\/\/bladnanews.com\/wp-content\/uploads\/2025\/12\/freepik__bladna-newscom-moroccan-soccer-homepage-banner-mor__41838.png","type":"image\/png"}],"author":"Bladna News Staff","twitter_card":"summary_large_image","twitter_misc":{"\u00c9crit par":"Bladna News Staff","Dur\u00e9e de lecture estim\u00e9e":"1 minute"},"schema":{"@context":"https:\/\/schema.org","@graph":[{"@type":"Article","@id":"https:\/\/bladnanews.com\/monaco-say-paul-pogba-plan-not-working-after-injury-setback\/#article","isPartOf":{"@id":"https:\/\/bladnanews.com\/monaco-say-paul-pogba-plan-not-working-after-injury-setback\/"},"author":{"name":"Bladna News Staff","@id":"https:\/\/mediumseagreen-eel-531711.hostingersite.com\/#\/schema\/person\/268e18a453ab080ebf76df6ef7845083"},"headline":"Monaco say Paul Pogba plan not working after injury setback","datePublished":"2026-01-14T16:22:25+00:00","mainEntityOfPage":{"@id":"https:\/\/bladnanews.com\/monaco-say-paul-pogba-plan-not-working-after-injury-setback\/"},"wordCount":211,"publisher":{"@id":"https:\/\/mediumseagreen-eel-531711.hostingersite.com\/#organization"},"image":{"@id":"https:\/\/bladnanews.com\/monaco-say-paul-pogba-plan-not-working-after-injury-setback\/#primaryimage"},"thumbnailUrl":"https:\/\/bladnanews.com\/wp-content\/uploads\/2026\/01\/BladnaNews-Monaco-say-Paul-Pogba-plan-not-working-after-injury-setback-2026-01-15T051020.265Z.jpg","articleSection":["International","Latest News"],"inLanguage":"fr-FR","copyrightYear":"2026","copyrightHolder":{"@id":"https:\/\/bladnanews.com\/fr\/#organization"}},{"@type":"WebPage","@id":"https:\/\/bladnanews.com\/monaco-say-paul-pogba-plan-not-working-after-injury-setback\/","url":"https:\/\/bladnanews.com\/monaco-say-paul-pogba-plan-not-working-after-injury-setback\/","name":"Monaco d\u00e9clare que le plan Paul Pogba ne fonctionne pas apr\u00e8s un revers de blessure - Bladna News","isPartOf":{"@id":"https:\/\/mediumseagreen-eel-531711.hostingersite.com\/#website"},"primaryImageOfPage":{"@id":"https:\/\/bladnanews.com\/monaco-say-paul-pogba-plan-not-working-after-injury-setback\/#primaryimage"},"image":{"@id":"https:\/\/bladnanews.com\/monaco-say-paul-pogba-plan-not-working-after-injury-setback\/#primaryimage"},"thumbnailUrl":"https:\/\/bladnanews.com\/wp-content\/uploads\/2026\/01\/BladnaNews-Monaco-say-Paul-Pogba-plan-not-working-after-injury-setback-2026-01-15T051020.265Z.jpg","datePublished":"2026-01-14T16:22:25+00:00","breadcrumb":{"@id":"https:\/\/bladnanews.com\/monaco-say-paul-pogba-plan-not-working-after-injury-setback\/#breadcrumb"},"inLanguage":"fr-FR","potentialAction":[{"@type":"ReadAction","target":["https:\/\/bladnanews.com\/monaco-say-paul-pogba-plan-not-working-after-injury-setback\/"]}]},{"@type":"ImageObject","inLanguage":"fr-FR","@id":"https:\/\/bladnanews.com\/monaco-say-paul-pogba-plan-not-working-after-injury-setback\/#primaryimage","url":"https:\/\/bladnanews.com\/wp-content\/uploads\/2026\/01\/BladnaNews-Monaco-say-Paul-Pogba-plan-not-working-after-injury-setback-2026-01-15T051020.265Z.jpg","contentUrl":"https:\/\/bladnanews.com\/wp-content\/uploads\/2026\/01\/BladnaNews-Monaco-say-Paul-Pogba-plan-not-working-after-injury-setback-2026-01-15T051020.265Z.jpg","width":1978,"height":1113,"caption":"Paul Pogba in a red AS Monaco training kit, looking contemplative, reflecting on his injury setbacks during the 2026 season."},{"@type":"BreadcrumbList","@id":"https:\/\/bladnanews.com\/monaco-say-paul-pogba-plan-not-working-after-injury-setback\/#breadcrumb","itemListElement":[{"@type":"ListItem","position":1,"name":"Home","item":"https:\/\/bladnanews.com\/"},{"@type":"ListItem","position":2,"name":"Monaco say Paul Pogba plan not working after injury setback"}]},{"@type":"WebSite","@id":"https:\/\/mediumseagreen-eel-531711.hostingersite.com\/#website","url":"https:\/\/mediumseagreen-eel-531711.hostingersite.com\/","name":"Bladna News - Maroc","description":"Quand le football marocain rencontre le monde","publisher":{"@id":"https:\/\/mediumseagreen-eel-531711.hostingersite.com\/#organization"},"potentialAction":[{"@type":"SearchAction","target":{"@type":"EntryPoint","urlTemplate":"https:\/\/mediumseagreen-eel-531711.hostingersite.com\/?s={search_term_string}"},"query-input":{"@type":"PropertyValueSpecification","valueRequired":true,"valueName":"search_term_string"}}],"inLanguage":"fr-FR"},{"@type":"Organization","@id":"https:\/\/mediumseagreen-eel-531711.hostingersite.com\/#organization","name":"Bladna News.com","url":"https:\/\/mediumseagreen-eel-531711.hostingersite.com\/","logo":{"@type":"ImageObject","inLanguage":"fr-FR","@id":"https:\/\/mediumseagreen-eel-531711.hostingersite.com\/#\/schema\/logo\/image\/","url":"https:\/\/bladnanews.com\/wp-content\/uploads\/2025\/12\/logo-bladnanews-V2-web-black-red.png","contentUrl":"https:\/\/bladnanews.com\/wp-content\/uploads\/2025\/12\/logo-bladnanews-V2-web-black-red.png","width":703,"height":287,"caption":"Bladna News.com"},"image":{"@id":"https:\/\/mediumseagreen-eel-531711.hostingersite.com\/#\/schema\/logo\/image\/"},"email":"info@bladnanews.com","legalName":"Bladna News"},{"@type":"Person","@id":"https:\/\/mediumseagreen-eel-531711.hostingersite.com\/#\/schema\/person\/268e18a453ab080ebf76df6ef7845083","name":"\u00c9quipe r\u00e9dactionnelle de Bladna News","url":"https:\/\/bladnanews.com\/fr\/author\/bladna-news-staff\/"}]}},"_links":{"self":[{"href":"https:\/\/bladnanews.com\/fr\/wp-json\/wp\/v2\/posts\/6234","targetHints":{"allow":["GET"]}}],"collection":[{"href":"https:\/\/bladnanews.com\/fr\/wp-json\/wp\/v2\/posts"}],"about":[{"href":"https:\/\/bladnanews.com\/fr\/wp-json\/wp\/v2\/types\/post"}],"author":[{"embeddable":true,"href":"https:\/\/bladnanews.com\/fr\/wp-json\/wp\/v2\/users\/3"}],"replies":[{"embeddable":true,"href":"https:\/\/bladnanews.com\/fr\/wp-json\/wp\/v2\/comments?post=6234"}],"version-history":[{"count":0,"href":"https:\/\/bladnanews.com\/fr\/wp-json\/wp\/v2\/posts\/6234\/revisions"}],"wp:featuredmedia":[{"embeddable":true,"href":"https:\/\/bladnanews.com\/fr\/wp-json\/wp\/v2\/media\/6233"}],"wp:attachment":[{"href":"https:\/\/bladnanews.com\/fr\/wp-json\/wp\/v2\/media?parent=6234"}],"wp:term":[{"taxonomy":"category","embeddable":true,"href":"https:\/\/bladnanews.com\/fr\/wp-json\/wp\/v2\/categories?post=6234"},{"taxonomy":"post_tag","embeddable":true,"href":"https:\/\/bladnanews.com\/fr\/wp-json\/wp\/v2\/tags?post=6234"}],"curies":[{"name":"wp","href":"https:\/\/api.w.org\/{rel}","templated":true}]}}