{"id":6236,"date":"2026-01-14T17:04:15","date_gmt":"2026-01-14T17:04:15","guid":{"rendered":"https:\/\/bladnanews.com\/monaco-star-folarin-balogun-ready-for-us-world-cup-moment\/"},"modified":"2026-01-14T17:04:15","modified_gmt":"2026-01-14T17:04:15","slug":"la-star-monegasque-folarin-balogun-prete-pour-son-moment-en-coupe-du-monde-avec-les-etats-unis","status":"publish","type":"post","link":"https:\/\/bladnanews.com\/fr\/la-star-monegasque-folarin-balogun-prete-pour-son-moment-en-coupe-du-monde-avec-les-etats-unis\/","title":{"rendered":"La star de Monaco, Folarin Balogun, pr\u00eate pour son moment Coupe du Monde avec les \u00c9tats-Unis"},"content":{"rendered":"<p>Le parcours de Folarin Balogun pour devenir l'un des attaquants cl\u00e9s de l'\u00e9quipe nationale am\u00e9ricaine (USMNT) n'a pas suivi le sc\u00e9nario habituel, mais son entourage a toujours estim\u00e9 qu'il \u00e9tait taill\u00e9 pour les plus grandes sc\u00e8nes. D\u00e9sormais \u00e0 Monaco et sur le point de vivre un nouveau test international majeur, le joueur de 22 ans se rapproche du moment Coupe du monde qui a \u201c toujours \u00e9t\u00e9 \u00e0 son horizon \u201d.<\/p>\n<p>Balogun est n\u00e9 \u00e0 New York mais a grandi en Angleterre, o\u00f9 il a \u00e9t\u00e9 form\u00e9 \u00e0 l'acad\u00e9mie d'Arsenal et s'est forg\u00e9 une premi\u00e8re r\u00e9putation de finisseur impitoyable. D\u00e9j\u00e0 \u00e0 l'\u00e9poque, ses entra\u00eeneurs voyaient en lui un attaquant \u00e0 l'aise sous la pression, quelqu'un qui recherchait la responsabilit\u00e9 et r\u00e9clamait le ballon dans les moments d\u00e9cisifs. Cette conviction n'a fait que grandir \u00e0 mesure que sa carri\u00e8re prenait de l'ampleur.<\/p>\n<p>Sa saison de r\u00e9v\u00e9lation s'est d\u00e9roul\u00e9e en pr\u00eat \u00e0 Reims, o\u00f9 il a inscrit de nombreux buts en Ligue 1 et a d\u00e9montr\u00e9 sa capacit\u00e9 \u00e0 mener la ligne face \u00e0 des d\u00e9fenseurs de haut niveau. Ce passage l'a fait conna\u00eetre \u00e0 travers l'Europe et a plac\u00e9 son avenir international au c\u0153ur des d\u00e9bats, les \u00c9tats-Unis et l'Angleterre suivant de pr\u00e8s ses d\u00e9cisions.<\/p>\n<p>Balogun a finalement choisi les \u00c9tats-Unis, s'engageant avec l'USMNT et devenant rapidement une option importante en attaque. Son entourage proche du groupe d\u00e9crit un joueur qui s'est imm\u00e9diatement int\u00e9gr\u00e9, anim\u00e9 par un objectif clair : laisser sa marque au plus haut niveau. Balogun a depuis clairement indiqu\u00e9 qu'il n'\u00e9tait pas dans l'effectif pour simplement faire du nombre.<\/p>\n<p>Cette ambition l'a suivi dans le chapitre suivant de sa carri\u00e8re en club. Apr\u00e8s avoir quitt\u00e9 Arsenal, Balogun a rejoint Monaco, un transfert qui lui a offert une plateforme en Ligue 1 et en comp\u00e9titions europ\u00e9ennes, ainsi qu'une nouvelle opportunit\u00e9 de d\u00e9velopper son jeu complet. \u00c0 Monaco, il continue d'\u00e9voluer en tant que num\u00e9ro 9 moderne, alliant des appels de balle percutants dans la surface au volume de travail n\u00e9cessaire pour initier le pressing.<\/p>\n<p>Ce qui a toujours frapp\u00e9, c'est la mani\u00e8re dont Balogun \u00e9voque les grandes comp\u00e9titions. La Coupe du monde n'est pas pour lui un r\u00eave lointain, mais un objectif qu'il cultive depuis des ann\u00e9es. Ceux qui connaissent son parcours affirment que cet \u00e9tat d'esprit l'a fa\u00e7onn\u00e9, du football en acad\u00e9mie \u00e0 son ascension en France, jusqu'\u00e0 la sc\u00e8ne internationale avec l'USMNT.<\/p>\n<p>Alors que les \u00c9tats-Unis cherchent \u00e0 gagner en dynamisme et en clart\u00e9 offensive, Balogun aborde cette p\u00e9riode en sachant que les attentes l'accompagneront. Pour un attaquant qui a toujours vis\u00e9 haut, cela ressemble au genre de moment pour lequel il s'est pr\u00e9par\u00e9 depuis le d\u00e9but.<\/p>","protected":false},"excerpt":{"rendered":"<p>Folarin Balogun\u2019s path to becoming one of the USMNT\u2019s key attackers has not followed the usual script, but those around [&hellip;]<\/p>\n","protected":false},"author":3,"featured_media":6235,"comment_status":"","ping_status":"open","sticky":false,"template":"","format":"standard","meta":{"googlesitekit_rrm_CAow_uzEDA:productID":"","site-sidebar-layout":"default","site-content-layout":"","ast-site-content-layout":"default","site-content-style":"default","site-sidebar-style":"default","ast-global-header-display":"","ast-banner-title-visibility":"","ast-main-header-display":"","ast-hfb-above-header-display":"","ast-hfb-below-header-display":"","ast-hfb-mobile-header-display":"","site-post-title":"","ast-breadcrumbs-content":"","ast-featured-img":"","footer-sml-layout":"","ast-disable-related-posts":"","theme-transparent-header-meta":"","adv-header-id-meta":"","stick-header-meta":"","header-above-stick-meta":"","header-main-stick-meta":"","header-below-stick-meta":"","astra-migrate-meta-layouts":"default","ast-page-background-enabled":"default","ast-page-background-meta":{"desktop":{"background-color":"var(--ast-global-color-5)","background-image":"","background-repeat":"repeat","background-position":"center center","background-size":"auto","background-attachment":"scroll","background-type":"","background-media":"","overlay-type":"","overlay-color":"","overlay-opacity":"","overlay-gradient":""},"tablet":{"background-color":"","background-image":"","background-repeat":"repeat","background-position":"center center","background-size":"auto","background-attachment":"scroll","background-type":"","background-media":"","overlay-type":"","overlay-color":"","overlay-opacity":"","overlay-gradient":""},"mobile":{"background-color":"","background-image":"","background-repeat":"repeat","background-position":"center center","background-size":"auto","background-attachment":"scroll","background-type":"","background-media":"","overlay-type":"","overlay-color":"","overlay-opacity":"","overlay-gradient":""}},"ast-content-background-meta":{"desktop":{"background-color":"var(--ast-global-color-4)","background-image":"","background-repeat":"repeat","background-position":"center center","background-size":"auto","background-attachment":"scroll","background-type":"","background-media":"","overlay-type":"","overlay-color":"","overlay-opacity":"","overlay-gradient":""},"tablet":{"background-color":"var(--ast-global-color-4)","background-image":"","background-repeat":"repeat","background-position":"center center","background-size":"auto","background-attachment":"scroll","background-type":"","background-media":"","overlay-type":"","overlay-color":"","overlay-opacity":"","overlay-gradient":""},"mobile":{"background-color":"var(--ast-global-color-4)","background-image":"","background-repeat":"repeat","background-position":"center center","background-size":"auto","background-attachment":"scroll","background-type":"","background-media":"","overlay-type":"","overlay-color":"","overlay-opacity":"","overlay-gradient":""}},"footnotes":""},"categories":[20,1],"tags":[],"class_list":["post-6236","post","type-post","status-publish","format-standard","has-post-thumbnail","hentry","category-international","category-football-latest-news"],"yoast_head":"<!-- This site is optimized with the Yoast SEO Premium plugin v26.6 (Yoast SEO v27.5) - https:\/\/yoast.com\/product\/yoast-seo-premium-wordpress\/ -->\n<title>Monaco star Folarin Balogun ready for US World Cup moment - Bladna News<\/title>\n<meta name=\"robots\" content=\"index, follow, max-snippet:-1, max-image-preview:large, max-video-preview:-1\" \/>\n<link rel=\"canonical\" href=\"https:\/\/bladnanews.com\/fr\/la-star-monegasque-folarin-balogun-prete-pour-son-moment-en-coupe-du-monde-avec-les-etats-unis\/\" \/>\n<meta property=\"og:locale\" content=\"fr_FR\" \/>\n<meta property=\"og:type\" content=\"article\" \/>\n<meta property=\"og:title\" content=\"Monaco star Folarin Balogun ready for US World Cup moment\" \/>\n<meta property=\"og:description\" content=\"Folarin Balogun\u2019s path to becoming one of the USMNT\u2019s key attackers has not followed the usual script, but those around [&hellip;]\" \/>\n<meta property=\"og:url\" content=\"https:\/\/bladnanews.com\/fr\/la-star-monegasque-folarin-balogun-prete-pour-son-moment-en-coupe-du-monde-avec-les-etats-unis\/\" \/>\n<meta property=\"og:site_name\" content=\"Bladna News\" \/>\n<meta property=\"article:published_time\" content=\"2026-01-14T17:04:15+00:00\" \/>\n<meta property=\"og:image\" content=\"https:\/\/bladnanews.com\/wp-content\/uploads\/2025\/12\/freepik__bladna-newscom-moroccan-soccer-homepage-banner-mor__41838.png\" \/>\n\t<meta property=\"og:image:width\" content=\"1312\" \/>\n\t<meta property=\"og:image:height\" content=\"736\" \/>\n\t<meta property=\"og:image:type\" content=\"image\/png\" \/>\n<meta name=\"author\" content=\"Bladna News Staff\" \/>\n<meta name=\"twitter:card\" content=\"summary_large_image\" \/>\n<meta name=\"twitter:label1\" content=\"\u00c9crit par\" \/>\n\t<meta name=\"twitter:data1\" content=\"Bladna News Staff\" \/>\n\t<meta name=\"twitter:label2\" content=\"Dur\u00e9e de lecture estim\u00e9e\" \/>\n\t<meta name=\"twitter:data2\" content=\"2 minutes\" \/>\n<script type=\"application\/ld+json\" class=\"yoast-schema-graph\">{\"@context\":\"https:\\\/\\\/schema.org\",\"@graph\":[{\"@type\":\"Article\",\"@id\":\"https:\\\/\\\/bladnanews.com\\\/monaco-star-folarin-balogun-ready-for-us-world-cup-moment\\\/#article\",\"isPartOf\":{\"@id\":\"https:\\\/\\\/bladnanews.com\\\/monaco-star-folarin-balogun-ready-for-us-world-cup-moment\\\/\"},\"author\":{\"name\":\"Bladna News Staff\",\"@id\":\"https:\\\/\\\/mediumseagreen-eel-531711.hostingersite.com\\\/#\\\/schema\\\/person\\\/268e18a453ab080ebf76df6ef7845083\"},\"headline\":\"Monaco star Folarin Balogun ready for US World Cup moment\",\"datePublished\":\"2026-01-14T17:04:15+00:00\",\"mainEntityOfPage\":{\"@id\":\"https:\\\/\\\/bladnanews.com\\\/monaco-star-folarin-balogun-ready-for-us-world-cup-moment\\\/\"},\"wordCount\":406,\"publisher\":{\"@id\":\"https:\\\/\\\/mediumseagreen-eel-531711.hostingersite.com\\\/#organization\"},\"image\":{\"@id\":\"https:\\\/\\\/bladnanews.com\\\/monaco-star-folarin-balogun-ready-for-us-world-cup-moment\\\/#primaryimage\"},\"thumbnailUrl\":\"https:\\\/\\\/bladnanews.com\\\/wp-content\\\/uploads\\\/2026\\\/01\\\/BladnaNews-Monaco-star-Folarin-Balogun-ready-for-US-World-Cup-moment-2026-01-15T051043.378Z.jpg\",\"articleSection\":[\"International\",\"Latest News\"],\"inLanguage\":\"fr-FR\",\"copyrightYear\":\"2026\",\"copyrightHolder\":{\"@id\":\"https:\\\/\\\/bladnanews.com\\\/fr\\\/#organization\"}},{\"@type\":\"WebPage\",\"@id\":\"https:\\\/\\\/bladnanews.com\\\/monaco-star-folarin-balogun-ready-for-us-world-cup-moment\\\/\",\"url\":\"https:\\\/\\\/bladnanews.com\\\/monaco-star-folarin-balogun-ready-for-us-world-cup-moment\\\/\",\"name\":\"Monaco star Folarin Balogun ready for US World Cup moment - Bladna News\",\"isPartOf\":{\"@id\":\"https:\\\/\\\/mediumseagreen-eel-531711.hostingersite.com\\\/#website\"},\"primaryImageOfPage\":{\"@id\":\"https:\\\/\\\/bladnanews.com\\\/monaco-star-folarin-balogun-ready-for-us-world-cup-moment\\\/#primaryimage\"},\"image\":{\"@id\":\"https:\\\/\\\/bladnanews.com\\\/monaco-star-folarin-balogun-ready-for-us-world-cup-moment\\\/#primaryimage\"},\"thumbnailUrl\":\"https:\\\/\\\/bladnanews.com\\\/wp-content\\\/uploads\\\/2026\\\/01\\\/BladnaNews-Monaco-star-Folarin-Balogun-ready-for-US-World-Cup-moment-2026-01-15T051043.378Z.jpg\",\"datePublished\":\"2026-01-14T17:04:15+00:00\",\"breadcrumb\":{\"@id\":\"https:\\\/\\\/bladnanews.com\\\/monaco-star-folarin-balogun-ready-for-us-world-cup-moment\\\/#breadcrumb\"},\"inLanguage\":\"fr-FR\",\"potentialAction\":[{\"@type\":\"ReadAction\",\"target\":[\"https:\\\/\\\/bladnanews.com\\\/monaco-star-folarin-balogun-ready-for-us-world-cup-moment\\\/\"]}]},{\"@type\":\"ImageObject\",\"inLanguage\":\"fr-FR\",\"@id\":\"https:\\\/\\\/bladnanews.com\\\/monaco-star-folarin-balogun-ready-for-us-world-cup-moment\\\/#primaryimage\",\"url\":\"https:\\\/\\\/bladnanews.com\\\/wp-content\\\/uploads\\\/2026\\\/01\\\/BladnaNews-Monaco-star-Folarin-Balogun-ready-for-US-World-Cup-moment-2026-01-15T051043.378Z.jpg\",\"contentUrl\":\"https:\\\/\\\/bladnanews.com\\\/wp-content\\\/uploads\\\/2026\\\/01\\\/BladnaNews-Monaco-star-Folarin-Balogun-ready-for-US-World-Cup-moment-2026-01-15T051043.378Z.jpg\",\"width\":1920,\"height\":1080,\"caption\":\"Folarin Balogun celebrates in the US national team kit, set against a vibrant red and blue backdrop with stars, embodying excitement for the 2026 World Cup.\"},{\"@type\":\"BreadcrumbList\",\"@id\":\"https:\\\/\\\/bladnanews.com\\\/monaco-star-folarin-balogun-ready-for-us-world-cup-moment\\\/#breadcrumb\",\"itemListElement\":[{\"@type\":\"ListItem\",\"position\":1,\"name\":\"Home\",\"item\":\"https:\\\/\\\/bladnanews.com\\\/\"},{\"@type\":\"ListItem\",\"position\":2,\"name\":\"Monaco star Folarin Balogun ready for US World Cup moment\"}]},{\"@type\":\"WebSite\",\"@id\":\"https:\\\/\\\/mediumseagreen-eel-531711.hostingersite.com\\\/#website\",\"url\":\"https:\\\/\\\/mediumseagreen-eel-531711.hostingersite.com\\\/\",\"name\":\"Bladna News - Morocco\",\"description\":\"Where Moroccan Football Meets the World\",\"publisher\":{\"@id\":\"https:\\\/\\\/mediumseagreen-eel-531711.hostingersite.com\\\/#organization\"},\"potentialAction\":[{\"@type\":\"SearchAction\",\"target\":{\"@type\":\"EntryPoint\",\"urlTemplate\":\"https:\\\/\\\/mediumseagreen-eel-531711.hostingersite.com\\\/?s={search_term_string}\"},\"query-input\":{\"@type\":\"PropertyValueSpecification\",\"valueRequired\":true,\"valueName\":\"search_term_string\"}}],\"inLanguage\":\"fr-FR\"},{\"@type\":\"Organization\",\"@id\":\"https:\\\/\\\/mediumseagreen-eel-531711.hostingersite.com\\\/#organization\",\"name\":\"Bladna News.com\",\"url\":\"https:\\\/\\\/mediumseagreen-eel-531711.hostingersite.com\\\/\",\"logo\":{\"@type\":\"ImageObject\",\"inLanguage\":\"fr-FR\",\"@id\":\"https:\\\/\\\/mediumseagreen-eel-531711.hostingersite.com\\\/#\\\/schema\\\/logo\\\/image\\\/\",\"url\":\"https:\\\/\\\/bladnanews.com\\\/wp-content\\\/uploads\\\/2025\\\/12\\\/logo-bladnanews-V2-web-black-red.png\",\"contentUrl\":\"https:\\\/\\\/bladnanews.com\\\/wp-content\\\/uploads\\\/2025\\\/12\\\/logo-bladnanews-V2-web-black-red.png\",\"width\":703,\"height\":287,\"caption\":\"Bladna News.com\"},\"image\":{\"@id\":\"https:\\\/\\\/mediumseagreen-eel-531711.hostingersite.com\\\/#\\\/schema\\\/logo\\\/image\\\/\"},\"email\":\"info@bladnanews.com\",\"legalName\":\"Bladna News\"},{\"@type\":\"Person\",\"@id\":\"https:\\\/\\\/mediumseagreen-eel-531711.hostingersite.com\\\/#\\\/schema\\\/person\\\/268e18a453ab080ebf76df6ef7845083\",\"name\":\"Bladna News Staff\",\"url\":\"https:\\\/\\\/bladnanews.com\\\/fr\\\/author\\\/bladna-news-staff\\\/\"}]}<\/script>\n<!-- \/ Yoast SEO Premium plugin. -->","yoast_head_json":{"title":"La star mon\u00e9gasque Folarin Balogun pr\u00eate pour son moment de Coupe du Monde avec les \u00c9tats-Unis - Bladna News","robots":{"index":"index","follow":"follow","max-snippet":"max-snippet:-1","max-image-preview":"max-image-preview:large","max-video-preview":"max-video-preview:-1"},"canonical":"https:\/\/bladnanews.com\/fr\/la-star-monegasque-folarin-balogun-prete-pour-son-moment-en-coupe-du-monde-avec-les-etats-unis\/","og_locale":"fr_FR","og_type":"article","og_title":"Monaco star Folarin Balogun ready for US World Cup moment","og_description":"Folarin Balogun\u2019s path to becoming one of the USMNT\u2019s key attackers has not followed the usual script, but those around [&hellip;]","og_url":"https:\/\/bladnanews.com\/fr\/la-star-monegasque-folarin-balogun-prete-pour-son-moment-en-coupe-du-monde-avec-les-etats-unis\/","og_site_name":"Bladna News","article_published_time":"2026-01-14T17:04:15+00:00","og_image":[{"width":1312,"height":736,"url":"https:\/\/bladnanews.com\/wp-content\/uploads\/2025\/12\/freepik__bladna-newscom-moroccan-soccer-homepage-banner-mor__41838.png","type":"image\/png"}],"author":"Bladna News Staff","twitter_card":"summary_large_image","twitter_misc":{"\u00c9crit par":"Bladna News Staff","Dur\u00e9e de lecture estim\u00e9e":"2 minutes"},"schema":{"@context":"https:\/\/schema.org","@graph":[{"@type":"Article","@id":"https:\/\/bladnanews.com\/monaco-star-folarin-balogun-ready-for-us-world-cup-moment\/#article","isPartOf":{"@id":"https:\/\/bladnanews.com\/monaco-star-folarin-balogun-ready-for-us-world-cup-moment\/"},"author":{"name":"Bladna News Staff","@id":"https:\/\/mediumseagreen-eel-531711.hostingersite.com\/#\/schema\/person\/268e18a453ab080ebf76df6ef7845083"},"headline":"Monaco star Folarin Balogun ready for US World Cup moment","datePublished":"2026-01-14T17:04:15+00:00","mainEntityOfPage":{"@id":"https:\/\/bladnanews.com\/monaco-star-folarin-balogun-ready-for-us-world-cup-moment\/"},"wordCount":406,"publisher":{"@id":"https:\/\/mediumseagreen-eel-531711.hostingersite.com\/#organization"},"image":{"@id":"https:\/\/bladnanews.com\/monaco-star-folarin-balogun-ready-for-us-world-cup-moment\/#primaryimage"},"thumbnailUrl":"https:\/\/bladnanews.com\/wp-content\/uploads\/2026\/01\/BladnaNews-Monaco-star-Folarin-Balogun-ready-for-US-World-Cup-moment-2026-01-15T051043.378Z.jpg","articleSection":["International","Latest News"],"inLanguage":"fr-FR","copyrightYear":"2026","copyrightHolder":{"@id":"https:\/\/bladnanews.com\/fr\/#organization"}},{"@type":"WebPage","@id":"https:\/\/bladnanews.com\/monaco-star-folarin-balogun-ready-for-us-world-cup-moment\/","url":"https:\/\/bladnanews.com\/monaco-star-folarin-balogun-ready-for-us-world-cup-moment\/","name":"La star mon\u00e9gasque Folarin Balogun pr\u00eate pour son moment de Coupe du Monde avec les \u00c9tats-Unis - Bladna News","isPartOf":{"@id":"https:\/\/mediumseagreen-eel-531711.hostingersite.com\/#website"},"primaryImageOfPage":{"@id":"https:\/\/bladnanews.com\/monaco-star-folarin-balogun-ready-for-us-world-cup-moment\/#primaryimage"},"image":{"@id":"https:\/\/bladnanews.com\/monaco-star-folarin-balogun-ready-for-us-world-cup-moment\/#primaryimage"},"thumbnailUrl":"https:\/\/bladnanews.com\/wp-content\/uploads\/2026\/01\/BladnaNews-Monaco-star-Folarin-Balogun-ready-for-US-World-Cup-moment-2026-01-15T051043.378Z.jpg","datePublished":"2026-01-14T17:04:15+00:00","breadcrumb":{"@id":"https:\/\/bladnanews.com\/monaco-star-folarin-balogun-ready-for-us-world-cup-moment\/#breadcrumb"},"inLanguage":"fr-FR","potentialAction":[{"@type":"ReadAction","target":["https:\/\/bladnanews.com\/monaco-star-folarin-balogun-ready-for-us-world-cup-moment\/"]}]},{"@type":"ImageObject","inLanguage":"fr-FR","@id":"https:\/\/bladnanews.com\/monaco-star-folarin-balogun-ready-for-us-world-cup-moment\/#primaryimage","url":"https:\/\/bladnanews.com\/wp-content\/uploads\/2026\/01\/BladnaNews-Monaco-star-Folarin-Balogun-ready-for-US-World-Cup-moment-2026-01-15T051043.378Z.jpg","contentUrl":"https:\/\/bladnanews.com\/wp-content\/uploads\/2026\/01\/BladnaNews-Monaco-star-Folarin-Balogun-ready-for-US-World-Cup-moment-2026-01-15T051043.378Z.jpg","width":1920,"height":1080,"caption":"Folarin Balogun celebrates in the US national team kit, set against a vibrant red and blue backdrop with stars, embodying excitement for the 2026 World Cup."},{"@type":"BreadcrumbList","@id":"https:\/\/bladnanews.com\/monaco-star-folarin-balogun-ready-for-us-world-cup-moment\/#breadcrumb","itemListElement":[{"@type":"ListItem","position":1,"name":"Home","item":"https:\/\/bladnanews.com\/"},{"@type":"ListItem","position":2,"name":"Monaco star Folarin Balogun ready for US World Cup moment"}]},{"@type":"WebSite","@id":"https:\/\/mediumseagreen-eel-531711.hostingersite.com\/#website","url":"https:\/\/mediumseagreen-eel-531711.hostingersite.com\/","name":"Bladna News - Maroc","description":"Quand le football marocain rencontre le monde","publisher":{"@id":"https:\/\/mediumseagreen-eel-531711.hostingersite.com\/#organization"},"potentialAction":[{"@type":"SearchAction","target":{"@type":"EntryPoint","urlTemplate":"https:\/\/mediumseagreen-eel-531711.hostingersite.com\/?s={search_term_string}"},"query-input":{"@type":"PropertyValueSpecification","valueRequired":true,"valueName":"search_term_string"}}],"inLanguage":"fr-FR"},{"@type":"Organization","@id":"https:\/\/mediumseagreen-eel-531711.hostingersite.com\/#organization","name":"Bladna News.com","url":"https:\/\/mediumseagreen-eel-531711.hostingersite.com\/","logo":{"@type":"ImageObject","inLanguage":"fr-FR","@id":"https:\/\/mediumseagreen-eel-531711.hostingersite.com\/#\/schema\/logo\/image\/","url":"https:\/\/bladnanews.com\/wp-content\/uploads\/2025\/12\/logo-bladnanews-V2-web-black-red.png","contentUrl":"https:\/\/bladnanews.com\/wp-content\/uploads\/2025\/12\/logo-bladnanews-V2-web-black-red.png","width":703,"height":287,"caption":"Bladna News.com"},"image":{"@id":"https:\/\/mediumseagreen-eel-531711.hostingersite.com\/#\/schema\/logo\/image\/"},"email":"info@bladnanews.com","legalName":"Bladna News"},{"@type":"Person","@id":"https:\/\/mediumseagreen-eel-531711.hostingersite.com\/#\/schema\/person\/268e18a453ab080ebf76df6ef7845083","name":"\u00c9quipe r\u00e9dactionnelle de Bladna News","url":"https:\/\/bladnanews.com\/fr\/author\/bladna-news-staff\/"}]}},"_links":{"self":[{"href":"https:\/\/bladnanews.com\/fr\/wp-json\/wp\/v2\/posts\/6236","targetHints":{"allow":["GET"]}}],"collection":[{"href":"https:\/\/bladnanews.com\/fr\/wp-json\/wp\/v2\/posts"}],"about":[{"href":"https:\/\/bladnanews.com\/fr\/wp-json\/wp\/v2\/types\/post"}],"author":[{"embeddable":true,"href":"https:\/\/bladnanews.com\/fr\/wp-json\/wp\/v2\/users\/3"}],"replies":[{"embeddable":true,"href":"https:\/\/bladnanews.com\/fr\/wp-json\/wp\/v2\/comments?post=6236"}],"version-history":[{"count":0,"href":"https:\/\/bladnanews.com\/fr\/wp-json\/wp\/v2\/posts\/6236\/revisions"}],"wp:featuredmedia":[{"embeddable":true,"href":"https:\/\/bladnanews.com\/fr\/wp-json\/wp\/v2\/media\/6235"}],"wp:attachment":[{"href":"https:\/\/bladnanews.com\/fr\/wp-json\/wp\/v2\/media?parent=6236"}],"wp:term":[{"taxonomy":"category","embeddable":true,"href":"https:\/\/bladnanews.com\/fr\/wp-json\/wp\/v2\/categories?post=6236"},{"taxonomy":"post_tag","embeddable":true,"href":"https:\/\/bladnanews.com\/fr\/wp-json\/wp\/v2\/tags?post=6236"}],"curies":[{"name":"wp","href":"https:\/\/api.w.org\/{rel}","templated":true}]}}