{"id":6253,"date":"2026-01-14T19:11:46","date_gmt":"2026-01-14T19:11:46","guid":{"rendered":"https:\/\/bladnanews.com\/arsenal-stance-on-ethan-nwaneri-loan-amid-west-ham-interest\/"},"modified":"2026-01-14T19:11:46","modified_gmt":"2026-01-14T19:11:46","slug":"position-de-larsenal-sur-le-pret-dethan-nwaneri-dans-le-contexte-de-linteret-de-west-ham","status":"publish","type":"post","link":"https:\/\/bladnanews.com\/fr\/position-de-larsenal-sur-le-pret-dethan-nwaneri-dans-le-contexte-de-linteret-de-west-ham\/","title":{"rendered":"Position d'Arsenal sur le pr\u00eat d'Ethan Nwaneri malgr\u00e9 l'int\u00e9r\u00eat de West Ham"},"content":{"rendered":"<p>Arsenal ne pr\u00e9voit pas de pr\u00eater Ethan Nwaneri en janvier, malgr\u00e9 l'int\u00e9r\u00eat croissant de rivaux de Premier League, West Ham figurant parmi les clubs qui suivent de pr\u00e8s l'adolescent.<\/p>\n<p>Plusieurs \u00e9quipes se sont renseign\u00e9es sur la situation de Nwaneri \u00e0 l'approche du mercato hivernal, mais la position d'Arsenal est claire : le club souhaite que ce jeune tr\u00e8s prometteur reste \u00e0 Londres-Nord au sein de l'effectif de Mikel Arteta.<\/p>\n<p>West Ham serait en t\u00eate des formations ayant exprim\u00e9 leur int\u00e9r\u00eat, l'\u00e9quipe de Graham Potter \u00e9tudiant des options pour renforcer son secteur offensif en seconde partie de saison. Cependant, Arsenal n'a actuellement aucune intention de laisser Nwaneri partir en pr\u00eat.<\/p>\n<p>En interne, le joueur de 17 ans est consid\u00e9r\u00e9 comme l'un des talents les plus brillants du centre de formation du club. Arsenal estime que son d\u00e9veloppement sera optimal en continuant \u00e0 s'entra\u00eener et \u00e0 \u00e9voluer aux c\u00f4t\u00e9s de l'\u00e9quipe premi\u00e8re, plut\u00f4t que de partir en pr\u00eat.<\/p>\n<p>Nwaneri a d\u00e9j\u00e0 retenu l'attention par son sang-froid sur le ballon et sa capacit\u00e9 \u00e0 influencer le jeu dans le dernier tiers du terrain. La position d'Arsenal refl\u00e8te la conviction qu'il pourra jouer un r\u00f4le plus important au fil de la saison.<\/p>\n<p>\u00c0 l'approche du mercato de janvier et face \u00e0 l'int\u00e9r\u00eat grandissant, Arsenal devrait rester ferme, laissant les pr\u00e9tendants \u00e9ventuels se tourner vers d'autres cibles s'ils ne parviennent pas \u00e0 faire changer le club d'avis.<\/p>","protected":false},"excerpt":{"rendered":"<p>Arsenal are not planning to loan out Ethan Nwaneri in January, despite growing interest from Premier League rivals, with West [&hellip;]<\/p>\n","protected":false},"author":3,"featured_media":6252,"comment_status":"","ping_status":"open","sticky":false,"template":"","format":"standard","meta":{"googlesitekit_rrm_CAow_uzEDA:productID":"","site-sidebar-layout":"default","site-content-layout":"","ast-site-content-layout":"default","site-content-style":"default","site-sidebar-style":"default","ast-global-header-display":"","ast-banner-title-visibility":"","ast-main-header-display":"","ast-hfb-above-header-display":"","ast-hfb-below-header-display":"","ast-hfb-mobile-header-display":"","site-post-title":"","ast-breadcrumbs-content":"","ast-featured-img":"","footer-sml-layout":"","ast-disable-related-posts":"","theme-transparent-header-meta":"","adv-header-id-meta":"","stick-header-meta":"","header-above-stick-meta":"","header-main-stick-meta":"","header-below-stick-meta":"","astra-migrate-meta-layouts":"default","ast-page-background-enabled":"default","ast-page-background-meta":{"desktop":{"background-color":"var(--ast-global-color-5)","background-image":"","background-repeat":"repeat","background-position":"center center","background-size":"auto","background-attachment":"scroll","background-type":"","background-media":"","overlay-type":"","overlay-color":"","overlay-opacity":"","overlay-gradient":""},"tablet":{"background-color":"","background-image":"","background-repeat":"repeat","background-position":"center center","background-size":"auto","background-attachment":"scroll","background-type":"","background-media":"","overlay-type":"","overlay-color":"","overlay-opacity":"","overlay-gradient":""},"mobile":{"background-color":"","background-image":"","background-repeat":"repeat","background-position":"center center","background-size":"auto","background-attachment":"scroll","background-type":"","background-media":"","overlay-type":"","overlay-color":"","overlay-opacity":"","overlay-gradient":""}},"ast-content-background-meta":{"desktop":{"background-color":"var(--ast-global-color-4)","background-image":"","background-repeat":"repeat","background-position":"center center","background-size":"auto","background-attachment":"scroll","background-type":"","background-media":"","overlay-type":"","overlay-color":"","overlay-opacity":"","overlay-gradient":""},"tablet":{"background-color":"var(--ast-global-color-4)","background-image":"","background-repeat":"repeat","background-position":"center center","background-size":"auto","background-attachment":"scroll","background-type":"","background-media":"","overlay-type":"","overlay-color":"","overlay-opacity":"","overlay-gradient":""},"mobile":{"background-color":"var(--ast-global-color-4)","background-image":"","background-repeat":"repeat","background-position":"center center","background-size":"auto","background-attachment":"scroll","background-type":"","background-media":"","overlay-type":"","overlay-color":"","overlay-opacity":"","overlay-gradient":""}},"footnotes":""},"categories":[20,1],"tags":[],"class_list":["post-6253","post","type-post","status-publish","format-standard","has-post-thumbnail","hentry","category-international","category-football-latest-news"],"yoast_head":"<!-- This site is optimized with the Yoast SEO Premium plugin v26.6 (Yoast SEO v27.5) - https:\/\/yoast.com\/product\/yoast-seo-premium-wordpress\/ -->\n<title>Arsenal stance on Ethan Nwaneri loan amid West Ham interest - Bladna News<\/title>\n<meta name=\"robots\" content=\"index, follow, max-snippet:-1, max-image-preview:large, max-video-preview:-1\" \/>\n<link rel=\"canonical\" href=\"https:\/\/bladnanews.com\/fr\/position-de-larsenal-sur-le-pret-dethan-nwaneri-dans-le-contexte-de-linteret-de-west-ham\/\" \/>\n<meta property=\"og:locale\" content=\"fr_FR\" \/>\n<meta property=\"og:type\" content=\"article\" \/>\n<meta property=\"og:title\" content=\"Arsenal stance on Ethan Nwaneri loan amid West Ham interest\" \/>\n<meta property=\"og:description\" content=\"Arsenal are not planning to loan out Ethan Nwaneri in January, despite growing interest from Premier League rivals, with West [&hellip;]\" \/>\n<meta property=\"og:url\" content=\"https:\/\/bladnanews.com\/fr\/position-de-larsenal-sur-le-pret-dethan-nwaneri-dans-le-contexte-de-linteret-de-west-ham\/\" \/>\n<meta property=\"og:site_name\" content=\"Bladna News\" \/>\n<meta property=\"article:published_time\" content=\"2026-01-14T19:11:46+00:00\" \/>\n<meta property=\"og:image\" content=\"https:\/\/bladnanews.com\/wp-content\/uploads\/2025\/12\/freepik__bladna-newscom-moroccan-soccer-homepage-banner-mor__41838.png\" \/>\n\t<meta property=\"og:image:width\" content=\"1312\" \/>\n\t<meta property=\"og:image:height\" content=\"736\" \/>\n\t<meta property=\"og:image:type\" content=\"image\/png\" \/>\n<meta name=\"author\" content=\"Bladna News Staff\" \/>\n<meta name=\"twitter:card\" content=\"summary_large_image\" \/>\n<meta name=\"twitter:label1\" content=\"\u00c9crit par\" \/>\n\t<meta name=\"twitter:data1\" content=\"Bladna News Staff\" \/>\n\t<meta name=\"twitter:label2\" content=\"Dur\u00e9e de lecture estim\u00e9e\" \/>\n\t<meta name=\"twitter:data2\" content=\"1 minute\" \/>\n<script type=\"application\/ld+json\" class=\"yoast-schema-graph\">{\"@context\":\"https:\\\/\\\/schema.org\",\"@graph\":[{\"@type\":\"Article\",\"@id\":\"https:\\\/\\\/bladnanews.com\\\/arsenal-stance-on-ethan-nwaneri-loan-amid-west-ham-interest\\\/#article\",\"isPartOf\":{\"@id\":\"https:\\\/\\\/bladnanews.com\\\/arsenal-stance-on-ethan-nwaneri-loan-amid-west-ham-interest\\\/\"},\"author\":{\"name\":\"Bladna News Staff\",\"@id\":\"https:\\\/\\\/mediumseagreen-eel-531711.hostingersite.com\\\/#\\\/schema\\\/person\\\/268e18a453ab080ebf76df6ef7845083\"},\"headline\":\"Arsenal stance on Ethan Nwaneri loan amid West Ham interest\",\"datePublished\":\"2026-01-14T19:11:46+00:00\",\"mainEntityOfPage\":{\"@id\":\"https:\\\/\\\/bladnanews.com\\\/arsenal-stance-on-ethan-nwaneri-loan-amid-west-ham-interest\\\/\"},\"wordCount\":236,\"publisher\":{\"@id\":\"https:\\\/\\\/mediumseagreen-eel-531711.hostingersite.com\\\/#organization\"},\"image\":{\"@id\":\"https:\\\/\\\/bladnanews.com\\\/arsenal-stance-on-ethan-nwaneri-loan-amid-west-ham-interest\\\/#primaryimage\"},\"thumbnailUrl\":\"https:\\\/\\\/bladnanews.com\\\/wp-content\\\/uploads\\\/2026\\\/01\\\/BladnaNews-Arsenal-stance-on-Ethan-Nwaneri-loan-amid-West-Ham-interest-2026-01-15T091115.523Z.jpg\",\"articleSection\":[\"International\",\"Latest News\"],\"inLanguage\":\"fr-FR\",\"copyrightYear\":\"2026\",\"copyrightHolder\":{\"@id\":\"https:\\\/\\\/bladnanews.com\\\/fr\\\/#organization\"}},{\"@type\":\"WebPage\",\"@id\":\"https:\\\/\\\/bladnanews.com\\\/arsenal-stance-on-ethan-nwaneri-loan-amid-west-ham-interest\\\/\",\"url\":\"https:\\\/\\\/bladnanews.com\\\/arsenal-stance-on-ethan-nwaneri-loan-amid-west-ham-interest\\\/\",\"name\":\"Arsenal stance on Ethan Nwaneri loan amid West Ham interest - Bladna News\",\"isPartOf\":{\"@id\":\"https:\\\/\\\/mediumseagreen-eel-531711.hostingersite.com\\\/#website\"},\"primaryImageOfPage\":{\"@id\":\"https:\\\/\\\/bladnanews.com\\\/arsenal-stance-on-ethan-nwaneri-loan-amid-west-ham-interest\\\/#primaryimage\"},\"image\":{\"@id\":\"https:\\\/\\\/bladnanews.com\\\/arsenal-stance-on-ethan-nwaneri-loan-amid-west-ham-interest\\\/#primaryimage\"},\"thumbnailUrl\":\"https:\\\/\\\/bladnanews.com\\\/wp-content\\\/uploads\\\/2026\\\/01\\\/BladnaNews-Arsenal-stance-on-Ethan-Nwaneri-loan-amid-West-Ham-interest-2026-01-15T091115.523Z.jpg\",\"datePublished\":\"2026-01-14T19:11:46+00:00\",\"breadcrumb\":{\"@id\":\"https:\\\/\\\/bladnanews.com\\\/arsenal-stance-on-ethan-nwaneri-loan-amid-west-ham-interest\\\/#breadcrumb\"},\"inLanguage\":\"fr-FR\",\"potentialAction\":[{\"@type\":\"ReadAction\",\"target\":[\"https:\\\/\\\/bladnanews.com\\\/arsenal-stance-on-ethan-nwaneri-loan-amid-west-ham-interest\\\/\"]}]},{\"@type\":\"ImageObject\",\"inLanguage\":\"fr-FR\",\"@id\":\"https:\\\/\\\/bladnanews.com\\\/arsenal-stance-on-ethan-nwaneri-loan-amid-west-ham-interest\\\/#primaryimage\",\"url\":\"https:\\\/\\\/bladnanews.com\\\/wp-content\\\/uploads\\\/2026\\\/01\\\/BladnaNews-Arsenal-stance-on-Ethan-Nwaneri-loan-amid-West-Ham-interest-2026-01-15T091115.523Z.jpg\",\"contentUrl\":\"https:\\\/\\\/bladnanews.com\\\/wp-content\\\/uploads\\\/2026\\\/01\\\/BladnaNews-Arsenal-stance-on-Ethan-Nwaneri-loan-amid-West-Ham-interest-2026-01-15T091115.523Z.jpg\",\"width\":2368,\"height\":1332,\"caption\":\"Arsenal midfielder Ethan Nwaneri in a vibrant red home kit, focused during a match, showcasing his determination and skill.\"},{\"@type\":\"BreadcrumbList\",\"@id\":\"https:\\\/\\\/bladnanews.com\\\/arsenal-stance-on-ethan-nwaneri-loan-amid-west-ham-interest\\\/#breadcrumb\",\"itemListElement\":[{\"@type\":\"ListItem\",\"position\":1,\"name\":\"Home\",\"item\":\"https:\\\/\\\/bladnanews.com\\\/\"},{\"@type\":\"ListItem\",\"position\":2,\"name\":\"Arsenal stance on Ethan Nwaneri loan amid West Ham interest\"}]},{\"@type\":\"WebSite\",\"@id\":\"https:\\\/\\\/mediumseagreen-eel-531711.hostingersite.com\\\/#website\",\"url\":\"https:\\\/\\\/mediumseagreen-eel-531711.hostingersite.com\\\/\",\"name\":\"Bladna News - Morocco\",\"description\":\"Where Moroccan Football Meets the World\",\"publisher\":{\"@id\":\"https:\\\/\\\/mediumseagreen-eel-531711.hostingersite.com\\\/#organization\"},\"potentialAction\":[{\"@type\":\"SearchAction\",\"target\":{\"@type\":\"EntryPoint\",\"urlTemplate\":\"https:\\\/\\\/mediumseagreen-eel-531711.hostingersite.com\\\/?s={search_term_string}\"},\"query-input\":{\"@type\":\"PropertyValueSpecification\",\"valueRequired\":true,\"valueName\":\"search_term_string\"}}],\"inLanguage\":\"fr-FR\"},{\"@type\":\"Organization\",\"@id\":\"https:\\\/\\\/mediumseagreen-eel-531711.hostingersite.com\\\/#organization\",\"name\":\"Bladna News.com\",\"url\":\"https:\\\/\\\/mediumseagreen-eel-531711.hostingersite.com\\\/\",\"logo\":{\"@type\":\"ImageObject\",\"inLanguage\":\"fr-FR\",\"@id\":\"https:\\\/\\\/mediumseagreen-eel-531711.hostingersite.com\\\/#\\\/schema\\\/logo\\\/image\\\/\",\"url\":\"https:\\\/\\\/bladnanews.com\\\/wp-content\\\/uploads\\\/2025\\\/12\\\/logo-bladnanews-V2-web-black-red.png\",\"contentUrl\":\"https:\\\/\\\/bladnanews.com\\\/wp-content\\\/uploads\\\/2025\\\/12\\\/logo-bladnanews-V2-web-black-red.png\",\"width\":703,\"height\":287,\"caption\":\"Bladna News.com\"},\"image\":{\"@id\":\"https:\\\/\\\/mediumseagreen-eel-531711.hostingersite.com\\\/#\\\/schema\\\/logo\\\/image\\\/\"},\"email\":\"info@bladnanews.com\",\"legalName\":\"Bladna News\"},{\"@type\":\"Person\",\"@id\":\"https:\\\/\\\/mediumseagreen-eel-531711.hostingersite.com\\\/#\\\/schema\\\/person\\\/268e18a453ab080ebf76df6ef7845083\",\"name\":\"Bladna News Staff\",\"url\":\"https:\\\/\\\/bladnanews.com\\\/fr\\\/author\\\/bladna-news-staff\\\/\"}]}<\/script>\n<!-- \/ Yoast SEO Premium plugin. -->","yoast_head_json":{"title":"Position d'Arsenal sur le pr\u00eat d'Ethan Nwaneri dans un contexte d'int\u00e9r\u00eat de West Ham - Bladna News","robots":{"index":"index","follow":"follow","max-snippet":"max-snippet:-1","max-image-preview":"max-image-preview:large","max-video-preview":"max-video-preview:-1"},"canonical":"https:\/\/bladnanews.com\/fr\/position-de-larsenal-sur-le-pret-dethan-nwaneri-dans-le-contexte-de-linteret-de-west-ham\/","og_locale":"fr_FR","og_type":"article","og_title":"Arsenal stance on Ethan Nwaneri loan amid West Ham interest","og_description":"Arsenal are not planning to loan out Ethan Nwaneri in January, despite growing interest from Premier League rivals, with West [&hellip;]","og_url":"https:\/\/bladnanews.com\/fr\/position-de-larsenal-sur-le-pret-dethan-nwaneri-dans-le-contexte-de-linteret-de-west-ham\/","og_site_name":"Bladna News","article_published_time":"2026-01-14T19:11:46+00:00","og_image":[{"width":1312,"height":736,"url":"https:\/\/bladnanews.com\/wp-content\/uploads\/2025\/12\/freepik__bladna-newscom-moroccan-soccer-homepage-banner-mor__41838.png","type":"image\/png"}],"author":"Bladna News Staff","twitter_card":"summary_large_image","twitter_misc":{"\u00c9crit par":"Bladna News Staff","Dur\u00e9e de lecture estim\u00e9e":"1 minute"},"schema":{"@context":"https:\/\/schema.org","@graph":[{"@type":"Article","@id":"https:\/\/bladnanews.com\/arsenal-stance-on-ethan-nwaneri-loan-amid-west-ham-interest\/#article","isPartOf":{"@id":"https:\/\/bladnanews.com\/arsenal-stance-on-ethan-nwaneri-loan-amid-west-ham-interest\/"},"author":{"name":"Bladna News Staff","@id":"https:\/\/mediumseagreen-eel-531711.hostingersite.com\/#\/schema\/person\/268e18a453ab080ebf76df6ef7845083"},"headline":"Arsenal stance on Ethan Nwaneri loan amid West Ham interest","datePublished":"2026-01-14T19:11:46+00:00","mainEntityOfPage":{"@id":"https:\/\/bladnanews.com\/arsenal-stance-on-ethan-nwaneri-loan-amid-west-ham-interest\/"},"wordCount":236,"publisher":{"@id":"https:\/\/mediumseagreen-eel-531711.hostingersite.com\/#organization"},"image":{"@id":"https:\/\/bladnanews.com\/arsenal-stance-on-ethan-nwaneri-loan-amid-west-ham-interest\/#primaryimage"},"thumbnailUrl":"https:\/\/bladnanews.com\/wp-content\/uploads\/2026\/01\/BladnaNews-Arsenal-stance-on-Ethan-Nwaneri-loan-amid-West-Ham-interest-2026-01-15T091115.523Z.jpg","articleSection":["International","Latest News"],"inLanguage":"fr-FR","copyrightYear":"2026","copyrightHolder":{"@id":"https:\/\/bladnanews.com\/fr\/#organization"}},{"@type":"WebPage","@id":"https:\/\/bladnanews.com\/arsenal-stance-on-ethan-nwaneri-loan-amid-west-ham-interest\/","url":"https:\/\/bladnanews.com\/arsenal-stance-on-ethan-nwaneri-loan-amid-west-ham-interest\/","name":"Position d'Arsenal sur le pr\u00eat d'Ethan Nwaneri dans un contexte d'int\u00e9r\u00eat de West Ham - Bladna News","isPartOf":{"@id":"https:\/\/mediumseagreen-eel-531711.hostingersite.com\/#website"},"primaryImageOfPage":{"@id":"https:\/\/bladnanews.com\/arsenal-stance-on-ethan-nwaneri-loan-amid-west-ham-interest\/#primaryimage"},"image":{"@id":"https:\/\/bladnanews.com\/arsenal-stance-on-ethan-nwaneri-loan-amid-west-ham-interest\/#primaryimage"},"thumbnailUrl":"https:\/\/bladnanews.com\/wp-content\/uploads\/2026\/01\/BladnaNews-Arsenal-stance-on-Ethan-Nwaneri-loan-amid-West-Ham-interest-2026-01-15T091115.523Z.jpg","datePublished":"2026-01-14T19:11:46+00:00","breadcrumb":{"@id":"https:\/\/bladnanews.com\/arsenal-stance-on-ethan-nwaneri-loan-amid-west-ham-interest\/#breadcrumb"},"inLanguage":"fr-FR","potentialAction":[{"@type":"ReadAction","target":["https:\/\/bladnanews.com\/arsenal-stance-on-ethan-nwaneri-loan-amid-west-ham-interest\/"]}]},{"@type":"ImageObject","inLanguage":"fr-FR","@id":"https:\/\/bladnanews.com\/arsenal-stance-on-ethan-nwaneri-loan-amid-west-ham-interest\/#primaryimage","url":"https:\/\/bladnanews.com\/wp-content\/uploads\/2026\/01\/BladnaNews-Arsenal-stance-on-Ethan-Nwaneri-loan-amid-West-Ham-interest-2026-01-15T091115.523Z.jpg","contentUrl":"https:\/\/bladnanews.com\/wp-content\/uploads\/2026\/01\/BladnaNews-Arsenal-stance-on-Ethan-Nwaneri-loan-amid-West-Ham-interest-2026-01-15T091115.523Z.jpg","width":2368,"height":1332,"caption":"Arsenal midfielder Ethan Nwaneri in a vibrant red home kit, focused during a match, showcasing his determination and skill."},{"@type":"BreadcrumbList","@id":"https:\/\/bladnanews.com\/arsenal-stance-on-ethan-nwaneri-loan-amid-west-ham-interest\/#breadcrumb","itemListElement":[{"@type":"ListItem","position":1,"name":"Home","item":"https:\/\/bladnanews.com\/"},{"@type":"ListItem","position":2,"name":"Arsenal stance on Ethan Nwaneri loan amid West Ham interest"}]},{"@type":"WebSite","@id":"https:\/\/mediumseagreen-eel-531711.hostingersite.com\/#website","url":"https:\/\/mediumseagreen-eel-531711.hostingersite.com\/","name":"Bladna News - Maroc","description":"Quand le football marocain rencontre le monde","publisher":{"@id":"https:\/\/mediumseagreen-eel-531711.hostingersite.com\/#organization"},"potentialAction":[{"@type":"SearchAction","target":{"@type":"EntryPoint","urlTemplate":"https:\/\/mediumseagreen-eel-531711.hostingersite.com\/?s={search_term_string}"},"query-input":{"@type":"PropertyValueSpecification","valueRequired":true,"valueName":"search_term_string"}}],"inLanguage":"fr-FR"},{"@type":"Organization","@id":"https:\/\/mediumseagreen-eel-531711.hostingersite.com\/#organization","name":"Bladna News.com","url":"https:\/\/mediumseagreen-eel-531711.hostingersite.com\/","logo":{"@type":"ImageObject","inLanguage":"fr-FR","@id":"https:\/\/mediumseagreen-eel-531711.hostingersite.com\/#\/schema\/logo\/image\/","url":"https:\/\/bladnanews.com\/wp-content\/uploads\/2025\/12\/logo-bladnanews-V2-web-black-red.png","contentUrl":"https:\/\/bladnanews.com\/wp-content\/uploads\/2025\/12\/logo-bladnanews-V2-web-black-red.png","width":703,"height":287,"caption":"Bladna News.com"},"image":{"@id":"https:\/\/mediumseagreen-eel-531711.hostingersite.com\/#\/schema\/logo\/image\/"},"email":"info@bladnanews.com","legalName":"Bladna News"},{"@type":"Person","@id":"https:\/\/mediumseagreen-eel-531711.hostingersite.com\/#\/schema\/person\/268e18a453ab080ebf76df6ef7845083","name":"\u00c9quipe r\u00e9dactionnelle de Bladna News","url":"https:\/\/bladnanews.com\/fr\/author\/bladna-news-staff\/"}]}},"_links":{"self":[{"href":"https:\/\/bladnanews.com\/fr\/wp-json\/wp\/v2\/posts\/6253","targetHints":{"allow":["GET"]}}],"collection":[{"href":"https:\/\/bladnanews.com\/fr\/wp-json\/wp\/v2\/posts"}],"about":[{"href":"https:\/\/bladnanews.com\/fr\/wp-json\/wp\/v2\/types\/post"}],"author":[{"embeddable":true,"href":"https:\/\/bladnanews.com\/fr\/wp-json\/wp\/v2\/users\/3"}],"replies":[{"embeddable":true,"href":"https:\/\/bladnanews.com\/fr\/wp-json\/wp\/v2\/comments?post=6253"}],"version-history":[{"count":0,"href":"https:\/\/bladnanews.com\/fr\/wp-json\/wp\/v2\/posts\/6253\/revisions"}],"wp:featuredmedia":[{"embeddable":true,"href":"https:\/\/bladnanews.com\/fr\/wp-json\/wp\/v2\/media\/6252"}],"wp:attachment":[{"href":"https:\/\/bladnanews.com\/fr\/wp-json\/wp\/v2\/media?parent=6253"}],"wp:term":[{"taxonomy":"category","embeddable":true,"href":"https:\/\/bladnanews.com\/fr\/wp-json\/wp\/v2\/categories?post=6253"},{"taxonomy":"post_tag","embeddable":true,"href":"https:\/\/bladnanews.com\/fr\/wp-json\/wp\/v2\/tags?post=6253"}],"curies":[{"name":"wp","href":"https:\/\/api.w.org\/{rel}","templated":true}]}}