{"id":6310,"date":"2026-01-15T09:41:09","date_gmt":"2026-01-15T09:41:09","guid":{"rendered":"https:\/\/bladnanews.com\/jaap-stam-urges-man-utd-to-sign-barcelona-ace-in-january\/"},"modified":"2026-01-15T09:41:09","modified_gmt":"2026-01-15T09:41:09","slug":"jaap-stam-exhorte-manchester-united-a-recruter-las-du-barcelone-en-janvier","status":"publish","type":"post","link":"https:\/\/bladnanews.com\/fr\/jaap-stam-exhorte-manchester-united-a-recruter-las-du-barcelone-en-janvier\/","title":{"rendered":"Jaap Stam exhorte Manchester United \u00e0 recruter la star du Barcelone en janvier"},"content":{"rendered":"<p>Jaap Stam a exhort\u00e9 Manchester United \u00e0 se mobiliser pour le milieu de terrain du Bar\u00e7a Frenkie de Jong en janvier, affirmant que le N\u00e9erlandais serait un choix id\u00e9al pour Old Trafford.<\/p>\n<p>\u00c9voquant les priorit\u00e9s de transfert de United, l'ancien d\u00e9fenseur des Red Devils a d\u00e9clar\u00e9 que De Jong est depuis longtemps admir\u00e9 par le club et les a encourag\u00e9s \u00e0 relancer leur poursuite lorsque le march\u00e9 rouvrira.<\/p>\n<p><strong>\u201c Il figure sur la liste restreinte du club depuis un bon moment \u201d,\u201d<\/strong> a d\u00e9clar\u00e9 Stam, d\u00e9crivant De Jong comme un joueur capable d'apporter contr\u00f4le et qualit\u00e9 au milieu de terrain de United.<\/p>\n<p>Stam a \u00e9galement qualifi\u00e9 l'international n\u00e9erlandais de <em>\u201c r\u00eave \u201d<\/em> en mati\u00e8re de recrutement, soulignant sa qualit\u00e9 technique avec le ballon et sa capacit\u00e9 \u00e0 progresser sous pression. Il estime que ces traits correspondent exactement \u00e0 ce dont United a besoin alors qu'ils cherchent \u00e0 am\u00e9liorer leurs performances durant la seconde moiti\u00e9 de saison.<\/p>\n<p>United a d\u00e9j\u00e0 tent\u00e9 de recruter De Jong par le pass\u00e9 et, selon Stam, l'int\u00e9r\u00eat n'a pas disparu. Il estime qu'une nouvelle approche en janvier serait logique si le club souhaite ajouter un milieu de terrain de haut niveau.<\/p>\n<p>De Jong reste un joueur du Bar\u00e7a, mais les propos de Stam soulignent que l'admiration de longue date de United ne s'est pas estomp\u00e9e \u00e0 l'approche du march\u00e9 des transferts de janvier.<\/p>","protected":false},"excerpt":{"rendered":"<p>Jaap Stam has urged Manchester United to move for Barcelona midfielder Frenkie de Jong in January, insisting the Dutchman would [&hellip;]<\/p>\n","protected":false},"author":3,"featured_media":6309,"comment_status":"","ping_status":"open","sticky":false,"template":"","format":"standard","meta":{"googlesitekit_rrm_CAow_uzEDA:productID":"","site-sidebar-layout":"default","site-content-layout":"","ast-site-content-layout":"default","site-content-style":"default","site-sidebar-style":"default","ast-global-header-display":"","ast-banner-title-visibility":"","ast-main-header-display":"","ast-hfb-above-header-display":"","ast-hfb-below-header-display":"","ast-hfb-mobile-header-display":"","site-post-title":"","ast-breadcrumbs-content":"","ast-featured-img":"","footer-sml-layout":"","ast-disable-related-posts":"","theme-transparent-header-meta":"","adv-header-id-meta":"","stick-header-meta":"","header-above-stick-meta":"","header-main-stick-meta":"","header-below-stick-meta":"","astra-migrate-meta-layouts":"default","ast-page-background-enabled":"default","ast-page-background-meta":{"desktop":{"background-color":"var(--ast-global-color-5)","background-image":"","background-repeat":"repeat","background-position":"center center","background-size":"auto","background-attachment":"scroll","background-type":"","background-media":"","overlay-type":"","overlay-color":"","overlay-opacity":"","overlay-gradient":""},"tablet":{"background-color":"","background-image":"","background-repeat":"repeat","background-position":"center center","background-size":"auto","background-attachment":"scroll","background-type":"","background-media":"","overlay-type":"","overlay-color":"","overlay-opacity":"","overlay-gradient":""},"mobile":{"background-color":"","background-image":"","background-repeat":"repeat","background-position":"center center","background-size":"auto","background-attachment":"scroll","background-type":"","background-media":"","overlay-type":"","overlay-color":"","overlay-opacity":"","overlay-gradient":""}},"ast-content-background-meta":{"desktop":{"background-color":"var(--ast-global-color-4)","background-image":"","background-repeat":"repeat","background-position":"center center","background-size":"auto","background-attachment":"scroll","background-type":"","background-media":"","overlay-type":"","overlay-color":"","overlay-opacity":"","overlay-gradient":""},"tablet":{"background-color":"var(--ast-global-color-4)","background-image":"","background-repeat":"repeat","background-position":"center center","background-size":"auto","background-attachment":"scroll","background-type":"","background-media":"","overlay-type":"","overlay-color":"","overlay-opacity":"","overlay-gradient":""},"mobile":{"background-color":"var(--ast-global-color-4)","background-image":"","background-repeat":"repeat","background-position":"center center","background-size":"auto","background-attachment":"scroll","background-type":"","background-media":"","overlay-type":"","overlay-color":"","overlay-opacity":"","overlay-gradient":""}},"footnotes":""},"categories":[20,1],"tags":[],"class_list":["post-6310","post","type-post","status-publish","format-standard","has-post-thumbnail","hentry","category-international","category-football-latest-news"],"yoast_head":"<!-- This site is optimized with the Yoast SEO Premium plugin v26.6 (Yoast SEO v27.5) - https:\/\/yoast.com\/product\/yoast-seo-premium-wordpress\/ -->\n<title>Jaap Stam urges Man Utd to sign Barcelona ace in January - Bladna News<\/title>\n<meta name=\"robots\" content=\"index, follow, max-snippet:-1, max-image-preview:large, max-video-preview:-1\" \/>\n<link rel=\"canonical\" href=\"https:\/\/bladnanews.com\/fr\/jaap-stam-exhorte-manchester-united-a-recruter-las-du-barcelone-en-janvier\/\" \/>\n<meta property=\"og:locale\" content=\"fr_FR\" \/>\n<meta property=\"og:type\" content=\"article\" \/>\n<meta property=\"og:title\" content=\"Jaap Stam urges Man Utd to sign Barcelona ace in January\" \/>\n<meta property=\"og:description\" content=\"Jaap Stam has urged Manchester United to move for Barcelona midfielder Frenkie de Jong in January, insisting the Dutchman would [&hellip;]\" \/>\n<meta property=\"og:url\" content=\"https:\/\/bladnanews.com\/fr\/jaap-stam-exhorte-manchester-united-a-recruter-las-du-barcelone-en-janvier\/\" \/>\n<meta property=\"og:site_name\" content=\"Bladna News\" \/>\n<meta property=\"article:published_time\" content=\"2026-01-15T09:41:09+00:00\" \/>\n<meta property=\"og:image\" content=\"https:\/\/bladnanews.com\/wp-content\/uploads\/2025\/12\/freepik__bladna-newscom-moroccan-soccer-homepage-banner-mor__41838.png\" \/>\n\t<meta property=\"og:image:width\" content=\"1312\" \/>\n\t<meta property=\"og:image:height\" content=\"736\" \/>\n\t<meta property=\"og:image:type\" content=\"image\/png\" \/>\n<meta name=\"author\" content=\"Bladna News Staff\" \/>\n<meta name=\"twitter:card\" content=\"summary_large_image\" \/>\n<meta name=\"twitter:label1\" content=\"\u00c9crit par\" \/>\n\t<meta name=\"twitter:data1\" content=\"Bladna News Staff\" \/>\n\t<meta name=\"twitter:label2\" content=\"Dur\u00e9e de lecture estim\u00e9e\" \/>\n\t<meta name=\"twitter:data2\" content=\"1 minute\" \/>\n<script type=\"application\/ld+json\" class=\"yoast-schema-graph\">{\"@context\":\"https:\\\/\\\/schema.org\",\"@graph\":[{\"@type\":\"Article\",\"@id\":\"https:\\\/\\\/bladnanews.com\\\/jaap-stam-urges-man-utd-to-sign-barcelona-ace-in-january\\\/#article\",\"isPartOf\":{\"@id\":\"https:\\\/\\\/bladnanews.com\\\/jaap-stam-urges-man-utd-to-sign-barcelona-ace-in-january\\\/\"},\"author\":{\"name\":\"Bladna News Staff\",\"@id\":\"https:\\\/\\\/mediumseagreen-eel-531711.hostingersite.com\\\/#\\\/schema\\\/person\\\/268e18a453ab080ebf76df6ef7845083\"},\"headline\":\"Jaap Stam urges Man Utd to sign Barcelona ace in January\",\"datePublished\":\"2026-01-15T09:41:09+00:00\",\"mainEntityOfPage\":{\"@id\":\"https:\\\/\\\/bladnanews.com\\\/jaap-stam-urges-man-utd-to-sign-barcelona-ace-in-january\\\/\"},\"wordCount\":211,\"publisher\":{\"@id\":\"https:\\\/\\\/mediumseagreen-eel-531711.hostingersite.com\\\/#organization\"},\"image\":{\"@id\":\"https:\\\/\\\/bladnanews.com\\\/jaap-stam-urges-man-utd-to-sign-barcelona-ace-in-january\\\/#primaryimage\"},\"thumbnailUrl\":\"https:\\\/\\\/bladnanews.com\\\/wp-content\\\/uploads\\\/2026\\\/01\\\/BladnaNews-Jaap-Stam-urges-Man-Utd-to-sign-Barcelona-ace-in-January-2026-01-15T170955.373Z-scaled.jpg\",\"articleSection\":[\"International\",\"Latest News\"],\"inLanguage\":\"fr-FR\",\"copyrightYear\":\"2026\",\"copyrightHolder\":{\"@id\":\"https:\\\/\\\/bladnanews.com\\\/fr\\\/#organization\"}},{\"@type\":\"WebPage\",\"@id\":\"https:\\\/\\\/bladnanews.com\\\/jaap-stam-urges-man-utd-to-sign-barcelona-ace-in-january\\\/\",\"url\":\"https:\\\/\\\/bladnanews.com\\\/jaap-stam-urges-man-utd-to-sign-barcelona-ace-in-january\\\/\",\"name\":\"Jaap Stam urges Man Utd to sign Barcelona ace in January - Bladna News\",\"isPartOf\":{\"@id\":\"https:\\\/\\\/mediumseagreen-eel-531711.hostingersite.com\\\/#website\"},\"primaryImageOfPage\":{\"@id\":\"https:\\\/\\\/bladnanews.com\\\/jaap-stam-urges-man-utd-to-sign-barcelona-ace-in-january\\\/#primaryimage\"},\"image\":{\"@id\":\"https:\\\/\\\/bladnanews.com\\\/jaap-stam-urges-man-utd-to-sign-barcelona-ace-in-january\\\/#primaryimage\"},\"thumbnailUrl\":\"https:\\\/\\\/bladnanews.com\\\/wp-content\\\/uploads\\\/2026\\\/01\\\/BladnaNews-Jaap-Stam-urges-Man-Utd-to-sign-Barcelona-ace-in-January-2026-01-15T170955.373Z-scaled.jpg\",\"datePublished\":\"2026-01-15T09:41:09+00:00\",\"breadcrumb\":{\"@id\":\"https:\\\/\\\/bladnanews.com\\\/jaap-stam-urges-man-utd-to-sign-barcelona-ace-in-january\\\/#breadcrumb\"},\"inLanguage\":\"fr-FR\",\"potentialAction\":[{\"@type\":\"ReadAction\",\"target\":[\"https:\\\/\\\/bladnanews.com\\\/jaap-stam-urges-man-utd-to-sign-barcelona-ace-in-january\\\/\"]}]},{\"@type\":\"ImageObject\",\"inLanguage\":\"fr-FR\",\"@id\":\"https:\\\/\\\/bladnanews.com\\\/jaap-stam-urges-man-utd-to-sign-barcelona-ace-in-january\\\/#primaryimage\",\"url\":\"https:\\\/\\\/bladnanews.com\\\/wp-content\\\/uploads\\\/2026\\\/01\\\/BladnaNews-Jaap-Stam-urges-Man-Utd-to-sign-Barcelona-ace-in-January-2026-01-15T170955.373Z-scaled.jpg\",\"contentUrl\":\"https:\\\/\\\/bladnanews.com\\\/wp-content\\\/uploads\\\/2026\\\/01\\\/BladnaNews-Jaap-Stam-urges-Man-Utd-to-sign-Barcelona-ace-in-January-2026-01-15T170955.373Z-scaled.jpg\",\"width\":2560,\"height\":1440,\"caption\":\"Jaap Stam in a black coat and hoodie, displaying a serious expression, captured during a football match.\"},{\"@type\":\"BreadcrumbList\",\"@id\":\"https:\\\/\\\/bladnanews.com\\\/jaap-stam-urges-man-utd-to-sign-barcelona-ace-in-january\\\/#breadcrumb\",\"itemListElement\":[{\"@type\":\"ListItem\",\"position\":1,\"name\":\"Home\",\"item\":\"https:\\\/\\\/bladnanews.com\\\/\"},{\"@type\":\"ListItem\",\"position\":2,\"name\":\"Jaap Stam urges Man Utd to sign Barcelona ace in January\"}]},{\"@type\":\"WebSite\",\"@id\":\"https:\\\/\\\/mediumseagreen-eel-531711.hostingersite.com\\\/#website\",\"url\":\"https:\\\/\\\/mediumseagreen-eel-531711.hostingersite.com\\\/\",\"name\":\"Bladna News - Morocco\",\"description\":\"Where Moroccan Football Meets the World\",\"publisher\":{\"@id\":\"https:\\\/\\\/mediumseagreen-eel-531711.hostingersite.com\\\/#organization\"},\"potentialAction\":[{\"@type\":\"SearchAction\",\"target\":{\"@type\":\"EntryPoint\",\"urlTemplate\":\"https:\\\/\\\/mediumseagreen-eel-531711.hostingersite.com\\\/?s={search_term_string}\"},\"query-input\":{\"@type\":\"PropertyValueSpecification\",\"valueRequired\":true,\"valueName\":\"search_term_string\"}}],\"inLanguage\":\"fr-FR\"},{\"@type\":\"Organization\",\"@id\":\"https:\\\/\\\/mediumseagreen-eel-531711.hostingersite.com\\\/#organization\",\"name\":\"Bladna News.com\",\"url\":\"https:\\\/\\\/mediumseagreen-eel-531711.hostingersite.com\\\/\",\"logo\":{\"@type\":\"ImageObject\",\"inLanguage\":\"fr-FR\",\"@id\":\"https:\\\/\\\/mediumseagreen-eel-531711.hostingersite.com\\\/#\\\/schema\\\/logo\\\/image\\\/\",\"url\":\"https:\\\/\\\/bladnanews.com\\\/wp-content\\\/uploads\\\/2025\\\/12\\\/logo-bladnanews-V2-web-black-red.png\",\"contentUrl\":\"https:\\\/\\\/bladnanews.com\\\/wp-content\\\/uploads\\\/2025\\\/12\\\/logo-bladnanews-V2-web-black-red.png\",\"width\":703,\"height\":287,\"caption\":\"Bladna News.com\"},\"image\":{\"@id\":\"https:\\\/\\\/mediumseagreen-eel-531711.hostingersite.com\\\/#\\\/schema\\\/logo\\\/image\\\/\"},\"email\":\"info@bladnanews.com\",\"legalName\":\"Bladna News\"},{\"@type\":\"Person\",\"@id\":\"https:\\\/\\\/mediumseagreen-eel-531711.hostingersite.com\\\/#\\\/schema\\\/person\\\/268e18a453ab080ebf76df6ef7845083\",\"name\":\"Bladna News Staff\",\"url\":\"https:\\\/\\\/bladnanews.com\\\/fr\\\/author\\\/bladna-news-staff\\\/\"}]}<\/script>\n<!-- \/ Yoast SEO Premium plugin. -->","yoast_head_json":{"title":"Jaap Stam exhorte Manchester United \u00e0 recruter la star du Barcelone en janvier - Bladna News","robots":{"index":"index","follow":"follow","max-snippet":"max-snippet:-1","max-image-preview":"max-image-preview:large","max-video-preview":"max-video-preview:-1"},"canonical":"https:\/\/bladnanews.com\/fr\/jaap-stam-exhorte-manchester-united-a-recruter-las-du-barcelone-en-janvier\/","og_locale":"fr_FR","og_type":"article","og_title":"Jaap Stam urges Man Utd to sign Barcelona ace in January","og_description":"Jaap Stam has urged Manchester United to move for Barcelona midfielder Frenkie de Jong in January, insisting the Dutchman would [&hellip;]","og_url":"https:\/\/bladnanews.com\/fr\/jaap-stam-exhorte-manchester-united-a-recruter-las-du-barcelone-en-janvier\/","og_site_name":"Bladna News","article_published_time":"2026-01-15T09:41:09+00:00","og_image":[{"width":1312,"height":736,"url":"https:\/\/bladnanews.com\/wp-content\/uploads\/2025\/12\/freepik__bladna-newscom-moroccan-soccer-homepage-banner-mor__41838.png","type":"image\/png"}],"author":"Bladna News Staff","twitter_card":"summary_large_image","twitter_misc":{"\u00c9crit par":"Bladna News Staff","Dur\u00e9e de lecture estim\u00e9e":"1 minute"},"schema":{"@context":"https:\/\/schema.org","@graph":[{"@type":"Article","@id":"https:\/\/bladnanews.com\/jaap-stam-urges-man-utd-to-sign-barcelona-ace-in-january\/#article","isPartOf":{"@id":"https:\/\/bladnanews.com\/jaap-stam-urges-man-utd-to-sign-barcelona-ace-in-january\/"},"author":{"name":"Bladna News Staff","@id":"https:\/\/mediumseagreen-eel-531711.hostingersite.com\/#\/schema\/person\/268e18a453ab080ebf76df6ef7845083"},"headline":"Jaap Stam urges Man Utd to sign Barcelona ace in January","datePublished":"2026-01-15T09:41:09+00:00","mainEntityOfPage":{"@id":"https:\/\/bladnanews.com\/jaap-stam-urges-man-utd-to-sign-barcelona-ace-in-january\/"},"wordCount":211,"publisher":{"@id":"https:\/\/mediumseagreen-eel-531711.hostingersite.com\/#organization"},"image":{"@id":"https:\/\/bladnanews.com\/jaap-stam-urges-man-utd-to-sign-barcelona-ace-in-january\/#primaryimage"},"thumbnailUrl":"https:\/\/bladnanews.com\/wp-content\/uploads\/2026\/01\/BladnaNews-Jaap-Stam-urges-Man-Utd-to-sign-Barcelona-ace-in-January-2026-01-15T170955.373Z-scaled.jpg","articleSection":["International","Latest News"],"inLanguage":"fr-FR","copyrightYear":"2026","copyrightHolder":{"@id":"https:\/\/bladnanews.com\/fr\/#organization"}},{"@type":"WebPage","@id":"https:\/\/bladnanews.com\/jaap-stam-urges-man-utd-to-sign-barcelona-ace-in-january\/","url":"https:\/\/bladnanews.com\/jaap-stam-urges-man-utd-to-sign-barcelona-ace-in-january\/","name":"Jaap Stam exhorte Manchester United \u00e0 recruter la star du Barcelone en janvier - Bladna News","isPartOf":{"@id":"https:\/\/mediumseagreen-eel-531711.hostingersite.com\/#website"},"primaryImageOfPage":{"@id":"https:\/\/bladnanews.com\/jaap-stam-urges-man-utd-to-sign-barcelona-ace-in-january\/#primaryimage"},"image":{"@id":"https:\/\/bladnanews.com\/jaap-stam-urges-man-utd-to-sign-barcelona-ace-in-january\/#primaryimage"},"thumbnailUrl":"https:\/\/bladnanews.com\/wp-content\/uploads\/2026\/01\/BladnaNews-Jaap-Stam-urges-Man-Utd-to-sign-Barcelona-ace-in-January-2026-01-15T170955.373Z-scaled.jpg","datePublished":"2026-01-15T09:41:09+00:00","breadcrumb":{"@id":"https:\/\/bladnanews.com\/jaap-stam-urges-man-utd-to-sign-barcelona-ace-in-january\/#breadcrumb"},"inLanguage":"fr-FR","potentialAction":[{"@type":"ReadAction","target":["https:\/\/bladnanews.com\/jaap-stam-urges-man-utd-to-sign-barcelona-ace-in-january\/"]}]},{"@type":"ImageObject","inLanguage":"fr-FR","@id":"https:\/\/bladnanews.com\/jaap-stam-urges-man-utd-to-sign-barcelona-ace-in-january\/#primaryimage","url":"https:\/\/bladnanews.com\/wp-content\/uploads\/2026\/01\/BladnaNews-Jaap-Stam-urges-Man-Utd-to-sign-Barcelona-ace-in-January-2026-01-15T170955.373Z-scaled.jpg","contentUrl":"https:\/\/bladnanews.com\/wp-content\/uploads\/2026\/01\/BladnaNews-Jaap-Stam-urges-Man-Utd-to-sign-Barcelona-ace-in-January-2026-01-15T170955.373Z-scaled.jpg","width":2560,"height":1440,"caption":"Jaap Stam in a black coat and hoodie, displaying a serious expression, captured during a football match."},{"@type":"BreadcrumbList","@id":"https:\/\/bladnanews.com\/jaap-stam-urges-man-utd-to-sign-barcelona-ace-in-january\/#breadcrumb","itemListElement":[{"@type":"ListItem","position":1,"name":"Home","item":"https:\/\/bladnanews.com\/"},{"@type":"ListItem","position":2,"name":"Jaap Stam urges Man Utd to sign Barcelona ace in January"}]},{"@type":"WebSite","@id":"https:\/\/mediumseagreen-eel-531711.hostingersite.com\/#website","url":"https:\/\/mediumseagreen-eel-531711.hostingersite.com\/","name":"Bladna News - Maroc","description":"Quand le football marocain rencontre le monde","publisher":{"@id":"https:\/\/mediumseagreen-eel-531711.hostingersite.com\/#organization"},"potentialAction":[{"@type":"SearchAction","target":{"@type":"EntryPoint","urlTemplate":"https:\/\/mediumseagreen-eel-531711.hostingersite.com\/?s={search_term_string}"},"query-input":{"@type":"PropertyValueSpecification","valueRequired":true,"valueName":"search_term_string"}}],"inLanguage":"fr-FR"},{"@type":"Organization","@id":"https:\/\/mediumseagreen-eel-531711.hostingersite.com\/#organization","name":"Bladna News.com","url":"https:\/\/mediumseagreen-eel-531711.hostingersite.com\/","logo":{"@type":"ImageObject","inLanguage":"fr-FR","@id":"https:\/\/mediumseagreen-eel-531711.hostingersite.com\/#\/schema\/logo\/image\/","url":"https:\/\/bladnanews.com\/wp-content\/uploads\/2025\/12\/logo-bladnanews-V2-web-black-red.png","contentUrl":"https:\/\/bladnanews.com\/wp-content\/uploads\/2025\/12\/logo-bladnanews-V2-web-black-red.png","width":703,"height":287,"caption":"Bladna News.com"},"image":{"@id":"https:\/\/mediumseagreen-eel-531711.hostingersite.com\/#\/schema\/logo\/image\/"},"email":"info@bladnanews.com","legalName":"Bladna News"},{"@type":"Person","@id":"https:\/\/mediumseagreen-eel-531711.hostingersite.com\/#\/schema\/person\/268e18a453ab080ebf76df6ef7845083","name":"\u00c9quipe r\u00e9dactionnelle de Bladna News","url":"https:\/\/bladnanews.com\/fr\/author\/bladna-news-staff\/"}]}},"_links":{"self":[{"href":"https:\/\/bladnanews.com\/fr\/wp-json\/wp\/v2\/posts\/6310","targetHints":{"allow":["GET"]}}],"collection":[{"href":"https:\/\/bladnanews.com\/fr\/wp-json\/wp\/v2\/posts"}],"about":[{"href":"https:\/\/bladnanews.com\/fr\/wp-json\/wp\/v2\/types\/post"}],"author":[{"embeddable":true,"href":"https:\/\/bladnanews.com\/fr\/wp-json\/wp\/v2\/users\/3"}],"replies":[{"embeddable":true,"href":"https:\/\/bladnanews.com\/fr\/wp-json\/wp\/v2\/comments?post=6310"}],"version-history":[{"count":0,"href":"https:\/\/bladnanews.com\/fr\/wp-json\/wp\/v2\/posts\/6310\/revisions"}],"wp:featuredmedia":[{"embeddable":true,"href":"https:\/\/bladnanews.com\/fr\/wp-json\/wp\/v2\/media\/6309"}],"wp:attachment":[{"href":"https:\/\/bladnanews.com\/fr\/wp-json\/wp\/v2\/media?parent=6310"}],"wp:term":[{"taxonomy":"category","embeddable":true,"href":"https:\/\/bladnanews.com\/fr\/wp-json\/wp\/v2\/categories?post=6310"},{"taxonomy":"post_tag","embeddable":true,"href":"https:\/\/bladnanews.com\/fr\/wp-json\/wp\/v2\/tags?post=6310"}],"curies":[{"name":"wp","href":"https:\/\/api.w.org\/{rel}","templated":true}]}}