{"id":6314,"date":"2026-01-15T10:10:32","date_gmt":"2026-01-15T10:10:32","guid":{"rendered":"https:\/\/bladnanews.com\/radu-dragusin-eager-to-leave-spurs-in-january-amid-roma-interest\/"},"modified":"2026-01-15T10:10:32","modified_gmt":"2026-01-15T10:10:32","slug":"radu-dragusin-desireux-de-quitter-les-spurs-en-janvier-face-a-linteret-de-la-roma","status":"publish","type":"post","link":"https:\/\/bladnanews.com\/fr\/radu-dragusin-desireux-de-quitter-les-spurs-en-janvier-face-a-linteret-de-la-roma\/","title":{"rendered":"Radu Dragusin d\u00e9sireux de quitter Tottenham en janvier, int\u00e9ress\u00e9 par la Roma"},"content":{"rendered":"<p>Radu Dragusin souhaite vivement quitter Tottenham en janvier afin de b\u00e9n\u00e9ficier d'un temps de jeu plus r\u00e9gulier, la Roma figurant parmi les clubs int\u00e9ress\u00e9s par le d\u00e9fenseur.<\/p>\n<p>Dragusin a eu peu d'occasions de jouer depuis son arriv\u00e9e aux Spurs et il pousserait pour un d\u00e9part \u00e0 l'ouverture du mercato. L'international roumain veut un nouveau d\u00e9part et estime que sa situation dans le nord de Londres a peu de chances d'\u00e9voluer dans les prochains mois.<\/p>\n<p>La Roma suit la situation et serait int\u00e9ress\u00e9e par une approche en janvier pour renforcer son secteur d\u00e9fensif. Toute transaction d\u00e9pendra de la position de Tottenham et des conditions propos\u00e9es, mais la volont\u00e9 de d\u00e9part du joueur place son avenir sous les projecteurs.<\/p>\n<p>Le rapport r\u00e9v\u00e8le \u00e9galement que Dragusin est de plus en plus frustr\u00e9 par son manque de temps de jeu et est d\u00e9termin\u00e9 \u00e0 obtenir un transfert en janvier, plut\u00f4t que d'attendre l'\u00e9t\u00e9.<\/p>\n<p>Tottenham n'a pas encore fait d'annonce officielle concernant les projets de Dragusin, mais sa place dans l'effectif devrait \u00eatre un sujet de discussion majeur \u00e0 l'approche du mercato, tandis que la Roma \u00e9value sa prochaine \u00e9tape.<\/p>","protected":false},"excerpt":{"rendered":"<p>Radu Dragusin is eager to leave Tottenham in January as he looks for more regular football, with Roma among the [&hellip;]<\/p>\n","protected":false},"author":3,"featured_media":6313,"comment_status":"","ping_status":"open","sticky":false,"template":"","format":"standard","meta":{"googlesitekit_rrm_CAow_uzEDA:productID":"","site-sidebar-layout":"default","site-content-layout":"","ast-site-content-layout":"default","site-content-style":"default","site-sidebar-style":"default","ast-global-header-display":"","ast-banner-title-visibility":"","ast-main-header-display":"","ast-hfb-above-header-display":"","ast-hfb-below-header-display":"","ast-hfb-mobile-header-display":"","site-post-title":"","ast-breadcrumbs-content":"","ast-featured-img":"","footer-sml-layout":"","ast-disable-related-posts":"","theme-transparent-header-meta":"","adv-header-id-meta":"","stick-header-meta":"","header-above-stick-meta":"","header-main-stick-meta":"","header-below-stick-meta":"","astra-migrate-meta-layouts":"default","ast-page-background-enabled":"default","ast-page-background-meta":{"desktop":{"background-color":"var(--ast-global-color-5)","background-image":"","background-repeat":"repeat","background-position":"center center","background-size":"auto","background-attachment":"scroll","background-type":"","background-media":"","overlay-type":"","overlay-color":"","overlay-opacity":"","overlay-gradient":""},"tablet":{"background-color":"","background-image":"","background-repeat":"repeat","background-position":"center center","background-size":"auto","background-attachment":"scroll","background-type":"","background-media":"","overlay-type":"","overlay-color":"","overlay-opacity":"","overlay-gradient":""},"mobile":{"background-color":"","background-image":"","background-repeat":"repeat","background-position":"center center","background-size":"auto","background-attachment":"scroll","background-type":"","background-media":"","overlay-type":"","overlay-color":"","overlay-opacity":"","overlay-gradient":""}},"ast-content-background-meta":{"desktop":{"background-color":"var(--ast-global-color-4)","background-image":"","background-repeat":"repeat","background-position":"center center","background-size":"auto","background-attachment":"scroll","background-type":"","background-media":"","overlay-type":"","overlay-color":"","overlay-opacity":"","overlay-gradient":""},"tablet":{"background-color":"var(--ast-global-color-4)","background-image":"","background-repeat":"repeat","background-position":"center center","background-size":"auto","background-attachment":"scroll","background-type":"","background-media":"","overlay-type":"","overlay-color":"","overlay-opacity":"","overlay-gradient":""},"mobile":{"background-color":"var(--ast-global-color-4)","background-image":"","background-repeat":"repeat","background-position":"center center","background-size":"auto","background-attachment":"scroll","background-type":"","background-media":"","overlay-type":"","overlay-color":"","overlay-opacity":"","overlay-gradient":""}},"footnotes":""},"categories":[20,1],"tags":[],"class_list":["post-6314","post","type-post","status-publish","format-standard","has-post-thumbnail","hentry","category-international","category-football-latest-news"],"yoast_head":"<!-- This site is optimized with the Yoast SEO Premium plugin v26.6 (Yoast SEO v27.5) - https:\/\/yoast.com\/product\/yoast-seo-premium-wordpress\/ -->\n<title>Radu Dragusin eager to leave Spurs in January amid Roma interest - Bladna News<\/title>\n<meta name=\"robots\" content=\"index, follow, max-snippet:-1, max-image-preview:large, max-video-preview:-1\" \/>\n<link rel=\"canonical\" href=\"https:\/\/bladnanews.com\/fr\/radu-dragusin-desireux-de-quitter-les-spurs-en-janvier-face-a-linteret-de-la-roma\/\" \/>\n<meta property=\"og:locale\" content=\"fr_FR\" \/>\n<meta property=\"og:type\" content=\"article\" \/>\n<meta property=\"og:title\" content=\"Radu Dragusin eager to leave Spurs in January amid Roma interest\" \/>\n<meta property=\"og:description\" content=\"Radu Dragusin is eager to leave Tottenham in January as he looks for more regular football, with Roma among the [&hellip;]\" \/>\n<meta property=\"og:url\" content=\"https:\/\/bladnanews.com\/fr\/radu-dragusin-desireux-de-quitter-les-spurs-en-janvier-face-a-linteret-de-la-roma\/\" \/>\n<meta property=\"og:site_name\" content=\"Bladna News\" \/>\n<meta property=\"article:published_time\" content=\"2026-01-15T10:10:32+00:00\" \/>\n<meta property=\"og:image\" content=\"https:\/\/bladnanews.com\/wp-content\/uploads\/2025\/12\/freepik__bladna-newscom-moroccan-soccer-homepage-banner-mor__41838.png\" \/>\n\t<meta property=\"og:image:width\" content=\"1312\" \/>\n\t<meta property=\"og:image:height\" content=\"736\" \/>\n\t<meta property=\"og:image:type\" content=\"image\/png\" \/>\n<meta name=\"author\" content=\"Bladna News Staff\" \/>\n<meta name=\"twitter:card\" content=\"summary_large_image\" \/>\n<meta name=\"twitter:label1\" content=\"\u00c9crit par\" \/>\n\t<meta name=\"twitter:data1\" content=\"Bladna News Staff\" \/>\n\t<meta name=\"twitter:label2\" content=\"Dur\u00e9e de lecture estim\u00e9e\" \/>\n\t<meta name=\"twitter:data2\" content=\"1 minute\" \/>\n<script type=\"application\/ld+json\" class=\"yoast-schema-graph\">{\"@context\":\"https:\\\/\\\/schema.org\",\"@graph\":[{\"@type\":\"Article\",\"@id\":\"https:\\\/\\\/bladnanews.com\\\/radu-dragusin-eager-to-leave-spurs-in-january-amid-roma-interest\\\/#article\",\"isPartOf\":{\"@id\":\"https:\\\/\\\/bladnanews.com\\\/radu-dragusin-eager-to-leave-spurs-in-january-amid-roma-interest\\\/\"},\"author\":{\"name\":\"Bladna News Staff\",\"@id\":\"https:\\\/\\\/mediumseagreen-eel-531711.hostingersite.com\\\/#\\\/schema\\\/person\\\/268e18a453ab080ebf76df6ef7845083\"},\"headline\":\"Radu Dragusin eager to leave Spurs in January amid Roma interest\",\"datePublished\":\"2026-01-15T10:10:32+00:00\",\"mainEntityOfPage\":{\"@id\":\"https:\\\/\\\/bladnanews.com\\\/radu-dragusin-eager-to-leave-spurs-in-january-amid-roma-interest\\\/\"},\"wordCount\":202,\"publisher\":{\"@id\":\"https:\\\/\\\/mediumseagreen-eel-531711.hostingersite.com\\\/#organization\"},\"image\":{\"@id\":\"https:\\\/\\\/bladnanews.com\\\/radu-dragusin-eager-to-leave-spurs-in-january-amid-roma-interest\\\/#primaryimage\"},\"thumbnailUrl\":\"https:\\\/\\\/bladnanews.com\\\/wp-content\\\/uploads\\\/2026\\\/01\\\/BladnaNews-Radu-Dragusin-eager-to-leave-Spurs-in-January-amid-Roma-interest-2026-01-15T171046.003Z.jpg\",\"articleSection\":[\"International\",\"Latest News\"],\"inLanguage\":\"fr-FR\",\"copyrightYear\":\"2026\",\"copyrightHolder\":{\"@id\":\"https:\\\/\\\/bladnanews.com\\\/fr\\\/#organization\"}},{\"@type\":\"WebPage\",\"@id\":\"https:\\\/\\\/bladnanews.com\\\/radu-dragusin-eager-to-leave-spurs-in-january-amid-roma-interest\\\/\",\"url\":\"https:\\\/\\\/bladnanews.com\\\/radu-dragusin-eager-to-leave-spurs-in-january-amid-roma-interest\\\/\",\"name\":\"Radu Dragusin eager to leave Spurs in January amid Roma interest - Bladna News\",\"isPartOf\":{\"@id\":\"https:\\\/\\\/mediumseagreen-eel-531711.hostingersite.com\\\/#website\"},\"primaryImageOfPage\":{\"@id\":\"https:\\\/\\\/bladnanews.com\\\/radu-dragusin-eager-to-leave-spurs-in-january-amid-roma-interest\\\/#primaryimage\"},\"image\":{\"@id\":\"https:\\\/\\\/bladnanews.com\\\/radu-dragusin-eager-to-leave-spurs-in-january-amid-roma-interest\\\/#primaryimage\"},\"thumbnailUrl\":\"https:\\\/\\\/bladnanews.com\\\/wp-content\\\/uploads\\\/2026\\\/01\\\/BladnaNews-Radu-Dragusin-eager-to-leave-Spurs-in-January-amid-Roma-interest-2026-01-15T171046.003Z.jpg\",\"datePublished\":\"2026-01-15T10:10:32+00:00\",\"breadcrumb\":{\"@id\":\"https:\\\/\\\/bladnanews.com\\\/radu-dragusin-eager-to-leave-spurs-in-january-amid-roma-interest\\\/#breadcrumb\"},\"inLanguage\":\"fr-FR\",\"potentialAction\":[{\"@type\":\"ReadAction\",\"target\":[\"https:\\\/\\\/bladnanews.com\\\/radu-dragusin-eager-to-leave-spurs-in-january-amid-roma-interest\\\/\"]}]},{\"@type\":\"ImageObject\",\"inLanguage\":\"fr-FR\",\"@id\":\"https:\\\/\\\/bladnanews.com\\\/radu-dragusin-eager-to-leave-spurs-in-january-amid-roma-interest\\\/#primaryimage\",\"url\":\"https:\\\/\\\/bladnanews.com\\\/wp-content\\\/uploads\\\/2026\\\/01\\\/BladnaNews-Radu-Dragusin-eager-to-leave-Spurs-in-January-amid-Roma-interest-2026-01-15T171046.003Z.jpg\",\"contentUrl\":\"https:\\\/\\\/bladnanews.com\\\/wp-content\\\/uploads\\\/2026\\\/01\\\/BladnaNews-Radu-Dragusin-eager-to-leave-Spurs-in-January-amid-Roma-interest-2026-01-15T171046.003Z.jpg\",\"width\":2000,\"height\":1125,\"caption\":\"Radu Dr\u0103gu\u0219in in Spurs' bright yellow kit, showing focused expression during a match, set against a blurred crowd background.\"},{\"@type\":\"BreadcrumbList\",\"@id\":\"https:\\\/\\\/bladnanews.com\\\/radu-dragusin-eager-to-leave-spurs-in-january-amid-roma-interest\\\/#breadcrumb\",\"itemListElement\":[{\"@type\":\"ListItem\",\"position\":1,\"name\":\"Home\",\"item\":\"https:\\\/\\\/bladnanews.com\\\/\"},{\"@type\":\"ListItem\",\"position\":2,\"name\":\"Radu Dragusin eager to leave Spurs in January amid Roma interest\"}]},{\"@type\":\"WebSite\",\"@id\":\"https:\\\/\\\/mediumseagreen-eel-531711.hostingersite.com\\\/#website\",\"url\":\"https:\\\/\\\/mediumseagreen-eel-531711.hostingersite.com\\\/\",\"name\":\"Bladna News - Morocco\",\"description\":\"Where Moroccan Football Meets the World\",\"publisher\":{\"@id\":\"https:\\\/\\\/mediumseagreen-eel-531711.hostingersite.com\\\/#organization\"},\"potentialAction\":[{\"@type\":\"SearchAction\",\"target\":{\"@type\":\"EntryPoint\",\"urlTemplate\":\"https:\\\/\\\/mediumseagreen-eel-531711.hostingersite.com\\\/?s={search_term_string}\"},\"query-input\":{\"@type\":\"PropertyValueSpecification\",\"valueRequired\":true,\"valueName\":\"search_term_string\"}}],\"inLanguage\":\"fr-FR\"},{\"@type\":\"Organization\",\"@id\":\"https:\\\/\\\/mediumseagreen-eel-531711.hostingersite.com\\\/#organization\",\"name\":\"Bladna News.com\",\"url\":\"https:\\\/\\\/mediumseagreen-eel-531711.hostingersite.com\\\/\",\"logo\":{\"@type\":\"ImageObject\",\"inLanguage\":\"fr-FR\",\"@id\":\"https:\\\/\\\/mediumseagreen-eel-531711.hostingersite.com\\\/#\\\/schema\\\/logo\\\/image\\\/\",\"url\":\"https:\\\/\\\/bladnanews.com\\\/wp-content\\\/uploads\\\/2025\\\/12\\\/logo-bladnanews-V2-web-black-red.png\",\"contentUrl\":\"https:\\\/\\\/bladnanews.com\\\/wp-content\\\/uploads\\\/2025\\\/12\\\/logo-bladnanews-V2-web-black-red.png\",\"width\":703,\"height\":287,\"caption\":\"Bladna News.com\"},\"image\":{\"@id\":\"https:\\\/\\\/mediumseagreen-eel-531711.hostingersite.com\\\/#\\\/schema\\\/logo\\\/image\\\/\"},\"email\":\"info@bladnanews.com\",\"legalName\":\"Bladna News\"},{\"@type\":\"Person\",\"@id\":\"https:\\\/\\\/mediumseagreen-eel-531711.hostingersite.com\\\/#\\\/schema\\\/person\\\/268e18a453ab080ebf76df6ef7845083\",\"name\":\"Bladna News Staff\",\"url\":\"https:\\\/\\\/bladnanews.com\\\/fr\\\/author\\\/bladna-news-staff\\\/\"}]}<\/script>\n<!-- \/ Yoast SEO Premium plugin. -->","yoast_head_json":{"title":"Radu Dragusin d\u00e9sireux de quitter Tottenham en janvier, int\u00e9ress\u00e9 par la Roma - Bladna News","robots":{"index":"index","follow":"follow","max-snippet":"max-snippet:-1","max-image-preview":"max-image-preview:large","max-video-preview":"max-video-preview:-1"},"canonical":"https:\/\/bladnanews.com\/fr\/radu-dragusin-desireux-de-quitter-les-spurs-en-janvier-face-a-linteret-de-la-roma\/","og_locale":"fr_FR","og_type":"article","og_title":"Radu Dragusin eager to leave Spurs in January amid Roma interest","og_description":"Radu Dragusin is eager to leave Tottenham in January as he looks for more regular football, with Roma among the [&hellip;]","og_url":"https:\/\/bladnanews.com\/fr\/radu-dragusin-desireux-de-quitter-les-spurs-en-janvier-face-a-linteret-de-la-roma\/","og_site_name":"Bladna News","article_published_time":"2026-01-15T10:10:32+00:00","og_image":[{"width":1312,"height":736,"url":"https:\/\/bladnanews.com\/wp-content\/uploads\/2025\/12\/freepik__bladna-newscom-moroccan-soccer-homepage-banner-mor__41838.png","type":"image\/png"}],"author":"Bladna News Staff","twitter_card":"summary_large_image","twitter_misc":{"\u00c9crit par":"Bladna News Staff","Dur\u00e9e de lecture estim\u00e9e":"1 minute"},"schema":{"@context":"https:\/\/schema.org","@graph":[{"@type":"Article","@id":"https:\/\/bladnanews.com\/radu-dragusin-eager-to-leave-spurs-in-january-amid-roma-interest\/#article","isPartOf":{"@id":"https:\/\/bladnanews.com\/radu-dragusin-eager-to-leave-spurs-in-january-amid-roma-interest\/"},"author":{"name":"Bladna News Staff","@id":"https:\/\/mediumseagreen-eel-531711.hostingersite.com\/#\/schema\/person\/268e18a453ab080ebf76df6ef7845083"},"headline":"Radu Dragusin eager to leave Spurs in January amid Roma interest","datePublished":"2026-01-15T10:10:32+00:00","mainEntityOfPage":{"@id":"https:\/\/bladnanews.com\/radu-dragusin-eager-to-leave-spurs-in-january-amid-roma-interest\/"},"wordCount":202,"publisher":{"@id":"https:\/\/mediumseagreen-eel-531711.hostingersite.com\/#organization"},"image":{"@id":"https:\/\/bladnanews.com\/radu-dragusin-eager-to-leave-spurs-in-january-amid-roma-interest\/#primaryimage"},"thumbnailUrl":"https:\/\/bladnanews.com\/wp-content\/uploads\/2026\/01\/BladnaNews-Radu-Dragusin-eager-to-leave-Spurs-in-January-amid-Roma-interest-2026-01-15T171046.003Z.jpg","articleSection":["International","Latest News"],"inLanguage":"fr-FR","copyrightYear":"2026","copyrightHolder":{"@id":"https:\/\/bladnanews.com\/fr\/#organization"}},{"@type":"WebPage","@id":"https:\/\/bladnanews.com\/radu-dragusin-eager-to-leave-spurs-in-january-amid-roma-interest\/","url":"https:\/\/bladnanews.com\/radu-dragusin-eager-to-leave-spurs-in-january-amid-roma-interest\/","name":"Radu Dragusin d\u00e9sireux de quitter Tottenham en janvier, int\u00e9ress\u00e9 par la Roma - Bladna News","isPartOf":{"@id":"https:\/\/mediumseagreen-eel-531711.hostingersite.com\/#website"},"primaryImageOfPage":{"@id":"https:\/\/bladnanews.com\/radu-dragusin-eager-to-leave-spurs-in-january-amid-roma-interest\/#primaryimage"},"image":{"@id":"https:\/\/bladnanews.com\/radu-dragusin-eager-to-leave-spurs-in-january-amid-roma-interest\/#primaryimage"},"thumbnailUrl":"https:\/\/bladnanews.com\/wp-content\/uploads\/2026\/01\/BladnaNews-Radu-Dragusin-eager-to-leave-Spurs-in-January-amid-Roma-interest-2026-01-15T171046.003Z.jpg","datePublished":"2026-01-15T10:10:32+00:00","breadcrumb":{"@id":"https:\/\/bladnanews.com\/radu-dragusin-eager-to-leave-spurs-in-january-amid-roma-interest\/#breadcrumb"},"inLanguage":"fr-FR","potentialAction":[{"@type":"ReadAction","target":["https:\/\/bladnanews.com\/radu-dragusin-eager-to-leave-spurs-in-january-amid-roma-interest\/"]}]},{"@type":"ImageObject","inLanguage":"fr-FR","@id":"https:\/\/bladnanews.com\/radu-dragusin-eager-to-leave-spurs-in-january-amid-roma-interest\/#primaryimage","url":"https:\/\/bladnanews.com\/wp-content\/uploads\/2026\/01\/BladnaNews-Radu-Dragusin-eager-to-leave-Spurs-in-January-amid-Roma-interest-2026-01-15T171046.003Z.jpg","contentUrl":"https:\/\/bladnanews.com\/wp-content\/uploads\/2026\/01\/BladnaNews-Radu-Dragusin-eager-to-leave-Spurs-in-January-amid-Roma-interest-2026-01-15T171046.003Z.jpg","width":2000,"height":1125,"caption":"Radu Dr\u0103gu\u0219in in Spurs' bright yellow kit, showing focused expression during a match, set against a blurred crowd background."},{"@type":"BreadcrumbList","@id":"https:\/\/bladnanews.com\/radu-dragusin-eager-to-leave-spurs-in-january-amid-roma-interest\/#breadcrumb","itemListElement":[{"@type":"ListItem","position":1,"name":"Home","item":"https:\/\/bladnanews.com\/"},{"@type":"ListItem","position":2,"name":"Radu Dragusin eager to leave Spurs in January amid Roma interest"}]},{"@type":"WebSite","@id":"https:\/\/mediumseagreen-eel-531711.hostingersite.com\/#website","url":"https:\/\/mediumseagreen-eel-531711.hostingersite.com\/","name":"Bladna News - Maroc","description":"Quand le football marocain rencontre le monde","publisher":{"@id":"https:\/\/mediumseagreen-eel-531711.hostingersite.com\/#organization"},"potentialAction":[{"@type":"SearchAction","target":{"@type":"EntryPoint","urlTemplate":"https:\/\/mediumseagreen-eel-531711.hostingersite.com\/?s={search_term_string}"},"query-input":{"@type":"PropertyValueSpecification","valueRequired":true,"valueName":"search_term_string"}}],"inLanguage":"fr-FR"},{"@type":"Organization","@id":"https:\/\/mediumseagreen-eel-531711.hostingersite.com\/#organization","name":"Bladna News.com","url":"https:\/\/mediumseagreen-eel-531711.hostingersite.com\/","logo":{"@type":"ImageObject","inLanguage":"fr-FR","@id":"https:\/\/mediumseagreen-eel-531711.hostingersite.com\/#\/schema\/logo\/image\/","url":"https:\/\/bladnanews.com\/wp-content\/uploads\/2025\/12\/logo-bladnanews-V2-web-black-red.png","contentUrl":"https:\/\/bladnanews.com\/wp-content\/uploads\/2025\/12\/logo-bladnanews-V2-web-black-red.png","width":703,"height":287,"caption":"Bladna News.com"},"image":{"@id":"https:\/\/mediumseagreen-eel-531711.hostingersite.com\/#\/schema\/logo\/image\/"},"email":"info@bladnanews.com","legalName":"Bladna News"},{"@type":"Person","@id":"https:\/\/mediumseagreen-eel-531711.hostingersite.com\/#\/schema\/person\/268e18a453ab080ebf76df6ef7845083","name":"\u00c9quipe r\u00e9dactionnelle de Bladna News","url":"https:\/\/bladnanews.com\/fr\/author\/bladna-news-staff\/"}]}},"_links":{"self":[{"href":"https:\/\/bladnanews.com\/fr\/wp-json\/wp\/v2\/posts\/6314","targetHints":{"allow":["GET"]}}],"collection":[{"href":"https:\/\/bladnanews.com\/fr\/wp-json\/wp\/v2\/posts"}],"about":[{"href":"https:\/\/bladnanews.com\/fr\/wp-json\/wp\/v2\/types\/post"}],"author":[{"embeddable":true,"href":"https:\/\/bladnanews.com\/fr\/wp-json\/wp\/v2\/users\/3"}],"replies":[{"embeddable":true,"href":"https:\/\/bladnanews.com\/fr\/wp-json\/wp\/v2\/comments?post=6314"}],"version-history":[{"count":0,"href":"https:\/\/bladnanews.com\/fr\/wp-json\/wp\/v2\/posts\/6314\/revisions"}],"wp:featuredmedia":[{"embeddable":true,"href":"https:\/\/bladnanews.com\/fr\/wp-json\/wp\/v2\/media\/6313"}],"wp:attachment":[{"href":"https:\/\/bladnanews.com\/fr\/wp-json\/wp\/v2\/media?parent=6314"}],"wp:term":[{"taxonomy":"category","embeddable":true,"href":"https:\/\/bladnanews.com\/fr\/wp-json\/wp\/v2\/categories?post=6314"},{"taxonomy":"post_tag","embeddable":true,"href":"https:\/\/bladnanews.com\/fr\/wp-json\/wp\/v2\/tags?post=6314"}],"curies":[{"name":"wp","href":"https:\/\/api.w.org\/{rel}","templated":true}]}}