{"id":6338,"date":"2026-01-15T12:28:30","date_gmt":"2026-01-15T12:28:30","guid":{"rendered":"https:\/\/bladnanews.com\/pulisic-draws-ronaldo-comparison-after-missed-chances-for-milan\/"},"modified":"2026-01-15T12:28:30","modified_gmt":"2026-01-15T12:28:30","slug":"pulisic-compare-a-ronaldo-apres-ses-occasions-manquees-pour-milan","status":"publish","type":"post","link":"https:\/\/bladnanews.com\/fr\/pulisic-compare-a-ronaldo-apres-ses-occasions-manquees-pour-milan\/","title":{"rendered":"Pulisic compar\u00e9 \u00e0 Ronaldo apr\u00e8s ses occasions manqu\u00e9es pour Milan"},"content":{"rendered":"<p>Christian Pulisic a \u00e9t\u00e9 compar\u00e9 \u00e0 Cristiano Ronaldo apr\u00e8s une soir\u00e9e frustrante devant le but pour l'AC Milan, mais l'entourage du club tient \u00e0 \u00e9viter de rejeter la faute sur la star de l'\u00e9quipe nationale am\u00e9ricaine.<\/p>\n<p>Milan a eu des occasions de prendre le contr\u00f4le du match, Pulisic se pla\u00e7ant bien et s'approchant du but \u00e0 deux reprises. Il n'a pas pu transformer ces ouvertures en buts, ce qui a suscit\u00e9 des discussions en ligne comparant sa performance \u00e0 celle de Ronaldo les soirs o\u00f9 les occasions sont l\u00e0 mais la finition fait d\u00e9faut.<\/p>\n<p>Le joueur de 25 ans reste une figure cl\u00e9 pour Milan cette saison, ayant atteint les 10 buts toutes comp\u00e9titions confondues, et il n'y a aucun sentiment au sein du club qu'il doive \u00eatre point\u00e9 du doigt pour un match o\u00f9 la r\u00e9ussite n'\u00e9tait pas au rendez-vous.<\/p>\n<p>La vision de Milan est que les r\u00e9sultats sont partag\u00e9s par l'ensemble de l'\u00e9quipe, et l'accent reste mis sur l'am\u00e9lioration du niveau global plut\u00f4t que sur la d\u00e9signation d'un individu. Le taux d'effort et les d\u00e9placements de Pulisic ont une nouvelle fois \u00e9t\u00e9 remarqu\u00e9s, m\u00eame si la derni\u00e8re touche a manqu\u00e9.<\/p>\n<p>Dans ce contexte, la comparaison avec Ronaldo a \u00e9t\u00e9 per\u00e7ue davantage comme le reflet des standards auxquels Pulisic est d\u00e9sormais jug\u00e9, plut\u00f4t que comme une critique de sa contribution globale. Lorsqu'un joueur est r\u00e9guli\u00e8rement impliqu\u00e9 dans les moments d\u00e9cisifs, les occasions manqu\u00e9es seront toujours mises en lumi\u00e8re.<\/p>\n<p>Pour sa part, Pulisic reste un \u00e9l\u00e9ment important du plan offensif de Milan dans la poursuite de sa campagne, le club \u00e9tant d\u00e9termin\u00e9 \u00e0 garder du recul et \u00e0 soutenir un joueur qui a r\u00e9guli\u00e8rement livr\u00e9 cette saison.<\/p>","protected":false},"excerpt":{"rendered":"<p>Christian Pulisic was compared to Cristiano Ronaldo after a frustrating night in front of goal for AC Milan, but those [&hellip;]<\/p>\n","protected":false},"author":3,"featured_media":6337,"comment_status":"","ping_status":"open","sticky":false,"template":"","format":"standard","meta":{"googlesitekit_rrm_CAow_uzEDA:productID":"","site-sidebar-layout":"default","site-content-layout":"","ast-site-content-layout":"default","site-content-style":"default","site-sidebar-style":"default","ast-global-header-display":"","ast-banner-title-visibility":"","ast-main-header-display":"","ast-hfb-above-header-display":"","ast-hfb-below-header-display":"","ast-hfb-mobile-header-display":"","site-post-title":"","ast-breadcrumbs-content":"","ast-featured-img":"","footer-sml-layout":"","ast-disable-related-posts":"","theme-transparent-header-meta":"","adv-header-id-meta":"","stick-header-meta":"","header-above-stick-meta":"","header-main-stick-meta":"","header-below-stick-meta":"","astra-migrate-meta-layouts":"default","ast-page-background-enabled":"default","ast-page-background-meta":{"desktop":{"background-color":"var(--ast-global-color-5)","background-image":"","background-repeat":"repeat","background-position":"center center","background-size":"auto","background-attachment":"scroll","background-type":"","background-media":"","overlay-type":"","overlay-color":"","overlay-opacity":"","overlay-gradient":""},"tablet":{"background-color":"","background-image":"","background-repeat":"repeat","background-position":"center center","background-size":"auto","background-attachment":"scroll","background-type":"","background-media":"","overlay-type":"","overlay-color":"","overlay-opacity":"","overlay-gradient":""},"mobile":{"background-color":"","background-image":"","background-repeat":"repeat","background-position":"center center","background-size":"auto","background-attachment":"scroll","background-type":"","background-media":"","overlay-type":"","overlay-color":"","overlay-opacity":"","overlay-gradient":""}},"ast-content-background-meta":{"desktop":{"background-color":"var(--ast-global-color-4)","background-image":"","background-repeat":"repeat","background-position":"center center","background-size":"auto","background-attachment":"scroll","background-type":"","background-media":"","overlay-type":"","overlay-color":"","overlay-opacity":"","overlay-gradient":""},"tablet":{"background-color":"var(--ast-global-color-4)","background-image":"","background-repeat":"repeat","background-position":"center center","background-size":"auto","background-attachment":"scroll","background-type":"","background-media":"","overlay-type":"","overlay-color":"","overlay-opacity":"","overlay-gradient":""},"mobile":{"background-color":"var(--ast-global-color-4)","background-image":"","background-repeat":"repeat","background-position":"center center","background-size":"auto","background-attachment":"scroll","background-type":"","background-media":"","overlay-type":"","overlay-color":"","overlay-opacity":"","overlay-gradient":""}},"footnotes":""},"categories":[20,1],"tags":[],"class_list":["post-6338","post","type-post","status-publish","format-standard","has-post-thumbnail","hentry","category-international","category-football-latest-news"],"yoast_head":"<!-- This site is optimized with the Yoast SEO Premium plugin v26.6 (Yoast SEO v27.5) - https:\/\/yoast.com\/product\/yoast-seo-premium-wordpress\/ -->\n<title>Pulisic draws Ronaldo comparison after missed chances for Milan - Bladna News<\/title>\n<meta name=\"robots\" content=\"index, follow, max-snippet:-1, max-image-preview:large, max-video-preview:-1\" \/>\n<link rel=\"canonical\" href=\"https:\/\/bladnanews.com\/fr\/pulisic-compare-a-ronaldo-apres-ses-occasions-manquees-pour-milan\/\" \/>\n<meta property=\"og:locale\" content=\"fr_FR\" \/>\n<meta property=\"og:type\" content=\"article\" \/>\n<meta property=\"og:title\" content=\"Pulisic draws Ronaldo comparison after missed chances for Milan\" \/>\n<meta property=\"og:description\" content=\"Christian Pulisic was compared to Cristiano Ronaldo after a frustrating night in front of goal for AC Milan, but those [&hellip;]\" \/>\n<meta property=\"og:url\" content=\"https:\/\/bladnanews.com\/fr\/pulisic-compare-a-ronaldo-apres-ses-occasions-manquees-pour-milan\/\" \/>\n<meta property=\"og:site_name\" content=\"Bladna News\" \/>\n<meta property=\"article:published_time\" content=\"2026-01-15T12:28:30+00:00\" \/>\n<meta property=\"og:image\" content=\"https:\/\/bladnanews.com\/wp-content\/uploads\/2025\/12\/freepik__bladna-newscom-moroccan-soccer-homepage-banner-mor__41838.png\" \/>\n\t<meta property=\"og:image:width\" content=\"1312\" \/>\n\t<meta property=\"og:image:height\" content=\"736\" \/>\n\t<meta property=\"og:image:type\" content=\"image\/png\" \/>\n<meta name=\"author\" content=\"Bladna News Staff\" \/>\n<meta name=\"twitter:card\" content=\"summary_large_image\" \/>\n<meta name=\"twitter:label1\" content=\"\u00c9crit par\" \/>\n\t<meta name=\"twitter:data1\" content=\"Bladna News Staff\" \/>\n\t<meta name=\"twitter:label2\" content=\"Dur\u00e9e de lecture estim\u00e9e\" \/>\n\t<meta name=\"twitter:data2\" content=\"1 minute\" \/>\n<script type=\"application\/ld+json\" class=\"yoast-schema-graph\">{\"@context\":\"https:\\\/\\\/schema.org\",\"@graph\":[{\"@type\":\"Article\",\"@id\":\"https:\\\/\\\/bladnanews.com\\\/pulisic-draws-ronaldo-comparison-after-missed-chances-for-milan\\\/#article\",\"isPartOf\":{\"@id\":\"https:\\\/\\\/bladnanews.com\\\/pulisic-draws-ronaldo-comparison-after-missed-chances-for-milan\\\/\"},\"author\":{\"name\":\"Bladna News Staff\",\"@id\":\"https:\\\/\\\/mediumseagreen-eel-531711.hostingersite.com\\\/#\\\/schema\\\/person\\\/268e18a453ab080ebf76df6ef7845083\"},\"headline\":\"Pulisic draws Ronaldo comparison after missed chances for Milan\",\"datePublished\":\"2026-01-15T12:28:30+00:00\",\"mainEntityOfPage\":{\"@id\":\"https:\\\/\\\/bladnanews.com\\\/pulisic-draws-ronaldo-comparison-after-missed-chances-for-milan\\\/\"},\"wordCount\":256,\"publisher\":{\"@id\":\"https:\\\/\\\/mediumseagreen-eel-531711.hostingersite.com\\\/#organization\"},\"image\":{\"@id\":\"https:\\\/\\\/bladnanews.com\\\/pulisic-draws-ronaldo-comparison-after-missed-chances-for-milan\\\/#primaryimage\"},\"thumbnailUrl\":\"https:\\\/\\\/bladnanews.com\\\/wp-content\\\/uploads\\\/2026\\\/01\\\/BladnaNews-Pulisic-draws-Ronaldo-comparison-after-missed-chances-for-Milan-2026-01-15T210947.524Z.jpg\",\"articleSection\":[\"International\",\"Latest News\"],\"inLanguage\":\"fr-FR\",\"copyrightYear\":\"2026\",\"copyrightHolder\":{\"@id\":\"https:\\\/\\\/bladnanews.com\\\/fr\\\/#organization\"}},{\"@type\":\"WebPage\",\"@id\":\"https:\\\/\\\/bladnanews.com\\\/pulisic-draws-ronaldo-comparison-after-missed-chances-for-milan\\\/\",\"url\":\"https:\\\/\\\/bladnanews.com\\\/pulisic-draws-ronaldo-comparison-after-missed-chances-for-milan\\\/\",\"name\":\"Pulisic draws Ronaldo comparison after missed chances for Milan - Bladna News\",\"isPartOf\":{\"@id\":\"https:\\\/\\\/mediumseagreen-eel-531711.hostingersite.com\\\/#website\"},\"primaryImageOfPage\":{\"@id\":\"https:\\\/\\\/bladnanews.com\\\/pulisic-draws-ronaldo-comparison-after-missed-chances-for-milan\\\/#primaryimage\"},\"image\":{\"@id\":\"https:\\\/\\\/bladnanews.com\\\/pulisic-draws-ronaldo-comparison-after-missed-chances-for-milan\\\/#primaryimage\"},\"thumbnailUrl\":\"https:\\\/\\\/bladnanews.com\\\/wp-content\\\/uploads\\\/2026\\\/01\\\/BladnaNews-Pulisic-draws-Ronaldo-comparison-after-missed-chances-for-Milan-2026-01-15T210947.524Z.jpg\",\"datePublished\":\"2026-01-15T12:28:30+00:00\",\"breadcrumb\":{\"@id\":\"https:\\\/\\\/bladnanews.com\\\/pulisic-draws-ronaldo-comparison-after-missed-chances-for-milan\\\/#breadcrumb\"},\"inLanguage\":\"fr-FR\",\"potentialAction\":[{\"@type\":\"ReadAction\",\"target\":[\"https:\\\/\\\/bladnanews.com\\\/pulisic-draws-ronaldo-comparison-after-missed-chances-for-milan\\\/\"]}]},{\"@type\":\"ImageObject\",\"inLanguage\":\"fr-FR\",\"@id\":\"https:\\\/\\\/bladnanews.com\\\/pulisic-draws-ronaldo-comparison-after-missed-chances-for-milan\\\/#primaryimage\",\"url\":\"https:\\\/\\\/bladnanews.com\\\/wp-content\\\/uploads\\\/2026\\\/01\\\/BladnaNews-Pulisic-draws-Ronaldo-comparison-after-missed-chances-for-Milan-2026-01-15T210947.524Z.jpg\",\"contentUrl\":\"https:\\\/\\\/bladnanews.com\\\/wp-content\\\/uploads\\\/2026\\\/01\\\/BladnaNews-Pulisic-draws-Ronaldo-comparison-after-missed-chances-for-Milan-2026-01-15T210947.524Z.jpg\",\"width\":1920,\"height\":1080,\"caption\":\"Christian Pulisic applauds on the left, while Ronaldo celebrates with hand gestures on the right; both in Milan's iconic red and black kit.\"},{\"@type\":\"BreadcrumbList\",\"@id\":\"https:\\\/\\\/bladnanews.com\\\/pulisic-draws-ronaldo-comparison-after-missed-chances-for-milan\\\/#breadcrumb\",\"itemListElement\":[{\"@type\":\"ListItem\",\"position\":1,\"name\":\"Home\",\"item\":\"https:\\\/\\\/bladnanews.com\\\/\"},{\"@type\":\"ListItem\",\"position\":2,\"name\":\"Pulisic draws Ronaldo comparison after missed chances for Milan\"}]},{\"@type\":\"WebSite\",\"@id\":\"https:\\\/\\\/mediumseagreen-eel-531711.hostingersite.com\\\/#website\",\"url\":\"https:\\\/\\\/mediumseagreen-eel-531711.hostingersite.com\\\/\",\"name\":\"Bladna News - Morocco\",\"description\":\"Where Moroccan Football Meets the World\",\"publisher\":{\"@id\":\"https:\\\/\\\/mediumseagreen-eel-531711.hostingersite.com\\\/#organization\"},\"potentialAction\":[{\"@type\":\"SearchAction\",\"target\":{\"@type\":\"EntryPoint\",\"urlTemplate\":\"https:\\\/\\\/mediumseagreen-eel-531711.hostingersite.com\\\/?s={search_term_string}\"},\"query-input\":{\"@type\":\"PropertyValueSpecification\",\"valueRequired\":true,\"valueName\":\"search_term_string\"}}],\"inLanguage\":\"fr-FR\"},{\"@type\":\"Organization\",\"@id\":\"https:\\\/\\\/mediumseagreen-eel-531711.hostingersite.com\\\/#organization\",\"name\":\"Bladna News.com\",\"url\":\"https:\\\/\\\/mediumseagreen-eel-531711.hostingersite.com\\\/\",\"logo\":{\"@type\":\"ImageObject\",\"inLanguage\":\"fr-FR\",\"@id\":\"https:\\\/\\\/mediumseagreen-eel-531711.hostingersite.com\\\/#\\\/schema\\\/logo\\\/image\\\/\",\"url\":\"https:\\\/\\\/bladnanews.com\\\/wp-content\\\/uploads\\\/2025\\\/12\\\/logo-bladnanews-V2-web-black-red.png\",\"contentUrl\":\"https:\\\/\\\/bladnanews.com\\\/wp-content\\\/uploads\\\/2025\\\/12\\\/logo-bladnanews-V2-web-black-red.png\",\"width\":703,\"height\":287,\"caption\":\"Bladna News.com\"},\"image\":{\"@id\":\"https:\\\/\\\/mediumseagreen-eel-531711.hostingersite.com\\\/#\\\/schema\\\/logo\\\/image\\\/\"},\"email\":\"info@bladnanews.com\",\"legalName\":\"Bladna News\"},{\"@type\":\"Person\",\"@id\":\"https:\\\/\\\/mediumseagreen-eel-531711.hostingersite.com\\\/#\\\/schema\\\/person\\\/268e18a453ab080ebf76df6ef7845083\",\"name\":\"Bladna News Staff\",\"url\":\"https:\\\/\\\/bladnanews.com\\\/fr\\\/author\\\/bladna-news-staff\\\/\"}]}<\/script>\n<!-- \/ Yoast SEO Premium plugin. -->","yoast_head_json":{"title":"Pulisic compar\u00e9 \u00e0 Ronaldo apr\u00e8s des occasions manqu\u00e9es pour Milan - Bladna News","robots":{"index":"index","follow":"follow","max-snippet":"max-snippet:-1","max-image-preview":"max-image-preview:large","max-video-preview":"max-video-preview:-1"},"canonical":"https:\/\/bladnanews.com\/fr\/pulisic-compare-a-ronaldo-apres-ses-occasions-manquees-pour-milan\/","og_locale":"fr_FR","og_type":"article","og_title":"Pulisic draws Ronaldo comparison after missed chances for Milan","og_description":"Christian Pulisic was compared to Cristiano Ronaldo after a frustrating night in front of goal for AC Milan, but those [&hellip;]","og_url":"https:\/\/bladnanews.com\/fr\/pulisic-compare-a-ronaldo-apres-ses-occasions-manquees-pour-milan\/","og_site_name":"Bladna News","article_published_time":"2026-01-15T12:28:30+00:00","og_image":[{"width":1312,"height":736,"url":"https:\/\/bladnanews.com\/wp-content\/uploads\/2025\/12\/freepik__bladna-newscom-moroccan-soccer-homepage-banner-mor__41838.png","type":"image\/png"}],"author":"Bladna News Staff","twitter_card":"summary_large_image","twitter_misc":{"\u00c9crit par":"Bladna News Staff","Dur\u00e9e de lecture estim\u00e9e":"1 minute"},"schema":{"@context":"https:\/\/schema.org","@graph":[{"@type":"Article","@id":"https:\/\/bladnanews.com\/pulisic-draws-ronaldo-comparison-after-missed-chances-for-milan\/#article","isPartOf":{"@id":"https:\/\/bladnanews.com\/pulisic-draws-ronaldo-comparison-after-missed-chances-for-milan\/"},"author":{"name":"Bladna News Staff","@id":"https:\/\/mediumseagreen-eel-531711.hostingersite.com\/#\/schema\/person\/268e18a453ab080ebf76df6ef7845083"},"headline":"Pulisic draws Ronaldo comparison after missed chances for Milan","datePublished":"2026-01-15T12:28:30+00:00","mainEntityOfPage":{"@id":"https:\/\/bladnanews.com\/pulisic-draws-ronaldo-comparison-after-missed-chances-for-milan\/"},"wordCount":256,"publisher":{"@id":"https:\/\/mediumseagreen-eel-531711.hostingersite.com\/#organization"},"image":{"@id":"https:\/\/bladnanews.com\/pulisic-draws-ronaldo-comparison-after-missed-chances-for-milan\/#primaryimage"},"thumbnailUrl":"https:\/\/bladnanews.com\/wp-content\/uploads\/2026\/01\/BladnaNews-Pulisic-draws-Ronaldo-comparison-after-missed-chances-for-Milan-2026-01-15T210947.524Z.jpg","articleSection":["International","Latest News"],"inLanguage":"fr-FR","copyrightYear":"2026","copyrightHolder":{"@id":"https:\/\/bladnanews.com\/fr\/#organization"}},{"@type":"WebPage","@id":"https:\/\/bladnanews.com\/pulisic-draws-ronaldo-comparison-after-missed-chances-for-milan\/","url":"https:\/\/bladnanews.com\/pulisic-draws-ronaldo-comparison-after-missed-chances-for-milan\/","name":"Pulisic compar\u00e9 \u00e0 Ronaldo apr\u00e8s des occasions manqu\u00e9es pour Milan - Bladna News","isPartOf":{"@id":"https:\/\/mediumseagreen-eel-531711.hostingersite.com\/#website"},"primaryImageOfPage":{"@id":"https:\/\/bladnanews.com\/pulisic-draws-ronaldo-comparison-after-missed-chances-for-milan\/#primaryimage"},"image":{"@id":"https:\/\/bladnanews.com\/pulisic-draws-ronaldo-comparison-after-missed-chances-for-milan\/#primaryimage"},"thumbnailUrl":"https:\/\/bladnanews.com\/wp-content\/uploads\/2026\/01\/BladnaNews-Pulisic-draws-Ronaldo-comparison-after-missed-chances-for-Milan-2026-01-15T210947.524Z.jpg","datePublished":"2026-01-15T12:28:30+00:00","breadcrumb":{"@id":"https:\/\/bladnanews.com\/pulisic-draws-ronaldo-comparison-after-missed-chances-for-milan\/#breadcrumb"},"inLanguage":"fr-FR","potentialAction":[{"@type":"ReadAction","target":["https:\/\/bladnanews.com\/pulisic-draws-ronaldo-comparison-after-missed-chances-for-milan\/"]}]},{"@type":"ImageObject","inLanguage":"fr-FR","@id":"https:\/\/bladnanews.com\/pulisic-draws-ronaldo-comparison-after-missed-chances-for-milan\/#primaryimage","url":"https:\/\/bladnanews.com\/wp-content\/uploads\/2026\/01\/BladnaNews-Pulisic-draws-Ronaldo-comparison-after-missed-chances-for-Milan-2026-01-15T210947.524Z.jpg","contentUrl":"https:\/\/bladnanews.com\/wp-content\/uploads\/2026\/01\/BladnaNews-Pulisic-draws-Ronaldo-comparison-after-missed-chances-for-Milan-2026-01-15T210947.524Z.jpg","width":1920,"height":1080,"caption":"Christian Pulisic applauds on the left, while Ronaldo celebrates with hand gestures on the right; both in Milan's iconic red and black kit."},{"@type":"BreadcrumbList","@id":"https:\/\/bladnanews.com\/pulisic-draws-ronaldo-comparison-after-missed-chances-for-milan\/#breadcrumb","itemListElement":[{"@type":"ListItem","position":1,"name":"Home","item":"https:\/\/bladnanews.com\/"},{"@type":"ListItem","position":2,"name":"Pulisic draws Ronaldo comparison after missed chances for Milan"}]},{"@type":"WebSite","@id":"https:\/\/mediumseagreen-eel-531711.hostingersite.com\/#website","url":"https:\/\/mediumseagreen-eel-531711.hostingersite.com\/","name":"Bladna News - Maroc","description":"Quand le football marocain rencontre le monde","publisher":{"@id":"https:\/\/mediumseagreen-eel-531711.hostingersite.com\/#organization"},"potentialAction":[{"@type":"SearchAction","target":{"@type":"EntryPoint","urlTemplate":"https:\/\/mediumseagreen-eel-531711.hostingersite.com\/?s={search_term_string}"},"query-input":{"@type":"PropertyValueSpecification","valueRequired":true,"valueName":"search_term_string"}}],"inLanguage":"fr-FR"},{"@type":"Organization","@id":"https:\/\/mediumseagreen-eel-531711.hostingersite.com\/#organization","name":"Bladna News.com","url":"https:\/\/mediumseagreen-eel-531711.hostingersite.com\/","logo":{"@type":"ImageObject","inLanguage":"fr-FR","@id":"https:\/\/mediumseagreen-eel-531711.hostingersite.com\/#\/schema\/logo\/image\/","url":"https:\/\/bladnanews.com\/wp-content\/uploads\/2025\/12\/logo-bladnanews-V2-web-black-red.png","contentUrl":"https:\/\/bladnanews.com\/wp-content\/uploads\/2025\/12\/logo-bladnanews-V2-web-black-red.png","width":703,"height":287,"caption":"Bladna News.com"},"image":{"@id":"https:\/\/mediumseagreen-eel-531711.hostingersite.com\/#\/schema\/logo\/image\/"},"email":"info@bladnanews.com","legalName":"Bladna News"},{"@type":"Person","@id":"https:\/\/mediumseagreen-eel-531711.hostingersite.com\/#\/schema\/person\/268e18a453ab080ebf76df6ef7845083","name":"\u00c9quipe r\u00e9dactionnelle de Bladna News","url":"https:\/\/bladnanews.com\/fr\/author\/bladna-news-staff\/"}]}},"_links":{"self":[{"href":"https:\/\/bladnanews.com\/fr\/wp-json\/wp\/v2\/posts\/6338","targetHints":{"allow":["GET"]}}],"collection":[{"href":"https:\/\/bladnanews.com\/fr\/wp-json\/wp\/v2\/posts"}],"about":[{"href":"https:\/\/bladnanews.com\/fr\/wp-json\/wp\/v2\/types\/post"}],"author":[{"embeddable":true,"href":"https:\/\/bladnanews.com\/fr\/wp-json\/wp\/v2\/users\/3"}],"replies":[{"embeddable":true,"href":"https:\/\/bladnanews.com\/fr\/wp-json\/wp\/v2\/comments?post=6338"}],"version-history":[{"count":0,"href":"https:\/\/bladnanews.com\/fr\/wp-json\/wp\/v2\/posts\/6338\/revisions"}],"wp:featuredmedia":[{"embeddable":true,"href":"https:\/\/bladnanews.com\/fr\/wp-json\/wp\/v2\/media\/6337"}],"wp:attachment":[{"href":"https:\/\/bladnanews.com\/fr\/wp-json\/wp\/v2\/media?parent=6338"}],"wp:term":[{"taxonomy":"category","embeddable":true,"href":"https:\/\/bladnanews.com\/fr\/wp-json\/wp\/v2\/categories?post=6338"},{"taxonomy":"post_tag","embeddable":true,"href":"https:\/\/bladnanews.com\/fr\/wp-json\/wp\/v2\/tags?post=6338"}],"curies":[{"name":"wp","href":"https:\/\/api.w.org\/{rel}","templated":true}]}}