{"id":6362,"date":"2026-01-15T13:43:21","date_gmt":"2026-01-15T13:43:21","guid":{"rendered":"https:\/\/bladnanews.com\/roy-keane-criticises-man-utd-coaching-staff-under-carrick\/"},"modified":"2026-01-15T13:43:21","modified_gmt":"2026-01-15T13:43:21","slug":"roy-keane-critique-le-personnel-dentrainement-de-manchester-united-sous-la-direction-de-carrick","status":"publish","type":"post","link":"https:\/\/bladnanews.com\/fr\/roy-keane-critique-le-personnel-dentrainement-de-manchester-united-sous-la-direction-de-carrick\/","title":{"rendered":"Roy Keane critique le staff d'entra\u00eeneurs de Manchester United sous la direction de Carrick"},"content":{"rendered":"<p>Roy Keane a remis en question l'encadrement technique de Manchester United sous la direction int\u00e9rimaire de Michael Carrick, apr\u00e8s que le club a fait appel \u00e0 Jonny Evans et Jonathan Woodgate pour contribuer \u00e0 la direction de l'\u00e9quipe.<\/p>\n<p>United a confirm\u00e9 ces nominations alors que Carrick prenait les r\u00eanes suite au d\u00e9part d'Ole Gunnar Solskjaer, l'ancien milieu de terrain se voyant confier la responsabilit\u00e9 de l'\u00e9quipe pendant que le club travaille \u00e0 une solution \u00e0 plus long terme.<\/p>\n<p>\u00c9voquant ces changements, Keane s'est montr\u00e9 peu convaincu par les nouveaux arrivants et a lanc\u00e9 une remarque cinglante sur la situation r\u00e9cente d'Evans. \u2019 Il \u00e9tait sur la plage il y a une semaine ! \u201c a d\u00e9clar\u00e9 Keane, critiquant ce qu'il per\u00e7oit comme un manque de leadership fort et d'exp\u00e9rience au sein du groupe de l'\u00e9quipe premi\u00e8re.<\/p>\n<p>L'ancien capitaine de United a soutenu que les probl\u00e8mes du club sont plus profonds qu'un simple remaniement rapide au centre d'entra\u00eenement, sugg\u00e9rant que le nouveau staff est charg\u00e9 de stabiliser une situation qui d\u00e9rive depuis un certain temps.<\/p>\n<p>Carrick devrait superviser les pr\u00e9parations et les matchs \u00e0 court terme, Evans et Woodgate rejoignant l'\u00e9quipe d'encadrement tandis que United cherche \u00e0 r\u00e9tablir la stabilit\u00e9 durant une p\u00e9riode troubl\u00e9e.<\/p>\n<p>Les commentaires de Keane ont accru les interrogations croissantes sur l'orientation et la prise de d\u00e9cision de United, l'attention se portant d\u00e9sormais sur la performance du staff de Carrick pendant que le club poursuit sa recherche d'un manager permanent.<\/p>","protected":false},"excerpt":{"rendered":"<p>Roy Keane has questioned Manchester United\u2019s coaching setup under interim boss Michael Carrick after the club brought in Jonny Evans [&hellip;]<\/p>\n","protected":false},"author":3,"featured_media":6361,"comment_status":"","ping_status":"open","sticky":false,"template":"","format":"standard","meta":{"googlesitekit_rrm_CAow_uzEDA:productID":"","site-sidebar-layout":"default","site-content-layout":"","ast-site-content-layout":"default","site-content-style":"default","site-sidebar-style":"default","ast-global-header-display":"","ast-banner-title-visibility":"","ast-main-header-display":"","ast-hfb-above-header-display":"","ast-hfb-below-header-display":"","ast-hfb-mobile-header-display":"","site-post-title":"","ast-breadcrumbs-content":"","ast-featured-img":"","footer-sml-layout":"","ast-disable-related-posts":"","theme-transparent-header-meta":"","adv-header-id-meta":"","stick-header-meta":"","header-above-stick-meta":"","header-main-stick-meta":"","header-below-stick-meta":"","astra-migrate-meta-layouts":"default","ast-page-background-enabled":"default","ast-page-background-meta":{"desktop":{"background-color":"var(--ast-global-color-5)","background-image":"","background-repeat":"repeat","background-position":"center center","background-size":"auto","background-attachment":"scroll","background-type":"","background-media":"","overlay-type":"","overlay-color":"","overlay-opacity":"","overlay-gradient":""},"tablet":{"background-color":"","background-image":"","background-repeat":"repeat","background-position":"center center","background-size":"auto","background-attachment":"scroll","background-type":"","background-media":"","overlay-type":"","overlay-color":"","overlay-opacity":"","overlay-gradient":""},"mobile":{"background-color":"","background-image":"","background-repeat":"repeat","background-position":"center center","background-size":"auto","background-attachment":"scroll","background-type":"","background-media":"","overlay-type":"","overlay-color":"","overlay-opacity":"","overlay-gradient":""}},"ast-content-background-meta":{"desktop":{"background-color":"var(--ast-global-color-4)","background-image":"","background-repeat":"repeat","background-position":"center center","background-size":"auto","background-attachment":"scroll","background-type":"","background-media":"","overlay-type":"","overlay-color":"","overlay-opacity":"","overlay-gradient":""},"tablet":{"background-color":"var(--ast-global-color-4)","background-image":"","background-repeat":"repeat","background-position":"center center","background-size":"auto","background-attachment":"scroll","background-type":"","background-media":"","overlay-type":"","overlay-color":"","overlay-opacity":"","overlay-gradient":""},"mobile":{"background-color":"var(--ast-global-color-4)","background-image":"","background-repeat":"repeat","background-position":"center center","background-size":"auto","background-attachment":"scroll","background-type":"","background-media":"","overlay-type":"","overlay-color":"","overlay-opacity":"","overlay-gradient":""}},"footnotes":""},"categories":[20,1],"tags":[],"class_list":["post-6362","post","type-post","status-publish","format-standard","has-post-thumbnail","hentry","category-international","category-football-latest-news"],"yoast_head":"<!-- This site is optimized with the Yoast SEO Premium plugin v26.6 (Yoast SEO v27.5) - https:\/\/yoast.com\/product\/yoast-seo-premium-wordpress\/ -->\n<title>Roy Keane criticises Man Utd coaching staff under Carrick - Bladna News<\/title>\n<meta name=\"robots\" content=\"index, follow, max-snippet:-1, max-image-preview:large, max-video-preview:-1\" \/>\n<link rel=\"canonical\" href=\"https:\/\/bladnanews.com\/fr\/roy-keane-critique-le-personnel-dentrainement-de-manchester-united-sous-la-direction-de-carrick\/\" \/>\n<meta property=\"og:locale\" content=\"fr_FR\" \/>\n<meta property=\"og:type\" content=\"article\" \/>\n<meta property=\"og:title\" content=\"Roy Keane criticises Man Utd coaching staff under Carrick\" \/>\n<meta property=\"og:description\" content=\"Roy Keane has questioned Manchester United\u2019s coaching setup under interim boss Michael Carrick after the club brought in Jonny Evans [&hellip;]\" \/>\n<meta property=\"og:url\" content=\"https:\/\/bladnanews.com\/fr\/roy-keane-critique-le-personnel-dentrainement-de-manchester-united-sous-la-direction-de-carrick\/\" \/>\n<meta property=\"og:site_name\" content=\"Bladna News\" \/>\n<meta property=\"article:published_time\" content=\"2026-01-15T13:43:21+00:00\" \/>\n<meta property=\"og:image\" content=\"https:\/\/bladnanews.com\/wp-content\/uploads\/2025\/12\/freepik__bladna-newscom-moroccan-soccer-homepage-banner-mor__41838.png\" \/>\n\t<meta property=\"og:image:width\" content=\"1312\" \/>\n\t<meta property=\"og:image:height\" content=\"736\" \/>\n\t<meta property=\"og:image:type\" content=\"image\/png\" \/>\n<meta name=\"author\" content=\"Bladna News Staff\" \/>\n<meta name=\"twitter:card\" content=\"summary_large_image\" \/>\n<meta name=\"twitter:label1\" content=\"\u00c9crit par\" \/>\n\t<meta name=\"twitter:data1\" content=\"Bladna News Staff\" \/>\n\t<meta name=\"twitter:label2\" content=\"Dur\u00e9e de lecture estim\u00e9e\" \/>\n\t<meta name=\"twitter:data2\" content=\"1 minute\" \/>\n<script type=\"application\/ld+json\" class=\"yoast-schema-graph\">{\"@context\":\"https:\\\/\\\/schema.org\",\"@graph\":[{\"@type\":\"Article\",\"@id\":\"https:\\\/\\\/bladnanews.com\\\/roy-keane-criticises-man-utd-coaching-staff-under-carrick\\\/#article\",\"isPartOf\":{\"@id\":\"https:\\\/\\\/bladnanews.com\\\/roy-keane-criticises-man-utd-coaching-staff-under-carrick\\\/\"},\"author\":{\"name\":\"Bladna News Staff\",\"@id\":\"https:\\\/\\\/mediumseagreen-eel-531711.hostingersite.com\\\/#\\\/schema\\\/person\\\/268e18a453ab080ebf76df6ef7845083\"},\"headline\":\"Roy Keane criticises Man Utd coaching staff under Carrick\",\"datePublished\":\"2026-01-15T13:43:21+00:00\",\"mainEntityOfPage\":{\"@id\":\"https:\\\/\\\/bladnanews.com\\\/roy-keane-criticises-man-utd-coaching-staff-under-carrick\\\/\"},\"wordCount\":219,\"publisher\":{\"@id\":\"https:\\\/\\\/mediumseagreen-eel-531711.hostingersite.com\\\/#organization\"},\"image\":{\"@id\":\"https:\\\/\\\/bladnanews.com\\\/roy-keane-criticises-man-utd-coaching-staff-under-carrick\\\/#primaryimage\"},\"thumbnailUrl\":\"https:\\\/\\\/bladnanews.com\\\/wp-content\\\/uploads\\\/2026\\\/01\\\/BladnaNews-Roy-Keane-criticises-Man-Utd-coaching-staff-under-Carrick-2026-01-16T010950.222Z.jpg\",\"articleSection\":[\"International\",\"Latest News\"],\"inLanguage\":\"fr-FR\",\"copyrightYear\":\"2026\",\"copyrightHolder\":{\"@id\":\"https:\\\/\\\/bladnanews.com\\\/fr\\\/#organization\"}},{\"@type\":\"WebPage\",\"@id\":\"https:\\\/\\\/bladnanews.com\\\/roy-keane-criticises-man-utd-coaching-staff-under-carrick\\\/\",\"url\":\"https:\\\/\\\/bladnanews.com\\\/roy-keane-criticises-man-utd-coaching-staff-under-carrick\\\/\",\"name\":\"Roy Keane criticises Man Utd coaching staff under Carrick - Bladna News\",\"isPartOf\":{\"@id\":\"https:\\\/\\\/mediumseagreen-eel-531711.hostingersite.com\\\/#website\"},\"primaryImageOfPage\":{\"@id\":\"https:\\\/\\\/bladnanews.com\\\/roy-keane-criticises-man-utd-coaching-staff-under-carrick\\\/#primaryimage\"},\"image\":{\"@id\":\"https:\\\/\\\/bladnanews.com\\\/roy-keane-criticises-man-utd-coaching-staff-under-carrick\\\/#primaryimage\"},\"thumbnailUrl\":\"https:\\\/\\\/bladnanews.com\\\/wp-content\\\/uploads\\\/2026\\\/01\\\/BladnaNews-Roy-Keane-criticises-Man-Utd-coaching-staff-under-Carrick-2026-01-16T010950.222Z.jpg\",\"datePublished\":\"2026-01-15T13:43:21+00:00\",\"breadcrumb\":{\"@id\":\"https:\\\/\\\/bladnanews.com\\\/roy-keane-criticises-man-utd-coaching-staff-under-carrick\\\/#breadcrumb\"},\"inLanguage\":\"fr-FR\",\"potentialAction\":[{\"@type\":\"ReadAction\",\"target\":[\"https:\\\/\\\/bladnanews.com\\\/roy-keane-criticises-man-utd-coaching-staff-under-carrick\\\/\"]}]},{\"@type\":\"ImageObject\",\"inLanguage\":\"fr-FR\",\"@id\":\"https:\\\/\\\/bladnanews.com\\\/roy-keane-criticises-man-utd-coaching-staff-under-carrick\\\/#primaryimage\",\"url\":\"https:\\\/\\\/bladnanews.com\\\/wp-content\\\/uploads\\\/2026\\\/01\\\/BladnaNews-Roy-Keane-criticises-Man-Utd-coaching-staff-under-Carrick-2026-01-16T010950.222Z.jpg\",\"contentUrl\":\"https:\\\/\\\/bladnanews.com\\\/wp-content\\\/uploads\\\/2026\\\/01\\\/BladnaNews-Roy-Keane-criticises-Man-Utd-coaching-staff-under-Carrick-2026-01-16T010950.222Z.jpg\",\"width\":1920,\"height\":1080,\"caption\":\"Coaches from various teams: one in an England training kit, another applauding in a black coat, and the last in a Manchester United jacket.\"},{\"@type\":\"BreadcrumbList\",\"@id\":\"https:\\\/\\\/bladnanews.com\\\/roy-keane-criticises-man-utd-coaching-staff-under-carrick\\\/#breadcrumb\",\"itemListElement\":[{\"@type\":\"ListItem\",\"position\":1,\"name\":\"Home\",\"item\":\"https:\\\/\\\/bladnanews.com\\\/\"},{\"@type\":\"ListItem\",\"position\":2,\"name\":\"Roy Keane criticises Man Utd coaching staff under Carrick\"}]},{\"@type\":\"WebSite\",\"@id\":\"https:\\\/\\\/mediumseagreen-eel-531711.hostingersite.com\\\/#website\",\"url\":\"https:\\\/\\\/mediumseagreen-eel-531711.hostingersite.com\\\/\",\"name\":\"Bladna News - Morocco\",\"description\":\"Where Moroccan Football Meets the World\",\"publisher\":{\"@id\":\"https:\\\/\\\/mediumseagreen-eel-531711.hostingersite.com\\\/#organization\"},\"potentialAction\":[{\"@type\":\"SearchAction\",\"target\":{\"@type\":\"EntryPoint\",\"urlTemplate\":\"https:\\\/\\\/mediumseagreen-eel-531711.hostingersite.com\\\/?s={search_term_string}\"},\"query-input\":{\"@type\":\"PropertyValueSpecification\",\"valueRequired\":true,\"valueName\":\"search_term_string\"}}],\"inLanguage\":\"fr-FR\"},{\"@type\":\"Organization\",\"@id\":\"https:\\\/\\\/mediumseagreen-eel-531711.hostingersite.com\\\/#organization\",\"name\":\"Bladna News.com\",\"url\":\"https:\\\/\\\/mediumseagreen-eel-531711.hostingersite.com\\\/\",\"logo\":{\"@type\":\"ImageObject\",\"inLanguage\":\"fr-FR\",\"@id\":\"https:\\\/\\\/mediumseagreen-eel-531711.hostingersite.com\\\/#\\\/schema\\\/logo\\\/image\\\/\",\"url\":\"https:\\\/\\\/bladnanews.com\\\/wp-content\\\/uploads\\\/2025\\\/12\\\/logo-bladnanews-V2-web-black-red.png\",\"contentUrl\":\"https:\\\/\\\/bladnanews.com\\\/wp-content\\\/uploads\\\/2025\\\/12\\\/logo-bladnanews-V2-web-black-red.png\",\"width\":703,\"height\":287,\"caption\":\"Bladna News.com\"},\"image\":{\"@id\":\"https:\\\/\\\/mediumseagreen-eel-531711.hostingersite.com\\\/#\\\/schema\\\/logo\\\/image\\\/\"},\"email\":\"info@bladnanews.com\",\"legalName\":\"Bladna News\"},{\"@type\":\"Person\",\"@id\":\"https:\\\/\\\/mediumseagreen-eel-531711.hostingersite.com\\\/#\\\/schema\\\/person\\\/268e18a453ab080ebf76df6ef7845083\",\"name\":\"Bladna News Staff\",\"url\":\"https:\\\/\\\/bladnanews.com\\\/fr\\\/author\\\/bladna-news-staff\\\/\"}]}<\/script>\n<!-- \/ Yoast SEO Premium plugin. -->","yoast_head_json":{"title":"Roy Keane critique le personnel d'entra\u00eenement de Manchester United sous la direction de Carrick - Bladna News","robots":{"index":"index","follow":"follow","max-snippet":"max-snippet:-1","max-image-preview":"max-image-preview:large","max-video-preview":"max-video-preview:-1"},"canonical":"https:\/\/bladnanews.com\/fr\/roy-keane-critique-le-personnel-dentrainement-de-manchester-united-sous-la-direction-de-carrick\/","og_locale":"fr_FR","og_type":"article","og_title":"Roy Keane criticises Man Utd coaching staff under Carrick","og_description":"Roy Keane has questioned Manchester United\u2019s coaching setup under interim boss Michael Carrick after the club brought in Jonny Evans [&hellip;]","og_url":"https:\/\/bladnanews.com\/fr\/roy-keane-critique-le-personnel-dentrainement-de-manchester-united-sous-la-direction-de-carrick\/","og_site_name":"Bladna News","article_published_time":"2026-01-15T13:43:21+00:00","og_image":[{"width":1312,"height":736,"url":"https:\/\/bladnanews.com\/wp-content\/uploads\/2025\/12\/freepik__bladna-newscom-moroccan-soccer-homepage-banner-mor__41838.png","type":"image\/png"}],"author":"Bladna News Staff","twitter_card":"summary_large_image","twitter_misc":{"\u00c9crit par":"Bladna News Staff","Dur\u00e9e de lecture estim\u00e9e":"1 minute"},"schema":{"@context":"https:\/\/schema.org","@graph":[{"@type":"Article","@id":"https:\/\/bladnanews.com\/roy-keane-criticises-man-utd-coaching-staff-under-carrick\/#article","isPartOf":{"@id":"https:\/\/bladnanews.com\/roy-keane-criticises-man-utd-coaching-staff-under-carrick\/"},"author":{"name":"Bladna News Staff","@id":"https:\/\/mediumseagreen-eel-531711.hostingersite.com\/#\/schema\/person\/268e18a453ab080ebf76df6ef7845083"},"headline":"Roy Keane criticises Man Utd coaching staff under Carrick","datePublished":"2026-01-15T13:43:21+00:00","mainEntityOfPage":{"@id":"https:\/\/bladnanews.com\/roy-keane-criticises-man-utd-coaching-staff-under-carrick\/"},"wordCount":219,"publisher":{"@id":"https:\/\/mediumseagreen-eel-531711.hostingersite.com\/#organization"},"image":{"@id":"https:\/\/bladnanews.com\/roy-keane-criticises-man-utd-coaching-staff-under-carrick\/#primaryimage"},"thumbnailUrl":"https:\/\/bladnanews.com\/wp-content\/uploads\/2026\/01\/BladnaNews-Roy-Keane-criticises-Man-Utd-coaching-staff-under-Carrick-2026-01-16T010950.222Z.jpg","articleSection":["International","Latest News"],"inLanguage":"fr-FR","copyrightYear":"2026","copyrightHolder":{"@id":"https:\/\/bladnanews.com\/fr\/#organization"}},{"@type":"WebPage","@id":"https:\/\/bladnanews.com\/roy-keane-criticises-man-utd-coaching-staff-under-carrick\/","url":"https:\/\/bladnanews.com\/roy-keane-criticises-man-utd-coaching-staff-under-carrick\/","name":"Roy Keane critique le personnel d'entra\u00eenement de Manchester United sous la direction de Carrick - Bladna News","isPartOf":{"@id":"https:\/\/mediumseagreen-eel-531711.hostingersite.com\/#website"},"primaryImageOfPage":{"@id":"https:\/\/bladnanews.com\/roy-keane-criticises-man-utd-coaching-staff-under-carrick\/#primaryimage"},"image":{"@id":"https:\/\/bladnanews.com\/roy-keane-criticises-man-utd-coaching-staff-under-carrick\/#primaryimage"},"thumbnailUrl":"https:\/\/bladnanews.com\/wp-content\/uploads\/2026\/01\/BladnaNews-Roy-Keane-criticises-Man-Utd-coaching-staff-under-Carrick-2026-01-16T010950.222Z.jpg","datePublished":"2026-01-15T13:43:21+00:00","breadcrumb":{"@id":"https:\/\/bladnanews.com\/roy-keane-criticises-man-utd-coaching-staff-under-carrick\/#breadcrumb"},"inLanguage":"fr-FR","potentialAction":[{"@type":"ReadAction","target":["https:\/\/bladnanews.com\/roy-keane-criticises-man-utd-coaching-staff-under-carrick\/"]}]},{"@type":"ImageObject","inLanguage":"fr-FR","@id":"https:\/\/bladnanews.com\/roy-keane-criticises-man-utd-coaching-staff-under-carrick\/#primaryimage","url":"https:\/\/bladnanews.com\/wp-content\/uploads\/2026\/01\/BladnaNews-Roy-Keane-criticises-Man-Utd-coaching-staff-under-Carrick-2026-01-16T010950.222Z.jpg","contentUrl":"https:\/\/bladnanews.com\/wp-content\/uploads\/2026\/01\/BladnaNews-Roy-Keane-criticises-Man-Utd-coaching-staff-under-Carrick-2026-01-16T010950.222Z.jpg","width":1920,"height":1080,"caption":"Coaches from various teams: one in an England training kit, another applauding in a black coat, and the last in a Manchester United jacket."},{"@type":"BreadcrumbList","@id":"https:\/\/bladnanews.com\/roy-keane-criticises-man-utd-coaching-staff-under-carrick\/#breadcrumb","itemListElement":[{"@type":"ListItem","position":1,"name":"Home","item":"https:\/\/bladnanews.com\/"},{"@type":"ListItem","position":2,"name":"Roy Keane criticises Man Utd coaching staff under Carrick"}]},{"@type":"WebSite","@id":"https:\/\/mediumseagreen-eel-531711.hostingersite.com\/#website","url":"https:\/\/mediumseagreen-eel-531711.hostingersite.com\/","name":"Bladna News - Maroc","description":"Quand le football marocain rencontre le monde","publisher":{"@id":"https:\/\/mediumseagreen-eel-531711.hostingersite.com\/#organization"},"potentialAction":[{"@type":"SearchAction","target":{"@type":"EntryPoint","urlTemplate":"https:\/\/mediumseagreen-eel-531711.hostingersite.com\/?s={search_term_string}"},"query-input":{"@type":"PropertyValueSpecification","valueRequired":true,"valueName":"search_term_string"}}],"inLanguage":"fr-FR"},{"@type":"Organization","@id":"https:\/\/mediumseagreen-eel-531711.hostingersite.com\/#organization","name":"Bladna News.com","url":"https:\/\/mediumseagreen-eel-531711.hostingersite.com\/","logo":{"@type":"ImageObject","inLanguage":"fr-FR","@id":"https:\/\/mediumseagreen-eel-531711.hostingersite.com\/#\/schema\/logo\/image\/","url":"https:\/\/bladnanews.com\/wp-content\/uploads\/2025\/12\/logo-bladnanews-V2-web-black-red.png","contentUrl":"https:\/\/bladnanews.com\/wp-content\/uploads\/2025\/12\/logo-bladnanews-V2-web-black-red.png","width":703,"height":287,"caption":"Bladna News.com"},"image":{"@id":"https:\/\/mediumseagreen-eel-531711.hostingersite.com\/#\/schema\/logo\/image\/"},"email":"info@bladnanews.com","legalName":"Bladna News"},{"@type":"Person","@id":"https:\/\/mediumseagreen-eel-531711.hostingersite.com\/#\/schema\/person\/268e18a453ab080ebf76df6ef7845083","name":"\u00c9quipe r\u00e9dactionnelle de Bladna News","url":"https:\/\/bladnanews.com\/fr\/author\/bladna-news-staff\/"}]}},"_links":{"self":[{"href":"https:\/\/bladnanews.com\/fr\/wp-json\/wp\/v2\/posts\/6362","targetHints":{"allow":["GET"]}}],"collection":[{"href":"https:\/\/bladnanews.com\/fr\/wp-json\/wp\/v2\/posts"}],"about":[{"href":"https:\/\/bladnanews.com\/fr\/wp-json\/wp\/v2\/types\/post"}],"author":[{"embeddable":true,"href":"https:\/\/bladnanews.com\/fr\/wp-json\/wp\/v2\/users\/3"}],"replies":[{"embeddable":true,"href":"https:\/\/bladnanews.com\/fr\/wp-json\/wp\/v2\/comments?post=6362"}],"version-history":[{"count":0,"href":"https:\/\/bladnanews.com\/fr\/wp-json\/wp\/v2\/posts\/6362\/revisions"}],"wp:featuredmedia":[{"embeddable":true,"href":"https:\/\/bladnanews.com\/fr\/wp-json\/wp\/v2\/media\/6361"}],"wp:attachment":[{"href":"https:\/\/bladnanews.com\/fr\/wp-json\/wp\/v2\/media?parent=6362"}],"wp:term":[{"taxonomy":"category","embeddable":true,"href":"https:\/\/bladnanews.com\/fr\/wp-json\/wp\/v2\/categories?post=6362"},{"taxonomy":"post_tag","embeddable":true,"href":"https:\/\/bladnanews.com\/fr\/wp-json\/wp\/v2\/tags?post=6362"}],"curies":[{"name":"wp","href":"https:\/\/api.w.org\/{rel}","templated":true}]}}