{"id":6386,"date":"2026-01-15T14:44:54","date_gmt":"2026-01-15T14:44:54","guid":{"rendered":"https:\/\/bladnanews.com\/man-utd-confident-of-signing-carlos-baleba-for-100m\/"},"modified":"2026-01-15T14:44:54","modified_gmt":"2026-01-15T14:44:54","slug":"man-utd-confiant-de-signer-carlos-baleba-pour-100m","status":"publish","type":"post","link":"https:\/\/bladnanews.com\/fr\/man-utd-confiant-de-signer-carlos-baleba-pour-100m\/","title":{"rendered":"Manchester United confiant pour signer Carlos Baleba pour 100 millions de livres"},"content":{"rendered":"<p>Manchester United gagnent en confiance quant \u00e0 la possibilit\u00e9 de recruter le milieu de terrain de Brighton &amp; Hove Albion, Carlos Baleba, cet \u00e9t\u00e9, pour un montant avoisinant <strong>100 millions de livres sterling.<\/strong>.<\/p>\n<p>United ont suivi Baleba de pr\u00e8s et estiment que le moment est propice pour intensifier leurs efforts, m\u00eame si Brighton conserve une position forte et n'est soumis \u00e0 aucune pression de vente. Le joueur de 20 ans est rapidement devenu l'un des jeunes milieux de terrain les plus remarqu\u00e9s de Premier League et est per\u00e7u \u00e0 Old Trafford comme une option \u00e0 long terme pour renforcer le c\u0153ur du jeu.<\/p>\n<p>La position de Brighton devrait compliquer toute n\u00e9gociation, le club \u00e9tant susceptible d'exiger une somme consid\u00e9rable s'il devait envisager de le laisser partir. Cependant, United seraient de plus en plus confiants dans leur capacit\u00e9 \u00e0 trouver un terrain d'entente et \u00e0 conclure un accord durant le mercato estival.<\/p>\n<p>Baleba a rejoint Brighton depuis Lille en 2023 et n'a cess\u00e9 de voir sa r\u00e9putation grandir gr\u00e2ce \u00e0 son \u00e9nergie, sa puissance et sa capacit\u00e9 \u00e0 percer au milieu de terrain. L'int\u00e9r\u00eat de United se fonde sur sa forme actuelle et son potentiel, mais le montant \u00e9voqu\u00e9 souligne l'estime dans laquelle Brighton le tient.<\/p>\n<p>Un transfert n'est pas encore act\u00e9, mais la r\u00e9v\u00e9lation essentielle est que la conviction de United de parvenir \u00e0 un accord se renforce, malgr\u00e9 la possibilit\u00e9 que Brighton exige un montant global proche de <strong>100 millions de livres sterling.<\/strong>.<\/p>","protected":false},"excerpt":{"rendered":"<p>Manchester United are growing increasingly confident of landing Brighton &amp; Hove Albion midfielder Carlos Baleba this summer, with a deal [&hellip;]<\/p>\n","protected":false},"author":3,"featured_media":6385,"comment_status":"","ping_status":"open","sticky":false,"template":"","format":"standard","meta":{"googlesitekit_rrm_CAow_uzEDA:productID":"","site-sidebar-layout":"default","site-content-layout":"","ast-site-content-layout":"default","site-content-style":"default","site-sidebar-style":"default","ast-global-header-display":"","ast-banner-title-visibility":"","ast-main-header-display":"","ast-hfb-above-header-display":"","ast-hfb-below-header-display":"","ast-hfb-mobile-header-display":"","site-post-title":"","ast-breadcrumbs-content":"","ast-featured-img":"","footer-sml-layout":"","ast-disable-related-posts":"","theme-transparent-header-meta":"","adv-header-id-meta":"","stick-header-meta":"","header-above-stick-meta":"","header-main-stick-meta":"","header-below-stick-meta":"","astra-migrate-meta-layouts":"default","ast-page-background-enabled":"default","ast-page-background-meta":{"desktop":{"background-color":"var(--ast-global-color-5)","background-image":"","background-repeat":"repeat","background-position":"center center","background-size":"auto","background-attachment":"scroll","background-type":"","background-media":"","overlay-type":"","overlay-color":"","overlay-opacity":"","overlay-gradient":""},"tablet":{"background-color":"","background-image":"","background-repeat":"repeat","background-position":"center center","background-size":"auto","background-attachment":"scroll","background-type":"","background-media":"","overlay-type":"","overlay-color":"","overlay-opacity":"","overlay-gradient":""},"mobile":{"background-color":"","background-image":"","background-repeat":"repeat","background-position":"center center","background-size":"auto","background-attachment":"scroll","background-type":"","background-media":"","overlay-type":"","overlay-color":"","overlay-opacity":"","overlay-gradient":""}},"ast-content-background-meta":{"desktop":{"background-color":"var(--ast-global-color-4)","background-image":"","background-repeat":"repeat","background-position":"center center","background-size":"auto","background-attachment":"scroll","background-type":"","background-media":"","overlay-type":"","overlay-color":"","overlay-opacity":"","overlay-gradient":""},"tablet":{"background-color":"var(--ast-global-color-4)","background-image":"","background-repeat":"repeat","background-position":"center center","background-size":"auto","background-attachment":"scroll","background-type":"","background-media":"","overlay-type":"","overlay-color":"","overlay-opacity":"","overlay-gradient":""},"mobile":{"background-color":"var(--ast-global-color-4)","background-image":"","background-repeat":"repeat","background-position":"center center","background-size":"auto","background-attachment":"scroll","background-type":"","background-media":"","overlay-type":"","overlay-color":"","overlay-opacity":"","overlay-gradient":""}},"footnotes":""},"categories":[20,1],"tags":[],"class_list":["post-6386","post","type-post","status-publish","format-standard","has-post-thumbnail","hentry","category-international","category-football-latest-news"],"yoast_head":"<!-- This site is optimized with the Yoast SEO Premium plugin v26.6 (Yoast SEO v27.5) - https:\/\/yoast.com\/product\/yoast-seo-premium-wordpress\/ -->\n<title>Man Utd confident of signing Carlos Baleba for \u00a3100m - Bladna News<\/title>\n<meta name=\"robots\" content=\"index, follow, max-snippet:-1, max-image-preview:large, max-video-preview:-1\" \/>\n<link rel=\"canonical\" href=\"https:\/\/bladnanews.com\/fr\/man-utd-confiant-de-signer-carlos-baleba-pour-100m\/\" \/>\n<meta property=\"og:locale\" content=\"fr_FR\" \/>\n<meta property=\"og:type\" content=\"article\" \/>\n<meta property=\"og:title\" content=\"Man Utd confident of signing Carlos Baleba for \u00a3100m\" \/>\n<meta property=\"og:description\" content=\"Manchester United are growing increasingly confident of landing Brighton &amp; Hove Albion midfielder Carlos Baleba this summer, with a deal [&hellip;]\" \/>\n<meta property=\"og:url\" content=\"https:\/\/bladnanews.com\/fr\/man-utd-confiant-de-signer-carlos-baleba-pour-100m\/\" \/>\n<meta property=\"og:site_name\" content=\"Bladna News\" \/>\n<meta property=\"article:published_time\" content=\"2026-01-15T14:44:54+00:00\" \/>\n<meta property=\"og:image\" content=\"https:\/\/bladnanews.com\/wp-content\/uploads\/2025\/12\/freepik__bladna-newscom-moroccan-soccer-homepage-banner-mor__41838.png\" \/>\n\t<meta property=\"og:image:width\" content=\"1312\" \/>\n\t<meta property=\"og:image:height\" content=\"736\" \/>\n\t<meta property=\"og:image:type\" content=\"image\/png\" \/>\n<meta name=\"author\" content=\"Bladna News Staff\" \/>\n<meta name=\"twitter:card\" content=\"summary_large_image\" \/>\n<meta name=\"twitter:label1\" content=\"\u00c9crit par\" \/>\n\t<meta name=\"twitter:data1\" content=\"Bladna News Staff\" \/>\n\t<meta name=\"twitter:label2\" content=\"Dur\u00e9e de lecture estim\u00e9e\" \/>\n\t<meta name=\"twitter:data2\" content=\"1 minute\" \/>\n<script type=\"application\/ld+json\" class=\"yoast-schema-graph\">{\"@context\":\"https:\\\/\\\/schema.org\",\"@graph\":[{\"@type\":\"Article\",\"@id\":\"https:\\\/\\\/bladnanews.com\\\/man-utd-confident-of-signing-carlos-baleba-for-100m\\\/#article\",\"isPartOf\":{\"@id\":\"https:\\\/\\\/bladnanews.com\\\/man-utd-confident-of-signing-carlos-baleba-for-100m\\\/\"},\"author\":{\"name\":\"Bladna News Staff\",\"@id\":\"https:\\\/\\\/mediumseagreen-eel-531711.hostingersite.com\\\/#\\\/schema\\\/person\\\/268e18a453ab080ebf76df6ef7845083\"},\"headline\":\"Man Utd confident of signing Carlos Baleba for \u00a3100m\",\"datePublished\":\"2026-01-15T14:44:54+00:00\",\"mainEntityOfPage\":{\"@id\":\"https:\\\/\\\/bladnanews.com\\\/man-utd-confident-of-signing-carlos-baleba-for-100m\\\/\"},\"wordCount\":222,\"publisher\":{\"@id\":\"https:\\\/\\\/mediumseagreen-eel-531711.hostingersite.com\\\/#organization\"},\"image\":{\"@id\":\"https:\\\/\\\/bladnanews.com\\\/man-utd-confident-of-signing-carlos-baleba-for-100m\\\/#primaryimage\"},\"thumbnailUrl\":\"https:\\\/\\\/bladnanews.com\\\/wp-content\\\/uploads\\\/2026\\\/01\\\/BladnaNews-Man-Utd-confident-of-signing-Carlos-Baleba-for-100m-2026-01-16T050930.397Z.jpg\",\"articleSection\":[\"International\",\"Latest News\"],\"inLanguage\":\"fr-FR\",\"copyrightYear\":\"2026\",\"copyrightHolder\":{\"@id\":\"https:\\\/\\\/bladnanews.com\\\/fr\\\/#organization\"}},{\"@type\":\"WebPage\",\"@id\":\"https:\\\/\\\/bladnanews.com\\\/man-utd-confident-of-signing-carlos-baleba-for-100m\\\/\",\"url\":\"https:\\\/\\\/bladnanews.com\\\/man-utd-confident-of-signing-carlos-baleba-for-100m\\\/\",\"name\":\"Man Utd confident of signing Carlos Baleba for \u00a3100m - Bladna News\",\"isPartOf\":{\"@id\":\"https:\\\/\\\/mediumseagreen-eel-531711.hostingersite.com\\\/#website\"},\"primaryImageOfPage\":{\"@id\":\"https:\\\/\\\/bladnanews.com\\\/man-utd-confident-of-signing-carlos-baleba-for-100m\\\/#primaryimage\"},\"image\":{\"@id\":\"https:\\\/\\\/bladnanews.com\\\/man-utd-confident-of-signing-carlos-baleba-for-100m\\\/#primaryimage\"},\"thumbnailUrl\":\"https:\\\/\\\/bladnanews.com\\\/wp-content\\\/uploads\\\/2026\\\/01\\\/BladnaNews-Man-Utd-confident-of-signing-Carlos-Baleba-for-100m-2026-01-16T050930.397Z.jpg\",\"datePublished\":\"2026-01-15T14:44:54+00:00\",\"breadcrumb\":{\"@id\":\"https:\\\/\\\/bladnanews.com\\\/man-utd-confident-of-signing-carlos-baleba-for-100m\\\/#breadcrumb\"},\"inLanguage\":\"fr-FR\",\"potentialAction\":[{\"@type\":\"ReadAction\",\"target\":[\"https:\\\/\\\/bladnanews.com\\\/man-utd-confident-of-signing-carlos-baleba-for-100m\\\/\"]}]},{\"@type\":\"ImageObject\",\"inLanguage\":\"fr-FR\",\"@id\":\"https:\\\/\\\/bladnanews.com\\\/man-utd-confident-of-signing-carlos-baleba-for-100m\\\/#primaryimage\",\"url\":\"https:\\\/\\\/bladnanews.com\\\/wp-content\\\/uploads\\\/2026\\\/01\\\/BladnaNews-Man-Utd-confident-of-signing-Carlos-Baleba-for-100m-2026-01-16T050930.397Z.jpg\",\"contentUrl\":\"https:\\\/\\\/bladnanews.com\\\/wp-content\\\/uploads\\\/2026\\\/01\\\/BladnaNews-Man-Utd-confident-of-signing-Carlos-Baleba-for-100m-2026-01-16T050930.397Z.jpg\",\"width\":2490,\"height\":1401,\"caption\":\"Brighton player Carlos Baleba in blue and white striped kit, focused on the game with fans blurred in the background.\"},{\"@type\":\"BreadcrumbList\",\"@id\":\"https:\\\/\\\/bladnanews.com\\\/man-utd-confident-of-signing-carlos-baleba-for-100m\\\/#breadcrumb\",\"itemListElement\":[{\"@type\":\"ListItem\",\"position\":1,\"name\":\"Home\",\"item\":\"https:\\\/\\\/bladnanews.com\\\/\"},{\"@type\":\"ListItem\",\"position\":2,\"name\":\"Man Utd confident of signing Carlos Baleba for \u00a3100m\"}]},{\"@type\":\"WebSite\",\"@id\":\"https:\\\/\\\/mediumseagreen-eel-531711.hostingersite.com\\\/#website\",\"url\":\"https:\\\/\\\/mediumseagreen-eel-531711.hostingersite.com\\\/\",\"name\":\"Bladna News - Morocco\",\"description\":\"Where Moroccan Football Meets the World\",\"publisher\":{\"@id\":\"https:\\\/\\\/mediumseagreen-eel-531711.hostingersite.com\\\/#organization\"},\"potentialAction\":[{\"@type\":\"SearchAction\",\"target\":{\"@type\":\"EntryPoint\",\"urlTemplate\":\"https:\\\/\\\/mediumseagreen-eel-531711.hostingersite.com\\\/?s={search_term_string}\"},\"query-input\":{\"@type\":\"PropertyValueSpecification\",\"valueRequired\":true,\"valueName\":\"search_term_string\"}}],\"inLanguage\":\"fr-FR\"},{\"@type\":\"Organization\",\"@id\":\"https:\\\/\\\/mediumseagreen-eel-531711.hostingersite.com\\\/#organization\",\"name\":\"Bladna News.com\",\"url\":\"https:\\\/\\\/mediumseagreen-eel-531711.hostingersite.com\\\/\",\"logo\":{\"@type\":\"ImageObject\",\"inLanguage\":\"fr-FR\",\"@id\":\"https:\\\/\\\/mediumseagreen-eel-531711.hostingersite.com\\\/#\\\/schema\\\/logo\\\/image\\\/\",\"url\":\"https:\\\/\\\/bladnanews.com\\\/wp-content\\\/uploads\\\/2025\\\/12\\\/logo-bladnanews-V2-web-black-red.png\",\"contentUrl\":\"https:\\\/\\\/bladnanews.com\\\/wp-content\\\/uploads\\\/2025\\\/12\\\/logo-bladnanews-V2-web-black-red.png\",\"width\":703,\"height\":287,\"caption\":\"Bladna News.com\"},\"image\":{\"@id\":\"https:\\\/\\\/mediumseagreen-eel-531711.hostingersite.com\\\/#\\\/schema\\\/logo\\\/image\\\/\"},\"email\":\"info@bladnanews.com\",\"legalName\":\"Bladna News\"},{\"@type\":\"Person\",\"@id\":\"https:\\\/\\\/mediumseagreen-eel-531711.hostingersite.com\\\/#\\\/schema\\\/person\\\/268e18a453ab080ebf76df6ef7845083\",\"name\":\"Bladna News Staff\",\"url\":\"https:\\\/\\\/bladnanews.com\\\/fr\\\/author\\\/bladna-news-staff\\\/\"}]}<\/script>\n<!-- \/ Yoast SEO Premium plugin. -->","yoast_head_json":{"title":"Manchester United confiant de signer Carlos Baleba pour 100 millions de livres - Bladna News","robots":{"index":"index","follow":"follow","max-snippet":"max-snippet:-1","max-image-preview":"max-image-preview:large","max-video-preview":"max-video-preview:-1"},"canonical":"https:\/\/bladnanews.com\/fr\/man-utd-confiant-de-signer-carlos-baleba-pour-100m\/","og_locale":"fr_FR","og_type":"article","og_title":"Man Utd confident of signing Carlos Baleba for \u00a3100m","og_description":"Manchester United are growing increasingly confident of landing Brighton &amp; Hove Albion midfielder Carlos Baleba this summer, with a deal [&hellip;]","og_url":"https:\/\/bladnanews.com\/fr\/man-utd-confiant-de-signer-carlos-baleba-pour-100m\/","og_site_name":"Bladna News","article_published_time":"2026-01-15T14:44:54+00:00","og_image":[{"width":1312,"height":736,"url":"https:\/\/bladnanews.com\/wp-content\/uploads\/2025\/12\/freepik__bladna-newscom-moroccan-soccer-homepage-banner-mor__41838.png","type":"image\/png"}],"author":"Bladna News Staff","twitter_card":"summary_large_image","twitter_misc":{"\u00c9crit par":"Bladna News Staff","Dur\u00e9e de lecture estim\u00e9e":"1 minute"},"schema":{"@context":"https:\/\/schema.org","@graph":[{"@type":"Article","@id":"https:\/\/bladnanews.com\/man-utd-confident-of-signing-carlos-baleba-for-100m\/#article","isPartOf":{"@id":"https:\/\/bladnanews.com\/man-utd-confident-of-signing-carlos-baleba-for-100m\/"},"author":{"name":"Bladna News Staff","@id":"https:\/\/mediumseagreen-eel-531711.hostingersite.com\/#\/schema\/person\/268e18a453ab080ebf76df6ef7845083"},"headline":"Man Utd confident of signing Carlos Baleba for \u00a3100m","datePublished":"2026-01-15T14:44:54+00:00","mainEntityOfPage":{"@id":"https:\/\/bladnanews.com\/man-utd-confident-of-signing-carlos-baleba-for-100m\/"},"wordCount":222,"publisher":{"@id":"https:\/\/mediumseagreen-eel-531711.hostingersite.com\/#organization"},"image":{"@id":"https:\/\/bladnanews.com\/man-utd-confident-of-signing-carlos-baleba-for-100m\/#primaryimage"},"thumbnailUrl":"https:\/\/bladnanews.com\/wp-content\/uploads\/2026\/01\/BladnaNews-Man-Utd-confident-of-signing-Carlos-Baleba-for-100m-2026-01-16T050930.397Z.jpg","articleSection":["International","Latest News"],"inLanguage":"fr-FR","copyrightYear":"2026","copyrightHolder":{"@id":"https:\/\/bladnanews.com\/fr\/#organization"}},{"@type":"WebPage","@id":"https:\/\/bladnanews.com\/man-utd-confident-of-signing-carlos-baleba-for-100m\/","url":"https:\/\/bladnanews.com\/man-utd-confident-of-signing-carlos-baleba-for-100m\/","name":"Manchester United confiant de signer Carlos Baleba pour 100 millions de livres - Bladna News","isPartOf":{"@id":"https:\/\/mediumseagreen-eel-531711.hostingersite.com\/#website"},"primaryImageOfPage":{"@id":"https:\/\/bladnanews.com\/man-utd-confident-of-signing-carlos-baleba-for-100m\/#primaryimage"},"image":{"@id":"https:\/\/bladnanews.com\/man-utd-confident-of-signing-carlos-baleba-for-100m\/#primaryimage"},"thumbnailUrl":"https:\/\/bladnanews.com\/wp-content\/uploads\/2026\/01\/BladnaNews-Man-Utd-confident-of-signing-Carlos-Baleba-for-100m-2026-01-16T050930.397Z.jpg","datePublished":"2026-01-15T14:44:54+00:00","breadcrumb":{"@id":"https:\/\/bladnanews.com\/man-utd-confident-of-signing-carlos-baleba-for-100m\/#breadcrumb"},"inLanguage":"fr-FR","potentialAction":[{"@type":"ReadAction","target":["https:\/\/bladnanews.com\/man-utd-confident-of-signing-carlos-baleba-for-100m\/"]}]},{"@type":"ImageObject","inLanguage":"fr-FR","@id":"https:\/\/bladnanews.com\/man-utd-confident-of-signing-carlos-baleba-for-100m\/#primaryimage","url":"https:\/\/bladnanews.com\/wp-content\/uploads\/2026\/01\/BladnaNews-Man-Utd-confident-of-signing-Carlos-Baleba-for-100m-2026-01-16T050930.397Z.jpg","contentUrl":"https:\/\/bladnanews.com\/wp-content\/uploads\/2026\/01\/BladnaNews-Man-Utd-confident-of-signing-Carlos-Baleba-for-100m-2026-01-16T050930.397Z.jpg","width":2490,"height":1401,"caption":"Brighton player Carlos Baleba in blue and white striped kit, focused on the game with fans blurred in the background."},{"@type":"BreadcrumbList","@id":"https:\/\/bladnanews.com\/man-utd-confident-of-signing-carlos-baleba-for-100m\/#breadcrumb","itemListElement":[{"@type":"ListItem","position":1,"name":"Home","item":"https:\/\/bladnanews.com\/"},{"@type":"ListItem","position":2,"name":"Man Utd confident of signing Carlos Baleba for \u00a3100m"}]},{"@type":"WebSite","@id":"https:\/\/mediumseagreen-eel-531711.hostingersite.com\/#website","url":"https:\/\/mediumseagreen-eel-531711.hostingersite.com\/","name":"Bladna News - Maroc","description":"Quand le football marocain rencontre le monde","publisher":{"@id":"https:\/\/mediumseagreen-eel-531711.hostingersite.com\/#organization"},"potentialAction":[{"@type":"SearchAction","target":{"@type":"EntryPoint","urlTemplate":"https:\/\/mediumseagreen-eel-531711.hostingersite.com\/?s={search_term_string}"},"query-input":{"@type":"PropertyValueSpecification","valueRequired":true,"valueName":"search_term_string"}}],"inLanguage":"fr-FR"},{"@type":"Organization","@id":"https:\/\/mediumseagreen-eel-531711.hostingersite.com\/#organization","name":"Bladna News.com","url":"https:\/\/mediumseagreen-eel-531711.hostingersite.com\/","logo":{"@type":"ImageObject","inLanguage":"fr-FR","@id":"https:\/\/mediumseagreen-eel-531711.hostingersite.com\/#\/schema\/logo\/image\/","url":"https:\/\/bladnanews.com\/wp-content\/uploads\/2025\/12\/logo-bladnanews-V2-web-black-red.png","contentUrl":"https:\/\/bladnanews.com\/wp-content\/uploads\/2025\/12\/logo-bladnanews-V2-web-black-red.png","width":703,"height":287,"caption":"Bladna News.com"},"image":{"@id":"https:\/\/mediumseagreen-eel-531711.hostingersite.com\/#\/schema\/logo\/image\/"},"email":"info@bladnanews.com","legalName":"Bladna News"},{"@type":"Person","@id":"https:\/\/mediumseagreen-eel-531711.hostingersite.com\/#\/schema\/person\/268e18a453ab080ebf76df6ef7845083","name":"\u00c9quipe r\u00e9dactionnelle de Bladna News","url":"https:\/\/bladnanews.com\/fr\/author\/bladna-news-staff\/"}]}},"_links":{"self":[{"href":"https:\/\/bladnanews.com\/fr\/wp-json\/wp\/v2\/posts\/6386","targetHints":{"allow":["GET"]}}],"collection":[{"href":"https:\/\/bladnanews.com\/fr\/wp-json\/wp\/v2\/posts"}],"about":[{"href":"https:\/\/bladnanews.com\/fr\/wp-json\/wp\/v2\/types\/post"}],"author":[{"embeddable":true,"href":"https:\/\/bladnanews.com\/fr\/wp-json\/wp\/v2\/users\/3"}],"replies":[{"embeddable":true,"href":"https:\/\/bladnanews.com\/fr\/wp-json\/wp\/v2\/comments?post=6386"}],"version-history":[{"count":0,"href":"https:\/\/bladnanews.com\/fr\/wp-json\/wp\/v2\/posts\/6386\/revisions"}],"wp:featuredmedia":[{"embeddable":true,"href":"https:\/\/bladnanews.com\/fr\/wp-json\/wp\/v2\/media\/6385"}],"wp:attachment":[{"href":"https:\/\/bladnanews.com\/fr\/wp-json\/wp\/v2\/media?parent=6386"}],"wp:term":[{"taxonomy":"category","embeddable":true,"href":"https:\/\/bladnanews.com\/fr\/wp-json\/wp\/v2\/categories?post=6386"},{"taxonomy":"post_tag","embeddable":true,"href":"https:\/\/bladnanews.com\/fr\/wp-json\/wp\/v2\/tags?post=6386"}],"curies":[{"name":"wp","href":"https:\/\/api.w.org\/{rel}","templated":true}]}}