{"id":6390,"date":"2026-01-15T15:00:00","date_gmt":"2026-01-15T15:00:00","guid":{"rendered":"https:\/\/bladnanews.com\/another-chance-goes-begging-for-victor-osimhen-at-afcon\/"},"modified":"2026-01-15T15:00:00","modified_gmt":"2026-01-15T15:00:00","slug":"une-autre-chance-passe-a-cote-pour-victor-osimhen-a-la-can","status":"publish","type":"post","link":"https:\/\/bladnanews.com\/fr\/une-autre-chance-passe-a-cote-pour-victor-osimhen-a-la-can\/","title":{"rendered":"Une autre occasion manqu\u00e9e pour Victor Osimhen \u00e0 la CAN"},"content":{"rendered":"<p>L'histoire de Victor Osimhen \u00e0 la Coupe d'Afrique des Nations reste marqu\u00e9e par la frustration et des affaires inachev\u00e9es, le Nigeria \u00e9chouant une fois de plus \u00e0 d\u00e9crocher le troph\u00e9e supr\u00eame, malgr\u00e9 la pr\u00e9sence en attaque de l'un des buteurs les plus redout\u00e9s du continent.<\/p>\n<p>Osimhen est arriv\u00e9 au tournoi portant le poids des attentes. Le Nigeria, riche en talents et soutenu par un immense public, semblait capable d'aller au bout. Mais au fil de la comp\u00e9tition, la campagne des Super Eagles est devenue autant une histoire d'\u00e9checs que de r\u00e9ussites.<\/p>\n<p>L'attaquant a eu des moments qui ont soulign\u00e9 sa qualit\u00e9 \u2013 le mouvement, l'agressivit\u00e9, la menace constante dans les profondeurs \u2013 mais les buts d\u00e9cisifs et les contributions majeures qui distinguent les bons tournois des grands ne sont jamais vraiment venus lorsque le Nigeria en avait le plus besoin.<\/p>\n<p>Le probl\u00e8me ne se limitait pas \u00e0 un seul joueur. L'approche globale du Nigeria a souvent invit\u00e9 la pression et rendu la victoire plus difficile que n\u00e9cessaire. Il y a eu des p\u00e9riodes o\u00f9 les Super Eagles se sont repli\u00e9s trop profond\u00e9ment, ont pein\u00e9 \u00e0 conserver le ballon et ont d\u00fb compter sur de faibles marges pour survivre. Dans un tel contexte, m\u00eame un attaquant du calibre d'Osimhen peut se retrouver \u00e0 se nourrir de miettes.<\/p>\n<p>Pourtant, le tournoi d'Osimhen a \u00e9galement refl\u00e9t\u00e9 les contradictions qui l'ont suivi tout au long de sa carri\u00e8re. Malgr\u00e9 sa puissance physique et ses instincts d'\u00e9lite, il y a eu des moments o\u00f9 ses \u00e9motions ont menac\u00e9 de d\u00e9border, ajoutant une tension inutile lors de matchs cl\u00e9s. C'est un sch\u00e9ma qui lui a d\u00e9j\u00e0 nui par le pass\u00e9 et qui continue de soulever des questions sur sa capacit\u00e9 \u00e0 performer r\u00e9guli\u00e8rement au plus haut niveau.<\/p>\n<p>Il est d\u00e9sormais clair qu'Osimhen tente de se reconstruire et de se recentrer, loin des projecteurs des plus grands championnats europ\u00e9ens, apr\u00e8s son transfert \u00e0 Galatasaray. Ce changement lui offre une nouvelle sc\u00e8ne et une pression diff\u00e9rente, mais la question centrale demeure : transformer son talent en un h\u00e9ritage marqu\u00e9 par les troph\u00e9es.<\/p>\n<p>L'aventure du Nigeria \u00e0 la CAN s'est achev\u00e9e sur une nouvelle opportunit\u00e9 manqu\u00e9e, et pour Osimhen, cela signifie un autre tournoi o\u00f9 la promesse a d\u00e9pass\u00e9 le r\u00e9sultat final. Ses qualit\u00e9s brutes sont ind\u00e9niables, mais au niveau international, le temps et la patience sont limit\u00e9s. La question n'est plus de savoir s'il peut dominer les matchs, mais s'il peut le faire lorsque les enjeux sont \u00e0 leur maximum.<\/p>","protected":false},"excerpt":{"rendered":"<p>Victor Osimhen\u2019s Africa Cup of Nations story remains one of frustration and unfinished business, with Nigeria once again falling short [&hellip;]<\/p>\n","protected":false},"author":3,"featured_media":6389,"comment_status":"","ping_status":"open","sticky":false,"template":"","format":"standard","meta":{"googlesitekit_rrm_CAow_uzEDA:productID":"","site-sidebar-layout":"default","site-content-layout":"","ast-site-content-layout":"default","site-content-style":"default","site-sidebar-style":"default","ast-global-header-display":"","ast-banner-title-visibility":"","ast-main-header-display":"","ast-hfb-above-header-display":"","ast-hfb-below-header-display":"","ast-hfb-mobile-header-display":"","site-post-title":"","ast-breadcrumbs-content":"","ast-featured-img":"","footer-sml-layout":"","ast-disable-related-posts":"","theme-transparent-header-meta":"","adv-header-id-meta":"","stick-header-meta":"","header-above-stick-meta":"","header-main-stick-meta":"","header-below-stick-meta":"","astra-migrate-meta-layouts":"default","ast-page-background-enabled":"default","ast-page-background-meta":{"desktop":{"background-color":"var(--ast-global-color-5)","background-image":"","background-repeat":"repeat","background-position":"center center","background-size":"auto","background-attachment":"scroll","background-type":"","background-media":"","overlay-type":"","overlay-color":"","overlay-opacity":"","overlay-gradient":""},"tablet":{"background-color":"","background-image":"","background-repeat":"repeat","background-position":"center center","background-size":"auto","background-attachment":"scroll","background-type":"","background-media":"","overlay-type":"","overlay-color":"","overlay-opacity":"","overlay-gradient":""},"mobile":{"background-color":"","background-image":"","background-repeat":"repeat","background-position":"center center","background-size":"auto","background-attachment":"scroll","background-type":"","background-media":"","overlay-type":"","overlay-color":"","overlay-opacity":"","overlay-gradient":""}},"ast-content-background-meta":{"desktop":{"background-color":"var(--ast-global-color-4)","background-image":"","background-repeat":"repeat","background-position":"center center","background-size":"auto","background-attachment":"scroll","background-type":"","background-media":"","overlay-type":"","overlay-color":"","overlay-opacity":"","overlay-gradient":""},"tablet":{"background-color":"var(--ast-global-color-4)","background-image":"","background-repeat":"repeat","background-position":"center center","background-size":"auto","background-attachment":"scroll","background-type":"","background-media":"","overlay-type":"","overlay-color":"","overlay-opacity":"","overlay-gradient":""},"mobile":{"background-color":"var(--ast-global-color-4)","background-image":"","background-repeat":"repeat","background-position":"center center","background-size":"auto","background-attachment":"scroll","background-type":"","background-media":"","overlay-type":"","overlay-color":"","overlay-opacity":"","overlay-gradient":""}},"footnotes":""},"categories":[20,1],"tags":[],"class_list":["post-6390","post","type-post","status-publish","format-standard","has-post-thumbnail","hentry","category-international","category-football-latest-news"],"yoast_head":"<!-- This site is optimized with the Yoast SEO Premium plugin v26.6 (Yoast SEO v27.5) - https:\/\/yoast.com\/product\/yoast-seo-premium-wordpress\/ -->\n<title>Another chance goes begging for Victor Osimhen at AFCON - Bladna News<\/title>\n<meta name=\"robots\" content=\"index, follow, max-snippet:-1, max-image-preview:large, max-video-preview:-1\" \/>\n<link rel=\"canonical\" href=\"https:\/\/bladnanews.com\/fr\/une-autre-chance-passe-a-cote-pour-victor-osimhen-a-la-can\/\" \/>\n<meta property=\"og:locale\" content=\"fr_FR\" \/>\n<meta property=\"og:type\" content=\"article\" \/>\n<meta property=\"og:title\" content=\"Another chance goes begging for Victor Osimhen at AFCON\" \/>\n<meta property=\"og:description\" content=\"Victor Osimhen\u2019s Africa Cup of Nations story remains one of frustration and unfinished business, with Nigeria once again falling short [&hellip;]\" \/>\n<meta property=\"og:url\" content=\"https:\/\/bladnanews.com\/fr\/une-autre-chance-passe-a-cote-pour-victor-osimhen-a-la-can\/\" \/>\n<meta property=\"og:site_name\" content=\"Bladna News\" \/>\n<meta property=\"article:published_time\" content=\"2026-01-15T15:00:00+00:00\" \/>\n<meta property=\"og:image\" content=\"https:\/\/bladnanews.com\/wp-content\/uploads\/2025\/12\/freepik__bladna-newscom-moroccan-soccer-homepage-banner-mor__41838.png\" \/>\n\t<meta property=\"og:image:width\" content=\"1312\" \/>\n\t<meta property=\"og:image:height\" content=\"736\" \/>\n\t<meta property=\"og:image:type\" content=\"image\/png\" \/>\n<meta name=\"author\" content=\"Bladna News Staff\" \/>\n<meta name=\"twitter:card\" content=\"summary_large_image\" \/>\n<meta name=\"twitter:label1\" content=\"\u00c9crit par\" \/>\n\t<meta name=\"twitter:data1\" content=\"Bladna News Staff\" \/>\n\t<meta name=\"twitter:label2\" content=\"Dur\u00e9e de lecture estim\u00e9e\" \/>\n\t<meta name=\"twitter:data2\" content=\"2 minutes\" \/>\n<script type=\"application\/ld+json\" class=\"yoast-schema-graph\">{\"@context\":\"https:\\\/\\\/schema.org\",\"@graph\":[{\"@type\":\"Article\",\"@id\":\"https:\\\/\\\/bladnanews.com\\\/another-chance-goes-begging-for-victor-osimhen-at-afcon\\\/#article\",\"isPartOf\":{\"@id\":\"https:\\\/\\\/bladnanews.com\\\/another-chance-goes-begging-for-victor-osimhen-at-afcon\\\/\"},\"author\":{\"name\":\"Bladna News Staff\",\"@id\":\"https:\\\/\\\/mediumseagreen-eel-531711.hostingersite.com\\\/#\\\/schema\\\/person\\\/268e18a453ab080ebf76df6ef7845083\"},\"headline\":\"Another chance goes begging for Victor Osimhen at AFCON\",\"datePublished\":\"2026-01-15T15:00:00+00:00\",\"mainEntityOfPage\":{\"@id\":\"https:\\\/\\\/bladnanews.com\\\/another-chance-goes-begging-for-victor-osimhen-at-afcon\\\/\"},\"wordCount\":376,\"publisher\":{\"@id\":\"https:\\\/\\\/mediumseagreen-eel-531711.hostingersite.com\\\/#organization\"},\"image\":{\"@id\":\"https:\\\/\\\/bladnanews.com\\\/another-chance-goes-begging-for-victor-osimhen-at-afcon\\\/#primaryimage\"},\"thumbnailUrl\":\"https:\\\/\\\/bladnanews.com\\\/wp-content\\\/uploads\\\/2026\\\/01\\\/BladnaNews-Another-chance-goes-begging-for-Victor-Osimhen-at-AFCON-2026-01-16T051015.923Z.jpg\",\"articleSection\":[\"International\",\"Latest News\"],\"inLanguage\":\"fr-FR\",\"copyrightYear\":\"2026\",\"copyrightHolder\":{\"@id\":\"https:\\\/\\\/bladnanews.com\\\/fr\\\/#organization\"}},{\"@type\":\"WebPage\",\"@id\":\"https:\\\/\\\/bladnanews.com\\\/another-chance-goes-begging-for-victor-osimhen-at-afcon\\\/\",\"url\":\"https:\\\/\\\/bladnanews.com\\\/another-chance-goes-begging-for-victor-osimhen-at-afcon\\\/\",\"name\":\"Another chance goes begging for Victor Osimhen at AFCON - Bladna News\",\"isPartOf\":{\"@id\":\"https:\\\/\\\/mediumseagreen-eel-531711.hostingersite.com\\\/#website\"},\"primaryImageOfPage\":{\"@id\":\"https:\\\/\\\/bladnanews.com\\\/another-chance-goes-begging-for-victor-osimhen-at-afcon\\\/#primaryimage\"},\"image\":{\"@id\":\"https:\\\/\\\/bladnanews.com\\\/another-chance-goes-begging-for-victor-osimhen-at-afcon\\\/#primaryimage\"},\"thumbnailUrl\":\"https:\\\/\\\/bladnanews.com\\\/wp-content\\\/uploads\\\/2026\\\/01\\\/BladnaNews-Another-chance-goes-begging-for-Victor-Osimhen-at-AFCON-2026-01-16T051015.923Z.jpg\",\"datePublished\":\"2026-01-15T15:00:00+00:00\",\"breadcrumb\":{\"@id\":\"https:\\\/\\\/bladnanews.com\\\/another-chance-goes-begging-for-victor-osimhen-at-afcon\\\/#breadcrumb\"},\"inLanguage\":\"fr-FR\",\"potentialAction\":[{\"@type\":\"ReadAction\",\"target\":[\"https:\\\/\\\/bladnanews.com\\\/another-chance-goes-begging-for-victor-osimhen-at-afcon\\\/\"]}]},{\"@type\":\"ImageObject\",\"inLanguage\":\"fr-FR\",\"@id\":\"https:\\\/\\\/bladnanews.com\\\/another-chance-goes-begging-for-victor-osimhen-at-afcon\\\/#primaryimage\",\"url\":\"https:\\\/\\\/bladnanews.com\\\/wp-content\\\/uploads\\\/2026\\\/01\\\/BladnaNews-Another-chance-goes-begging-for-Victor-Osimhen-at-AFCON-2026-01-16T051015.923Z.jpg\",\"contentUrl\":\"https:\\\/\\\/bladnanews.com\\\/wp-content\\\/uploads\\\/2026\\\/01\\\/BladnaNews-Another-chance-goes-begging-for-Victor-Osimhen-at-AFCON-2026-01-16T051015.923Z.jpg\",\"width\":1920,\"height\":1080,\"caption\":\"Victor Osimhen in a Nigeria kit, striking a celebratory pose against a green background, showcasing his intensity and determination.\"},{\"@type\":\"BreadcrumbList\",\"@id\":\"https:\\\/\\\/bladnanews.com\\\/another-chance-goes-begging-for-victor-osimhen-at-afcon\\\/#breadcrumb\",\"itemListElement\":[{\"@type\":\"ListItem\",\"position\":1,\"name\":\"Home\",\"item\":\"https:\\\/\\\/bladnanews.com\\\/\"},{\"@type\":\"ListItem\",\"position\":2,\"name\":\"Another chance goes begging for Victor Osimhen at AFCON\"}]},{\"@type\":\"WebSite\",\"@id\":\"https:\\\/\\\/mediumseagreen-eel-531711.hostingersite.com\\\/#website\",\"url\":\"https:\\\/\\\/mediumseagreen-eel-531711.hostingersite.com\\\/\",\"name\":\"Bladna News - Morocco\",\"description\":\"Where Moroccan Football Meets the World\",\"publisher\":{\"@id\":\"https:\\\/\\\/mediumseagreen-eel-531711.hostingersite.com\\\/#organization\"},\"potentialAction\":[{\"@type\":\"SearchAction\",\"target\":{\"@type\":\"EntryPoint\",\"urlTemplate\":\"https:\\\/\\\/mediumseagreen-eel-531711.hostingersite.com\\\/?s={search_term_string}\"},\"query-input\":{\"@type\":\"PropertyValueSpecification\",\"valueRequired\":true,\"valueName\":\"search_term_string\"}}],\"inLanguage\":\"fr-FR\"},{\"@type\":\"Organization\",\"@id\":\"https:\\\/\\\/mediumseagreen-eel-531711.hostingersite.com\\\/#organization\",\"name\":\"Bladna News.com\",\"url\":\"https:\\\/\\\/mediumseagreen-eel-531711.hostingersite.com\\\/\",\"logo\":{\"@type\":\"ImageObject\",\"inLanguage\":\"fr-FR\",\"@id\":\"https:\\\/\\\/mediumseagreen-eel-531711.hostingersite.com\\\/#\\\/schema\\\/logo\\\/image\\\/\",\"url\":\"https:\\\/\\\/bladnanews.com\\\/wp-content\\\/uploads\\\/2025\\\/12\\\/logo-bladnanews-V2-web-black-red.png\",\"contentUrl\":\"https:\\\/\\\/bladnanews.com\\\/wp-content\\\/uploads\\\/2025\\\/12\\\/logo-bladnanews-V2-web-black-red.png\",\"width\":703,\"height\":287,\"caption\":\"Bladna News.com\"},\"image\":{\"@id\":\"https:\\\/\\\/mediumseagreen-eel-531711.hostingersite.com\\\/#\\\/schema\\\/logo\\\/image\\\/\"},\"email\":\"info@bladnanews.com\",\"legalName\":\"Bladna News\"},{\"@type\":\"Person\",\"@id\":\"https:\\\/\\\/mediumseagreen-eel-531711.hostingersite.com\\\/#\\\/schema\\\/person\\\/268e18a453ab080ebf76df6ef7845083\",\"name\":\"Bladna News Staff\",\"url\":\"https:\\\/\\\/bladnanews.com\\\/fr\\\/author\\\/bladna-news-staff\\\/\"}]}<\/script>\n<!-- \/ Yoast SEO Premium plugin. -->","yoast_head_json":{"title":"Une autre chance passe \u00e0 c\u00f4t\u00e9 de Victor Osimhen \u00e0 la CAN - Bladna News","robots":{"index":"index","follow":"follow","max-snippet":"max-snippet:-1","max-image-preview":"max-image-preview:large","max-video-preview":"max-video-preview:-1"},"canonical":"https:\/\/bladnanews.com\/fr\/une-autre-chance-passe-a-cote-pour-victor-osimhen-a-la-can\/","og_locale":"fr_FR","og_type":"article","og_title":"Another chance goes begging for Victor Osimhen at AFCON","og_description":"Victor Osimhen\u2019s Africa Cup of Nations story remains one of frustration and unfinished business, with Nigeria once again falling short [&hellip;]","og_url":"https:\/\/bladnanews.com\/fr\/une-autre-chance-passe-a-cote-pour-victor-osimhen-a-la-can\/","og_site_name":"Bladna News","article_published_time":"2026-01-15T15:00:00+00:00","og_image":[{"width":1312,"height":736,"url":"https:\/\/bladnanews.com\/wp-content\/uploads\/2025\/12\/freepik__bladna-newscom-moroccan-soccer-homepage-banner-mor__41838.png","type":"image\/png"}],"author":"Bladna News Staff","twitter_card":"summary_large_image","twitter_misc":{"\u00c9crit par":"Bladna News Staff","Dur\u00e9e de lecture estim\u00e9e":"2 minutes"},"schema":{"@context":"https:\/\/schema.org","@graph":[{"@type":"Article","@id":"https:\/\/bladnanews.com\/another-chance-goes-begging-for-victor-osimhen-at-afcon\/#article","isPartOf":{"@id":"https:\/\/bladnanews.com\/another-chance-goes-begging-for-victor-osimhen-at-afcon\/"},"author":{"name":"Bladna News Staff","@id":"https:\/\/mediumseagreen-eel-531711.hostingersite.com\/#\/schema\/person\/268e18a453ab080ebf76df6ef7845083"},"headline":"Another chance goes begging for Victor Osimhen at AFCON","datePublished":"2026-01-15T15:00:00+00:00","mainEntityOfPage":{"@id":"https:\/\/bladnanews.com\/another-chance-goes-begging-for-victor-osimhen-at-afcon\/"},"wordCount":376,"publisher":{"@id":"https:\/\/mediumseagreen-eel-531711.hostingersite.com\/#organization"},"image":{"@id":"https:\/\/bladnanews.com\/another-chance-goes-begging-for-victor-osimhen-at-afcon\/#primaryimage"},"thumbnailUrl":"https:\/\/bladnanews.com\/wp-content\/uploads\/2026\/01\/BladnaNews-Another-chance-goes-begging-for-Victor-Osimhen-at-AFCON-2026-01-16T051015.923Z.jpg","articleSection":["International","Latest News"],"inLanguage":"fr-FR","copyrightYear":"2026","copyrightHolder":{"@id":"https:\/\/bladnanews.com\/fr\/#organization"}},{"@type":"WebPage","@id":"https:\/\/bladnanews.com\/another-chance-goes-begging-for-victor-osimhen-at-afcon\/","url":"https:\/\/bladnanews.com\/another-chance-goes-begging-for-victor-osimhen-at-afcon\/","name":"Une autre chance passe \u00e0 c\u00f4t\u00e9 de Victor Osimhen \u00e0 la CAN - Bladna News","isPartOf":{"@id":"https:\/\/mediumseagreen-eel-531711.hostingersite.com\/#website"},"primaryImageOfPage":{"@id":"https:\/\/bladnanews.com\/another-chance-goes-begging-for-victor-osimhen-at-afcon\/#primaryimage"},"image":{"@id":"https:\/\/bladnanews.com\/another-chance-goes-begging-for-victor-osimhen-at-afcon\/#primaryimage"},"thumbnailUrl":"https:\/\/bladnanews.com\/wp-content\/uploads\/2026\/01\/BladnaNews-Another-chance-goes-begging-for-Victor-Osimhen-at-AFCON-2026-01-16T051015.923Z.jpg","datePublished":"2026-01-15T15:00:00+00:00","breadcrumb":{"@id":"https:\/\/bladnanews.com\/another-chance-goes-begging-for-victor-osimhen-at-afcon\/#breadcrumb"},"inLanguage":"fr-FR","potentialAction":[{"@type":"ReadAction","target":["https:\/\/bladnanews.com\/another-chance-goes-begging-for-victor-osimhen-at-afcon\/"]}]},{"@type":"ImageObject","inLanguage":"fr-FR","@id":"https:\/\/bladnanews.com\/another-chance-goes-begging-for-victor-osimhen-at-afcon\/#primaryimage","url":"https:\/\/bladnanews.com\/wp-content\/uploads\/2026\/01\/BladnaNews-Another-chance-goes-begging-for-Victor-Osimhen-at-AFCON-2026-01-16T051015.923Z.jpg","contentUrl":"https:\/\/bladnanews.com\/wp-content\/uploads\/2026\/01\/BladnaNews-Another-chance-goes-begging-for-Victor-Osimhen-at-AFCON-2026-01-16T051015.923Z.jpg","width":1920,"height":1080,"caption":"Victor Osimhen in a Nigeria kit, striking a celebratory pose against a green background, showcasing his intensity and determination."},{"@type":"BreadcrumbList","@id":"https:\/\/bladnanews.com\/another-chance-goes-begging-for-victor-osimhen-at-afcon\/#breadcrumb","itemListElement":[{"@type":"ListItem","position":1,"name":"Home","item":"https:\/\/bladnanews.com\/"},{"@type":"ListItem","position":2,"name":"Another chance goes begging for Victor Osimhen at AFCON"}]},{"@type":"WebSite","@id":"https:\/\/mediumseagreen-eel-531711.hostingersite.com\/#website","url":"https:\/\/mediumseagreen-eel-531711.hostingersite.com\/","name":"Bladna News - Maroc","description":"Quand le football marocain rencontre le monde","publisher":{"@id":"https:\/\/mediumseagreen-eel-531711.hostingersite.com\/#organization"},"potentialAction":[{"@type":"SearchAction","target":{"@type":"EntryPoint","urlTemplate":"https:\/\/mediumseagreen-eel-531711.hostingersite.com\/?s={search_term_string}"},"query-input":{"@type":"PropertyValueSpecification","valueRequired":true,"valueName":"search_term_string"}}],"inLanguage":"fr-FR"},{"@type":"Organization","@id":"https:\/\/mediumseagreen-eel-531711.hostingersite.com\/#organization","name":"Bladna News.com","url":"https:\/\/mediumseagreen-eel-531711.hostingersite.com\/","logo":{"@type":"ImageObject","inLanguage":"fr-FR","@id":"https:\/\/mediumseagreen-eel-531711.hostingersite.com\/#\/schema\/logo\/image\/","url":"https:\/\/bladnanews.com\/wp-content\/uploads\/2025\/12\/logo-bladnanews-V2-web-black-red.png","contentUrl":"https:\/\/bladnanews.com\/wp-content\/uploads\/2025\/12\/logo-bladnanews-V2-web-black-red.png","width":703,"height":287,"caption":"Bladna News.com"},"image":{"@id":"https:\/\/mediumseagreen-eel-531711.hostingersite.com\/#\/schema\/logo\/image\/"},"email":"info@bladnanews.com","legalName":"Bladna News"},{"@type":"Person","@id":"https:\/\/mediumseagreen-eel-531711.hostingersite.com\/#\/schema\/person\/268e18a453ab080ebf76df6ef7845083","name":"\u00c9quipe r\u00e9dactionnelle de Bladna News","url":"https:\/\/bladnanews.com\/fr\/author\/bladna-news-staff\/"}]}},"_links":{"self":[{"href":"https:\/\/bladnanews.com\/fr\/wp-json\/wp\/v2\/posts\/6390","targetHints":{"allow":["GET"]}}],"collection":[{"href":"https:\/\/bladnanews.com\/fr\/wp-json\/wp\/v2\/posts"}],"about":[{"href":"https:\/\/bladnanews.com\/fr\/wp-json\/wp\/v2\/types\/post"}],"author":[{"embeddable":true,"href":"https:\/\/bladnanews.com\/fr\/wp-json\/wp\/v2\/users\/3"}],"replies":[{"embeddable":true,"href":"https:\/\/bladnanews.com\/fr\/wp-json\/wp\/v2\/comments?post=6390"}],"version-history":[{"count":0,"href":"https:\/\/bladnanews.com\/fr\/wp-json\/wp\/v2\/posts\/6390\/revisions"}],"wp:featuredmedia":[{"embeddable":true,"href":"https:\/\/bladnanews.com\/fr\/wp-json\/wp\/v2\/media\/6389"}],"wp:attachment":[{"href":"https:\/\/bladnanews.com\/fr\/wp-json\/wp\/v2\/media?parent=6390"}],"wp:term":[{"taxonomy":"category","embeddable":true,"href":"https:\/\/bladnanews.com\/fr\/wp-json\/wp\/v2\/categories?post=6390"},{"taxonomy":"post_tag","embeddable":true,"href":"https:\/\/bladnanews.com\/fr\/wp-json\/wp\/v2\/tags?post=6390"}],"curies":[{"name":"wp","href":"https:\/\/api.w.org\/{rel}","templated":true}]}}