{"id":6392,"date":"2026-01-15T15:36:28","date_gmt":"2026-01-15T15:36:28","guid":{"rendered":"https:\/\/bladnanews.com\/walker-zimmerman-explains-toronto-fc-move-and-usmnt-aim\/"},"modified":"2026-01-15T15:36:28","modified_gmt":"2026-01-15T15:36:28","slug":"walker-zimmerman-explique-son-transfert-au-toronto-fc-et-son-objectif-avec-lequipe-nationale-americaine","status":"publish","type":"post","link":"https:\/\/bladnanews.com\/fr\/walker-zimmerman-explique-son-transfert-au-toronto-fc-et-son-objectif-avec-lequipe-nationale-americaine\/","title":{"rendered":"Walker Zimmerman explique son transfert au Toronto FC et son objectif avec l'\u00e9quipe nationale am\u00e9ricaine"},"content":{"rendered":"<p>Walker Zimmerman a expos\u00e9 les raisons de son arriv\u00e9e au Toronto FC, affirmant que ce transfert s'inscrit dans un plan plus vaste incluant une nouvelle tentative avec l'\u00e9quipe nationale masculine des \u00c9tats-Unis en vue de la Coupe du Monde 2026.<\/p>\n<p>Le d\u00e9fenseur central exp\u00e9riment\u00e9 a d\u00e9clar\u00e9 qu'il conservait des objectifs majeurs en MLS et souhaitait que son h\u00e9ritage soit clair au moment de sa retraite. <em>\u201c Je veux \u00eatre reconnu comme le meilleur d\u00e9fenseur de l'histoire de la MLS \u201d,\u201d<\/em> a d\u00e9clar\u00e9 Zimmerman, expliquant que le d\u00e9fi d'un nouveau club et d'un nouvel environnement avait jou\u00e9 un r\u00f4le cl\u00e9 dans sa d\u00e9cision.<\/p>\n<p>Zimmerman a \u00e9galement pr\u00e9cis\u00e9 que son transfert \u00e0 Toronto ne signifiait pas un retrait de ses ambitions internationales. Il est convaincu de pouvoir performer \u00e0 un haut niveau dans le plus grand march\u00e9 canadien et de rester fermement dans les plans de l'USMNT, avec pour objectif \u00e9vident la Coupe du Monde \u00e0 domicile.<\/p>\n<p>Le d\u00e9fenseur a \u00e9voqu\u00e9 les exigences qu'il s'impose et la responsabilit\u00e9 qu'il ressent d'aider \u00e0 relever le Toronto FC, tant sur le terrain qu'au sein du vestiaire. Pour Zimmerman, ce transfert vise \u00e0 gagner des matchs, \u00e9lever le niveau autour de lui et construire quelque chose avec un club qui aspire \u00e0 plus.<\/p>\n<p>Il a ajout\u00e9 que sa motivation personnelle restait une force majeure. L'objectif, a-t-il dit, est de continuer \u00e0 progresser et \u00e0 prouver qu'il peut performer au plus haut niveau en MLS tout en luttant pour faire partie du pro groupe am\u00e9ricain pour la Coupe du Monde.<\/p>\n<p>Le message de Zimmerman \u00e9tait clair : il s'agit d'un nouveau chapitre, mais les objectifs restent identiques \u2014 lutter pour des titres, mener depuis la d\u00e9fense et se battre pour conserver sa place en s\u00e9lection nationale.<\/p>","protected":false},"excerpt":{"rendered":"<p>Walker Zimmerman has set out his reasons for joining Toronto FC, insisting the move is part of a bigger plan [&hellip;]<\/p>\n","protected":false},"author":3,"featured_media":6391,"comment_status":"","ping_status":"open","sticky":false,"template":"","format":"standard","meta":{"googlesitekit_rrm_CAow_uzEDA:productID":"","site-sidebar-layout":"default","site-content-layout":"","ast-site-content-layout":"default","site-content-style":"default","site-sidebar-style":"default","ast-global-header-display":"","ast-banner-title-visibility":"","ast-main-header-display":"","ast-hfb-above-header-display":"","ast-hfb-below-header-display":"","ast-hfb-mobile-header-display":"","site-post-title":"","ast-breadcrumbs-content":"","ast-featured-img":"","footer-sml-layout":"","ast-disable-related-posts":"","theme-transparent-header-meta":"","adv-header-id-meta":"","stick-header-meta":"","header-above-stick-meta":"","header-main-stick-meta":"","header-below-stick-meta":"","astra-migrate-meta-layouts":"default","ast-page-background-enabled":"default","ast-page-background-meta":{"desktop":{"background-color":"var(--ast-global-color-5)","background-image":"","background-repeat":"repeat","background-position":"center center","background-size":"auto","background-attachment":"scroll","background-type":"","background-media":"","overlay-type":"","overlay-color":"","overlay-opacity":"","overlay-gradient":""},"tablet":{"background-color":"","background-image":"","background-repeat":"repeat","background-position":"center center","background-size":"auto","background-attachment":"scroll","background-type":"","background-media":"","overlay-type":"","overlay-color":"","overlay-opacity":"","overlay-gradient":""},"mobile":{"background-color":"","background-image":"","background-repeat":"repeat","background-position":"center center","background-size":"auto","background-attachment":"scroll","background-type":"","background-media":"","overlay-type":"","overlay-color":"","overlay-opacity":"","overlay-gradient":""}},"ast-content-background-meta":{"desktop":{"background-color":"var(--ast-global-color-4)","background-image":"","background-repeat":"repeat","background-position":"center center","background-size":"auto","background-attachment":"scroll","background-type":"","background-media":"","overlay-type":"","overlay-color":"","overlay-opacity":"","overlay-gradient":""},"tablet":{"background-color":"var(--ast-global-color-4)","background-image":"","background-repeat":"repeat","background-position":"center center","background-size":"auto","background-attachment":"scroll","background-type":"","background-media":"","overlay-type":"","overlay-color":"","overlay-opacity":"","overlay-gradient":""},"mobile":{"background-color":"var(--ast-global-color-4)","background-image":"","background-repeat":"repeat","background-position":"center center","background-size":"auto","background-attachment":"scroll","background-type":"","background-media":"","overlay-type":"","overlay-color":"","overlay-opacity":"","overlay-gradient":""}},"footnotes":""},"categories":[20,1],"tags":[],"class_list":["post-6392","post","type-post","status-publish","format-standard","has-post-thumbnail","hentry","category-international","category-football-latest-news"],"yoast_head":"<!-- This site is optimized with the Yoast SEO Premium plugin v26.6 (Yoast SEO v27.5) - https:\/\/yoast.com\/product\/yoast-seo-premium-wordpress\/ -->\n<title>Walker Zimmerman explains Toronto FC move and USMNT aim - Bladna News<\/title>\n<meta name=\"robots\" content=\"index, follow, max-snippet:-1, max-image-preview:large, max-video-preview:-1\" \/>\n<link rel=\"canonical\" href=\"https:\/\/bladnanews.com\/fr\/walker-zimmerman-explique-son-transfert-au-toronto-fc-et-son-objectif-avec-lequipe-nationale-americaine\/\" \/>\n<meta property=\"og:locale\" content=\"fr_FR\" \/>\n<meta property=\"og:type\" content=\"article\" \/>\n<meta property=\"og:title\" content=\"Walker Zimmerman explains Toronto FC move and USMNT aim\" \/>\n<meta property=\"og:description\" content=\"Walker Zimmerman has set out his reasons for joining Toronto FC, insisting the move is part of a bigger plan [&hellip;]\" \/>\n<meta property=\"og:url\" content=\"https:\/\/bladnanews.com\/fr\/walker-zimmerman-explique-son-transfert-au-toronto-fc-et-son-objectif-avec-lequipe-nationale-americaine\/\" \/>\n<meta property=\"og:site_name\" content=\"Bladna News\" \/>\n<meta property=\"article:published_time\" content=\"2026-01-15T15:36:28+00:00\" \/>\n<meta property=\"og:image\" content=\"https:\/\/bladnanews.com\/wp-content\/uploads\/2025\/12\/freepik__bladna-newscom-moroccan-soccer-homepage-banner-mor__41838.png\" \/>\n\t<meta property=\"og:image:width\" content=\"1312\" \/>\n\t<meta property=\"og:image:height\" content=\"736\" \/>\n\t<meta property=\"og:image:type\" content=\"image\/png\" \/>\n<meta name=\"author\" content=\"Bladna News Staff\" \/>\n<meta name=\"twitter:card\" content=\"summary_large_image\" \/>\n<meta name=\"twitter:label1\" content=\"\u00c9crit par\" \/>\n\t<meta name=\"twitter:data1\" content=\"Bladna News Staff\" \/>\n\t<meta name=\"twitter:label2\" content=\"Dur\u00e9e de lecture estim\u00e9e\" \/>\n\t<meta name=\"twitter:data2\" content=\"1 minute\" \/>\n<script type=\"application\/ld+json\" class=\"yoast-schema-graph\">{\"@context\":\"https:\\\/\\\/schema.org\",\"@graph\":[{\"@type\":\"Article\",\"@id\":\"https:\\\/\\\/bladnanews.com\\\/walker-zimmerman-explains-toronto-fc-move-and-usmnt-aim\\\/#article\",\"isPartOf\":{\"@id\":\"https:\\\/\\\/bladnanews.com\\\/walker-zimmerman-explains-toronto-fc-move-and-usmnt-aim\\\/\"},\"author\":{\"name\":\"Bladna News Staff\",\"@id\":\"https:\\\/\\\/mediumseagreen-eel-531711.hostingersite.com\\\/#\\\/schema\\\/person\\\/268e18a453ab080ebf76df6ef7845083\"},\"headline\":\"Walker Zimmerman explains Toronto FC move and USMNT aim\",\"datePublished\":\"2026-01-15T15:36:28+00:00\",\"mainEntityOfPage\":{\"@id\":\"https:\\\/\\\/bladnanews.com\\\/walker-zimmerman-explains-toronto-fc-move-and-usmnt-aim\\\/\"},\"wordCount\":279,\"publisher\":{\"@id\":\"https:\\\/\\\/mediumseagreen-eel-531711.hostingersite.com\\\/#organization\"},\"image\":{\"@id\":\"https:\\\/\\\/bladnanews.com\\\/walker-zimmerman-explains-toronto-fc-move-and-usmnt-aim\\\/#primaryimage\"},\"thumbnailUrl\":\"https:\\\/\\\/bladnanews.com\\\/wp-content\\\/uploads\\\/2026\\\/01\\\/BladnaNews-Walker-Zimmerman-explains-Toronto-FC-move-and-USMNT-aim-2026-01-16T051040.063Z.jpg\",\"articleSection\":[\"International\",\"Latest News\"],\"inLanguage\":\"fr-FR\",\"copyrightYear\":\"2026\",\"copyrightHolder\":{\"@id\":\"https:\\\/\\\/bladnanews.com\\\/fr\\\/#organization\"}},{\"@type\":\"WebPage\",\"@id\":\"https:\\\/\\\/bladnanews.com\\\/walker-zimmerman-explains-toronto-fc-move-and-usmnt-aim\\\/\",\"url\":\"https:\\\/\\\/bladnanews.com\\\/walker-zimmerman-explains-toronto-fc-move-and-usmnt-aim\\\/\",\"name\":\"Walker Zimmerman explains Toronto FC move and USMNT aim - Bladna News\",\"isPartOf\":{\"@id\":\"https:\\\/\\\/mediumseagreen-eel-531711.hostingersite.com\\\/#website\"},\"primaryImageOfPage\":{\"@id\":\"https:\\\/\\\/bladnanews.com\\\/walker-zimmerman-explains-toronto-fc-move-and-usmnt-aim\\\/#primaryimage\"},\"image\":{\"@id\":\"https:\\\/\\\/bladnanews.com\\\/walker-zimmerman-explains-toronto-fc-move-and-usmnt-aim\\\/#primaryimage\"},\"thumbnailUrl\":\"https:\\\/\\\/bladnanews.com\\\/wp-content\\\/uploads\\\/2026\\\/01\\\/BladnaNews-Walker-Zimmerman-explains-Toronto-FC-move-and-USMNT-aim-2026-01-16T051040.063Z.jpg\",\"datePublished\":\"2026-01-15T15:36:28+00:00\",\"breadcrumb\":{\"@id\":\"https:\\\/\\\/bladnanews.com\\\/walker-zimmerman-explains-toronto-fc-move-and-usmnt-aim\\\/#breadcrumb\"},\"inLanguage\":\"fr-FR\",\"potentialAction\":[{\"@type\":\"ReadAction\",\"target\":[\"https:\\\/\\\/bladnanews.com\\\/walker-zimmerman-explains-toronto-fc-move-and-usmnt-aim\\\/\"]}]},{\"@type\":\"ImageObject\",\"inLanguage\":\"fr-FR\",\"@id\":\"https:\\\/\\\/bladnanews.com\\\/walker-zimmerman-explains-toronto-fc-move-and-usmnt-aim\\\/#primaryimage\",\"url\":\"https:\\\/\\\/bladnanews.com\\\/wp-content\\\/uploads\\\/2026\\\/01\\\/BladnaNews-Walker-Zimmerman-explains-Toronto-FC-move-and-USMNT-aim-2026-01-16T051040.063Z.jpg\",\"contentUrl\":\"https:\\\/\\\/bladnanews.com\\\/wp-content\\\/uploads\\\/2026\\\/01\\\/BladnaNews-Walker-Zimmerman-explains-Toronto-FC-move-and-USMNT-aim-2026-01-16T051040.063Z.jpg\",\"width\":1920,\"height\":1080,\"caption\":\"Walker Zimmerman smiles while holding a red \\\"Come On You Reds\\\" scarf, wearing a Toronto FC jacket, with USMNT jersey alongside.\"},{\"@type\":\"BreadcrumbList\",\"@id\":\"https:\\\/\\\/bladnanews.com\\\/walker-zimmerman-explains-toronto-fc-move-and-usmnt-aim\\\/#breadcrumb\",\"itemListElement\":[{\"@type\":\"ListItem\",\"position\":1,\"name\":\"Home\",\"item\":\"https:\\\/\\\/bladnanews.com\\\/\"},{\"@type\":\"ListItem\",\"position\":2,\"name\":\"Walker Zimmerman explains Toronto FC move and USMNT aim\"}]},{\"@type\":\"WebSite\",\"@id\":\"https:\\\/\\\/mediumseagreen-eel-531711.hostingersite.com\\\/#website\",\"url\":\"https:\\\/\\\/mediumseagreen-eel-531711.hostingersite.com\\\/\",\"name\":\"Bladna News - Morocco\",\"description\":\"Where Moroccan Football Meets the World\",\"publisher\":{\"@id\":\"https:\\\/\\\/mediumseagreen-eel-531711.hostingersite.com\\\/#organization\"},\"potentialAction\":[{\"@type\":\"SearchAction\",\"target\":{\"@type\":\"EntryPoint\",\"urlTemplate\":\"https:\\\/\\\/mediumseagreen-eel-531711.hostingersite.com\\\/?s={search_term_string}\"},\"query-input\":{\"@type\":\"PropertyValueSpecification\",\"valueRequired\":true,\"valueName\":\"search_term_string\"}}],\"inLanguage\":\"fr-FR\"},{\"@type\":\"Organization\",\"@id\":\"https:\\\/\\\/mediumseagreen-eel-531711.hostingersite.com\\\/#organization\",\"name\":\"Bladna News.com\",\"url\":\"https:\\\/\\\/mediumseagreen-eel-531711.hostingersite.com\\\/\",\"logo\":{\"@type\":\"ImageObject\",\"inLanguage\":\"fr-FR\",\"@id\":\"https:\\\/\\\/mediumseagreen-eel-531711.hostingersite.com\\\/#\\\/schema\\\/logo\\\/image\\\/\",\"url\":\"https:\\\/\\\/bladnanews.com\\\/wp-content\\\/uploads\\\/2025\\\/12\\\/logo-bladnanews-V2-web-black-red.png\",\"contentUrl\":\"https:\\\/\\\/bladnanews.com\\\/wp-content\\\/uploads\\\/2025\\\/12\\\/logo-bladnanews-V2-web-black-red.png\",\"width\":703,\"height\":287,\"caption\":\"Bladna News.com\"},\"image\":{\"@id\":\"https:\\\/\\\/mediumseagreen-eel-531711.hostingersite.com\\\/#\\\/schema\\\/logo\\\/image\\\/\"},\"email\":\"info@bladnanews.com\",\"legalName\":\"Bladna News\"},{\"@type\":\"Person\",\"@id\":\"https:\\\/\\\/mediumseagreen-eel-531711.hostingersite.com\\\/#\\\/schema\\\/person\\\/268e18a453ab080ebf76df6ef7845083\",\"name\":\"Bladna News Staff\",\"url\":\"https:\\\/\\\/bladnanews.com\\\/fr\\\/author\\\/bladna-news-staff\\\/\"}]}<\/script>\n<!-- \/ Yoast SEO Premium plugin. -->","yoast_head_json":{"title":"Walker Zimmerman explique son transfert au Toronto FC et son objectif avec l'\u00e9quipe nationale am\u00e9ricaine - Bladna News","robots":{"index":"index","follow":"follow","max-snippet":"max-snippet:-1","max-image-preview":"max-image-preview:large","max-video-preview":"max-video-preview:-1"},"canonical":"https:\/\/bladnanews.com\/fr\/walker-zimmerman-explique-son-transfert-au-toronto-fc-et-son-objectif-avec-lequipe-nationale-americaine\/","og_locale":"fr_FR","og_type":"article","og_title":"Walker Zimmerman explains Toronto FC move and USMNT aim","og_description":"Walker Zimmerman has set out his reasons for joining Toronto FC, insisting the move is part of a bigger plan [&hellip;]","og_url":"https:\/\/bladnanews.com\/fr\/walker-zimmerman-explique-son-transfert-au-toronto-fc-et-son-objectif-avec-lequipe-nationale-americaine\/","og_site_name":"Bladna News","article_published_time":"2026-01-15T15:36:28+00:00","og_image":[{"width":1312,"height":736,"url":"https:\/\/bladnanews.com\/wp-content\/uploads\/2025\/12\/freepik__bladna-newscom-moroccan-soccer-homepage-banner-mor__41838.png","type":"image\/png"}],"author":"Bladna News Staff","twitter_card":"summary_large_image","twitter_misc":{"\u00c9crit par":"Bladna News Staff","Dur\u00e9e de lecture estim\u00e9e":"1 minute"},"schema":{"@context":"https:\/\/schema.org","@graph":[{"@type":"Article","@id":"https:\/\/bladnanews.com\/walker-zimmerman-explains-toronto-fc-move-and-usmnt-aim\/#article","isPartOf":{"@id":"https:\/\/bladnanews.com\/walker-zimmerman-explains-toronto-fc-move-and-usmnt-aim\/"},"author":{"name":"Bladna News Staff","@id":"https:\/\/mediumseagreen-eel-531711.hostingersite.com\/#\/schema\/person\/268e18a453ab080ebf76df6ef7845083"},"headline":"Walker Zimmerman explains Toronto FC move and USMNT aim","datePublished":"2026-01-15T15:36:28+00:00","mainEntityOfPage":{"@id":"https:\/\/bladnanews.com\/walker-zimmerman-explains-toronto-fc-move-and-usmnt-aim\/"},"wordCount":279,"publisher":{"@id":"https:\/\/mediumseagreen-eel-531711.hostingersite.com\/#organization"},"image":{"@id":"https:\/\/bladnanews.com\/walker-zimmerman-explains-toronto-fc-move-and-usmnt-aim\/#primaryimage"},"thumbnailUrl":"https:\/\/bladnanews.com\/wp-content\/uploads\/2026\/01\/BladnaNews-Walker-Zimmerman-explains-Toronto-FC-move-and-USMNT-aim-2026-01-16T051040.063Z.jpg","articleSection":["International","Latest News"],"inLanguage":"fr-FR","copyrightYear":"2026","copyrightHolder":{"@id":"https:\/\/bladnanews.com\/fr\/#organization"}},{"@type":"WebPage","@id":"https:\/\/bladnanews.com\/walker-zimmerman-explains-toronto-fc-move-and-usmnt-aim\/","url":"https:\/\/bladnanews.com\/walker-zimmerman-explains-toronto-fc-move-and-usmnt-aim\/","name":"Walker Zimmerman explique son transfert au Toronto FC et son objectif avec l'\u00e9quipe nationale am\u00e9ricaine - Bladna News","isPartOf":{"@id":"https:\/\/mediumseagreen-eel-531711.hostingersite.com\/#website"},"primaryImageOfPage":{"@id":"https:\/\/bladnanews.com\/walker-zimmerman-explains-toronto-fc-move-and-usmnt-aim\/#primaryimage"},"image":{"@id":"https:\/\/bladnanews.com\/walker-zimmerman-explains-toronto-fc-move-and-usmnt-aim\/#primaryimage"},"thumbnailUrl":"https:\/\/bladnanews.com\/wp-content\/uploads\/2026\/01\/BladnaNews-Walker-Zimmerman-explains-Toronto-FC-move-and-USMNT-aim-2026-01-16T051040.063Z.jpg","datePublished":"2026-01-15T15:36:28+00:00","breadcrumb":{"@id":"https:\/\/bladnanews.com\/walker-zimmerman-explains-toronto-fc-move-and-usmnt-aim\/#breadcrumb"},"inLanguage":"fr-FR","potentialAction":[{"@type":"ReadAction","target":["https:\/\/bladnanews.com\/walker-zimmerman-explains-toronto-fc-move-and-usmnt-aim\/"]}]},{"@type":"ImageObject","inLanguage":"fr-FR","@id":"https:\/\/bladnanews.com\/walker-zimmerman-explains-toronto-fc-move-and-usmnt-aim\/#primaryimage","url":"https:\/\/bladnanews.com\/wp-content\/uploads\/2026\/01\/BladnaNews-Walker-Zimmerman-explains-Toronto-FC-move-and-USMNT-aim-2026-01-16T051040.063Z.jpg","contentUrl":"https:\/\/bladnanews.com\/wp-content\/uploads\/2026\/01\/BladnaNews-Walker-Zimmerman-explains-Toronto-FC-move-and-USMNT-aim-2026-01-16T051040.063Z.jpg","width":1920,"height":1080,"caption":"Walker Zimmerman smiles while holding a red \"Come On You Reds\" scarf, wearing a Toronto FC jacket, with USMNT jersey alongside."},{"@type":"BreadcrumbList","@id":"https:\/\/bladnanews.com\/walker-zimmerman-explains-toronto-fc-move-and-usmnt-aim\/#breadcrumb","itemListElement":[{"@type":"ListItem","position":1,"name":"Home","item":"https:\/\/bladnanews.com\/"},{"@type":"ListItem","position":2,"name":"Walker Zimmerman explains Toronto FC move and USMNT aim"}]},{"@type":"WebSite","@id":"https:\/\/mediumseagreen-eel-531711.hostingersite.com\/#website","url":"https:\/\/mediumseagreen-eel-531711.hostingersite.com\/","name":"Bladna News - Maroc","description":"Quand le football marocain rencontre le monde","publisher":{"@id":"https:\/\/mediumseagreen-eel-531711.hostingersite.com\/#organization"},"potentialAction":[{"@type":"SearchAction","target":{"@type":"EntryPoint","urlTemplate":"https:\/\/mediumseagreen-eel-531711.hostingersite.com\/?s={search_term_string}"},"query-input":{"@type":"PropertyValueSpecification","valueRequired":true,"valueName":"search_term_string"}}],"inLanguage":"fr-FR"},{"@type":"Organization","@id":"https:\/\/mediumseagreen-eel-531711.hostingersite.com\/#organization","name":"Bladna News.com","url":"https:\/\/mediumseagreen-eel-531711.hostingersite.com\/","logo":{"@type":"ImageObject","inLanguage":"fr-FR","@id":"https:\/\/mediumseagreen-eel-531711.hostingersite.com\/#\/schema\/logo\/image\/","url":"https:\/\/bladnanews.com\/wp-content\/uploads\/2025\/12\/logo-bladnanews-V2-web-black-red.png","contentUrl":"https:\/\/bladnanews.com\/wp-content\/uploads\/2025\/12\/logo-bladnanews-V2-web-black-red.png","width":703,"height":287,"caption":"Bladna News.com"},"image":{"@id":"https:\/\/mediumseagreen-eel-531711.hostingersite.com\/#\/schema\/logo\/image\/"},"email":"info@bladnanews.com","legalName":"Bladna News"},{"@type":"Person","@id":"https:\/\/mediumseagreen-eel-531711.hostingersite.com\/#\/schema\/person\/268e18a453ab080ebf76df6ef7845083","name":"\u00c9quipe r\u00e9dactionnelle de Bladna News","url":"https:\/\/bladnanews.com\/fr\/author\/bladna-news-staff\/"}]}},"_links":{"self":[{"href":"https:\/\/bladnanews.com\/fr\/wp-json\/wp\/v2\/posts\/6392","targetHints":{"allow":["GET"]}}],"collection":[{"href":"https:\/\/bladnanews.com\/fr\/wp-json\/wp\/v2\/posts"}],"about":[{"href":"https:\/\/bladnanews.com\/fr\/wp-json\/wp\/v2\/types\/post"}],"author":[{"embeddable":true,"href":"https:\/\/bladnanews.com\/fr\/wp-json\/wp\/v2\/users\/3"}],"replies":[{"embeddable":true,"href":"https:\/\/bladnanews.com\/fr\/wp-json\/wp\/v2\/comments?post=6392"}],"version-history":[{"count":0,"href":"https:\/\/bladnanews.com\/fr\/wp-json\/wp\/v2\/posts\/6392\/revisions"}],"wp:featuredmedia":[{"embeddable":true,"href":"https:\/\/bladnanews.com\/fr\/wp-json\/wp\/v2\/media\/6391"}],"wp:attachment":[{"href":"https:\/\/bladnanews.com\/fr\/wp-json\/wp\/v2\/media?parent=6392"}],"wp:term":[{"taxonomy":"category","embeddable":true,"href":"https:\/\/bladnanews.com\/fr\/wp-json\/wp\/v2\/categories?post=6392"},{"taxonomy":"post_tag","embeddable":true,"href":"https:\/\/bladnanews.com\/fr\/wp-json\/wp\/v2\/tags?post=6392"}],"curies":[{"name":"wp","href":"https:\/\/api.w.org\/{rel}","templated":true}]}}