{"id":6394,"date":"2026-01-16T00:05:00","date_gmt":"2026-01-16T00:05:00","guid":{"rendered":"https:\/\/bladnanews.com\/real-madrid-prepare-haaland-bid-as-e100m-fernandes-offer-lands\/"},"modified":"2026-01-16T00:05:00","modified_gmt":"2026-01-16T00:05:00","slug":"le-real-madrid-prepare-une-offre-pour-haaland-alors-quune-proposition-de-100-millions-deuros-pour-fernandes-arrive","status":"publish","type":"post","link":"https:\/\/bladnanews.com\/fr\/le-real-madrid-prepare-une-offre-pour-haaland-alors-quune-proposition-de-100-millions-deuros-pour-fernandes-arrive\/","title":{"rendered":"Le Real Madrid pr\u00e9pare une offre pour Haaland tandis qu'une offre de 100M\u20ac pour Fernandes atterrit"},"content":{"rendered":"<p>Le Real Madrid pr\u00e9pare un transfert fracassant pour l'attaquant de Manchester City, Erling Haaland, dans le cadre de la planification de la nouvelle phase de son attaque, tandis que Manchester United a \u00e9t\u00e9 alert\u00e9 d'une offre colossale pour son capitaine Bruno Fernandes.<\/p>\n<p><strong>Le Real Madrid pr\u00e9pare une proposition pour Haaland<\/strong><br \/>\nMadrid suit Haaland depuis des ann\u00e9es et \u00e9value d\u00e9sormais s'il doit transformer cet int\u00e9r\u00eat de longue date en une offre formelle. Les g\u00e9ants espagnols \u00e9tudieraient les d\u00e9tails financiers d'une op\u00e9ration qui mettrait \u00e0 l'\u00e9preuve la d\u00e9termination de City, m\u00eame si le Norv\u00e9gien est sous contrat et reste au c\u0153ur du projet de Pep Guardiola.<\/p>\n<p>L'id\u00e9e \u00e0 Madrid est de maintenir sa ligne offensive \u00e0 un niveau d'\u00e9lite sur le long terme. Alors que Kylian Mbapp\u00e9 devrait \u00eatre une pierre angulaire de l'\u00e9quipe \u00e0 l'avenir, les d\u00e9cideurs du club discutent de la mani\u00e8re dont Haaland pourrait s'int\u00e9grer \u00e0 ses c\u00f4t\u00e9s, ou si l'effectif a besoin d'une autre signature d'envergure pour constituer ce qui serait l'une des attaques les plus redout\u00e9es d'Europe.<\/p>\n<p>Toute op\u00e9ration serait complexe. Manchester City ne cherche pas activement \u00e0 vendre, et arracher l'un des buteurs les plus prolifiques du football exigerait des sommes \u00e9normes et un contrat \u00e0 la hauteur. N\u00e9anmoins, la confiance du Real Madrid en son pouvoir de s\u00e9duction \u2013 particuli\u00e8rement lorsqu'il cible les tout meilleurs \u2013 signifie que cette id\u00e9e est prise tr\u00e8s au s\u00e9rieux en coulisses.<\/p>\n<p><strong>Manchester United re\u00e7oit une offre de 100 millions d'euros pour Fernandes<\/strong><br \/>\nDe son c\u00f4t\u00e9, United s'est vu pr\u00e9senter une offre d'environ 100 millions d'euros pour Fernandes. L'international portugais a \u00e9t\u00e9 l'un des joueurs les plus influents du club depuis son arriv\u00e9e et continue de porter une grande partie du fardeau cr\u00e9atif lors des grands matchs.<\/p>\n<p>Cette offre place United dans une position d\u00e9licate. D'un c\u00f4t\u00e9, un montant de cette ampleur pourrait consid\u00e9rablement booster leurs fonds de transfert et aider \u00e0 remodeler l'effectif. De l'autre, perdre le capitaine priverait le club d'un leader cl\u00e9 \u00e0 un moment o\u00f9 il tente de construire une stabilit\u00e9 et une r\u00e9gularit\u00e9.<\/p>\n<p>La position personnelle de Fernandes sera probablement d\u00e9terminante. S'il pousse pour un d\u00e9part, United pourrait devoir examiner la proposition de plus pr\u00e8s. S'il est d\u00e9termin\u00e9 \u00e0 rester, le club voudra fermer rapidement la porte et se concentrer sur le renforcement de l'\u00e9quipe autour de lui.<\/p>\n<p>\u00c0 l'approche du mercato estival, ces deux situations soulignent \u00e0 quelle vitesse le march\u00e9 peut \u00e9voluer. L'int\u00e9r\u00eat du Real Madrid pour Haaland pourrait devenir l'un des faits marquants de l'intersaison, tandis que la r\u00e9ponse de United \u00e0 l'offre pour Fernandes pourrait fa\u00e7onner les prochaines \u00e9tapes de sa reconstruction.<\/p>","protected":false},"excerpt":{"rendered":"<p>Real Madrid are lining up a blockbuster move for Manchester City striker Erling Haaland as they plan for the next [&hellip;]<\/p>\n","protected":false},"author":3,"featured_media":6393,"comment_status":"","ping_status":"open","sticky":false,"template":"","format":"standard","meta":{"googlesitekit_rrm_CAow_uzEDA:productID":"","site-sidebar-layout":"default","site-content-layout":"","ast-site-content-layout":"default","site-content-style":"default","site-sidebar-style":"default","ast-global-header-display":"","ast-banner-title-visibility":"","ast-main-header-display":"","ast-hfb-above-header-display":"","ast-hfb-below-header-display":"","ast-hfb-mobile-header-display":"","site-post-title":"","ast-breadcrumbs-content":"","ast-featured-img":"","footer-sml-layout":"","ast-disable-related-posts":"","theme-transparent-header-meta":"","adv-header-id-meta":"","stick-header-meta":"","header-above-stick-meta":"","header-main-stick-meta":"","header-below-stick-meta":"","astra-migrate-meta-layouts":"default","ast-page-background-enabled":"default","ast-page-background-meta":{"desktop":{"background-color":"var(--ast-global-color-5)","background-image":"","background-repeat":"repeat","background-position":"center center","background-size":"auto","background-attachment":"scroll","background-type":"","background-media":"","overlay-type":"","overlay-color":"","overlay-opacity":"","overlay-gradient":""},"tablet":{"background-color":"","background-image":"","background-repeat":"repeat","background-position":"center center","background-size":"auto","background-attachment":"scroll","background-type":"","background-media":"","overlay-type":"","overlay-color":"","overlay-opacity":"","overlay-gradient":""},"mobile":{"background-color":"","background-image":"","background-repeat":"repeat","background-position":"center center","background-size":"auto","background-attachment":"scroll","background-type":"","background-media":"","overlay-type":"","overlay-color":"","overlay-opacity":"","overlay-gradient":""}},"ast-content-background-meta":{"desktop":{"background-color":"var(--ast-global-color-4)","background-image":"","background-repeat":"repeat","background-position":"center center","background-size":"auto","background-attachment":"scroll","background-type":"","background-media":"","overlay-type":"","overlay-color":"","overlay-opacity":"","overlay-gradient":""},"tablet":{"background-color":"var(--ast-global-color-4)","background-image":"","background-repeat":"repeat","background-position":"center center","background-size":"auto","background-attachment":"scroll","background-type":"","background-media":"","overlay-type":"","overlay-color":"","overlay-opacity":"","overlay-gradient":""},"mobile":{"background-color":"var(--ast-global-color-4)","background-image":"","background-repeat":"repeat","background-position":"center center","background-size":"auto","background-attachment":"scroll","background-type":"","background-media":"","overlay-type":"","overlay-color":"","overlay-opacity":"","overlay-gradient":""}},"footnotes":""},"categories":[1,170],"tags":[],"class_list":["post-6394","post","type-post","status-publish","format-standard","has-post-thumbnail","hentry","category-football-latest-news","category-transfers"],"yoast_head":"<!-- This site is optimized with the Yoast SEO Premium plugin v26.6 (Yoast SEO v27.4) - https:\/\/yoast.com\/product\/yoast-seo-premium-wordpress\/ -->\n<title>Real Madrid Prepare Haaland Bid as \u20ac100M Fernandes Offer Lands - Bladna News<\/title>\n<meta name=\"robots\" content=\"index, follow, max-snippet:-1, max-image-preview:large, max-video-preview:-1\" \/>\n<link rel=\"canonical\" href=\"https:\/\/bladnanews.com\/fr\/le-real-madrid-prepare-une-offre-pour-haaland-alors-quune-proposition-de-100-millions-deuros-pour-fernandes-arrive\/\" \/>\n<meta property=\"og:locale\" content=\"fr_FR\" \/>\n<meta property=\"og:type\" content=\"article\" \/>\n<meta property=\"og:title\" content=\"Real Madrid Prepare Haaland Bid as \u20ac100M Fernandes Offer Lands\" \/>\n<meta property=\"og:description\" content=\"Real Madrid are lining up a blockbuster move for Manchester City striker Erling Haaland as they plan for the next [&hellip;]\" \/>\n<meta property=\"og:url\" content=\"https:\/\/bladnanews.com\/fr\/le-real-madrid-prepare-une-offre-pour-haaland-alors-quune-proposition-de-100-millions-deuros-pour-fernandes-arrive\/\" \/>\n<meta property=\"og:site_name\" content=\"Bladna News\" \/>\n<meta property=\"article:published_time\" content=\"2026-01-16T00:05:00+00:00\" \/>\n<meta property=\"og:image\" content=\"https:\/\/bladnanews.com\/wp-content\/uploads\/2025\/12\/freepik__bladna-newscom-moroccan-soccer-homepage-banner-mor__41838.png\" \/>\n\t<meta property=\"og:image:width\" content=\"1312\" \/>\n\t<meta property=\"og:image:height\" content=\"736\" \/>\n\t<meta property=\"og:image:type\" content=\"image\/png\" \/>\n<meta name=\"author\" content=\"Bladna News Staff\" \/>\n<meta name=\"twitter:card\" content=\"summary_large_image\" \/>\n<meta name=\"twitter:label1\" content=\"\u00c9crit par\" \/>\n\t<meta name=\"twitter:data1\" content=\"Bladna News Staff\" \/>\n\t<meta name=\"twitter:label2\" content=\"Dur\u00e9e de lecture estim\u00e9e\" \/>\n\t<meta name=\"twitter:data2\" content=\"2 minutes\" \/>\n<script type=\"application\/ld+json\" class=\"yoast-schema-graph\">{\"@context\":\"https:\\\/\\\/schema.org\",\"@graph\":[{\"@type\":\"Article\",\"@id\":\"https:\\\/\\\/bladnanews.com\\\/real-madrid-prepare-haaland-bid-as-e100m-fernandes-offer-lands\\\/#article\",\"isPartOf\":{\"@id\":\"https:\\\/\\\/bladnanews.com\\\/real-madrid-prepare-haaland-bid-as-e100m-fernandes-offer-lands\\\/\"},\"author\":{\"name\":\"Bladna News Staff\",\"@id\":\"https:\\\/\\\/mediumseagreen-eel-531711.hostingersite.com\\\/#\\\/schema\\\/person\\\/268e18a453ab080ebf76df6ef7845083\"},\"headline\":\"Real Madrid Prepare Haaland Bid as \u20ac100M Fernandes Offer Lands\",\"datePublished\":\"2026-01-16T00:05:00+00:00\",\"mainEntityOfPage\":{\"@id\":\"https:\\\/\\\/bladnanews.com\\\/real-madrid-prepare-haaland-bid-as-e100m-fernandes-offer-lands\\\/\"},\"wordCount\":419,\"publisher\":{\"@id\":\"https:\\\/\\\/mediumseagreen-eel-531711.hostingersite.com\\\/#organization\"},\"image\":{\"@id\":\"https:\\\/\\\/bladnanews.com\\\/real-madrid-prepare-haaland-bid-as-e100m-fernandes-offer-lands\\\/#primaryimage\"},\"thumbnailUrl\":\"https:\\\/\\\/bladnanews.com\\\/wp-content\\\/uploads\\\/2026\\\/01\\\/BladnaNews-Real-Madrid-Prepare-Haaland-Bid-as-E100M-Fernandes-Offer-Lands-2026-01-16T081702.810Z.jpg\",\"articleSection\":[\"Latest News\",\"Transfers\"],\"inLanguage\":\"fr-FR\",\"copyrightYear\":\"2026\",\"copyrightHolder\":{\"@id\":\"https:\\\/\\\/bladnanews.com\\\/fr\\\/#organization\"}},{\"@type\":\"WebPage\",\"@id\":\"https:\\\/\\\/bladnanews.com\\\/real-madrid-prepare-haaland-bid-as-e100m-fernandes-offer-lands\\\/\",\"url\":\"https:\\\/\\\/bladnanews.com\\\/real-madrid-prepare-haaland-bid-as-e100m-fernandes-offer-lands\\\/\",\"name\":\"Real Madrid Prepare Haaland Bid as \u20ac100M Fernandes Offer Lands - Bladna News\",\"isPartOf\":{\"@id\":\"https:\\\/\\\/mediumseagreen-eel-531711.hostingersite.com\\\/#website\"},\"primaryImageOfPage\":{\"@id\":\"https:\\\/\\\/bladnanews.com\\\/real-madrid-prepare-haaland-bid-as-e100m-fernandes-offer-lands\\\/#primaryimage\"},\"image\":{\"@id\":\"https:\\\/\\\/bladnanews.com\\\/real-madrid-prepare-haaland-bid-as-e100m-fernandes-offer-lands\\\/#primaryimage\"},\"thumbnailUrl\":\"https:\\\/\\\/bladnanews.com\\\/wp-content\\\/uploads\\\/2026\\\/01\\\/BladnaNews-Real-Madrid-Prepare-Haaland-Bid-as-E100M-Fernandes-Offer-Lands-2026-01-16T081702.810Z.jpg\",\"datePublished\":\"2026-01-16T00:05:00+00:00\",\"breadcrumb\":{\"@id\":\"https:\\\/\\\/bladnanews.com\\\/real-madrid-prepare-haaland-bid-as-e100m-fernandes-offer-lands\\\/#breadcrumb\"},\"inLanguage\":\"fr-FR\",\"potentialAction\":[{\"@type\":\"ReadAction\",\"target\":[\"https:\\\/\\\/bladnanews.com\\\/real-madrid-prepare-haaland-bid-as-e100m-fernandes-offer-lands\\\/\"]}]},{\"@type\":\"ImageObject\",\"inLanguage\":\"fr-FR\",\"@id\":\"https:\\\/\\\/bladnanews.com\\\/real-madrid-prepare-haaland-bid-as-e100m-fernandes-offer-lands\\\/#primaryimage\",\"url\":\"https:\\\/\\\/bladnanews.com\\\/wp-content\\\/uploads\\\/2026\\\/01\\\/BladnaNews-Real-Madrid-Prepare-Haaland-Bid-as-E100M-Fernandes-Offer-Lands-2026-01-16T081702.810Z.jpg\",\"contentUrl\":\"https:\\\/\\\/bladnanews.com\\\/wp-content\\\/uploads\\\/2026\\\/01\\\/BladnaNews-Real-Madrid-Prepare-Haaland-Bid-as-E100M-Fernandes-Offer-Lands-2026-01-16T081702.810Z.jpg\",\"width\":1440,\"height\":810,\"caption\":\"Haaland, in a light blue Manchester City kit, stares intensively, while Fernandes, in a red Manchester United shirt, reacts passionately.\"},{\"@type\":\"BreadcrumbList\",\"@id\":\"https:\\\/\\\/bladnanews.com\\\/real-madrid-prepare-haaland-bid-as-e100m-fernandes-offer-lands\\\/#breadcrumb\",\"itemListElement\":[{\"@type\":\"ListItem\",\"position\":1,\"name\":\"Home\",\"item\":\"https:\\\/\\\/bladnanews.com\\\/\"},{\"@type\":\"ListItem\",\"position\":2,\"name\":\"Real Madrid Prepare Haaland Bid as \u20ac100M Fernandes Offer Lands\"}]},{\"@type\":\"WebSite\",\"@id\":\"https:\\\/\\\/mediumseagreen-eel-531711.hostingersite.com\\\/#website\",\"url\":\"https:\\\/\\\/mediumseagreen-eel-531711.hostingersite.com\\\/\",\"name\":\"Bladna News - Morocco\",\"description\":\"Where Moroccan Football Meets the World\",\"publisher\":{\"@id\":\"https:\\\/\\\/mediumseagreen-eel-531711.hostingersite.com\\\/#organization\"},\"potentialAction\":[{\"@type\":\"SearchAction\",\"target\":{\"@type\":\"EntryPoint\",\"urlTemplate\":\"https:\\\/\\\/mediumseagreen-eel-531711.hostingersite.com\\\/?s={search_term_string}\"},\"query-input\":{\"@type\":\"PropertyValueSpecification\",\"valueRequired\":true,\"valueName\":\"search_term_string\"}}],\"inLanguage\":\"fr-FR\"},{\"@type\":\"Organization\",\"@id\":\"https:\\\/\\\/mediumseagreen-eel-531711.hostingersite.com\\\/#organization\",\"name\":\"Bladna News.com\",\"url\":\"https:\\\/\\\/mediumseagreen-eel-531711.hostingersite.com\\\/\",\"logo\":{\"@type\":\"ImageObject\",\"inLanguage\":\"fr-FR\",\"@id\":\"https:\\\/\\\/mediumseagreen-eel-531711.hostingersite.com\\\/#\\\/schema\\\/logo\\\/image\\\/\",\"url\":\"https:\\\/\\\/bladnanews.com\\\/wp-content\\\/uploads\\\/2025\\\/12\\\/logo-bladnanews-V2-web-black-red.png\",\"contentUrl\":\"https:\\\/\\\/bladnanews.com\\\/wp-content\\\/uploads\\\/2025\\\/12\\\/logo-bladnanews-V2-web-black-red.png\",\"width\":703,\"height\":287,\"caption\":\"Bladna News.com\"},\"image\":{\"@id\":\"https:\\\/\\\/mediumseagreen-eel-531711.hostingersite.com\\\/#\\\/schema\\\/logo\\\/image\\\/\"},\"email\":\"info@bladnanews.com\",\"legalName\":\"Bladna News\"},{\"@type\":\"Person\",\"@id\":\"https:\\\/\\\/mediumseagreen-eel-531711.hostingersite.com\\\/#\\\/schema\\\/person\\\/268e18a453ab080ebf76df6ef7845083\",\"name\":\"Bladna News Staff\",\"url\":\"https:\\\/\\\/bladnanews.com\\\/fr\\\/author\\\/bladna-news-staff\\\/\"}]}<\/script>\n<!-- \/ Yoast SEO Premium plugin. -->","yoast_head_json":{"title":"Le Real Madrid pr\u00e9pare une offre pour Haaland alors qu'une offre de 100 millions d'euros pour Fernandes atterrit - Bladna News","robots":{"index":"index","follow":"follow","max-snippet":"max-snippet:-1","max-image-preview":"max-image-preview:large","max-video-preview":"max-video-preview:-1"},"canonical":"https:\/\/bladnanews.com\/fr\/le-real-madrid-prepare-une-offre-pour-haaland-alors-quune-proposition-de-100-millions-deuros-pour-fernandes-arrive\/","og_locale":"fr_FR","og_type":"article","og_title":"Real Madrid Prepare Haaland Bid as \u20ac100M Fernandes Offer Lands","og_description":"Real Madrid are lining up a blockbuster move for Manchester City striker Erling Haaland as they plan for the next [&hellip;]","og_url":"https:\/\/bladnanews.com\/fr\/le-real-madrid-prepare-une-offre-pour-haaland-alors-quune-proposition-de-100-millions-deuros-pour-fernandes-arrive\/","og_site_name":"Bladna News","article_published_time":"2026-01-16T00:05:00+00:00","og_image":[{"width":1312,"height":736,"url":"https:\/\/bladnanews.com\/wp-content\/uploads\/2025\/12\/freepik__bladna-newscom-moroccan-soccer-homepage-banner-mor__41838.png","type":"image\/png"}],"author":"Bladna News Staff","twitter_card":"summary_large_image","twitter_misc":{"\u00c9crit par":"Bladna News Staff","Dur\u00e9e de lecture estim\u00e9e":"2 minutes"},"schema":{"@context":"https:\/\/schema.org","@graph":[{"@type":"Article","@id":"https:\/\/bladnanews.com\/real-madrid-prepare-haaland-bid-as-e100m-fernandes-offer-lands\/#article","isPartOf":{"@id":"https:\/\/bladnanews.com\/real-madrid-prepare-haaland-bid-as-e100m-fernandes-offer-lands\/"},"author":{"name":"Bladna News Staff","@id":"https:\/\/mediumseagreen-eel-531711.hostingersite.com\/#\/schema\/person\/268e18a453ab080ebf76df6ef7845083"},"headline":"Real Madrid Prepare Haaland Bid as \u20ac100M Fernandes Offer Lands","datePublished":"2026-01-16T00:05:00+00:00","mainEntityOfPage":{"@id":"https:\/\/bladnanews.com\/real-madrid-prepare-haaland-bid-as-e100m-fernandes-offer-lands\/"},"wordCount":419,"publisher":{"@id":"https:\/\/mediumseagreen-eel-531711.hostingersite.com\/#organization"},"image":{"@id":"https:\/\/bladnanews.com\/real-madrid-prepare-haaland-bid-as-e100m-fernandes-offer-lands\/#primaryimage"},"thumbnailUrl":"https:\/\/bladnanews.com\/wp-content\/uploads\/2026\/01\/BladnaNews-Real-Madrid-Prepare-Haaland-Bid-as-E100M-Fernandes-Offer-Lands-2026-01-16T081702.810Z.jpg","articleSection":["Latest News","Transfers"],"inLanguage":"fr-FR","copyrightYear":"2026","copyrightHolder":{"@id":"https:\/\/bladnanews.com\/fr\/#organization"}},{"@type":"WebPage","@id":"https:\/\/bladnanews.com\/real-madrid-prepare-haaland-bid-as-e100m-fernandes-offer-lands\/","url":"https:\/\/bladnanews.com\/real-madrid-prepare-haaland-bid-as-e100m-fernandes-offer-lands\/","name":"Le Real Madrid pr\u00e9pare une offre pour Haaland alors qu'une offre de 100 millions d'euros pour Fernandes atterrit - Bladna News","isPartOf":{"@id":"https:\/\/mediumseagreen-eel-531711.hostingersite.com\/#website"},"primaryImageOfPage":{"@id":"https:\/\/bladnanews.com\/real-madrid-prepare-haaland-bid-as-e100m-fernandes-offer-lands\/#primaryimage"},"image":{"@id":"https:\/\/bladnanews.com\/real-madrid-prepare-haaland-bid-as-e100m-fernandes-offer-lands\/#primaryimage"},"thumbnailUrl":"https:\/\/bladnanews.com\/wp-content\/uploads\/2026\/01\/BladnaNews-Real-Madrid-Prepare-Haaland-Bid-as-E100M-Fernandes-Offer-Lands-2026-01-16T081702.810Z.jpg","datePublished":"2026-01-16T00:05:00+00:00","breadcrumb":{"@id":"https:\/\/bladnanews.com\/real-madrid-prepare-haaland-bid-as-e100m-fernandes-offer-lands\/#breadcrumb"},"inLanguage":"fr-FR","potentialAction":[{"@type":"ReadAction","target":["https:\/\/bladnanews.com\/real-madrid-prepare-haaland-bid-as-e100m-fernandes-offer-lands\/"]}]},{"@type":"ImageObject","inLanguage":"fr-FR","@id":"https:\/\/bladnanews.com\/real-madrid-prepare-haaland-bid-as-e100m-fernandes-offer-lands\/#primaryimage","url":"https:\/\/bladnanews.com\/wp-content\/uploads\/2026\/01\/BladnaNews-Real-Madrid-Prepare-Haaland-Bid-as-E100M-Fernandes-Offer-Lands-2026-01-16T081702.810Z.jpg","contentUrl":"https:\/\/bladnanews.com\/wp-content\/uploads\/2026\/01\/BladnaNews-Real-Madrid-Prepare-Haaland-Bid-as-E100M-Fernandes-Offer-Lands-2026-01-16T081702.810Z.jpg","width":1440,"height":810,"caption":"Haaland, in a light blue Manchester City kit, stares intensively, while Fernandes, in a red Manchester United shirt, reacts passionately."},{"@type":"BreadcrumbList","@id":"https:\/\/bladnanews.com\/real-madrid-prepare-haaland-bid-as-e100m-fernandes-offer-lands\/#breadcrumb","itemListElement":[{"@type":"ListItem","position":1,"name":"Home","item":"https:\/\/bladnanews.com\/"},{"@type":"ListItem","position":2,"name":"Real Madrid Prepare Haaland Bid as \u20ac100M Fernandes Offer Lands"}]},{"@type":"WebSite","@id":"https:\/\/mediumseagreen-eel-531711.hostingersite.com\/#website","url":"https:\/\/mediumseagreen-eel-531711.hostingersite.com\/","name":"Bladna News - Maroc","description":"Quand le football marocain rencontre le monde","publisher":{"@id":"https:\/\/mediumseagreen-eel-531711.hostingersite.com\/#organization"},"potentialAction":[{"@type":"SearchAction","target":{"@type":"EntryPoint","urlTemplate":"https:\/\/mediumseagreen-eel-531711.hostingersite.com\/?s={search_term_string}"},"query-input":{"@type":"PropertyValueSpecification","valueRequired":true,"valueName":"search_term_string"}}],"inLanguage":"fr-FR"},{"@type":"Organization","@id":"https:\/\/mediumseagreen-eel-531711.hostingersite.com\/#organization","name":"Bladna News.com","url":"https:\/\/mediumseagreen-eel-531711.hostingersite.com\/","logo":{"@type":"ImageObject","inLanguage":"fr-FR","@id":"https:\/\/mediumseagreen-eel-531711.hostingersite.com\/#\/schema\/logo\/image\/","url":"https:\/\/bladnanews.com\/wp-content\/uploads\/2025\/12\/logo-bladnanews-V2-web-black-red.png","contentUrl":"https:\/\/bladnanews.com\/wp-content\/uploads\/2025\/12\/logo-bladnanews-V2-web-black-red.png","width":703,"height":287,"caption":"Bladna News.com"},"image":{"@id":"https:\/\/mediumseagreen-eel-531711.hostingersite.com\/#\/schema\/logo\/image\/"},"email":"info@bladnanews.com","legalName":"Bladna News"},{"@type":"Person","@id":"https:\/\/mediumseagreen-eel-531711.hostingersite.com\/#\/schema\/person\/268e18a453ab080ebf76df6ef7845083","name":"\u00c9quipe r\u00e9dactionnelle de Bladna News","url":"https:\/\/bladnanews.com\/fr\/author\/bladna-news-staff\/"}]}},"_links":{"self":[{"href":"https:\/\/bladnanews.com\/fr\/wp-json\/wp\/v2\/posts\/6394","targetHints":{"allow":["GET"]}}],"collection":[{"href":"https:\/\/bladnanews.com\/fr\/wp-json\/wp\/v2\/posts"}],"about":[{"href":"https:\/\/bladnanews.com\/fr\/wp-json\/wp\/v2\/types\/post"}],"author":[{"embeddable":true,"href":"https:\/\/bladnanews.com\/fr\/wp-json\/wp\/v2\/users\/3"}],"replies":[{"embeddable":true,"href":"https:\/\/bladnanews.com\/fr\/wp-json\/wp\/v2\/comments?post=6394"}],"version-history":[{"count":0,"href":"https:\/\/bladnanews.com\/fr\/wp-json\/wp\/v2\/posts\/6394\/revisions"}],"wp:featuredmedia":[{"embeddable":true,"href":"https:\/\/bladnanews.com\/fr\/wp-json\/wp\/v2\/media\/6393"}],"wp:attachment":[{"href":"https:\/\/bladnanews.com\/fr\/wp-json\/wp\/v2\/media?parent=6394"}],"wp:term":[{"taxonomy":"category","embeddable":true,"href":"https:\/\/bladnanews.com\/fr\/wp-json\/wp\/v2\/categories?post=6394"},{"taxonomy":"post_tag","embeddable":true,"href":"https:\/\/bladnanews.com\/fr\/wp-json\/wp\/v2\/tags?post=6394"}],"curies":[{"name":"wp","href":"https:\/\/api.w.org\/{rel}","templated":true}]}}