{"id":6404,"date":"2026-01-15T16:41:31","date_gmt":"2026-01-15T16:41:31","guid":{"rendered":"https:\/\/bladnanews.com\/gary-neville-says-michael-carrick-cannot-be-man-utd-boss\/"},"modified":"2026-01-15T16:41:31","modified_gmt":"2026-01-15T16:41:31","slug":"gary-neville-affirme-que-michael-carrick-ne-peut-pas-etre-lentraineur-de-man-utd","status":"publish","type":"post","link":"https:\/\/bladnanews.com\/fr\/gary-neville-affirme-que-michael-carrick-ne-peut-pas-etre-lentraineur-de-man-utd\/","title":{"rendered":"Gary Neville affirme que Michael Carrick ne peut pas \u00eatre le manager de Manchester United."},"content":{"rendered":"<p>Gary Neville estime que Michael Carrick ne devrait pas \u00eatre consid\u00e9r\u00e9 comme l\u2019entra\u00eeneur permanent de Manchester United, m\u00eame apr\u00e8s la premi\u00e8re victoire du club depuis le licenciement d\u2019Ole Gunnar Solskjaer.<\/p>\n<p>Carrick a pris les commandes en tant qu\u2019entra\u00eeneur int\u00e9rimaire apr\u00e8s le renvoi de Solskjaer et a supervis\u00e9 une victoire 2-0 contre Villarreal en Ligue des Champions mercredi. Ce r\u00e9sultat a assur\u00e9 la qualification de United pour la phase \u00e0 \u00e9limination directe, apaisant quelque peu la pression durant une semaine agit\u00e9e \u00e0 Old Trafford.<\/p>\n<p>Cependant, Neville a insist\u00e9 sur le fait que l\u2019ancien milieu de terrain n\u2019est pas la solution \u00e0 long terme sur le banc. S\u2019exprimant apr\u00e8s le match, l\u2019ancien capitaine de United a d\u00e9clar\u00e9 : <em>\u201c Je ne pense pas qu\u2019il puisse \u00eatre l\u2019entra\u00eeneur permanent, non. \u201d<\/em><\/p>\n<p>Neville a \u00e9galement r\u00e9v\u00e9l\u00e9 les trois entra\u00eeneurs que, selon lui, United examinera pour le prochain recrutement, citant Mauricio Pochettino, Erik ten Hag et Brendan Rodgers comme les candidats les plus en vue pour le poste \u00e0 la fin de la saison.<\/p>\n<p>Bien que la premi\u00e8re victoire de Carrick ait \u00e9t\u00e9 une \u00e9tape importante et ait assur\u00e9 la progression en Europe, Neville consid\u00e8re que United a besoin d\u2019un entra\u00eeneur principal exp\u00e9riment\u00e9 et d\u2019\u00e9lite pour mener la prochaine reconstruction et ramener le club au plus haut niveau.<\/p>","protected":false},"excerpt":{"rendered":"<p>Gary Neville believes Michael Carrick should not be considered as Manchester United\u2019s permanent manager, even after the club\u2019s first win [&hellip;]<\/p>\n","protected":false},"author":3,"featured_media":6403,"comment_status":"","ping_status":"open","sticky":false,"template":"","format":"standard","meta":{"googlesitekit_rrm_CAow_uzEDA:productID":"","site-sidebar-layout":"default","site-content-layout":"","ast-site-content-layout":"default","site-content-style":"default","site-sidebar-style":"default","ast-global-header-display":"","ast-banner-title-visibility":"","ast-main-header-display":"","ast-hfb-above-header-display":"","ast-hfb-below-header-display":"","ast-hfb-mobile-header-display":"","site-post-title":"","ast-breadcrumbs-content":"","ast-featured-img":"","footer-sml-layout":"","ast-disable-related-posts":"","theme-transparent-header-meta":"","adv-header-id-meta":"","stick-header-meta":"","header-above-stick-meta":"","header-main-stick-meta":"","header-below-stick-meta":"","astra-migrate-meta-layouts":"default","ast-page-background-enabled":"default","ast-page-background-meta":{"desktop":{"background-color":"var(--ast-global-color-5)","background-image":"","background-repeat":"repeat","background-position":"center center","background-size":"auto","background-attachment":"scroll","background-type":"","background-media":"","overlay-type":"","overlay-color":"","overlay-opacity":"","overlay-gradient":""},"tablet":{"background-color":"","background-image":"","background-repeat":"repeat","background-position":"center center","background-size":"auto","background-attachment":"scroll","background-type":"","background-media":"","overlay-type":"","overlay-color":"","overlay-opacity":"","overlay-gradient":""},"mobile":{"background-color":"","background-image":"","background-repeat":"repeat","background-position":"center center","background-size":"auto","background-attachment":"scroll","background-type":"","background-media":"","overlay-type":"","overlay-color":"","overlay-opacity":"","overlay-gradient":""}},"ast-content-background-meta":{"desktop":{"background-color":"var(--ast-global-color-4)","background-image":"","background-repeat":"repeat","background-position":"center center","background-size":"auto","background-attachment":"scroll","background-type":"","background-media":"","overlay-type":"","overlay-color":"","overlay-opacity":"","overlay-gradient":""},"tablet":{"background-color":"var(--ast-global-color-4)","background-image":"","background-repeat":"repeat","background-position":"center center","background-size":"auto","background-attachment":"scroll","background-type":"","background-media":"","overlay-type":"","overlay-color":"","overlay-opacity":"","overlay-gradient":""},"mobile":{"background-color":"var(--ast-global-color-4)","background-image":"","background-repeat":"repeat","background-position":"center center","background-size":"auto","background-attachment":"scroll","background-type":"","background-media":"","overlay-type":"","overlay-color":"","overlay-opacity":"","overlay-gradient":""}},"footnotes":""},"categories":[20,1],"tags":[],"class_list":["post-6404","post","type-post","status-publish","format-standard","has-post-thumbnail","hentry","category-international","category-football-latest-news"],"yoast_head":"<!-- This site is optimized with the Yoast SEO Premium plugin v26.6 (Yoast SEO v27.5) - https:\/\/yoast.com\/product\/yoast-seo-premium-wordpress\/ -->\n<title>Gary Neville says Michael Carrick cannot be Man Utd boss - Bladna News<\/title>\n<meta name=\"robots\" content=\"index, follow, max-snippet:-1, max-image-preview:large, max-video-preview:-1\" \/>\n<link rel=\"canonical\" href=\"https:\/\/bladnanews.com\/fr\/gary-neville-affirme-que-michael-carrick-ne-peut-pas-etre-lentraineur-de-man-utd\/\" \/>\n<meta property=\"og:locale\" content=\"fr_FR\" \/>\n<meta property=\"og:type\" content=\"article\" \/>\n<meta property=\"og:title\" content=\"Gary Neville says Michael Carrick cannot be Man Utd boss\" \/>\n<meta property=\"og:description\" content=\"Gary Neville believes Michael Carrick should not be considered as Manchester United\u2019s permanent manager, even after the club\u2019s first win [&hellip;]\" \/>\n<meta property=\"og:url\" content=\"https:\/\/bladnanews.com\/fr\/gary-neville-affirme-que-michael-carrick-ne-peut-pas-etre-lentraineur-de-man-utd\/\" \/>\n<meta property=\"og:site_name\" content=\"Bladna News\" \/>\n<meta property=\"article:published_time\" content=\"2026-01-15T16:41:31+00:00\" \/>\n<meta property=\"og:image\" content=\"https:\/\/bladnanews.com\/wp-content\/uploads\/2025\/12\/freepik__bladna-newscom-moroccan-soccer-homepage-banner-mor__41838.png\" \/>\n\t<meta property=\"og:image:width\" content=\"1312\" \/>\n\t<meta property=\"og:image:height\" content=\"736\" \/>\n\t<meta property=\"og:image:type\" content=\"image\/png\" \/>\n<meta name=\"author\" content=\"Bladna News Staff\" \/>\n<meta name=\"twitter:card\" content=\"summary_large_image\" \/>\n<meta name=\"twitter:label1\" content=\"\u00c9crit par\" \/>\n\t<meta name=\"twitter:data1\" content=\"Bladna News Staff\" \/>\n\t<meta name=\"twitter:label2\" content=\"Dur\u00e9e de lecture estim\u00e9e\" \/>\n\t<meta name=\"twitter:data2\" content=\"1 minute\" \/>\n<script type=\"application\/ld+json\" class=\"yoast-schema-graph\">{\"@context\":\"https:\\\/\\\/schema.org\",\"@graph\":[{\"@type\":\"Article\",\"@id\":\"https:\\\/\\\/bladnanews.com\\\/gary-neville-says-michael-carrick-cannot-be-man-utd-boss\\\/#article\",\"isPartOf\":{\"@id\":\"https:\\\/\\\/bladnanews.com\\\/gary-neville-says-michael-carrick-cannot-be-man-utd-boss\\\/\"},\"author\":{\"name\":\"Bladna News Staff\",\"@id\":\"https:\\\/\\\/mediumseagreen-eel-531711.hostingersite.com\\\/#\\\/schema\\\/person\\\/268e18a453ab080ebf76df6ef7845083\"},\"headline\":\"Gary Neville says Michael Carrick cannot be Man Utd boss\",\"datePublished\":\"2026-01-15T16:41:31+00:00\",\"mainEntityOfPage\":{\"@id\":\"https:\\\/\\\/bladnanews.com\\\/gary-neville-says-michael-carrick-cannot-be-man-utd-boss\\\/\"},\"wordCount\":192,\"publisher\":{\"@id\":\"https:\\\/\\\/mediumseagreen-eel-531711.hostingersite.com\\\/#organization\"},\"image\":{\"@id\":\"https:\\\/\\\/bladnanews.com\\\/gary-neville-says-michael-carrick-cannot-be-man-utd-boss\\\/#primaryimage\"},\"thumbnailUrl\":\"https:\\\/\\\/bladnanews.com\\\/wp-content\\\/uploads\\\/2026\\\/01\\\/BladnaNews-Gary-Neville-says-Michael-Carrick-cannot-be-Man-Utd-boss-2026-01-16T090957.233Z.jpg\",\"articleSection\":[\"International\",\"Latest News\"],\"inLanguage\":\"fr-FR\",\"copyrightYear\":\"2026\",\"copyrightHolder\":{\"@id\":\"https:\\\/\\\/bladnanews.com\\\/fr\\\/#organization\"}},{\"@type\":\"WebPage\",\"@id\":\"https:\\\/\\\/bladnanews.com\\\/gary-neville-says-michael-carrick-cannot-be-man-utd-boss\\\/\",\"url\":\"https:\\\/\\\/bladnanews.com\\\/gary-neville-says-michael-carrick-cannot-be-man-utd-boss\\\/\",\"name\":\"Gary Neville says Michael Carrick cannot be Man Utd boss - Bladna News\",\"isPartOf\":{\"@id\":\"https:\\\/\\\/mediumseagreen-eel-531711.hostingersite.com\\\/#website\"},\"primaryImageOfPage\":{\"@id\":\"https:\\\/\\\/bladnanews.com\\\/gary-neville-says-michael-carrick-cannot-be-man-utd-boss\\\/#primaryimage\"},\"image\":{\"@id\":\"https:\\\/\\\/bladnanews.com\\\/gary-neville-says-michael-carrick-cannot-be-man-utd-boss\\\/#primaryimage\"},\"thumbnailUrl\":\"https:\\\/\\\/bladnanews.com\\\/wp-content\\\/uploads\\\/2026\\\/01\\\/BladnaNews-Gary-Neville-says-Michael-Carrick-cannot-be-Man-Utd-boss-2026-01-16T090957.233Z.jpg\",\"datePublished\":\"2026-01-15T16:41:31+00:00\",\"breadcrumb\":{\"@id\":\"https:\\\/\\\/bladnanews.com\\\/gary-neville-says-michael-carrick-cannot-be-man-utd-boss\\\/#breadcrumb\"},\"inLanguage\":\"fr-FR\",\"potentialAction\":[{\"@type\":\"ReadAction\",\"target\":[\"https:\\\/\\\/bladnanews.com\\\/gary-neville-says-michael-carrick-cannot-be-man-utd-boss\\\/\"]}]},{\"@type\":\"ImageObject\",\"inLanguage\":\"fr-FR\",\"@id\":\"https:\\\/\\\/bladnanews.com\\\/gary-neville-says-michael-carrick-cannot-be-man-utd-boss\\\/#primaryimage\",\"url\":\"https:\\\/\\\/bladnanews.com\\\/wp-content\\\/uploads\\\/2026\\\/01\\\/BladnaNews-Gary-Neville-says-Michael-Carrick-cannot-be-Man-Utd-boss-2026-01-16T090957.233Z.jpg\",\"contentUrl\":\"https:\\\/\\\/bladnanews.com\\\/wp-content\\\/uploads\\\/2026\\\/01\\\/BladnaNews-Gary-Neville-says-Michael-Carrick-cannot-be-Man-Utd-boss-2026-01-16T090957.233Z.jpg\",\"width\":1920,\"height\":1080,\"caption\":\"Gary Neville speaks on Sky Sports, contrasting with a serious-looking Michael Carrick in a split-screen image.\"},{\"@type\":\"BreadcrumbList\",\"@id\":\"https:\\\/\\\/bladnanews.com\\\/gary-neville-says-michael-carrick-cannot-be-man-utd-boss\\\/#breadcrumb\",\"itemListElement\":[{\"@type\":\"ListItem\",\"position\":1,\"name\":\"Home\",\"item\":\"https:\\\/\\\/bladnanews.com\\\/\"},{\"@type\":\"ListItem\",\"position\":2,\"name\":\"Gary Neville says Michael Carrick cannot be Man Utd boss\"}]},{\"@type\":\"WebSite\",\"@id\":\"https:\\\/\\\/mediumseagreen-eel-531711.hostingersite.com\\\/#website\",\"url\":\"https:\\\/\\\/mediumseagreen-eel-531711.hostingersite.com\\\/\",\"name\":\"Bladna News - Morocco\",\"description\":\"Where Moroccan Football Meets the World\",\"publisher\":{\"@id\":\"https:\\\/\\\/mediumseagreen-eel-531711.hostingersite.com\\\/#organization\"},\"potentialAction\":[{\"@type\":\"SearchAction\",\"target\":{\"@type\":\"EntryPoint\",\"urlTemplate\":\"https:\\\/\\\/mediumseagreen-eel-531711.hostingersite.com\\\/?s={search_term_string}\"},\"query-input\":{\"@type\":\"PropertyValueSpecification\",\"valueRequired\":true,\"valueName\":\"search_term_string\"}}],\"inLanguage\":\"fr-FR\"},{\"@type\":\"Organization\",\"@id\":\"https:\\\/\\\/mediumseagreen-eel-531711.hostingersite.com\\\/#organization\",\"name\":\"Bladna News.com\",\"url\":\"https:\\\/\\\/mediumseagreen-eel-531711.hostingersite.com\\\/\",\"logo\":{\"@type\":\"ImageObject\",\"inLanguage\":\"fr-FR\",\"@id\":\"https:\\\/\\\/mediumseagreen-eel-531711.hostingersite.com\\\/#\\\/schema\\\/logo\\\/image\\\/\",\"url\":\"https:\\\/\\\/bladnanews.com\\\/wp-content\\\/uploads\\\/2025\\\/12\\\/logo-bladnanews-V2-web-black-red.png\",\"contentUrl\":\"https:\\\/\\\/bladnanews.com\\\/wp-content\\\/uploads\\\/2025\\\/12\\\/logo-bladnanews-V2-web-black-red.png\",\"width\":703,\"height\":287,\"caption\":\"Bladna News.com\"},\"image\":{\"@id\":\"https:\\\/\\\/mediumseagreen-eel-531711.hostingersite.com\\\/#\\\/schema\\\/logo\\\/image\\\/\"},\"email\":\"info@bladnanews.com\",\"legalName\":\"Bladna News\"},{\"@type\":\"Person\",\"@id\":\"https:\\\/\\\/mediumseagreen-eel-531711.hostingersite.com\\\/#\\\/schema\\\/person\\\/268e18a453ab080ebf76df6ef7845083\",\"name\":\"Bladna News Staff\",\"url\":\"https:\\\/\\\/bladnanews.com\\\/fr\\\/author\\\/bladna-news-staff\\\/\"}]}<\/script>\n<!-- \/ Yoast SEO Premium plugin. -->","yoast_head_json":{"title":"Gary Neville affirme que Michael Carrick ne peut pas \u00eatre l'entra\u00eeneur de Manchester United - Bladna News","robots":{"index":"index","follow":"follow","max-snippet":"max-snippet:-1","max-image-preview":"max-image-preview:large","max-video-preview":"max-video-preview:-1"},"canonical":"https:\/\/bladnanews.com\/fr\/gary-neville-affirme-que-michael-carrick-ne-peut-pas-etre-lentraineur-de-man-utd\/","og_locale":"fr_FR","og_type":"article","og_title":"Gary Neville says Michael Carrick cannot be Man Utd boss","og_description":"Gary Neville believes Michael Carrick should not be considered as Manchester United\u2019s permanent manager, even after the club\u2019s first win [&hellip;]","og_url":"https:\/\/bladnanews.com\/fr\/gary-neville-affirme-que-michael-carrick-ne-peut-pas-etre-lentraineur-de-man-utd\/","og_site_name":"Bladna News","article_published_time":"2026-01-15T16:41:31+00:00","og_image":[{"width":1312,"height":736,"url":"https:\/\/bladnanews.com\/wp-content\/uploads\/2025\/12\/freepik__bladna-newscom-moroccan-soccer-homepage-banner-mor__41838.png","type":"image\/png"}],"author":"Bladna News Staff","twitter_card":"summary_large_image","twitter_misc":{"\u00c9crit par":"Bladna News Staff","Dur\u00e9e de lecture estim\u00e9e":"1 minute"},"schema":{"@context":"https:\/\/schema.org","@graph":[{"@type":"Article","@id":"https:\/\/bladnanews.com\/gary-neville-says-michael-carrick-cannot-be-man-utd-boss\/#article","isPartOf":{"@id":"https:\/\/bladnanews.com\/gary-neville-says-michael-carrick-cannot-be-man-utd-boss\/"},"author":{"name":"Bladna News Staff","@id":"https:\/\/mediumseagreen-eel-531711.hostingersite.com\/#\/schema\/person\/268e18a453ab080ebf76df6ef7845083"},"headline":"Gary Neville says Michael Carrick cannot be Man Utd boss","datePublished":"2026-01-15T16:41:31+00:00","mainEntityOfPage":{"@id":"https:\/\/bladnanews.com\/gary-neville-says-michael-carrick-cannot-be-man-utd-boss\/"},"wordCount":192,"publisher":{"@id":"https:\/\/mediumseagreen-eel-531711.hostingersite.com\/#organization"},"image":{"@id":"https:\/\/bladnanews.com\/gary-neville-says-michael-carrick-cannot-be-man-utd-boss\/#primaryimage"},"thumbnailUrl":"https:\/\/bladnanews.com\/wp-content\/uploads\/2026\/01\/BladnaNews-Gary-Neville-says-Michael-Carrick-cannot-be-Man-Utd-boss-2026-01-16T090957.233Z.jpg","articleSection":["International","Latest News"],"inLanguage":"fr-FR","copyrightYear":"2026","copyrightHolder":{"@id":"https:\/\/bladnanews.com\/fr\/#organization"}},{"@type":"WebPage","@id":"https:\/\/bladnanews.com\/gary-neville-says-michael-carrick-cannot-be-man-utd-boss\/","url":"https:\/\/bladnanews.com\/gary-neville-says-michael-carrick-cannot-be-man-utd-boss\/","name":"Gary Neville affirme que Michael Carrick ne peut pas \u00eatre l'entra\u00eeneur de Manchester United - Bladna News","isPartOf":{"@id":"https:\/\/mediumseagreen-eel-531711.hostingersite.com\/#website"},"primaryImageOfPage":{"@id":"https:\/\/bladnanews.com\/gary-neville-says-michael-carrick-cannot-be-man-utd-boss\/#primaryimage"},"image":{"@id":"https:\/\/bladnanews.com\/gary-neville-says-michael-carrick-cannot-be-man-utd-boss\/#primaryimage"},"thumbnailUrl":"https:\/\/bladnanews.com\/wp-content\/uploads\/2026\/01\/BladnaNews-Gary-Neville-says-Michael-Carrick-cannot-be-Man-Utd-boss-2026-01-16T090957.233Z.jpg","datePublished":"2026-01-15T16:41:31+00:00","breadcrumb":{"@id":"https:\/\/bladnanews.com\/gary-neville-says-michael-carrick-cannot-be-man-utd-boss\/#breadcrumb"},"inLanguage":"fr-FR","potentialAction":[{"@type":"ReadAction","target":["https:\/\/bladnanews.com\/gary-neville-says-michael-carrick-cannot-be-man-utd-boss\/"]}]},{"@type":"ImageObject","inLanguage":"fr-FR","@id":"https:\/\/bladnanews.com\/gary-neville-says-michael-carrick-cannot-be-man-utd-boss\/#primaryimage","url":"https:\/\/bladnanews.com\/wp-content\/uploads\/2026\/01\/BladnaNews-Gary-Neville-says-Michael-Carrick-cannot-be-Man-Utd-boss-2026-01-16T090957.233Z.jpg","contentUrl":"https:\/\/bladnanews.com\/wp-content\/uploads\/2026\/01\/BladnaNews-Gary-Neville-says-Michael-Carrick-cannot-be-Man-Utd-boss-2026-01-16T090957.233Z.jpg","width":1920,"height":1080,"caption":"Gary Neville speaks on Sky Sports, contrasting with a serious-looking Michael Carrick in a split-screen image."},{"@type":"BreadcrumbList","@id":"https:\/\/bladnanews.com\/gary-neville-says-michael-carrick-cannot-be-man-utd-boss\/#breadcrumb","itemListElement":[{"@type":"ListItem","position":1,"name":"Home","item":"https:\/\/bladnanews.com\/"},{"@type":"ListItem","position":2,"name":"Gary Neville says Michael Carrick cannot be Man Utd boss"}]},{"@type":"WebSite","@id":"https:\/\/mediumseagreen-eel-531711.hostingersite.com\/#website","url":"https:\/\/mediumseagreen-eel-531711.hostingersite.com\/","name":"Bladna News - Maroc","description":"Quand le football marocain rencontre le monde","publisher":{"@id":"https:\/\/mediumseagreen-eel-531711.hostingersite.com\/#organization"},"potentialAction":[{"@type":"SearchAction","target":{"@type":"EntryPoint","urlTemplate":"https:\/\/mediumseagreen-eel-531711.hostingersite.com\/?s={search_term_string}"},"query-input":{"@type":"PropertyValueSpecification","valueRequired":true,"valueName":"search_term_string"}}],"inLanguage":"fr-FR"},{"@type":"Organization","@id":"https:\/\/mediumseagreen-eel-531711.hostingersite.com\/#organization","name":"Bladna News.com","url":"https:\/\/mediumseagreen-eel-531711.hostingersite.com\/","logo":{"@type":"ImageObject","inLanguage":"fr-FR","@id":"https:\/\/mediumseagreen-eel-531711.hostingersite.com\/#\/schema\/logo\/image\/","url":"https:\/\/bladnanews.com\/wp-content\/uploads\/2025\/12\/logo-bladnanews-V2-web-black-red.png","contentUrl":"https:\/\/bladnanews.com\/wp-content\/uploads\/2025\/12\/logo-bladnanews-V2-web-black-red.png","width":703,"height":287,"caption":"Bladna News.com"},"image":{"@id":"https:\/\/mediumseagreen-eel-531711.hostingersite.com\/#\/schema\/logo\/image\/"},"email":"info@bladnanews.com","legalName":"Bladna News"},{"@type":"Person","@id":"https:\/\/mediumseagreen-eel-531711.hostingersite.com\/#\/schema\/person\/268e18a453ab080ebf76df6ef7845083","name":"\u00c9quipe r\u00e9dactionnelle de Bladna News","url":"https:\/\/bladnanews.com\/fr\/author\/bladna-news-staff\/"}]}},"_links":{"self":[{"href":"https:\/\/bladnanews.com\/fr\/wp-json\/wp\/v2\/posts\/6404","targetHints":{"allow":["GET"]}}],"collection":[{"href":"https:\/\/bladnanews.com\/fr\/wp-json\/wp\/v2\/posts"}],"about":[{"href":"https:\/\/bladnanews.com\/fr\/wp-json\/wp\/v2\/types\/post"}],"author":[{"embeddable":true,"href":"https:\/\/bladnanews.com\/fr\/wp-json\/wp\/v2\/users\/3"}],"replies":[{"embeddable":true,"href":"https:\/\/bladnanews.com\/fr\/wp-json\/wp\/v2\/comments?post=6404"}],"version-history":[{"count":0,"href":"https:\/\/bladnanews.com\/fr\/wp-json\/wp\/v2\/posts\/6404\/revisions"}],"wp:featuredmedia":[{"embeddable":true,"href":"https:\/\/bladnanews.com\/fr\/wp-json\/wp\/v2\/media\/6403"}],"wp:attachment":[{"href":"https:\/\/bladnanews.com\/fr\/wp-json\/wp\/v2\/media?parent=6404"}],"wp:term":[{"taxonomy":"category","embeddable":true,"href":"https:\/\/bladnanews.com\/fr\/wp-json\/wp\/v2\/categories?post=6404"},{"taxonomy":"post_tag","embeddable":true,"href":"https:\/\/bladnanews.com\/fr\/wp-json\/wp\/v2\/tags?post=6404"}],"curies":[{"name":"wp","href":"https:\/\/api.w.org\/{rel}","templated":true}]}}