{"id":6408,"date":"2026-01-15T17:39:47","date_gmt":"2026-01-15T17:39:47","guid":{"rendered":"https:\/\/bladnanews.com\/chelsea-axe-loan-star-after-four-months-as-forward-joins-leeds\/"},"modified":"2026-01-15T17:39:47","modified_gmt":"2026-01-15T17:39:47","slug":"chelsea-rompt-le-pret-dun-joueur-vedette-apres-quatre-mois-alors-que-lattaquant-rejoint-leeds","status":"publish","type":"post","link":"https:\/\/bladnanews.com\/fr\/chelsea-rompt-le-pret-dun-joueur-vedette-apres-quatre-mois-alors-que-lattaquant-rejoint-leeds\/","title":{"rendered":"Chelsea rompt le pr\u00eat de son joueur vedette apr\u00e8s quatre mois alors que l'attaquant rejoint Leeds."},"content":{"rendered":"<p>Chelsea a mis fin \u00e0 un pr\u00eat apr\u00e8s seulement quatre mois, l'attaquant ayant d\u00e9sormais finalis\u00e9 son transfert vers Leeds United, nouvellement promu en Premier League.<\/p>\n<p>Le joueur n'avait rejoint son club temporaire qu'en d\u00e9but de saison, mais Chelsea a choisi de r\u00e9silier cet accord avant le nouveau mercato. Cette d\u00e9cision signifie que le pr\u00eat a \u00e9t\u00e9 \u00e9court\u00e9 bien avant son terme initialement pr\u00e9vu.<\/p>\n<p>Il a \u00e9t\u00e9 r\u00e9v\u00e9l\u00e9 que l'attaquant a d\u00e9sormais finalis\u00e9 son transfert vers Leeds, offrant ainsi \u00e0 Daniel Farke une option offensive suppl\u00e9mentaire alors que le club se pr\u00e9pare \u00e0 retrouver l'\u00e9lite.<\/p>\n<p>Ce transfert cl\u00f4t un bref chapitre loin de Stamford Bridge et souligne la volont\u00e9 de Chelsea d'ajuster ses plans en cours de saison lorsqu'une opportunit\u00e9 plus claire s'offre \u00e0 un joueur ailleurs.<\/p>\n<p>Leeds, quant \u00e0 lui, a agi rapidement pour s\u00e9curiser cette signature, l'attaquant \u00e9tant d\u00e9sormais pr\u00eat \u00e0 entamer la prochaine \u00e9tape de sa carri\u00e8re en Premier League.<\/p>","protected":false},"excerpt":{"rendered":"<p>Chelsea have ended a loan spell after just four months, with the forward now completing a move to newly-promoted Premier [&hellip;]<\/p>\n","protected":false},"author":3,"featured_media":6407,"comment_status":"","ping_status":"open","sticky":false,"template":"","format":"standard","meta":{"googlesitekit_rrm_CAow_uzEDA:productID":"","site-sidebar-layout":"default","site-content-layout":"","ast-site-content-layout":"default","site-content-style":"default","site-sidebar-style":"default","ast-global-header-display":"","ast-banner-title-visibility":"","ast-main-header-display":"","ast-hfb-above-header-display":"","ast-hfb-below-header-display":"","ast-hfb-mobile-header-display":"","site-post-title":"","ast-breadcrumbs-content":"","ast-featured-img":"","footer-sml-layout":"","ast-disable-related-posts":"","theme-transparent-header-meta":"","adv-header-id-meta":"","stick-header-meta":"","header-above-stick-meta":"","header-main-stick-meta":"","header-below-stick-meta":"","astra-migrate-meta-layouts":"default","ast-page-background-enabled":"default","ast-page-background-meta":{"desktop":{"background-color":"var(--ast-global-color-5)","background-image":"","background-repeat":"repeat","background-position":"center center","background-size":"auto","background-attachment":"scroll","background-type":"","background-media":"","overlay-type":"","overlay-color":"","overlay-opacity":"","overlay-gradient":""},"tablet":{"background-color":"","background-image":"","background-repeat":"repeat","background-position":"center center","background-size":"auto","background-attachment":"scroll","background-type":"","background-media":"","overlay-type":"","overlay-color":"","overlay-opacity":"","overlay-gradient":""},"mobile":{"background-color":"","background-image":"","background-repeat":"repeat","background-position":"center center","background-size":"auto","background-attachment":"scroll","background-type":"","background-media":"","overlay-type":"","overlay-color":"","overlay-opacity":"","overlay-gradient":""}},"ast-content-background-meta":{"desktop":{"background-color":"var(--ast-global-color-4)","background-image":"","background-repeat":"repeat","background-position":"center center","background-size":"auto","background-attachment":"scroll","background-type":"","background-media":"","overlay-type":"","overlay-color":"","overlay-opacity":"","overlay-gradient":""},"tablet":{"background-color":"var(--ast-global-color-4)","background-image":"","background-repeat":"repeat","background-position":"center center","background-size":"auto","background-attachment":"scroll","background-type":"","background-media":"","overlay-type":"","overlay-color":"","overlay-opacity":"","overlay-gradient":""},"mobile":{"background-color":"var(--ast-global-color-4)","background-image":"","background-repeat":"repeat","background-position":"center center","background-size":"auto","background-attachment":"scroll","background-type":"","background-media":"","overlay-type":"","overlay-color":"","overlay-opacity":"","overlay-gradient":""}},"footnotes":""},"categories":[20,1],"tags":[],"class_list":["post-6408","post","type-post","status-publish","format-standard","has-post-thumbnail","hentry","category-international","category-football-latest-news"],"yoast_head":"<!-- This site is optimized with the Yoast SEO Premium plugin v26.6 (Yoast SEO v27.5) - https:\/\/yoast.com\/product\/yoast-seo-premium-wordpress\/ -->\n<title>Chelsea axe loan star after four months as forward joins Leeds - Bladna News<\/title>\n<meta name=\"robots\" content=\"index, follow, max-snippet:-1, max-image-preview:large, max-video-preview:-1\" \/>\n<link rel=\"canonical\" href=\"https:\/\/bladnanews.com\/fr\/chelsea-rompt-le-pret-dun-joueur-vedette-apres-quatre-mois-alors-que-lattaquant-rejoint-leeds\/\" \/>\n<meta property=\"og:locale\" content=\"fr_FR\" \/>\n<meta property=\"og:type\" content=\"article\" \/>\n<meta property=\"og:title\" content=\"Chelsea axe loan star after four months as forward joins Leeds\" \/>\n<meta property=\"og:description\" content=\"Chelsea have ended a loan spell after just four months, with the forward now completing a move to newly-promoted Premier [&hellip;]\" \/>\n<meta property=\"og:url\" content=\"https:\/\/bladnanews.com\/fr\/chelsea-rompt-le-pret-dun-joueur-vedette-apres-quatre-mois-alors-que-lattaquant-rejoint-leeds\/\" \/>\n<meta property=\"og:site_name\" content=\"Bladna News\" \/>\n<meta property=\"article:published_time\" content=\"2026-01-15T17:39:47+00:00\" \/>\n<meta property=\"og:image\" content=\"https:\/\/bladnanews.com\/wp-content\/uploads\/2025\/12\/freepik__bladna-newscom-moroccan-soccer-homepage-banner-mor__41838.png\" \/>\n\t<meta property=\"og:image:width\" content=\"1312\" \/>\n\t<meta property=\"og:image:height\" content=\"736\" \/>\n\t<meta property=\"og:image:type\" content=\"image\/png\" \/>\n<meta name=\"author\" content=\"Bladna News Staff\" \/>\n<meta name=\"twitter:card\" content=\"summary_large_image\" \/>\n<meta name=\"twitter:label1\" content=\"\u00c9crit par\" \/>\n\t<meta name=\"twitter:data1\" content=\"Bladna News Staff\" \/>\n\t<meta name=\"twitter:label2\" content=\"Dur\u00e9e de lecture estim\u00e9e\" \/>\n\t<meta name=\"twitter:data2\" content=\"1 minute\" \/>\n<script type=\"application\/ld+json\" class=\"yoast-schema-graph\">{\"@context\":\"https:\\\/\\\/schema.org\",\"@graph\":[{\"@type\":\"Article\",\"@id\":\"https:\\\/\\\/bladnanews.com\\\/chelsea-axe-loan-star-after-four-months-as-forward-joins-leeds\\\/#article\",\"isPartOf\":{\"@id\":\"https:\\\/\\\/bladnanews.com\\\/chelsea-axe-loan-star-after-four-months-as-forward-joins-leeds\\\/\"},\"author\":{\"name\":\"Bladna News Staff\",\"@id\":\"https:\\\/\\\/mediumseagreen-eel-531711.hostingersite.com\\\/#\\\/schema\\\/person\\\/268e18a453ab080ebf76df6ef7845083\"},\"headline\":\"Chelsea axe loan star after four months as forward joins Leeds\",\"datePublished\":\"2026-01-15T17:39:47+00:00\",\"mainEntityOfPage\":{\"@id\":\"https:\\\/\\\/bladnanews.com\\\/chelsea-axe-loan-star-after-four-months-as-forward-joins-leeds\\\/\"},\"wordCount\":163,\"publisher\":{\"@id\":\"https:\\\/\\\/mediumseagreen-eel-531711.hostingersite.com\\\/#organization\"},\"image\":{\"@id\":\"https:\\\/\\\/bladnanews.com\\\/chelsea-axe-loan-star-after-four-months-as-forward-joins-leeds\\\/#primaryimage\"},\"thumbnailUrl\":\"https:\\\/\\\/bladnanews.com\\\/wp-content\\\/uploads\\\/2026\\\/01\\\/BladnaNews-Chelsea-axe-loan-star-after-four-months-as-forward-joins-Leeds-2026-01-16T091048.731Z-scaled.jpg\",\"articleSection\":[\"International\",\"Latest News\"],\"inLanguage\":\"fr-FR\",\"copyrightYear\":\"2026\",\"copyrightHolder\":{\"@id\":\"https:\\\/\\\/bladnanews.com\\\/fr\\\/#organization\"}},{\"@type\":\"WebPage\",\"@id\":\"https:\\\/\\\/bladnanews.com\\\/chelsea-axe-loan-star-after-four-months-as-forward-joins-leeds\\\/\",\"url\":\"https:\\\/\\\/bladnanews.com\\\/chelsea-axe-loan-star-after-four-months-as-forward-joins-leeds\\\/\",\"name\":\"Chelsea axe loan star after four months as forward joins Leeds - Bladna News\",\"isPartOf\":{\"@id\":\"https:\\\/\\\/mediumseagreen-eel-531711.hostingersite.com\\\/#website\"},\"primaryImageOfPage\":{\"@id\":\"https:\\\/\\\/bladnanews.com\\\/chelsea-axe-loan-star-after-four-months-as-forward-joins-leeds\\\/#primaryimage\"},\"image\":{\"@id\":\"https:\\\/\\\/bladnanews.com\\\/chelsea-axe-loan-star-after-four-months-as-forward-joins-leeds\\\/#primaryimage\"},\"thumbnailUrl\":\"https:\\\/\\\/bladnanews.com\\\/wp-content\\\/uploads\\\/2026\\\/01\\\/BladnaNews-Chelsea-axe-loan-star-after-four-months-as-forward-joins-Leeds-2026-01-16T091048.731Z-scaled.jpg\",\"datePublished\":\"2026-01-15T17:39:47+00:00\",\"breadcrumb\":{\"@id\":\"https:\\\/\\\/bladnanews.com\\\/chelsea-axe-loan-star-after-four-months-as-forward-joins-leeds\\\/#breadcrumb\"},\"inLanguage\":\"fr-FR\",\"potentialAction\":[{\"@type\":\"ReadAction\",\"target\":[\"https:\\\/\\\/bladnanews.com\\\/chelsea-axe-loan-star-after-four-months-as-forward-joins-leeds\\\/\"]}]},{\"@type\":\"ImageObject\",\"inLanguage\":\"fr-FR\",\"@id\":\"https:\\\/\\\/bladnanews.com\\\/chelsea-axe-loan-star-after-four-months-as-forward-joins-leeds\\\/#primaryimage\",\"url\":\"https:\\\/\\\/bladnanews.com\\\/wp-content\\\/uploads\\\/2026\\\/01\\\/BladnaNews-Chelsea-axe-loan-star-after-four-months-as-forward-joins-Leeds-2026-01-16T091048.731Z-scaled.jpg\",\"contentUrl\":\"https:\\\/\\\/bladnanews.com\\\/wp-content\\\/uploads\\\/2026\\\/01\\\/BladnaNews-Chelsea-axe-loan-star-after-four-months-as-forward-joins-Leeds-2026-01-16T091048.731Z-scaled.jpg\",\"width\":2560,\"height\":1440,\"caption\":\"Daniel Farke shows a pained expression in a black coat, reflecting on a challenging moment for his team during a match.\"},{\"@type\":\"BreadcrumbList\",\"@id\":\"https:\\\/\\\/bladnanews.com\\\/chelsea-axe-loan-star-after-four-months-as-forward-joins-leeds\\\/#breadcrumb\",\"itemListElement\":[{\"@type\":\"ListItem\",\"position\":1,\"name\":\"Home\",\"item\":\"https:\\\/\\\/bladnanews.com\\\/\"},{\"@type\":\"ListItem\",\"position\":2,\"name\":\"Chelsea axe loan star after four months as forward joins Leeds\"}]},{\"@type\":\"WebSite\",\"@id\":\"https:\\\/\\\/mediumseagreen-eel-531711.hostingersite.com\\\/#website\",\"url\":\"https:\\\/\\\/mediumseagreen-eel-531711.hostingersite.com\\\/\",\"name\":\"Bladna News - Morocco\",\"description\":\"Where Moroccan Football Meets the World\",\"publisher\":{\"@id\":\"https:\\\/\\\/mediumseagreen-eel-531711.hostingersite.com\\\/#organization\"},\"potentialAction\":[{\"@type\":\"SearchAction\",\"target\":{\"@type\":\"EntryPoint\",\"urlTemplate\":\"https:\\\/\\\/mediumseagreen-eel-531711.hostingersite.com\\\/?s={search_term_string}\"},\"query-input\":{\"@type\":\"PropertyValueSpecification\",\"valueRequired\":true,\"valueName\":\"search_term_string\"}}],\"inLanguage\":\"fr-FR\"},{\"@type\":\"Organization\",\"@id\":\"https:\\\/\\\/mediumseagreen-eel-531711.hostingersite.com\\\/#organization\",\"name\":\"Bladna News.com\",\"url\":\"https:\\\/\\\/mediumseagreen-eel-531711.hostingersite.com\\\/\",\"logo\":{\"@type\":\"ImageObject\",\"inLanguage\":\"fr-FR\",\"@id\":\"https:\\\/\\\/mediumseagreen-eel-531711.hostingersite.com\\\/#\\\/schema\\\/logo\\\/image\\\/\",\"url\":\"https:\\\/\\\/bladnanews.com\\\/wp-content\\\/uploads\\\/2025\\\/12\\\/logo-bladnanews-V2-web-black-red.png\",\"contentUrl\":\"https:\\\/\\\/bladnanews.com\\\/wp-content\\\/uploads\\\/2025\\\/12\\\/logo-bladnanews-V2-web-black-red.png\",\"width\":703,\"height\":287,\"caption\":\"Bladna News.com\"},\"image\":{\"@id\":\"https:\\\/\\\/mediumseagreen-eel-531711.hostingersite.com\\\/#\\\/schema\\\/logo\\\/image\\\/\"},\"email\":\"info@bladnanews.com\",\"legalName\":\"Bladna News\"},{\"@type\":\"Person\",\"@id\":\"https:\\\/\\\/mediumseagreen-eel-531711.hostingersite.com\\\/#\\\/schema\\\/person\\\/268e18a453ab080ebf76df6ef7845083\",\"name\":\"Bladna News Staff\",\"url\":\"https:\\\/\\\/bladnanews.com\\\/fr\\\/author\\\/bladna-news-staff\\\/\"}]}<\/script>\n<!-- \/ Yoast SEO Premium plugin. -->","yoast_head_json":{"title":"Chelsea met fin au pr\u00eat d'une star apr\u00e8s quatre mois alors que l'attaquant rejoint Leeds - Bladna News","robots":{"index":"index","follow":"follow","max-snippet":"max-snippet:-1","max-image-preview":"max-image-preview:large","max-video-preview":"max-video-preview:-1"},"canonical":"https:\/\/bladnanews.com\/fr\/chelsea-rompt-le-pret-dun-joueur-vedette-apres-quatre-mois-alors-que-lattaquant-rejoint-leeds\/","og_locale":"fr_FR","og_type":"article","og_title":"Chelsea axe loan star after four months as forward joins Leeds","og_description":"Chelsea have ended a loan spell after just four months, with the forward now completing a move to newly-promoted Premier [&hellip;]","og_url":"https:\/\/bladnanews.com\/fr\/chelsea-rompt-le-pret-dun-joueur-vedette-apres-quatre-mois-alors-que-lattaquant-rejoint-leeds\/","og_site_name":"Bladna News","article_published_time":"2026-01-15T17:39:47+00:00","og_image":[{"width":1312,"height":736,"url":"https:\/\/bladnanews.com\/wp-content\/uploads\/2025\/12\/freepik__bladna-newscom-moroccan-soccer-homepage-banner-mor__41838.png","type":"image\/png"}],"author":"Bladna News Staff","twitter_card":"summary_large_image","twitter_misc":{"\u00c9crit par":"Bladna News Staff","Dur\u00e9e de lecture estim\u00e9e":"1 minute"},"schema":{"@context":"https:\/\/schema.org","@graph":[{"@type":"Article","@id":"https:\/\/bladnanews.com\/chelsea-axe-loan-star-after-four-months-as-forward-joins-leeds\/#article","isPartOf":{"@id":"https:\/\/bladnanews.com\/chelsea-axe-loan-star-after-four-months-as-forward-joins-leeds\/"},"author":{"name":"Bladna News Staff","@id":"https:\/\/mediumseagreen-eel-531711.hostingersite.com\/#\/schema\/person\/268e18a453ab080ebf76df6ef7845083"},"headline":"Chelsea axe loan star after four months as forward joins Leeds","datePublished":"2026-01-15T17:39:47+00:00","mainEntityOfPage":{"@id":"https:\/\/bladnanews.com\/chelsea-axe-loan-star-after-four-months-as-forward-joins-leeds\/"},"wordCount":163,"publisher":{"@id":"https:\/\/mediumseagreen-eel-531711.hostingersite.com\/#organization"},"image":{"@id":"https:\/\/bladnanews.com\/chelsea-axe-loan-star-after-four-months-as-forward-joins-leeds\/#primaryimage"},"thumbnailUrl":"https:\/\/bladnanews.com\/wp-content\/uploads\/2026\/01\/BladnaNews-Chelsea-axe-loan-star-after-four-months-as-forward-joins-Leeds-2026-01-16T091048.731Z-scaled.jpg","articleSection":["International","Latest News"],"inLanguage":"fr-FR","copyrightYear":"2026","copyrightHolder":{"@id":"https:\/\/bladnanews.com\/fr\/#organization"}},{"@type":"WebPage","@id":"https:\/\/bladnanews.com\/chelsea-axe-loan-star-after-four-months-as-forward-joins-leeds\/","url":"https:\/\/bladnanews.com\/chelsea-axe-loan-star-after-four-months-as-forward-joins-leeds\/","name":"Chelsea met fin au pr\u00eat d'une star apr\u00e8s quatre mois alors que l'attaquant rejoint Leeds - Bladna News","isPartOf":{"@id":"https:\/\/mediumseagreen-eel-531711.hostingersite.com\/#website"},"primaryImageOfPage":{"@id":"https:\/\/bladnanews.com\/chelsea-axe-loan-star-after-four-months-as-forward-joins-leeds\/#primaryimage"},"image":{"@id":"https:\/\/bladnanews.com\/chelsea-axe-loan-star-after-four-months-as-forward-joins-leeds\/#primaryimage"},"thumbnailUrl":"https:\/\/bladnanews.com\/wp-content\/uploads\/2026\/01\/BladnaNews-Chelsea-axe-loan-star-after-four-months-as-forward-joins-Leeds-2026-01-16T091048.731Z-scaled.jpg","datePublished":"2026-01-15T17:39:47+00:00","breadcrumb":{"@id":"https:\/\/bladnanews.com\/chelsea-axe-loan-star-after-four-months-as-forward-joins-leeds\/#breadcrumb"},"inLanguage":"fr-FR","potentialAction":[{"@type":"ReadAction","target":["https:\/\/bladnanews.com\/chelsea-axe-loan-star-after-four-months-as-forward-joins-leeds\/"]}]},{"@type":"ImageObject","inLanguage":"fr-FR","@id":"https:\/\/bladnanews.com\/chelsea-axe-loan-star-after-four-months-as-forward-joins-leeds\/#primaryimage","url":"https:\/\/bladnanews.com\/wp-content\/uploads\/2026\/01\/BladnaNews-Chelsea-axe-loan-star-after-four-months-as-forward-joins-Leeds-2026-01-16T091048.731Z-scaled.jpg","contentUrl":"https:\/\/bladnanews.com\/wp-content\/uploads\/2026\/01\/BladnaNews-Chelsea-axe-loan-star-after-four-months-as-forward-joins-Leeds-2026-01-16T091048.731Z-scaled.jpg","width":2560,"height":1440,"caption":"Daniel Farke shows a pained expression in a black coat, reflecting on a challenging moment for his team during a match."},{"@type":"BreadcrumbList","@id":"https:\/\/bladnanews.com\/chelsea-axe-loan-star-after-four-months-as-forward-joins-leeds\/#breadcrumb","itemListElement":[{"@type":"ListItem","position":1,"name":"Home","item":"https:\/\/bladnanews.com\/"},{"@type":"ListItem","position":2,"name":"Chelsea axe loan star after four months as forward joins Leeds"}]},{"@type":"WebSite","@id":"https:\/\/mediumseagreen-eel-531711.hostingersite.com\/#website","url":"https:\/\/mediumseagreen-eel-531711.hostingersite.com\/","name":"Bladna News - Maroc","description":"Quand le football marocain rencontre le monde","publisher":{"@id":"https:\/\/mediumseagreen-eel-531711.hostingersite.com\/#organization"},"potentialAction":[{"@type":"SearchAction","target":{"@type":"EntryPoint","urlTemplate":"https:\/\/mediumseagreen-eel-531711.hostingersite.com\/?s={search_term_string}"},"query-input":{"@type":"PropertyValueSpecification","valueRequired":true,"valueName":"search_term_string"}}],"inLanguage":"fr-FR"},{"@type":"Organization","@id":"https:\/\/mediumseagreen-eel-531711.hostingersite.com\/#organization","name":"Bladna News.com","url":"https:\/\/mediumseagreen-eel-531711.hostingersite.com\/","logo":{"@type":"ImageObject","inLanguage":"fr-FR","@id":"https:\/\/mediumseagreen-eel-531711.hostingersite.com\/#\/schema\/logo\/image\/","url":"https:\/\/bladnanews.com\/wp-content\/uploads\/2025\/12\/logo-bladnanews-V2-web-black-red.png","contentUrl":"https:\/\/bladnanews.com\/wp-content\/uploads\/2025\/12\/logo-bladnanews-V2-web-black-red.png","width":703,"height":287,"caption":"Bladna News.com"},"image":{"@id":"https:\/\/mediumseagreen-eel-531711.hostingersite.com\/#\/schema\/logo\/image\/"},"email":"info@bladnanews.com","legalName":"Bladna News"},{"@type":"Person","@id":"https:\/\/mediumseagreen-eel-531711.hostingersite.com\/#\/schema\/person\/268e18a453ab080ebf76df6ef7845083","name":"\u00c9quipe r\u00e9dactionnelle de Bladna News","url":"https:\/\/bladnanews.com\/fr\/author\/bladna-news-staff\/"}]}},"_links":{"self":[{"href":"https:\/\/bladnanews.com\/fr\/wp-json\/wp\/v2\/posts\/6408","targetHints":{"allow":["GET"]}}],"collection":[{"href":"https:\/\/bladnanews.com\/fr\/wp-json\/wp\/v2\/posts"}],"about":[{"href":"https:\/\/bladnanews.com\/fr\/wp-json\/wp\/v2\/types\/post"}],"author":[{"embeddable":true,"href":"https:\/\/bladnanews.com\/fr\/wp-json\/wp\/v2\/users\/3"}],"replies":[{"embeddable":true,"href":"https:\/\/bladnanews.com\/fr\/wp-json\/wp\/v2\/comments?post=6408"}],"version-history":[{"count":0,"href":"https:\/\/bladnanews.com\/fr\/wp-json\/wp\/v2\/posts\/6408\/revisions"}],"wp:featuredmedia":[{"embeddable":true,"href":"https:\/\/bladnanews.com\/fr\/wp-json\/wp\/v2\/media\/6407"}],"wp:attachment":[{"href":"https:\/\/bladnanews.com\/fr\/wp-json\/wp\/v2\/media?parent=6408"}],"wp:term":[{"taxonomy":"category","embeddable":true,"href":"https:\/\/bladnanews.com\/fr\/wp-json\/wp\/v2\/categories?post=6408"},{"taxonomy":"post_tag","embeddable":true,"href":"https:\/\/bladnanews.com\/fr\/wp-json\/wp\/v2\/tags?post=6408"}],"curies":[{"name":"wp","href":"https:\/\/api.w.org\/{rel}","templated":true}]}}