{"id":6424,"date":"2026-01-16T01:09:46","date_gmt":"2026-01-16T01:09:46","guid":{"rendered":"https:\/\/bladnanews.com\/hector-herrera-returns-to-houston-dynamo-after-liga-mx-title\/"},"modified":"2026-01-16T01:09:46","modified_gmt":"2026-01-16T01:09:46","slug":"hector-herrera-revient-au-houston-dynamo-apres-un-titre-en-liga-mx","status":"publish","type":"post","link":"https:\/\/bladnanews.com\/fr\/hector-herrera-revient-au-houston-dynamo-apres-un-titre-en-liga-mx\/","title":{"rendered":"Hector Herrera fait son retour au Houston Dynamo apr\u00e8s un titre en Liga MX"},"content":{"rendered":"<p>H\u00e9ctor Herrera fait son retour au Houston Dynamo, retrouvant la MLS apr\u00e8s un passage couronn\u00e9 de titres en Liga MX.<\/p>\n<p>Le club a confirm\u00e9 le transfert, accueillant \u00e0 nouveau un joueur qui a pr\u00e9c\u00e9demment port\u00e9 le brassard \u00e0 Houston et qui \u00e9tait devenu un \u00e9l\u00e9ment cl\u00e9 au milieu de terrain.<\/p>\n<p>Herrera retrouve le Dynamo apr\u00e8s avoir remport\u00e9 des troph\u00e9s au Mexique, ajoutant une nouvelle distinction \u00e0 une carri\u00e8re qui a rayonn\u00e9 des deux c\u00f4t\u00e9s de la fronti\u00e8re. Son retour apporte \u00e0 Houston une exp\u00e9rience et un leadership suppl\u00e9mentaires alors que l'\u00e9quipe cherche \u00e0 prendre de l'\u00e9lan cette saison.<\/p>\n<p>Dans un communiqu\u00e9 publi\u00e9 avec l'annonce, le Dynamo a d\u00e9crit Herrera comme un \u201c leader respect\u00e9 sur et en dehors du terrain \u201d, soulignant l'impact qu'il a eu lors de son premier passage au club.<\/p>\n<p>Le retour de Herrera r\u00e9v\u00e8le \u00e9galement l'intention claire de Houston de s'appuyer sur des leaders \u00e9prouv\u00e9s, le milieu de terrain \u00e9tant appel\u00e9 \u00e0 renforcer le groupe les jours de match et dans le vestiaire.<\/p>","protected":false},"excerpt":{"rendered":"<p>H\u00e9ctor Herrera is heading back to Houston Dynamo, returning to MLS after a title-winning spell in Liga MX. The club [&hellip;]<\/p>\n","protected":false},"author":3,"featured_media":6423,"comment_status":"","ping_status":"open","sticky":false,"template":"","format":"standard","meta":{"googlesitekit_rrm_CAow_uzEDA:productID":"","site-sidebar-layout":"default","site-content-layout":"","ast-site-content-layout":"default","site-content-style":"default","site-sidebar-style":"default","ast-global-header-display":"","ast-banner-title-visibility":"","ast-main-header-display":"","ast-hfb-above-header-display":"","ast-hfb-below-header-display":"","ast-hfb-mobile-header-display":"","site-post-title":"","ast-breadcrumbs-content":"","ast-featured-img":"","footer-sml-layout":"","ast-disable-related-posts":"","theme-transparent-header-meta":"","adv-header-id-meta":"","stick-header-meta":"","header-above-stick-meta":"","header-main-stick-meta":"","header-below-stick-meta":"","astra-migrate-meta-layouts":"default","ast-page-background-enabled":"default","ast-page-background-meta":{"desktop":{"background-color":"var(--ast-global-color-5)","background-image":"","background-repeat":"repeat","background-position":"center center","background-size":"auto","background-attachment":"scroll","background-type":"","background-media":"","overlay-type":"","overlay-color":"","overlay-opacity":"","overlay-gradient":""},"tablet":{"background-color":"","background-image":"","background-repeat":"repeat","background-position":"center center","background-size":"auto","background-attachment":"scroll","background-type":"","background-media":"","overlay-type":"","overlay-color":"","overlay-opacity":"","overlay-gradient":""},"mobile":{"background-color":"","background-image":"","background-repeat":"repeat","background-position":"center center","background-size":"auto","background-attachment":"scroll","background-type":"","background-media":"","overlay-type":"","overlay-color":"","overlay-opacity":"","overlay-gradient":""}},"ast-content-background-meta":{"desktop":{"background-color":"var(--ast-global-color-4)","background-image":"","background-repeat":"repeat","background-position":"center center","background-size":"auto","background-attachment":"scroll","background-type":"","background-media":"","overlay-type":"","overlay-color":"","overlay-opacity":"","overlay-gradient":""},"tablet":{"background-color":"var(--ast-global-color-4)","background-image":"","background-repeat":"repeat","background-position":"center center","background-size":"auto","background-attachment":"scroll","background-type":"","background-media":"","overlay-type":"","overlay-color":"","overlay-opacity":"","overlay-gradient":""},"mobile":{"background-color":"var(--ast-global-color-4)","background-image":"","background-repeat":"repeat","background-position":"center center","background-size":"auto","background-attachment":"scroll","background-type":"","background-media":"","overlay-type":"","overlay-color":"","overlay-opacity":"","overlay-gradient":""}},"footnotes":""},"categories":[20,1],"tags":[],"class_list":["post-6424","post","type-post","status-publish","format-standard","has-post-thumbnail","hentry","category-international","category-football-latest-news"],"yoast_head":"<!-- This site is optimized with the Yoast SEO Premium plugin v26.6 (Yoast SEO v27.5) - https:\/\/yoast.com\/product\/yoast-seo-premium-wordpress\/ -->\n<title>Hector Herrera returns to Houston Dynamo after Liga MX title - Bladna News<\/title>\n<meta name=\"robots\" content=\"index, follow, max-snippet:-1, max-image-preview:large, max-video-preview:-1\" \/>\n<link rel=\"canonical\" href=\"https:\/\/bladnanews.com\/fr\/hector-herrera-revient-au-houston-dynamo-apres-un-titre-en-liga-mx\/\" \/>\n<meta property=\"og:locale\" content=\"fr_FR\" \/>\n<meta property=\"og:type\" content=\"article\" \/>\n<meta property=\"og:title\" content=\"Hector Herrera returns to Houston Dynamo after Liga MX title\" \/>\n<meta property=\"og:description\" content=\"H\u00e9ctor Herrera is heading back to Houston Dynamo, returning to MLS after a title-winning spell in Liga MX. The club [&hellip;]\" \/>\n<meta property=\"og:url\" content=\"https:\/\/bladnanews.com\/fr\/hector-herrera-revient-au-houston-dynamo-apres-un-titre-en-liga-mx\/\" \/>\n<meta property=\"og:site_name\" content=\"Bladna News\" \/>\n<meta property=\"article:published_time\" content=\"2026-01-16T01:09:46+00:00\" \/>\n<meta property=\"og:image\" content=\"https:\/\/bladnanews.com\/wp-content\/uploads\/2025\/12\/freepik__bladna-newscom-moroccan-soccer-homepage-banner-mor__41838.png\" \/>\n\t<meta property=\"og:image:width\" content=\"1312\" \/>\n\t<meta property=\"og:image:height\" content=\"736\" \/>\n\t<meta property=\"og:image:type\" content=\"image\/png\" \/>\n<meta name=\"author\" content=\"Bladna News Staff\" \/>\n<meta name=\"twitter:card\" content=\"summary_large_image\" \/>\n<meta name=\"twitter:label1\" content=\"\u00c9crit par\" \/>\n\t<meta name=\"twitter:data1\" content=\"Bladna News Staff\" \/>\n\t<meta name=\"twitter:label2\" content=\"Dur\u00e9e de lecture estim\u00e9e\" \/>\n\t<meta name=\"twitter:data2\" content=\"1 minute\" \/>\n<script type=\"application\/ld+json\" class=\"yoast-schema-graph\">{\"@context\":\"https:\\\/\\\/schema.org\",\"@graph\":[{\"@type\":\"Article\",\"@id\":\"https:\\\/\\\/bladnanews.com\\\/hector-herrera-returns-to-houston-dynamo-after-liga-mx-title\\\/#article\",\"isPartOf\":{\"@id\":\"https:\\\/\\\/bladnanews.com\\\/hector-herrera-returns-to-houston-dynamo-after-liga-mx-title\\\/\"},\"author\":{\"name\":\"Bladna News Staff\",\"@id\":\"https:\\\/\\\/mediumseagreen-eel-531711.hostingersite.com\\\/#\\\/schema\\\/person\\\/268e18a453ab080ebf76df6ef7845083\"},\"headline\":\"Hector Herrera returns to Houston Dynamo after Liga MX title\",\"datePublished\":\"2026-01-16T01:09:46+00:00\",\"mainEntityOfPage\":{\"@id\":\"https:\\\/\\\/bladnanews.com\\\/hector-herrera-returns-to-houston-dynamo-after-liga-mx-title\\\/\"},\"wordCount\":160,\"publisher\":{\"@id\":\"https:\\\/\\\/mediumseagreen-eel-531711.hostingersite.com\\\/#organization\"},\"image\":{\"@id\":\"https:\\\/\\\/bladnanews.com\\\/hector-herrera-returns-to-houston-dynamo-after-liga-mx-title\\\/#primaryimage\"},\"thumbnailUrl\":\"https:\\\/\\\/bladnanews.com\\\/wp-content\\\/uploads\\\/2026\\\/01\\\/BladnaNews-Hector-Herrera-returns-to-Houston-Dynamo-after-Liga-MX-title-2026-01-16T131022.996Z-scaled.jpg\",\"articleSection\":[\"International\",\"Latest News\"],\"inLanguage\":\"fr-FR\",\"copyrightYear\":\"2026\",\"copyrightHolder\":{\"@id\":\"https:\\\/\\\/bladnanews.com\\\/fr\\\/#organization\"}},{\"@type\":\"WebPage\",\"@id\":\"https:\\\/\\\/bladnanews.com\\\/hector-herrera-returns-to-houston-dynamo-after-liga-mx-title\\\/\",\"url\":\"https:\\\/\\\/bladnanews.com\\\/hector-herrera-returns-to-houston-dynamo-after-liga-mx-title\\\/\",\"name\":\"Hector Herrera returns to Houston Dynamo after Liga MX title - Bladna News\",\"isPartOf\":{\"@id\":\"https:\\\/\\\/mediumseagreen-eel-531711.hostingersite.com\\\/#website\"},\"primaryImageOfPage\":{\"@id\":\"https:\\\/\\\/bladnanews.com\\\/hector-herrera-returns-to-houston-dynamo-after-liga-mx-title\\\/#primaryimage\"},\"image\":{\"@id\":\"https:\\\/\\\/bladnanews.com\\\/hector-herrera-returns-to-houston-dynamo-after-liga-mx-title\\\/#primaryimage\"},\"thumbnailUrl\":\"https:\\\/\\\/bladnanews.com\\\/wp-content\\\/uploads\\\/2026\\\/01\\\/BladnaNews-Hector-Herrera-returns-to-Houston-Dynamo-after-Liga-MX-title-2026-01-16T131022.996Z-scaled.jpg\",\"datePublished\":\"2026-01-16T01:09:46+00:00\",\"breadcrumb\":{\"@id\":\"https:\\\/\\\/bladnanews.com\\\/hector-herrera-returns-to-houston-dynamo-after-liga-mx-title\\\/#breadcrumb\"},\"inLanguage\":\"fr-FR\",\"potentialAction\":[{\"@type\":\"ReadAction\",\"target\":[\"https:\\\/\\\/bladnanews.com\\\/hector-herrera-returns-to-houston-dynamo-after-liga-mx-title\\\/\"]}]},{\"@type\":\"ImageObject\",\"inLanguage\":\"fr-FR\",\"@id\":\"https:\\\/\\\/bladnanews.com\\\/hector-herrera-returns-to-houston-dynamo-after-liga-mx-title\\\/#primaryimage\",\"url\":\"https:\\\/\\\/bladnanews.com\\\/wp-content\\\/uploads\\\/2026\\\/01\\\/BladnaNews-Hector-Herrera-returns-to-Houston-Dynamo-after-Liga-MX-title-2026-01-16T131022.996Z-scaled.jpg\",\"contentUrl\":\"https:\\\/\\\/bladnanews.com\\\/wp-content\\\/uploads\\\/2026\\\/01\\\/BladnaNews-Hector-Herrera-returns-to-Houston-Dynamo-after-Liga-MX-title-2026-01-16T131022.996Z-scaled.jpg\",\"width\":2560,\"height\":1440,\"caption\":\"Hector Herrera applauds fans while wearing a red Houston Dynamo kit, showcasing team spirit after a match celebration.\"},{\"@type\":\"BreadcrumbList\",\"@id\":\"https:\\\/\\\/bladnanews.com\\\/hector-herrera-returns-to-houston-dynamo-after-liga-mx-title\\\/#breadcrumb\",\"itemListElement\":[{\"@type\":\"ListItem\",\"position\":1,\"name\":\"Home\",\"item\":\"https:\\\/\\\/bladnanews.com\\\/\"},{\"@type\":\"ListItem\",\"position\":2,\"name\":\"Hector Herrera returns to Houston Dynamo after Liga MX title\"}]},{\"@type\":\"WebSite\",\"@id\":\"https:\\\/\\\/mediumseagreen-eel-531711.hostingersite.com\\\/#website\",\"url\":\"https:\\\/\\\/mediumseagreen-eel-531711.hostingersite.com\\\/\",\"name\":\"Bladna News - Morocco\",\"description\":\"Where Moroccan Football Meets the World\",\"publisher\":{\"@id\":\"https:\\\/\\\/mediumseagreen-eel-531711.hostingersite.com\\\/#organization\"},\"potentialAction\":[{\"@type\":\"SearchAction\",\"target\":{\"@type\":\"EntryPoint\",\"urlTemplate\":\"https:\\\/\\\/mediumseagreen-eel-531711.hostingersite.com\\\/?s={search_term_string}\"},\"query-input\":{\"@type\":\"PropertyValueSpecification\",\"valueRequired\":true,\"valueName\":\"search_term_string\"}}],\"inLanguage\":\"fr-FR\"},{\"@type\":\"Organization\",\"@id\":\"https:\\\/\\\/mediumseagreen-eel-531711.hostingersite.com\\\/#organization\",\"name\":\"Bladna News.com\",\"url\":\"https:\\\/\\\/mediumseagreen-eel-531711.hostingersite.com\\\/\",\"logo\":{\"@type\":\"ImageObject\",\"inLanguage\":\"fr-FR\",\"@id\":\"https:\\\/\\\/mediumseagreen-eel-531711.hostingersite.com\\\/#\\\/schema\\\/logo\\\/image\\\/\",\"url\":\"https:\\\/\\\/bladnanews.com\\\/wp-content\\\/uploads\\\/2025\\\/12\\\/logo-bladnanews-V2-web-black-red.png\",\"contentUrl\":\"https:\\\/\\\/bladnanews.com\\\/wp-content\\\/uploads\\\/2025\\\/12\\\/logo-bladnanews-V2-web-black-red.png\",\"width\":703,\"height\":287,\"caption\":\"Bladna News.com\"},\"image\":{\"@id\":\"https:\\\/\\\/mediumseagreen-eel-531711.hostingersite.com\\\/#\\\/schema\\\/logo\\\/image\\\/\"},\"email\":\"info@bladnanews.com\",\"legalName\":\"Bladna News\"},{\"@type\":\"Person\",\"@id\":\"https:\\\/\\\/mediumseagreen-eel-531711.hostingersite.com\\\/#\\\/schema\\\/person\\\/268e18a453ab080ebf76df6ef7845083\",\"name\":\"Bladna News Staff\",\"url\":\"https:\\\/\\\/bladnanews.com\\\/fr\\\/author\\\/bladna-news-staff\\\/\"}]}<\/script>\n<!-- \/ Yoast SEO Premium plugin. -->","yoast_head_json":{"title":"Hector Herrera revient au Houston Dynamo apr\u00e8s un titre en Liga MX - Bladna News","robots":{"index":"index","follow":"follow","max-snippet":"max-snippet:-1","max-image-preview":"max-image-preview:large","max-video-preview":"max-video-preview:-1"},"canonical":"https:\/\/bladnanews.com\/fr\/hector-herrera-revient-au-houston-dynamo-apres-un-titre-en-liga-mx\/","og_locale":"fr_FR","og_type":"article","og_title":"Hector Herrera returns to Houston Dynamo after Liga MX title","og_description":"H\u00e9ctor Herrera is heading back to Houston Dynamo, returning to MLS after a title-winning spell in Liga MX. The club [&hellip;]","og_url":"https:\/\/bladnanews.com\/fr\/hector-herrera-revient-au-houston-dynamo-apres-un-titre-en-liga-mx\/","og_site_name":"Bladna News","article_published_time":"2026-01-16T01:09:46+00:00","og_image":[{"width":1312,"height":736,"url":"https:\/\/bladnanews.com\/wp-content\/uploads\/2025\/12\/freepik__bladna-newscom-moroccan-soccer-homepage-banner-mor__41838.png","type":"image\/png"}],"author":"Bladna News Staff","twitter_card":"summary_large_image","twitter_misc":{"\u00c9crit par":"Bladna News Staff","Dur\u00e9e de lecture estim\u00e9e":"1 minute"},"schema":{"@context":"https:\/\/schema.org","@graph":[{"@type":"Article","@id":"https:\/\/bladnanews.com\/hector-herrera-returns-to-houston-dynamo-after-liga-mx-title\/#article","isPartOf":{"@id":"https:\/\/bladnanews.com\/hector-herrera-returns-to-houston-dynamo-after-liga-mx-title\/"},"author":{"name":"Bladna News Staff","@id":"https:\/\/mediumseagreen-eel-531711.hostingersite.com\/#\/schema\/person\/268e18a453ab080ebf76df6ef7845083"},"headline":"Hector Herrera returns to Houston Dynamo after Liga MX title","datePublished":"2026-01-16T01:09:46+00:00","mainEntityOfPage":{"@id":"https:\/\/bladnanews.com\/hector-herrera-returns-to-houston-dynamo-after-liga-mx-title\/"},"wordCount":160,"publisher":{"@id":"https:\/\/mediumseagreen-eel-531711.hostingersite.com\/#organization"},"image":{"@id":"https:\/\/bladnanews.com\/hector-herrera-returns-to-houston-dynamo-after-liga-mx-title\/#primaryimage"},"thumbnailUrl":"https:\/\/bladnanews.com\/wp-content\/uploads\/2026\/01\/BladnaNews-Hector-Herrera-returns-to-Houston-Dynamo-after-Liga-MX-title-2026-01-16T131022.996Z-scaled.jpg","articleSection":["International","Latest News"],"inLanguage":"fr-FR","copyrightYear":"2026","copyrightHolder":{"@id":"https:\/\/bladnanews.com\/fr\/#organization"}},{"@type":"WebPage","@id":"https:\/\/bladnanews.com\/hector-herrera-returns-to-houston-dynamo-after-liga-mx-title\/","url":"https:\/\/bladnanews.com\/hector-herrera-returns-to-houston-dynamo-after-liga-mx-title\/","name":"Hector Herrera revient au Houston Dynamo apr\u00e8s un titre en Liga MX - Bladna News","isPartOf":{"@id":"https:\/\/mediumseagreen-eel-531711.hostingersite.com\/#website"},"primaryImageOfPage":{"@id":"https:\/\/bladnanews.com\/hector-herrera-returns-to-houston-dynamo-after-liga-mx-title\/#primaryimage"},"image":{"@id":"https:\/\/bladnanews.com\/hector-herrera-returns-to-houston-dynamo-after-liga-mx-title\/#primaryimage"},"thumbnailUrl":"https:\/\/bladnanews.com\/wp-content\/uploads\/2026\/01\/BladnaNews-Hector-Herrera-returns-to-Houston-Dynamo-after-Liga-MX-title-2026-01-16T131022.996Z-scaled.jpg","datePublished":"2026-01-16T01:09:46+00:00","breadcrumb":{"@id":"https:\/\/bladnanews.com\/hector-herrera-returns-to-houston-dynamo-after-liga-mx-title\/#breadcrumb"},"inLanguage":"fr-FR","potentialAction":[{"@type":"ReadAction","target":["https:\/\/bladnanews.com\/hector-herrera-returns-to-houston-dynamo-after-liga-mx-title\/"]}]},{"@type":"ImageObject","inLanguage":"fr-FR","@id":"https:\/\/bladnanews.com\/hector-herrera-returns-to-houston-dynamo-after-liga-mx-title\/#primaryimage","url":"https:\/\/bladnanews.com\/wp-content\/uploads\/2026\/01\/BladnaNews-Hector-Herrera-returns-to-Houston-Dynamo-after-Liga-MX-title-2026-01-16T131022.996Z-scaled.jpg","contentUrl":"https:\/\/bladnanews.com\/wp-content\/uploads\/2026\/01\/BladnaNews-Hector-Herrera-returns-to-Houston-Dynamo-after-Liga-MX-title-2026-01-16T131022.996Z-scaled.jpg","width":2560,"height":1440,"caption":"Hector Herrera applauds fans while wearing a red Houston Dynamo kit, showcasing team spirit after a match celebration."},{"@type":"BreadcrumbList","@id":"https:\/\/bladnanews.com\/hector-herrera-returns-to-houston-dynamo-after-liga-mx-title\/#breadcrumb","itemListElement":[{"@type":"ListItem","position":1,"name":"Home","item":"https:\/\/bladnanews.com\/"},{"@type":"ListItem","position":2,"name":"Hector Herrera returns to Houston Dynamo after Liga MX title"}]},{"@type":"WebSite","@id":"https:\/\/mediumseagreen-eel-531711.hostingersite.com\/#website","url":"https:\/\/mediumseagreen-eel-531711.hostingersite.com\/","name":"Bladna News - Maroc","description":"Quand le football marocain rencontre le monde","publisher":{"@id":"https:\/\/mediumseagreen-eel-531711.hostingersite.com\/#organization"},"potentialAction":[{"@type":"SearchAction","target":{"@type":"EntryPoint","urlTemplate":"https:\/\/mediumseagreen-eel-531711.hostingersite.com\/?s={search_term_string}"},"query-input":{"@type":"PropertyValueSpecification","valueRequired":true,"valueName":"search_term_string"}}],"inLanguage":"fr-FR"},{"@type":"Organization","@id":"https:\/\/mediumseagreen-eel-531711.hostingersite.com\/#organization","name":"Bladna News.com","url":"https:\/\/mediumseagreen-eel-531711.hostingersite.com\/","logo":{"@type":"ImageObject","inLanguage":"fr-FR","@id":"https:\/\/mediumseagreen-eel-531711.hostingersite.com\/#\/schema\/logo\/image\/","url":"https:\/\/bladnanews.com\/wp-content\/uploads\/2025\/12\/logo-bladnanews-V2-web-black-red.png","contentUrl":"https:\/\/bladnanews.com\/wp-content\/uploads\/2025\/12\/logo-bladnanews-V2-web-black-red.png","width":703,"height":287,"caption":"Bladna News.com"},"image":{"@id":"https:\/\/mediumseagreen-eel-531711.hostingersite.com\/#\/schema\/logo\/image\/"},"email":"info@bladnanews.com","legalName":"Bladna News"},{"@type":"Person","@id":"https:\/\/mediumseagreen-eel-531711.hostingersite.com\/#\/schema\/person\/268e18a453ab080ebf76df6ef7845083","name":"\u00c9quipe r\u00e9dactionnelle de Bladna News","url":"https:\/\/bladnanews.com\/fr\/author\/bladna-news-staff\/"}]}},"_links":{"self":[{"href":"https:\/\/bladnanews.com\/fr\/wp-json\/wp\/v2\/posts\/6424","targetHints":{"allow":["GET"]}}],"collection":[{"href":"https:\/\/bladnanews.com\/fr\/wp-json\/wp\/v2\/posts"}],"about":[{"href":"https:\/\/bladnanews.com\/fr\/wp-json\/wp\/v2\/types\/post"}],"author":[{"embeddable":true,"href":"https:\/\/bladnanews.com\/fr\/wp-json\/wp\/v2\/users\/3"}],"replies":[{"embeddable":true,"href":"https:\/\/bladnanews.com\/fr\/wp-json\/wp\/v2\/comments?post=6424"}],"version-history":[{"count":0,"href":"https:\/\/bladnanews.com\/fr\/wp-json\/wp\/v2\/posts\/6424\/revisions"}],"wp:featuredmedia":[{"embeddable":true,"href":"https:\/\/bladnanews.com\/fr\/wp-json\/wp\/v2\/media\/6423"}],"wp:attachment":[{"href":"https:\/\/bladnanews.com\/fr\/wp-json\/wp\/v2\/media?parent=6424"}],"wp:term":[{"taxonomy":"category","embeddable":true,"href":"https:\/\/bladnanews.com\/fr\/wp-json\/wp\/v2\/categories?post=6424"},{"taxonomy":"post_tag","embeddable":true,"href":"https:\/\/bladnanews.com\/fr\/wp-json\/wp\/v2\/tags?post=6424"}],"curies":[{"name":"wp","href":"https:\/\/api.w.org\/{rel}","templated":true}]}}