{"id":6426,"date":"2026-01-16T01:11:21","date_gmt":"2026-01-16T01:11:21","guid":{"rendered":"https:\/\/bladnanews.com\/mateusz-bogusz-close-to-joining-houston-dynamo-from-cruz-azul\/"},"modified":"2026-01-16T01:11:21","modified_gmt":"2026-01-16T01:11:21","slug":"mateusz-bogusz-proche-de-rejoindre-le-houston-dynamo-depuis-cruz-azul","status":"publish","type":"post","link":"https:\/\/bladnanews.com\/fr\/mateusz-bogusz-proche-de-rejoindre-le-houston-dynamo-depuis-cruz-azul\/","title":{"rendered":"Mateusz Bogusz proche de rejoindre le Houston Dynamo en provenance de Cruz Azul"},"content":{"rendered":"<p>Mateusz Bogusz serait proche de finaliser un transfert au Houston Dynamo, son d\u00e9part de Cruz Azul \u00e9tant d\u00e9sormais imminent.<\/p>\n<p>Le milieu de terrain polonais a \u00e9t\u00e9 r\u00e9cemment li\u00e9 \u00e0 un mouvement vers la Major League Soccer, et les derniers rapports indiquent que les n\u00e9gociations progressent vers un accord qui le m\u00e8nerait au Texas.<\/p>\n<p>Bogusz n'a rejoint Cruz Azul que r\u00e9cemment, mais la situation a \u00e9volu\u00e9 rapidement et un accord serait \u00e0 port\u00e9e de main, Houston cherchant \u00e0 renforcer son effectif.<\/p>\n<p>Si le transfert est finalis\u00e9, cela marquerait un nouveau chapitre en MLS pour Bogusz, tandis que Cruz Azul se pr\u00e9parerait \u00e0 un autre changement dans ses options au milieu de terrain avant la prochaine phase de sa saison.<\/p>","protected":false},"excerpt":{"rendered":"<p>Mateusz Bogusz is reportedly close to completing a move to Houston Dynamo, with his exit from Cruz Azul now nearing. [&hellip;]<\/p>\n","protected":false},"author":3,"featured_media":6425,"comment_status":"","ping_status":"open","sticky":false,"template":"","format":"standard","meta":{"googlesitekit_rrm_CAow_uzEDA:productID":"","site-sidebar-layout":"default","site-content-layout":"","ast-site-content-layout":"default","site-content-style":"default","site-sidebar-style":"default","ast-global-header-display":"","ast-banner-title-visibility":"","ast-main-header-display":"","ast-hfb-above-header-display":"","ast-hfb-below-header-display":"","ast-hfb-mobile-header-display":"","site-post-title":"","ast-breadcrumbs-content":"","ast-featured-img":"","footer-sml-layout":"","ast-disable-related-posts":"","theme-transparent-header-meta":"","adv-header-id-meta":"","stick-header-meta":"","header-above-stick-meta":"","header-main-stick-meta":"","header-below-stick-meta":"","astra-migrate-meta-layouts":"default","ast-page-background-enabled":"default","ast-page-background-meta":{"desktop":{"background-color":"var(--ast-global-color-5)","background-image":"","background-repeat":"repeat","background-position":"center center","background-size":"auto","background-attachment":"scroll","background-type":"","background-media":"","overlay-type":"","overlay-color":"","overlay-opacity":"","overlay-gradient":""},"tablet":{"background-color":"","background-image":"","background-repeat":"repeat","background-position":"center center","background-size":"auto","background-attachment":"scroll","background-type":"","background-media":"","overlay-type":"","overlay-color":"","overlay-opacity":"","overlay-gradient":""},"mobile":{"background-color":"","background-image":"","background-repeat":"repeat","background-position":"center center","background-size":"auto","background-attachment":"scroll","background-type":"","background-media":"","overlay-type":"","overlay-color":"","overlay-opacity":"","overlay-gradient":""}},"ast-content-background-meta":{"desktop":{"background-color":"var(--ast-global-color-4)","background-image":"","background-repeat":"repeat","background-position":"center center","background-size":"auto","background-attachment":"scroll","background-type":"","background-media":"","overlay-type":"","overlay-color":"","overlay-opacity":"","overlay-gradient":""},"tablet":{"background-color":"var(--ast-global-color-4)","background-image":"","background-repeat":"repeat","background-position":"center center","background-size":"auto","background-attachment":"scroll","background-type":"","background-media":"","overlay-type":"","overlay-color":"","overlay-opacity":"","overlay-gradient":""},"mobile":{"background-color":"var(--ast-global-color-4)","background-image":"","background-repeat":"repeat","background-position":"center center","background-size":"auto","background-attachment":"scroll","background-type":"","background-media":"","overlay-type":"","overlay-color":"","overlay-opacity":"","overlay-gradient":""}},"footnotes":""},"categories":[20,1],"tags":[],"class_list":["post-6426","post","type-post","status-publish","format-standard","has-post-thumbnail","hentry","category-international","category-football-latest-news"],"yoast_head":"<!-- This site is optimized with the Yoast SEO Premium plugin v26.6 (Yoast SEO v27.5) - https:\/\/yoast.com\/product\/yoast-seo-premium-wordpress\/ -->\n<title>Mateusz Bogusz close to joining Houston Dynamo from Cruz Azul - Bladna News<\/title>\n<meta name=\"robots\" content=\"index, follow, max-snippet:-1, max-image-preview:large, max-video-preview:-1\" \/>\n<link rel=\"canonical\" href=\"https:\/\/bladnanews.com\/fr\/mateusz-bogusz-proche-de-rejoindre-le-houston-dynamo-depuis-cruz-azul\/\" \/>\n<meta property=\"og:locale\" content=\"fr_FR\" \/>\n<meta property=\"og:type\" content=\"article\" \/>\n<meta property=\"og:title\" content=\"Mateusz Bogusz close to joining Houston Dynamo from Cruz Azul\" \/>\n<meta property=\"og:description\" content=\"Mateusz Bogusz is reportedly close to completing a move to Houston Dynamo, with his exit from Cruz Azul now nearing. [&hellip;]\" \/>\n<meta property=\"og:url\" content=\"https:\/\/bladnanews.com\/fr\/mateusz-bogusz-proche-de-rejoindre-le-houston-dynamo-depuis-cruz-azul\/\" \/>\n<meta property=\"og:site_name\" content=\"Bladna News\" \/>\n<meta property=\"article:published_time\" content=\"2026-01-16T01:11:21+00:00\" \/>\n<meta property=\"og:image\" content=\"https:\/\/bladnanews.com\/wp-content\/uploads\/2025\/12\/freepik__bladna-newscom-moroccan-soccer-homepage-banner-mor__41838.png\" \/>\n\t<meta property=\"og:image:width\" content=\"1312\" \/>\n\t<meta property=\"og:image:height\" content=\"736\" \/>\n\t<meta property=\"og:image:type\" content=\"image\/png\" \/>\n<meta name=\"author\" content=\"Bladna News Staff\" \/>\n<meta name=\"twitter:card\" content=\"summary_large_image\" \/>\n<meta name=\"twitter:label1\" content=\"\u00c9crit par\" \/>\n\t<meta name=\"twitter:data1\" content=\"Bladna News Staff\" \/>\n\t<meta name=\"twitter:label2\" content=\"Dur\u00e9e de lecture estim\u00e9e\" \/>\n\t<meta name=\"twitter:data2\" content=\"1 minute\" \/>\n<script type=\"application\/ld+json\" class=\"yoast-schema-graph\">{\"@context\":\"https:\\\/\\\/schema.org\",\"@graph\":[{\"@type\":\"Article\",\"@id\":\"https:\\\/\\\/bladnanews.com\\\/mateusz-bogusz-close-to-joining-houston-dynamo-from-cruz-azul\\\/#article\",\"isPartOf\":{\"@id\":\"https:\\\/\\\/bladnanews.com\\\/mateusz-bogusz-close-to-joining-houston-dynamo-from-cruz-azul\\\/\"},\"author\":{\"name\":\"Bladna News Staff\",\"@id\":\"https:\\\/\\\/mediumseagreen-eel-531711.hostingersite.com\\\/#\\\/schema\\\/person\\\/268e18a453ab080ebf76df6ef7845083\"},\"headline\":\"Mateusz Bogusz close to joining Houston Dynamo from Cruz Azul\",\"datePublished\":\"2026-01-16T01:11:21+00:00\",\"mainEntityOfPage\":{\"@id\":\"https:\\\/\\\/bladnanews.com\\\/mateusz-bogusz-close-to-joining-houston-dynamo-from-cruz-azul\\\/\"},\"wordCount\":126,\"publisher\":{\"@id\":\"https:\\\/\\\/mediumseagreen-eel-531711.hostingersite.com\\\/#organization\"},\"image\":{\"@id\":\"https:\\\/\\\/bladnanews.com\\\/mateusz-bogusz-close-to-joining-houston-dynamo-from-cruz-azul\\\/#primaryimage\"},\"thumbnailUrl\":\"https:\\\/\\\/bladnanews.com\\\/wp-content\\\/uploads\\\/2026\\\/01\\\/BladnaNews-Mateusz-Bogusz-close-to-joining-Houston-Dynamo-from-Cruz-Azul-2026-01-16T131047.954Z-scaled.jpg\",\"articleSection\":[\"International\",\"Latest News\"],\"inLanguage\":\"fr-FR\",\"copyrightYear\":\"2026\",\"copyrightHolder\":{\"@id\":\"https:\\\/\\\/bladnanews.com\\\/fr\\\/#organization\"}},{\"@type\":\"WebPage\",\"@id\":\"https:\\\/\\\/bladnanews.com\\\/mateusz-bogusz-close-to-joining-houston-dynamo-from-cruz-azul\\\/\",\"url\":\"https:\\\/\\\/bladnanews.com\\\/mateusz-bogusz-close-to-joining-houston-dynamo-from-cruz-azul\\\/\",\"name\":\"Mateusz Bogusz close to joining Houston Dynamo from Cruz Azul - Bladna News\",\"isPartOf\":{\"@id\":\"https:\\\/\\\/mediumseagreen-eel-531711.hostingersite.com\\\/#website\"},\"primaryImageOfPage\":{\"@id\":\"https:\\\/\\\/bladnanews.com\\\/mateusz-bogusz-close-to-joining-houston-dynamo-from-cruz-azul\\\/#primaryimage\"},\"image\":{\"@id\":\"https:\\\/\\\/bladnanews.com\\\/mateusz-bogusz-close-to-joining-houston-dynamo-from-cruz-azul\\\/#primaryimage\"},\"thumbnailUrl\":\"https:\\\/\\\/bladnanews.com\\\/wp-content\\\/uploads\\\/2026\\\/01\\\/BladnaNews-Mateusz-Bogusz-close-to-joining-Houston-Dynamo-from-Cruz-Azul-2026-01-16T131047.954Z-scaled.jpg\",\"datePublished\":\"2026-01-16T01:11:21+00:00\",\"breadcrumb\":{\"@id\":\"https:\\\/\\\/bladnanews.com\\\/mateusz-bogusz-close-to-joining-houston-dynamo-from-cruz-azul\\\/#breadcrumb\"},\"inLanguage\":\"fr-FR\",\"potentialAction\":[{\"@type\":\"ReadAction\",\"target\":[\"https:\\\/\\\/bladnanews.com\\\/mateusz-bogusz-close-to-joining-houston-dynamo-from-cruz-azul\\\/\"]}]},{\"@type\":\"ImageObject\",\"inLanguage\":\"fr-FR\",\"@id\":\"https:\\\/\\\/bladnanews.com\\\/mateusz-bogusz-close-to-joining-houston-dynamo-from-cruz-azul\\\/#primaryimage\",\"url\":\"https:\\\/\\\/bladnanews.com\\\/wp-content\\\/uploads\\\/2026\\\/01\\\/BladnaNews-Mateusz-Bogusz-close-to-joining-Houston-Dynamo-from-Cruz-Azul-2026-01-16T131047.954Z-scaled.jpg\",\"contentUrl\":\"https:\\\/\\\/bladnanews.com\\\/wp-content\\\/uploads\\\/2026\\\/01\\\/BladnaNews-Mateusz-Bogusz-close-to-joining-Houston-Dynamo-from-Cruz-Azul-2026-01-16T131047.954Z-scaled.jpg\",\"width\":2560,\"height\":1440,\"caption\":\"Mateusz Bogusz in a blue Cruz Azul kit, looking pensive after a match, with stadium lights in the background highlighting the tension.\"},{\"@type\":\"BreadcrumbList\",\"@id\":\"https:\\\/\\\/bladnanews.com\\\/mateusz-bogusz-close-to-joining-houston-dynamo-from-cruz-azul\\\/#breadcrumb\",\"itemListElement\":[{\"@type\":\"ListItem\",\"position\":1,\"name\":\"Home\",\"item\":\"https:\\\/\\\/bladnanews.com\\\/\"},{\"@type\":\"ListItem\",\"position\":2,\"name\":\"Mateusz Bogusz close to joining Houston Dynamo from Cruz Azul\"}]},{\"@type\":\"WebSite\",\"@id\":\"https:\\\/\\\/mediumseagreen-eel-531711.hostingersite.com\\\/#website\",\"url\":\"https:\\\/\\\/mediumseagreen-eel-531711.hostingersite.com\\\/\",\"name\":\"Bladna News - Morocco\",\"description\":\"Where Moroccan Football Meets the World\",\"publisher\":{\"@id\":\"https:\\\/\\\/mediumseagreen-eel-531711.hostingersite.com\\\/#organization\"},\"potentialAction\":[{\"@type\":\"SearchAction\",\"target\":{\"@type\":\"EntryPoint\",\"urlTemplate\":\"https:\\\/\\\/mediumseagreen-eel-531711.hostingersite.com\\\/?s={search_term_string}\"},\"query-input\":{\"@type\":\"PropertyValueSpecification\",\"valueRequired\":true,\"valueName\":\"search_term_string\"}}],\"inLanguage\":\"fr-FR\"},{\"@type\":\"Organization\",\"@id\":\"https:\\\/\\\/mediumseagreen-eel-531711.hostingersite.com\\\/#organization\",\"name\":\"Bladna News.com\",\"url\":\"https:\\\/\\\/mediumseagreen-eel-531711.hostingersite.com\\\/\",\"logo\":{\"@type\":\"ImageObject\",\"inLanguage\":\"fr-FR\",\"@id\":\"https:\\\/\\\/mediumseagreen-eel-531711.hostingersite.com\\\/#\\\/schema\\\/logo\\\/image\\\/\",\"url\":\"https:\\\/\\\/bladnanews.com\\\/wp-content\\\/uploads\\\/2025\\\/12\\\/logo-bladnanews-V2-web-black-red.png\",\"contentUrl\":\"https:\\\/\\\/bladnanews.com\\\/wp-content\\\/uploads\\\/2025\\\/12\\\/logo-bladnanews-V2-web-black-red.png\",\"width\":703,\"height\":287,\"caption\":\"Bladna News.com\"},\"image\":{\"@id\":\"https:\\\/\\\/mediumseagreen-eel-531711.hostingersite.com\\\/#\\\/schema\\\/logo\\\/image\\\/\"},\"email\":\"info@bladnanews.com\",\"legalName\":\"Bladna News\"},{\"@type\":\"Person\",\"@id\":\"https:\\\/\\\/mediumseagreen-eel-531711.hostingersite.com\\\/#\\\/schema\\\/person\\\/268e18a453ab080ebf76df6ef7845083\",\"name\":\"Bladna News Staff\",\"url\":\"https:\\\/\\\/bladnanews.com\\\/fr\\\/author\\\/bladna-news-staff\\\/\"}]}<\/script>\n<!-- \/ Yoast SEO Premium plugin. -->","yoast_head_json":{"title":"Mateusz Bogusz proche de rejoindre le Houston Dynamo depuis Cruz Azul - Bladna News","robots":{"index":"index","follow":"follow","max-snippet":"max-snippet:-1","max-image-preview":"max-image-preview:large","max-video-preview":"max-video-preview:-1"},"canonical":"https:\/\/bladnanews.com\/fr\/mateusz-bogusz-proche-de-rejoindre-le-houston-dynamo-depuis-cruz-azul\/","og_locale":"fr_FR","og_type":"article","og_title":"Mateusz Bogusz close to joining Houston Dynamo from Cruz Azul","og_description":"Mateusz Bogusz is reportedly close to completing a move to Houston Dynamo, with his exit from Cruz Azul now nearing. [&hellip;]","og_url":"https:\/\/bladnanews.com\/fr\/mateusz-bogusz-proche-de-rejoindre-le-houston-dynamo-depuis-cruz-azul\/","og_site_name":"Bladna News","article_published_time":"2026-01-16T01:11:21+00:00","og_image":[{"width":1312,"height":736,"url":"https:\/\/bladnanews.com\/wp-content\/uploads\/2025\/12\/freepik__bladna-newscom-moroccan-soccer-homepage-banner-mor__41838.png","type":"image\/png"}],"author":"Bladna News Staff","twitter_card":"summary_large_image","twitter_misc":{"\u00c9crit par":"Bladna News Staff","Dur\u00e9e de lecture estim\u00e9e":"1 minute"},"schema":{"@context":"https:\/\/schema.org","@graph":[{"@type":"Article","@id":"https:\/\/bladnanews.com\/mateusz-bogusz-close-to-joining-houston-dynamo-from-cruz-azul\/#article","isPartOf":{"@id":"https:\/\/bladnanews.com\/mateusz-bogusz-close-to-joining-houston-dynamo-from-cruz-azul\/"},"author":{"name":"Bladna News Staff","@id":"https:\/\/mediumseagreen-eel-531711.hostingersite.com\/#\/schema\/person\/268e18a453ab080ebf76df6ef7845083"},"headline":"Mateusz Bogusz close to joining Houston Dynamo from Cruz Azul","datePublished":"2026-01-16T01:11:21+00:00","mainEntityOfPage":{"@id":"https:\/\/bladnanews.com\/mateusz-bogusz-close-to-joining-houston-dynamo-from-cruz-azul\/"},"wordCount":126,"publisher":{"@id":"https:\/\/mediumseagreen-eel-531711.hostingersite.com\/#organization"},"image":{"@id":"https:\/\/bladnanews.com\/mateusz-bogusz-close-to-joining-houston-dynamo-from-cruz-azul\/#primaryimage"},"thumbnailUrl":"https:\/\/bladnanews.com\/wp-content\/uploads\/2026\/01\/BladnaNews-Mateusz-Bogusz-close-to-joining-Houston-Dynamo-from-Cruz-Azul-2026-01-16T131047.954Z-scaled.jpg","articleSection":["International","Latest News"],"inLanguage":"fr-FR","copyrightYear":"2026","copyrightHolder":{"@id":"https:\/\/bladnanews.com\/fr\/#organization"}},{"@type":"WebPage","@id":"https:\/\/bladnanews.com\/mateusz-bogusz-close-to-joining-houston-dynamo-from-cruz-azul\/","url":"https:\/\/bladnanews.com\/mateusz-bogusz-close-to-joining-houston-dynamo-from-cruz-azul\/","name":"Mateusz Bogusz proche de rejoindre le Houston Dynamo depuis Cruz Azul - Bladna News","isPartOf":{"@id":"https:\/\/mediumseagreen-eel-531711.hostingersite.com\/#website"},"primaryImageOfPage":{"@id":"https:\/\/bladnanews.com\/mateusz-bogusz-close-to-joining-houston-dynamo-from-cruz-azul\/#primaryimage"},"image":{"@id":"https:\/\/bladnanews.com\/mateusz-bogusz-close-to-joining-houston-dynamo-from-cruz-azul\/#primaryimage"},"thumbnailUrl":"https:\/\/bladnanews.com\/wp-content\/uploads\/2026\/01\/BladnaNews-Mateusz-Bogusz-close-to-joining-Houston-Dynamo-from-Cruz-Azul-2026-01-16T131047.954Z-scaled.jpg","datePublished":"2026-01-16T01:11:21+00:00","breadcrumb":{"@id":"https:\/\/bladnanews.com\/mateusz-bogusz-close-to-joining-houston-dynamo-from-cruz-azul\/#breadcrumb"},"inLanguage":"fr-FR","potentialAction":[{"@type":"ReadAction","target":["https:\/\/bladnanews.com\/mateusz-bogusz-close-to-joining-houston-dynamo-from-cruz-azul\/"]}]},{"@type":"ImageObject","inLanguage":"fr-FR","@id":"https:\/\/bladnanews.com\/mateusz-bogusz-close-to-joining-houston-dynamo-from-cruz-azul\/#primaryimage","url":"https:\/\/bladnanews.com\/wp-content\/uploads\/2026\/01\/BladnaNews-Mateusz-Bogusz-close-to-joining-Houston-Dynamo-from-Cruz-Azul-2026-01-16T131047.954Z-scaled.jpg","contentUrl":"https:\/\/bladnanews.com\/wp-content\/uploads\/2026\/01\/BladnaNews-Mateusz-Bogusz-close-to-joining-Houston-Dynamo-from-Cruz-Azul-2026-01-16T131047.954Z-scaled.jpg","width":2560,"height":1440,"caption":"Mateusz Bogusz in a blue Cruz Azul kit, looking pensive after a match, with stadium lights in the background highlighting the tension."},{"@type":"BreadcrumbList","@id":"https:\/\/bladnanews.com\/mateusz-bogusz-close-to-joining-houston-dynamo-from-cruz-azul\/#breadcrumb","itemListElement":[{"@type":"ListItem","position":1,"name":"Home","item":"https:\/\/bladnanews.com\/"},{"@type":"ListItem","position":2,"name":"Mateusz Bogusz close to joining Houston Dynamo from Cruz Azul"}]},{"@type":"WebSite","@id":"https:\/\/mediumseagreen-eel-531711.hostingersite.com\/#website","url":"https:\/\/mediumseagreen-eel-531711.hostingersite.com\/","name":"Bladna News - Maroc","description":"Quand le football marocain rencontre le monde","publisher":{"@id":"https:\/\/mediumseagreen-eel-531711.hostingersite.com\/#organization"},"potentialAction":[{"@type":"SearchAction","target":{"@type":"EntryPoint","urlTemplate":"https:\/\/mediumseagreen-eel-531711.hostingersite.com\/?s={search_term_string}"},"query-input":{"@type":"PropertyValueSpecification","valueRequired":true,"valueName":"search_term_string"}}],"inLanguage":"fr-FR"},{"@type":"Organization","@id":"https:\/\/mediumseagreen-eel-531711.hostingersite.com\/#organization","name":"Bladna News.com","url":"https:\/\/mediumseagreen-eel-531711.hostingersite.com\/","logo":{"@type":"ImageObject","inLanguage":"fr-FR","@id":"https:\/\/mediumseagreen-eel-531711.hostingersite.com\/#\/schema\/logo\/image\/","url":"https:\/\/bladnanews.com\/wp-content\/uploads\/2025\/12\/logo-bladnanews-V2-web-black-red.png","contentUrl":"https:\/\/bladnanews.com\/wp-content\/uploads\/2025\/12\/logo-bladnanews-V2-web-black-red.png","width":703,"height":287,"caption":"Bladna News.com"},"image":{"@id":"https:\/\/mediumseagreen-eel-531711.hostingersite.com\/#\/schema\/logo\/image\/"},"email":"info@bladnanews.com","legalName":"Bladna News"},{"@type":"Person","@id":"https:\/\/mediumseagreen-eel-531711.hostingersite.com\/#\/schema\/person\/268e18a453ab080ebf76df6ef7845083","name":"\u00c9quipe r\u00e9dactionnelle de Bladna News","url":"https:\/\/bladnanews.com\/fr\/author\/bladna-news-staff\/"}]}},"_links":{"self":[{"href":"https:\/\/bladnanews.com\/fr\/wp-json\/wp\/v2\/posts\/6426","targetHints":{"allow":["GET"]}}],"collection":[{"href":"https:\/\/bladnanews.com\/fr\/wp-json\/wp\/v2\/posts"}],"about":[{"href":"https:\/\/bladnanews.com\/fr\/wp-json\/wp\/v2\/types\/post"}],"author":[{"embeddable":true,"href":"https:\/\/bladnanews.com\/fr\/wp-json\/wp\/v2\/users\/3"}],"replies":[{"embeddable":true,"href":"https:\/\/bladnanews.com\/fr\/wp-json\/wp\/v2\/comments?post=6426"}],"version-history":[{"count":0,"href":"https:\/\/bladnanews.com\/fr\/wp-json\/wp\/v2\/posts\/6426\/revisions"}],"wp:featuredmedia":[{"embeddable":true,"href":"https:\/\/bladnanews.com\/fr\/wp-json\/wp\/v2\/media\/6425"}],"wp:attachment":[{"href":"https:\/\/bladnanews.com\/fr\/wp-json\/wp\/v2\/media?parent=6426"}],"wp:term":[{"taxonomy":"category","embeddable":true,"href":"https:\/\/bladnanews.com\/fr\/wp-json\/wp\/v2\/categories?post=6426"},{"taxonomy":"post_tag","embeddable":true,"href":"https:\/\/bladnanews.com\/fr\/wp-json\/wp\/v2\/tags?post=6426"}],"curies":[{"name":"wp","href":"https:\/\/api.w.org\/{rel}","templated":true}]}}