{"id":6448,"date":"2026-01-16T09:27:25","date_gmt":"2026-01-16T09:27:25","guid":{"rendered":"https:\/\/bladnanews.com\/west-ham-to-allow-lucas-paqueta-sale-on-one-condition\/"},"modified":"2026-01-16T09:27:25","modified_gmt":"2026-01-16T09:27:25","slug":"west-ham-autorisera-la-vente-de-lucas-paqueta-sous-une-condition","status":"publish","type":"post","link":"https:\/\/bladnanews.com\/fr\/west-ham-autorisera-la-vente-de-lucas-paqueta-sous-une-condition\/","title":{"rendered":"West Ham autorisera la vente de Lucas Paqueta \u00e0 une condition"},"content":{"rendered":"<p>West Ham est pr\u00eat \u00e0 autoriser la vente de Lucas Paquet\u00e1, mais uniquement si une condition cl\u00e9 est remplie.<\/p>\n<p><strong>Il a \u00e9t\u00e9 r\u00e9v\u00e9l\u00e9<\/strong> Les Hammers envisageront de laisser le Br\u00e9silien partir si un club r\u00e9pond \u00e0 leur \u00e9valuation financi\u00e8re, le club londonien refusant d'\u00eatre contraint \u00e0 accepter une transaction \u00e0 prix brad\u00e9.<\/p>\n<p>Paquet\u00e1 reste un joueur tr\u00e8s convoit\u00e9 apr\u00e8s ses performances \u00e0 l'est de Londres, et la position de West Ham est claire : ils ne bloqueront pas un transfert de fa\u00e7on cat\u00e9gorique, mais ils ne donneront leur accord qu'\u00e0 leurs conditions.<\/p>\n<p>La position du club vise \u00e0 prot\u00e9ger son pouvoir de n\u00e9gociation et \u00e0 garantir qu'il re\u00e7oive, ce qu'il estime \u00eatre, une compensation juste pour l'un de ses actifs les plus importants.<\/p>\n<p>Toute transaction potentielle d\u00e9pend donc de la capacit\u00e9 d'un club int\u00e9ress\u00e9 \u00e0 satisfaire aux exigences de West Ham avant que le feu vert ne soit donn\u00e9 pour le d\u00e9part de Paquet\u00e1.<\/p>","protected":false},"excerpt":{"rendered":"<p>West Ham are prepared to sanction a sale of Lucas Paqueta, but only if one key condition is met. It [&hellip;]<\/p>\n","protected":false},"author":3,"featured_media":6447,"comment_status":"","ping_status":"open","sticky":false,"template":"","format":"standard","meta":{"googlesitekit_rrm_CAow_uzEDA:productID":"","site-sidebar-layout":"default","site-content-layout":"","ast-site-content-layout":"default","site-content-style":"default","site-sidebar-style":"default","ast-global-header-display":"","ast-banner-title-visibility":"","ast-main-header-display":"","ast-hfb-above-header-display":"","ast-hfb-below-header-display":"","ast-hfb-mobile-header-display":"","site-post-title":"","ast-breadcrumbs-content":"","ast-featured-img":"","footer-sml-layout":"","ast-disable-related-posts":"","theme-transparent-header-meta":"","adv-header-id-meta":"","stick-header-meta":"","header-above-stick-meta":"","header-main-stick-meta":"","header-below-stick-meta":"","astra-migrate-meta-layouts":"default","ast-page-background-enabled":"default","ast-page-background-meta":{"desktop":{"background-color":"var(--ast-global-color-5)","background-image":"","background-repeat":"repeat","background-position":"center center","background-size":"auto","background-attachment":"scroll","background-type":"","background-media":"","overlay-type":"","overlay-color":"","overlay-opacity":"","overlay-gradient":""},"tablet":{"background-color":"","background-image":"","background-repeat":"repeat","background-position":"center center","background-size":"auto","background-attachment":"scroll","background-type":"","background-media":"","overlay-type":"","overlay-color":"","overlay-opacity":"","overlay-gradient":""},"mobile":{"background-color":"","background-image":"","background-repeat":"repeat","background-position":"center center","background-size":"auto","background-attachment":"scroll","background-type":"","background-media":"","overlay-type":"","overlay-color":"","overlay-opacity":"","overlay-gradient":""}},"ast-content-background-meta":{"desktop":{"background-color":"var(--ast-global-color-4)","background-image":"","background-repeat":"repeat","background-position":"center center","background-size":"auto","background-attachment":"scroll","background-type":"","background-media":"","overlay-type":"","overlay-color":"","overlay-opacity":"","overlay-gradient":""},"tablet":{"background-color":"var(--ast-global-color-4)","background-image":"","background-repeat":"repeat","background-position":"center center","background-size":"auto","background-attachment":"scroll","background-type":"","background-media":"","overlay-type":"","overlay-color":"","overlay-opacity":"","overlay-gradient":""},"mobile":{"background-color":"var(--ast-global-color-4)","background-image":"","background-repeat":"repeat","background-position":"center center","background-size":"auto","background-attachment":"scroll","background-type":"","background-media":"","overlay-type":"","overlay-color":"","overlay-opacity":"","overlay-gradient":""}},"footnotes":""},"categories":[20,1],"tags":[],"class_list":["post-6448","post","type-post","status-publish","format-standard","has-post-thumbnail","hentry","category-international","category-football-latest-news"],"yoast_head":"<!-- This site is optimized with the Yoast SEO Premium plugin v26.6 (Yoast SEO v27.5) - https:\/\/yoast.com\/product\/yoast-seo-premium-wordpress\/ -->\n<title>West Ham to allow Lucas Paqueta sale on one condition - Bladna News<\/title>\n<meta name=\"robots\" content=\"index, follow, max-snippet:-1, max-image-preview:large, max-video-preview:-1\" \/>\n<link rel=\"canonical\" href=\"https:\/\/bladnanews.com\/fr\/west-ham-autorisera-la-vente-de-lucas-paqueta-sous-une-condition\/\" \/>\n<meta property=\"og:locale\" content=\"fr_FR\" \/>\n<meta property=\"og:type\" content=\"article\" \/>\n<meta property=\"og:title\" content=\"West Ham to allow Lucas Paqueta sale on one condition\" \/>\n<meta property=\"og:description\" content=\"West Ham are prepared to sanction a sale of Lucas Paqueta, but only if one key condition is met. It [&hellip;]\" \/>\n<meta property=\"og:url\" content=\"https:\/\/bladnanews.com\/fr\/west-ham-autorisera-la-vente-de-lucas-paqueta-sous-une-condition\/\" \/>\n<meta property=\"og:site_name\" content=\"Bladna News\" \/>\n<meta property=\"article:published_time\" content=\"2026-01-16T09:27:25+00:00\" \/>\n<meta property=\"og:image\" content=\"https:\/\/bladnanews.com\/wp-content\/uploads\/2025\/12\/freepik__bladna-newscom-moroccan-soccer-homepage-banner-mor__41838.png\" \/>\n\t<meta property=\"og:image:width\" content=\"1312\" \/>\n\t<meta property=\"og:image:height\" content=\"736\" \/>\n\t<meta property=\"og:image:type\" content=\"image\/png\" \/>\n<meta name=\"author\" content=\"Bladna News Staff\" \/>\n<meta name=\"twitter:card\" content=\"summary_large_image\" \/>\n<meta name=\"twitter:label1\" content=\"\u00c9crit par\" \/>\n\t<meta name=\"twitter:data1\" content=\"Bladna News Staff\" \/>\n\t<meta name=\"twitter:label2\" content=\"Dur\u00e9e de lecture estim\u00e9e\" \/>\n\t<meta name=\"twitter:data2\" content=\"1 minute\" \/>\n<script type=\"application\/ld+json\" class=\"yoast-schema-graph\">{\"@context\":\"https:\\\/\\\/schema.org\",\"@graph\":[{\"@type\":\"Article\",\"@id\":\"https:\\\/\\\/bladnanews.com\\\/west-ham-to-allow-lucas-paqueta-sale-on-one-condition\\\/#article\",\"isPartOf\":{\"@id\":\"https:\\\/\\\/bladnanews.com\\\/west-ham-to-allow-lucas-paqueta-sale-on-one-condition\\\/\"},\"author\":{\"name\":\"Bladna News Staff\",\"@id\":\"https:\\\/\\\/mediumseagreen-eel-531711.hostingersite.com\\\/#\\\/schema\\\/person\\\/268e18a453ab080ebf76df6ef7845083\"},\"headline\":\"West Ham to allow Lucas Paqueta sale on one condition\",\"datePublished\":\"2026-01-16T09:27:25+00:00\",\"mainEntityOfPage\":{\"@id\":\"https:\\\/\\\/bladnanews.com\\\/west-ham-to-allow-lucas-paqueta-sale-on-one-condition\\\/\"},\"wordCount\":156,\"publisher\":{\"@id\":\"https:\\\/\\\/mediumseagreen-eel-531711.hostingersite.com\\\/#organization\"},\"image\":{\"@id\":\"https:\\\/\\\/bladnanews.com\\\/west-ham-to-allow-lucas-paqueta-sale-on-one-condition\\\/#primaryimage\"},\"thumbnailUrl\":\"https:\\\/\\\/bladnanews.com\\\/wp-content\\\/uploads\\\/2026\\\/01\\\/BladnaNews-West-Ham-to-allow-Lucas-Paqueta-sale-on-one-condition-2026-01-16T170929.204Z-scaled.jpg\",\"articleSection\":[\"International\",\"Latest News\"],\"inLanguage\":\"fr-FR\",\"copyrightYear\":\"2026\",\"copyrightHolder\":{\"@id\":\"https:\\\/\\\/bladnanews.com\\\/fr\\\/#organization\"}},{\"@type\":\"WebPage\",\"@id\":\"https:\\\/\\\/bladnanews.com\\\/west-ham-to-allow-lucas-paqueta-sale-on-one-condition\\\/\",\"url\":\"https:\\\/\\\/bladnanews.com\\\/west-ham-to-allow-lucas-paqueta-sale-on-one-condition\\\/\",\"name\":\"West Ham to allow Lucas Paqueta sale on one condition - Bladna News\",\"isPartOf\":{\"@id\":\"https:\\\/\\\/mediumseagreen-eel-531711.hostingersite.com\\\/#website\"},\"primaryImageOfPage\":{\"@id\":\"https:\\\/\\\/bladnanews.com\\\/west-ham-to-allow-lucas-paqueta-sale-on-one-condition\\\/#primaryimage\"},\"image\":{\"@id\":\"https:\\\/\\\/bladnanews.com\\\/west-ham-to-allow-lucas-paqueta-sale-on-one-condition\\\/#primaryimage\"},\"thumbnailUrl\":\"https:\\\/\\\/bladnanews.com\\\/wp-content\\\/uploads\\\/2026\\\/01\\\/BladnaNews-West-Ham-to-allow-Lucas-Paqueta-sale-on-one-condition-2026-01-16T170929.204Z-scaled.jpg\",\"datePublished\":\"2026-01-16T09:27:25+00:00\",\"breadcrumb\":{\"@id\":\"https:\\\/\\\/bladnanews.com\\\/west-ham-to-allow-lucas-paqueta-sale-on-one-condition\\\/#breadcrumb\"},\"inLanguage\":\"fr-FR\",\"potentialAction\":[{\"@type\":\"ReadAction\",\"target\":[\"https:\\\/\\\/bladnanews.com\\\/west-ham-to-allow-lucas-paqueta-sale-on-one-condition\\\/\"]}]},{\"@type\":\"ImageObject\",\"inLanguage\":\"fr-FR\",\"@id\":\"https:\\\/\\\/bladnanews.com\\\/west-ham-to-allow-lucas-paqueta-sale-on-one-condition\\\/#primaryimage\",\"url\":\"https:\\\/\\\/bladnanews.com\\\/wp-content\\\/uploads\\\/2026\\\/01\\\/BladnaNews-West-Ham-to-allow-Lucas-Paqueta-sale-on-one-condition-2026-01-16T170929.204Z-scaled.jpg\",\"contentUrl\":\"https:\\\/\\\/bladnanews.com\\\/wp-content\\\/uploads\\\/2026\\\/01\\\/BladnaNews-West-Ham-to-allow-Lucas-Paqueta-sale-on-one-condition-2026-01-16T170929.204Z-scaled.jpg\",\"width\":2560,\"height\":1440,\"caption\":\"Lucas Paquet\u00e1 celebrating a goal in West Ham's claret and blue kit, showing enthusiasm with raised fists in a stadium setting.\"},{\"@type\":\"BreadcrumbList\",\"@id\":\"https:\\\/\\\/bladnanews.com\\\/west-ham-to-allow-lucas-paqueta-sale-on-one-condition\\\/#breadcrumb\",\"itemListElement\":[{\"@type\":\"ListItem\",\"position\":1,\"name\":\"Home\",\"item\":\"https:\\\/\\\/bladnanews.com\\\/\"},{\"@type\":\"ListItem\",\"position\":2,\"name\":\"West Ham to allow Lucas Paqueta sale on one condition\"}]},{\"@type\":\"WebSite\",\"@id\":\"https:\\\/\\\/mediumseagreen-eel-531711.hostingersite.com\\\/#website\",\"url\":\"https:\\\/\\\/mediumseagreen-eel-531711.hostingersite.com\\\/\",\"name\":\"Bladna News - Morocco\",\"description\":\"Where Moroccan Football Meets the World\",\"publisher\":{\"@id\":\"https:\\\/\\\/mediumseagreen-eel-531711.hostingersite.com\\\/#organization\"},\"potentialAction\":[{\"@type\":\"SearchAction\",\"target\":{\"@type\":\"EntryPoint\",\"urlTemplate\":\"https:\\\/\\\/mediumseagreen-eel-531711.hostingersite.com\\\/?s={search_term_string}\"},\"query-input\":{\"@type\":\"PropertyValueSpecification\",\"valueRequired\":true,\"valueName\":\"search_term_string\"}}],\"inLanguage\":\"fr-FR\"},{\"@type\":\"Organization\",\"@id\":\"https:\\\/\\\/mediumseagreen-eel-531711.hostingersite.com\\\/#organization\",\"name\":\"Bladna News.com\",\"url\":\"https:\\\/\\\/mediumseagreen-eel-531711.hostingersite.com\\\/\",\"logo\":{\"@type\":\"ImageObject\",\"inLanguage\":\"fr-FR\",\"@id\":\"https:\\\/\\\/mediumseagreen-eel-531711.hostingersite.com\\\/#\\\/schema\\\/logo\\\/image\\\/\",\"url\":\"https:\\\/\\\/bladnanews.com\\\/wp-content\\\/uploads\\\/2025\\\/12\\\/logo-bladnanews-V2-web-black-red.png\",\"contentUrl\":\"https:\\\/\\\/bladnanews.com\\\/wp-content\\\/uploads\\\/2025\\\/12\\\/logo-bladnanews-V2-web-black-red.png\",\"width\":703,\"height\":287,\"caption\":\"Bladna News.com\"},\"image\":{\"@id\":\"https:\\\/\\\/mediumseagreen-eel-531711.hostingersite.com\\\/#\\\/schema\\\/logo\\\/image\\\/\"},\"email\":\"info@bladnanews.com\",\"legalName\":\"Bladna News\"},{\"@type\":\"Person\",\"@id\":\"https:\\\/\\\/mediumseagreen-eel-531711.hostingersite.com\\\/#\\\/schema\\\/person\\\/268e18a453ab080ebf76df6ef7845083\",\"name\":\"Bladna News Staff\",\"url\":\"https:\\\/\\\/bladnanews.com\\\/fr\\\/author\\\/bladna-news-staff\\\/\"}]}<\/script>\n<!-- \/ Yoast SEO Premium plugin. -->","yoast_head_json":{"title":"West Ham autorisera la vente de Lucas Paqueta sous une condition - Bladna News","robots":{"index":"index","follow":"follow","max-snippet":"max-snippet:-1","max-image-preview":"max-image-preview:large","max-video-preview":"max-video-preview:-1"},"canonical":"https:\/\/bladnanews.com\/fr\/west-ham-autorisera-la-vente-de-lucas-paqueta-sous-une-condition\/","og_locale":"fr_FR","og_type":"article","og_title":"West Ham to allow Lucas Paqueta sale on one condition","og_description":"West Ham are prepared to sanction a sale of Lucas Paqueta, but only if one key condition is met. It [&hellip;]","og_url":"https:\/\/bladnanews.com\/fr\/west-ham-autorisera-la-vente-de-lucas-paqueta-sous-une-condition\/","og_site_name":"Bladna News","article_published_time":"2026-01-16T09:27:25+00:00","og_image":[{"width":1312,"height":736,"url":"https:\/\/bladnanews.com\/wp-content\/uploads\/2025\/12\/freepik__bladna-newscom-moroccan-soccer-homepage-banner-mor__41838.png","type":"image\/png"}],"author":"Bladna News Staff","twitter_card":"summary_large_image","twitter_misc":{"\u00c9crit par":"Bladna News Staff","Dur\u00e9e de lecture estim\u00e9e":"1 minute"},"schema":{"@context":"https:\/\/schema.org","@graph":[{"@type":"Article","@id":"https:\/\/bladnanews.com\/west-ham-to-allow-lucas-paqueta-sale-on-one-condition\/#article","isPartOf":{"@id":"https:\/\/bladnanews.com\/west-ham-to-allow-lucas-paqueta-sale-on-one-condition\/"},"author":{"name":"Bladna News Staff","@id":"https:\/\/mediumseagreen-eel-531711.hostingersite.com\/#\/schema\/person\/268e18a453ab080ebf76df6ef7845083"},"headline":"West Ham to allow Lucas Paqueta sale on one condition","datePublished":"2026-01-16T09:27:25+00:00","mainEntityOfPage":{"@id":"https:\/\/bladnanews.com\/west-ham-to-allow-lucas-paqueta-sale-on-one-condition\/"},"wordCount":156,"publisher":{"@id":"https:\/\/mediumseagreen-eel-531711.hostingersite.com\/#organization"},"image":{"@id":"https:\/\/bladnanews.com\/west-ham-to-allow-lucas-paqueta-sale-on-one-condition\/#primaryimage"},"thumbnailUrl":"https:\/\/bladnanews.com\/wp-content\/uploads\/2026\/01\/BladnaNews-West-Ham-to-allow-Lucas-Paqueta-sale-on-one-condition-2026-01-16T170929.204Z-scaled.jpg","articleSection":["International","Latest News"],"inLanguage":"fr-FR","copyrightYear":"2026","copyrightHolder":{"@id":"https:\/\/bladnanews.com\/fr\/#organization"}},{"@type":"WebPage","@id":"https:\/\/bladnanews.com\/west-ham-to-allow-lucas-paqueta-sale-on-one-condition\/","url":"https:\/\/bladnanews.com\/west-ham-to-allow-lucas-paqueta-sale-on-one-condition\/","name":"West Ham autorisera la vente de Lucas Paqueta sous une condition - Bladna News","isPartOf":{"@id":"https:\/\/mediumseagreen-eel-531711.hostingersite.com\/#website"},"primaryImageOfPage":{"@id":"https:\/\/bladnanews.com\/west-ham-to-allow-lucas-paqueta-sale-on-one-condition\/#primaryimage"},"image":{"@id":"https:\/\/bladnanews.com\/west-ham-to-allow-lucas-paqueta-sale-on-one-condition\/#primaryimage"},"thumbnailUrl":"https:\/\/bladnanews.com\/wp-content\/uploads\/2026\/01\/BladnaNews-West-Ham-to-allow-Lucas-Paqueta-sale-on-one-condition-2026-01-16T170929.204Z-scaled.jpg","datePublished":"2026-01-16T09:27:25+00:00","breadcrumb":{"@id":"https:\/\/bladnanews.com\/west-ham-to-allow-lucas-paqueta-sale-on-one-condition\/#breadcrumb"},"inLanguage":"fr-FR","potentialAction":[{"@type":"ReadAction","target":["https:\/\/bladnanews.com\/west-ham-to-allow-lucas-paqueta-sale-on-one-condition\/"]}]},{"@type":"ImageObject","inLanguage":"fr-FR","@id":"https:\/\/bladnanews.com\/west-ham-to-allow-lucas-paqueta-sale-on-one-condition\/#primaryimage","url":"https:\/\/bladnanews.com\/wp-content\/uploads\/2026\/01\/BladnaNews-West-Ham-to-allow-Lucas-Paqueta-sale-on-one-condition-2026-01-16T170929.204Z-scaled.jpg","contentUrl":"https:\/\/bladnanews.com\/wp-content\/uploads\/2026\/01\/BladnaNews-West-Ham-to-allow-Lucas-Paqueta-sale-on-one-condition-2026-01-16T170929.204Z-scaled.jpg","width":2560,"height":1440,"caption":"Lucas Paquet\u00e1 celebrating a goal in West Ham's claret and blue kit, showing enthusiasm with raised fists in a stadium setting."},{"@type":"BreadcrumbList","@id":"https:\/\/bladnanews.com\/west-ham-to-allow-lucas-paqueta-sale-on-one-condition\/#breadcrumb","itemListElement":[{"@type":"ListItem","position":1,"name":"Home","item":"https:\/\/bladnanews.com\/"},{"@type":"ListItem","position":2,"name":"West Ham to allow Lucas Paqueta sale on one condition"}]},{"@type":"WebSite","@id":"https:\/\/mediumseagreen-eel-531711.hostingersite.com\/#website","url":"https:\/\/mediumseagreen-eel-531711.hostingersite.com\/","name":"Bladna News - Maroc","description":"Quand le football marocain rencontre le monde","publisher":{"@id":"https:\/\/mediumseagreen-eel-531711.hostingersite.com\/#organization"},"potentialAction":[{"@type":"SearchAction","target":{"@type":"EntryPoint","urlTemplate":"https:\/\/mediumseagreen-eel-531711.hostingersite.com\/?s={search_term_string}"},"query-input":{"@type":"PropertyValueSpecification","valueRequired":true,"valueName":"search_term_string"}}],"inLanguage":"fr-FR"},{"@type":"Organization","@id":"https:\/\/mediumseagreen-eel-531711.hostingersite.com\/#organization","name":"Bladna News.com","url":"https:\/\/mediumseagreen-eel-531711.hostingersite.com\/","logo":{"@type":"ImageObject","inLanguage":"fr-FR","@id":"https:\/\/mediumseagreen-eel-531711.hostingersite.com\/#\/schema\/logo\/image\/","url":"https:\/\/bladnanews.com\/wp-content\/uploads\/2025\/12\/logo-bladnanews-V2-web-black-red.png","contentUrl":"https:\/\/bladnanews.com\/wp-content\/uploads\/2025\/12\/logo-bladnanews-V2-web-black-red.png","width":703,"height":287,"caption":"Bladna News.com"},"image":{"@id":"https:\/\/mediumseagreen-eel-531711.hostingersite.com\/#\/schema\/logo\/image\/"},"email":"info@bladnanews.com","legalName":"Bladna News"},{"@type":"Person","@id":"https:\/\/mediumseagreen-eel-531711.hostingersite.com\/#\/schema\/person\/268e18a453ab080ebf76df6ef7845083","name":"\u00c9quipe r\u00e9dactionnelle de Bladna News","url":"https:\/\/bladnanews.com\/fr\/author\/bladna-news-staff\/"}]}},"_links":{"self":[{"href":"https:\/\/bladnanews.com\/fr\/wp-json\/wp\/v2\/posts\/6448","targetHints":{"allow":["GET"]}}],"collection":[{"href":"https:\/\/bladnanews.com\/fr\/wp-json\/wp\/v2\/posts"}],"about":[{"href":"https:\/\/bladnanews.com\/fr\/wp-json\/wp\/v2\/types\/post"}],"author":[{"embeddable":true,"href":"https:\/\/bladnanews.com\/fr\/wp-json\/wp\/v2\/users\/3"}],"replies":[{"embeddable":true,"href":"https:\/\/bladnanews.com\/fr\/wp-json\/wp\/v2\/comments?post=6448"}],"version-history":[{"count":0,"href":"https:\/\/bladnanews.com\/fr\/wp-json\/wp\/v2\/posts\/6448\/revisions"}],"wp:featuredmedia":[{"embeddable":true,"href":"https:\/\/bladnanews.com\/fr\/wp-json\/wp\/v2\/media\/6447"}],"wp:attachment":[{"href":"https:\/\/bladnanews.com\/fr\/wp-json\/wp\/v2\/media?parent=6448"}],"wp:term":[{"taxonomy":"category","embeddable":true,"href":"https:\/\/bladnanews.com\/fr\/wp-json\/wp\/v2\/categories?post=6448"},{"taxonomy":"post_tag","embeddable":true,"href":"https:\/\/bladnanews.com\/fr\/wp-json\/wp\/v2\/tags?post=6448"}],"curies":[{"name":"wp","href":"https:\/\/api.w.org\/{rel}","templated":true}]}}