{"id":6454,"date":"2026-01-16T10:18:05","date_gmt":"2026-01-16T10:18:05","guid":{"rendered":"https:\/\/bladnanews.com\/albacete-apologise-to-real-madrid-and-vinicius-jr-over-racism\/"},"modified":"2026-01-16T10:18:05","modified_gmt":"2026-01-16T10:18:05","slug":"albacete-presente-ses-excuses-au-real-madrid-et-a-vinicius-jr-pour-le-racisme","status":"publish","type":"post","link":"https:\/\/bladnanews.com\/fr\/albacete-presente-ses-excuses-au-real-madrid-et-a-vinicius-jr-pour-le-racisme\/","title":{"rendered":"Albacete pr\u00e9sente ses excuses au Real Madrid et \u00e0 Vinicius Jr pour des actes racistes"},"content":{"rendered":"<p>Albacete a pr\u00e9sent\u00e9 ses excuses au Real Madrid et \u00e0 Vin\u00edcius Jr apr\u00e8s les incidents racistes survenus lors de leur rencontre en Coupe du Roi.<\/p>\n<p>Le club a qualifi\u00e9 les \u00e9v\u00e9nements de \u201cdouloureux et honteux\u201d et a d\u00e9clar\u00e9 \u00eatre d\u00e9sol\u00e9 pour les insultes visant l'attaquant madril\u00e8ne. Albacete a \u00e9galement soulign\u00e9 que ces actes ne repr\u00e9sentaient pas l'ensemble de ses supporters.<\/p>\n<p>Vin\u00edcius a \u00e9t\u00e9 la cible de chants racistes pendant le match, ce qui a conduit \u00e0 l'arr\u00eat temporaire de la rencontre tandis que les officiels appliquaient le protocole anti-racisme. Le joueur s'est ensuite exprim\u00e9 sur la situation sur les r\u00e9seaux sociaux, soulignant la n\u00e9cessit\u00e9 de continuer \u00e0 lutter contre le racisme dans le football.<\/p>\n<p>Le Real Madrid a condamn\u00e9 les incidents et a une nouvelle fois appel\u00e9 \u00e0 des actions fermes pour \u00e9radiquer les comportements racistes des stades. Le club a apport\u00e9 son soutien \u00e0 Vin\u00edcius et r\u00e9it\u00e9r\u00e9 sa position de tol\u00e9rance z\u00e9ro.<\/p>\n<p>Albacete a confirm\u00e9 collaborer avec les autorit\u00e9s pour identifier les responsables. Le club a \u00e9galement pr\u00e9cis\u00e9 qu'il prendrait les mesures les plus strictes possibles une fois les personnes impliqu\u00e9es identifi\u00e9es.<\/p>\n<p>Cet \u00e9pisode s'ajoute \u00e0 une s\u00e9rie de r\u00e9cents cas impliquant Vin\u00edcius en Espagne, l'international br\u00e9silien continuant d'\u00eatre une cible d'abus malgr\u00e9 les appels r\u00e9p\u00e9t\u00e9s \u00e0 des sanctions plus s\u00e9v\u00e8res.<\/p>","protected":false},"excerpt":{"rendered":"<p>Albacete have issued an apology to Real Madrid and Vinicius Jr after racist incidents during their Copa del Rey meeting. [&hellip;]<\/p>\n","protected":false},"author":3,"featured_media":6453,"comment_status":"","ping_status":"open","sticky":false,"template":"","format":"standard","meta":{"googlesitekit_rrm_CAow_uzEDA:productID":"","site-sidebar-layout":"default","site-content-layout":"","ast-site-content-layout":"default","site-content-style":"default","site-sidebar-style":"default","ast-global-header-display":"","ast-banner-title-visibility":"","ast-main-header-display":"","ast-hfb-above-header-display":"","ast-hfb-below-header-display":"","ast-hfb-mobile-header-display":"","site-post-title":"","ast-breadcrumbs-content":"","ast-featured-img":"","footer-sml-layout":"","ast-disable-related-posts":"","theme-transparent-header-meta":"","adv-header-id-meta":"","stick-header-meta":"","header-above-stick-meta":"","header-main-stick-meta":"","header-below-stick-meta":"","astra-migrate-meta-layouts":"default","ast-page-background-enabled":"default","ast-page-background-meta":{"desktop":{"background-color":"var(--ast-global-color-5)","background-image":"","background-repeat":"repeat","background-position":"center center","background-size":"auto","background-attachment":"scroll","background-type":"","background-media":"","overlay-type":"","overlay-color":"","overlay-opacity":"","overlay-gradient":""},"tablet":{"background-color":"","background-image":"","background-repeat":"repeat","background-position":"center center","background-size":"auto","background-attachment":"scroll","background-type":"","background-media":"","overlay-type":"","overlay-color":"","overlay-opacity":"","overlay-gradient":""},"mobile":{"background-color":"","background-image":"","background-repeat":"repeat","background-position":"center center","background-size":"auto","background-attachment":"scroll","background-type":"","background-media":"","overlay-type":"","overlay-color":"","overlay-opacity":"","overlay-gradient":""}},"ast-content-background-meta":{"desktop":{"background-color":"var(--ast-global-color-4)","background-image":"","background-repeat":"repeat","background-position":"center center","background-size":"auto","background-attachment":"scroll","background-type":"","background-media":"","overlay-type":"","overlay-color":"","overlay-opacity":"","overlay-gradient":""},"tablet":{"background-color":"var(--ast-global-color-4)","background-image":"","background-repeat":"repeat","background-position":"center center","background-size":"auto","background-attachment":"scroll","background-type":"","background-media":"","overlay-type":"","overlay-color":"","overlay-opacity":"","overlay-gradient":""},"mobile":{"background-color":"var(--ast-global-color-4)","background-image":"","background-repeat":"repeat","background-position":"center center","background-size":"auto","background-attachment":"scroll","background-type":"","background-media":"","overlay-type":"","overlay-color":"","overlay-opacity":"","overlay-gradient":""}},"footnotes":""},"categories":[20,1],"tags":[],"class_list":["post-6454","post","type-post","status-publish","format-standard","has-post-thumbnail","hentry","category-international","category-football-latest-news"],"yoast_head":"<!-- This site is optimized with the Yoast SEO Premium plugin v26.6 (Yoast SEO v27.5) - https:\/\/yoast.com\/product\/yoast-seo-premium-wordpress\/ -->\n<title>Albacete apologise to Real Madrid and Vinicius Jr over racism - Bladna News<\/title>\n<meta name=\"robots\" content=\"index, follow, max-snippet:-1, max-image-preview:large, max-video-preview:-1\" \/>\n<link rel=\"canonical\" href=\"https:\/\/bladnanews.com\/fr\/albacete-presente-ses-excuses-au-real-madrid-et-a-vinicius-jr-pour-le-racisme\/\" \/>\n<meta property=\"og:locale\" content=\"fr_FR\" \/>\n<meta property=\"og:type\" content=\"article\" \/>\n<meta property=\"og:title\" content=\"Albacete apologise to Real Madrid and Vinicius Jr over racism\" \/>\n<meta property=\"og:description\" content=\"Albacete have issued an apology to Real Madrid and Vinicius Jr after racist incidents during their Copa del Rey meeting. [&hellip;]\" \/>\n<meta property=\"og:url\" content=\"https:\/\/bladnanews.com\/fr\/albacete-presente-ses-excuses-au-real-madrid-et-a-vinicius-jr-pour-le-racisme\/\" \/>\n<meta property=\"og:site_name\" content=\"Bladna News\" \/>\n<meta property=\"article:published_time\" content=\"2026-01-16T10:18:05+00:00\" \/>\n<meta property=\"og:image\" content=\"https:\/\/bladnanews.com\/wp-content\/uploads\/2025\/12\/freepik__bladna-newscom-moroccan-soccer-homepage-banner-mor__41838.png\" \/>\n\t<meta property=\"og:image:width\" content=\"1312\" \/>\n\t<meta property=\"og:image:height\" content=\"736\" \/>\n\t<meta property=\"og:image:type\" content=\"image\/png\" \/>\n<meta name=\"author\" content=\"Bladna News Staff\" \/>\n<meta name=\"twitter:card\" content=\"summary_large_image\" \/>\n<meta name=\"twitter:label1\" content=\"\u00c9crit par\" \/>\n\t<meta name=\"twitter:data1\" content=\"Bladna News Staff\" \/>\n\t<meta name=\"twitter:label2\" content=\"Dur\u00e9e de lecture estim\u00e9e\" \/>\n\t<meta name=\"twitter:data2\" content=\"1 minute\" \/>\n<script type=\"application\/ld+json\" class=\"yoast-schema-graph\">{\"@context\":\"https:\\\/\\\/schema.org\",\"@graph\":[{\"@type\":\"Article\",\"@id\":\"https:\\\/\\\/bladnanews.com\\\/albacete-apologise-to-real-madrid-and-vinicius-jr-over-racism\\\/#article\",\"isPartOf\":{\"@id\":\"https:\\\/\\\/bladnanews.com\\\/albacete-apologise-to-real-madrid-and-vinicius-jr-over-racism\\\/\"},\"author\":{\"name\":\"Bladna News Staff\",\"@id\":\"https:\\\/\\\/mediumseagreen-eel-531711.hostingersite.com\\\/#\\\/schema\\\/person\\\/268e18a453ab080ebf76df6ef7845083\"},\"headline\":\"Albacete apologise to Real Madrid and Vinicius Jr over racism\",\"datePublished\":\"2026-01-16T10:18:05+00:00\",\"mainEntityOfPage\":{\"@id\":\"https:\\\/\\\/bladnanews.com\\\/albacete-apologise-to-real-madrid-and-vinicius-jr-over-racism\\\/\"},\"wordCount\":199,\"publisher\":{\"@id\":\"https:\\\/\\\/mediumseagreen-eel-531711.hostingersite.com\\\/#organization\"},\"image\":{\"@id\":\"https:\\\/\\\/bladnanews.com\\\/albacete-apologise-to-real-madrid-and-vinicius-jr-over-racism\\\/#primaryimage\"},\"thumbnailUrl\":\"https:\\\/\\\/bladnanews.com\\\/wp-content\\\/uploads\\\/2026\\\/01\\\/BladnaNews-Albacete-apologise-to-Real-Madrid-and-Vinicius-Jr-over-racism-2026-01-16T171044.072Z-scaled.jpg\",\"articleSection\":[\"International\",\"Latest News\"],\"inLanguage\":\"fr-FR\",\"copyrightYear\":\"2026\",\"copyrightHolder\":{\"@id\":\"https:\\\/\\\/bladnanews.com\\\/fr\\\/#organization\"}},{\"@type\":\"WebPage\",\"@id\":\"https:\\\/\\\/bladnanews.com\\\/albacete-apologise-to-real-madrid-and-vinicius-jr-over-racism\\\/\",\"url\":\"https:\\\/\\\/bladnanews.com\\\/albacete-apologise-to-real-madrid-and-vinicius-jr-over-racism\\\/\",\"name\":\"Albacete apologise to Real Madrid and Vinicius Jr over racism - Bladna News\",\"isPartOf\":{\"@id\":\"https:\\\/\\\/mediumseagreen-eel-531711.hostingersite.com\\\/#website\"},\"primaryImageOfPage\":{\"@id\":\"https:\\\/\\\/bladnanews.com\\\/albacete-apologise-to-real-madrid-and-vinicius-jr-over-racism\\\/#primaryimage\"},\"image\":{\"@id\":\"https:\\\/\\\/bladnanews.com\\\/albacete-apologise-to-real-madrid-and-vinicius-jr-over-racism\\\/#primaryimage\"},\"thumbnailUrl\":\"https:\\\/\\\/bladnanews.com\\\/wp-content\\\/uploads\\\/2026\\\/01\\\/BladnaNews-Albacete-apologise-to-Real-Madrid-and-Vinicius-Jr-over-racism-2026-01-16T171044.072Z-scaled.jpg\",\"datePublished\":\"2026-01-16T10:18:05+00:00\",\"breadcrumb\":{\"@id\":\"https:\\\/\\\/bladnanews.com\\\/albacete-apologise-to-real-madrid-and-vinicius-jr-over-racism\\\/#breadcrumb\"},\"inLanguage\":\"fr-FR\",\"potentialAction\":[{\"@type\":\"ReadAction\",\"target\":[\"https:\\\/\\\/bladnanews.com\\\/albacete-apologise-to-real-madrid-and-vinicius-jr-over-racism\\\/\"]}]},{\"@type\":\"ImageObject\",\"inLanguage\":\"fr-FR\",\"@id\":\"https:\\\/\\\/bladnanews.com\\\/albacete-apologise-to-real-madrid-and-vinicius-jr-over-racism\\\/#primaryimage\",\"url\":\"https:\\\/\\\/bladnanews.com\\\/wp-content\\\/uploads\\\/2026\\\/01\\\/BladnaNews-Albacete-apologise-to-Real-Madrid-and-Vinicius-Jr-over-racism-2026-01-16T171044.072Z-scaled.jpg\",\"contentUrl\":\"https:\\\/\\\/bladnanews.com\\\/wp-content\\\/uploads\\\/2026\\\/01\\\/BladnaNews-Albacete-apologise-to-Real-Madrid-and-Vinicius-Jr-over-racism-2026-01-16T171044.072Z-scaled.jpg\",\"width\":2560,\"height\":1440,\"caption\":\"Vin\u00edcius Jr. in a vibrant blue Real Madrid kit, expressing frustration during a match, with the stadium blurred in the background.\"},{\"@type\":\"BreadcrumbList\",\"@id\":\"https:\\\/\\\/bladnanews.com\\\/albacete-apologise-to-real-madrid-and-vinicius-jr-over-racism\\\/#breadcrumb\",\"itemListElement\":[{\"@type\":\"ListItem\",\"position\":1,\"name\":\"Home\",\"item\":\"https:\\\/\\\/bladnanews.com\\\/\"},{\"@type\":\"ListItem\",\"position\":2,\"name\":\"Albacete apologise to Real Madrid and Vinicius Jr over racism\"}]},{\"@type\":\"WebSite\",\"@id\":\"https:\\\/\\\/mediumseagreen-eel-531711.hostingersite.com\\\/#website\",\"url\":\"https:\\\/\\\/mediumseagreen-eel-531711.hostingersite.com\\\/\",\"name\":\"Bladna News - Morocco\",\"description\":\"Where Moroccan Football Meets the World\",\"publisher\":{\"@id\":\"https:\\\/\\\/mediumseagreen-eel-531711.hostingersite.com\\\/#organization\"},\"potentialAction\":[{\"@type\":\"SearchAction\",\"target\":{\"@type\":\"EntryPoint\",\"urlTemplate\":\"https:\\\/\\\/mediumseagreen-eel-531711.hostingersite.com\\\/?s={search_term_string}\"},\"query-input\":{\"@type\":\"PropertyValueSpecification\",\"valueRequired\":true,\"valueName\":\"search_term_string\"}}],\"inLanguage\":\"fr-FR\"},{\"@type\":\"Organization\",\"@id\":\"https:\\\/\\\/mediumseagreen-eel-531711.hostingersite.com\\\/#organization\",\"name\":\"Bladna News.com\",\"url\":\"https:\\\/\\\/mediumseagreen-eel-531711.hostingersite.com\\\/\",\"logo\":{\"@type\":\"ImageObject\",\"inLanguage\":\"fr-FR\",\"@id\":\"https:\\\/\\\/mediumseagreen-eel-531711.hostingersite.com\\\/#\\\/schema\\\/logo\\\/image\\\/\",\"url\":\"https:\\\/\\\/bladnanews.com\\\/wp-content\\\/uploads\\\/2025\\\/12\\\/logo-bladnanews-V2-web-black-red.png\",\"contentUrl\":\"https:\\\/\\\/bladnanews.com\\\/wp-content\\\/uploads\\\/2025\\\/12\\\/logo-bladnanews-V2-web-black-red.png\",\"width\":703,\"height\":287,\"caption\":\"Bladna News.com\"},\"image\":{\"@id\":\"https:\\\/\\\/mediumseagreen-eel-531711.hostingersite.com\\\/#\\\/schema\\\/logo\\\/image\\\/\"},\"email\":\"info@bladnanews.com\",\"legalName\":\"Bladna News\"},{\"@type\":\"Person\",\"@id\":\"https:\\\/\\\/mediumseagreen-eel-531711.hostingersite.com\\\/#\\\/schema\\\/person\\\/268e18a453ab080ebf76df6ef7845083\",\"name\":\"Bladna News Staff\",\"url\":\"https:\\\/\\\/bladnanews.com\\\/fr\\\/author\\\/bladna-news-staff\\\/\"}]}<\/script>\n<!-- \/ Yoast SEO Premium plugin. -->","yoast_head_json":{"title":"Albacete pr\u00e9sente ses excuses au Real Madrid et \u00e0 Vinicius Jr pour le racisme - Bladna News","robots":{"index":"index","follow":"follow","max-snippet":"max-snippet:-1","max-image-preview":"max-image-preview:large","max-video-preview":"max-video-preview:-1"},"canonical":"https:\/\/bladnanews.com\/fr\/albacete-presente-ses-excuses-au-real-madrid-et-a-vinicius-jr-pour-le-racisme\/","og_locale":"fr_FR","og_type":"article","og_title":"Albacete apologise to Real Madrid and Vinicius Jr over racism","og_description":"Albacete have issued an apology to Real Madrid and Vinicius Jr after racist incidents during their Copa del Rey meeting. [&hellip;]","og_url":"https:\/\/bladnanews.com\/fr\/albacete-presente-ses-excuses-au-real-madrid-et-a-vinicius-jr-pour-le-racisme\/","og_site_name":"Bladna News","article_published_time":"2026-01-16T10:18:05+00:00","og_image":[{"width":1312,"height":736,"url":"https:\/\/bladnanews.com\/wp-content\/uploads\/2025\/12\/freepik__bladna-newscom-moroccan-soccer-homepage-banner-mor__41838.png","type":"image\/png"}],"author":"Bladna News Staff","twitter_card":"summary_large_image","twitter_misc":{"\u00c9crit par":"Bladna News Staff","Dur\u00e9e de lecture estim\u00e9e":"1 minute"},"schema":{"@context":"https:\/\/schema.org","@graph":[{"@type":"Article","@id":"https:\/\/bladnanews.com\/albacete-apologise-to-real-madrid-and-vinicius-jr-over-racism\/#article","isPartOf":{"@id":"https:\/\/bladnanews.com\/albacete-apologise-to-real-madrid-and-vinicius-jr-over-racism\/"},"author":{"name":"Bladna News Staff","@id":"https:\/\/mediumseagreen-eel-531711.hostingersite.com\/#\/schema\/person\/268e18a453ab080ebf76df6ef7845083"},"headline":"Albacete apologise to Real Madrid and Vinicius Jr over racism","datePublished":"2026-01-16T10:18:05+00:00","mainEntityOfPage":{"@id":"https:\/\/bladnanews.com\/albacete-apologise-to-real-madrid-and-vinicius-jr-over-racism\/"},"wordCount":199,"publisher":{"@id":"https:\/\/mediumseagreen-eel-531711.hostingersite.com\/#organization"},"image":{"@id":"https:\/\/bladnanews.com\/albacete-apologise-to-real-madrid-and-vinicius-jr-over-racism\/#primaryimage"},"thumbnailUrl":"https:\/\/bladnanews.com\/wp-content\/uploads\/2026\/01\/BladnaNews-Albacete-apologise-to-Real-Madrid-and-Vinicius-Jr-over-racism-2026-01-16T171044.072Z-scaled.jpg","articleSection":["International","Latest News"],"inLanguage":"fr-FR","copyrightYear":"2026","copyrightHolder":{"@id":"https:\/\/bladnanews.com\/fr\/#organization"}},{"@type":"WebPage","@id":"https:\/\/bladnanews.com\/albacete-apologise-to-real-madrid-and-vinicius-jr-over-racism\/","url":"https:\/\/bladnanews.com\/albacete-apologise-to-real-madrid-and-vinicius-jr-over-racism\/","name":"Albacete pr\u00e9sente ses excuses au Real Madrid et \u00e0 Vinicius Jr pour le racisme - Bladna News","isPartOf":{"@id":"https:\/\/mediumseagreen-eel-531711.hostingersite.com\/#website"},"primaryImageOfPage":{"@id":"https:\/\/bladnanews.com\/albacete-apologise-to-real-madrid-and-vinicius-jr-over-racism\/#primaryimage"},"image":{"@id":"https:\/\/bladnanews.com\/albacete-apologise-to-real-madrid-and-vinicius-jr-over-racism\/#primaryimage"},"thumbnailUrl":"https:\/\/bladnanews.com\/wp-content\/uploads\/2026\/01\/BladnaNews-Albacete-apologise-to-Real-Madrid-and-Vinicius-Jr-over-racism-2026-01-16T171044.072Z-scaled.jpg","datePublished":"2026-01-16T10:18:05+00:00","breadcrumb":{"@id":"https:\/\/bladnanews.com\/albacete-apologise-to-real-madrid-and-vinicius-jr-over-racism\/#breadcrumb"},"inLanguage":"fr-FR","potentialAction":[{"@type":"ReadAction","target":["https:\/\/bladnanews.com\/albacete-apologise-to-real-madrid-and-vinicius-jr-over-racism\/"]}]},{"@type":"ImageObject","inLanguage":"fr-FR","@id":"https:\/\/bladnanews.com\/albacete-apologise-to-real-madrid-and-vinicius-jr-over-racism\/#primaryimage","url":"https:\/\/bladnanews.com\/wp-content\/uploads\/2026\/01\/BladnaNews-Albacete-apologise-to-Real-Madrid-and-Vinicius-Jr-over-racism-2026-01-16T171044.072Z-scaled.jpg","contentUrl":"https:\/\/bladnanews.com\/wp-content\/uploads\/2026\/01\/BladnaNews-Albacete-apologise-to-Real-Madrid-and-Vinicius-Jr-over-racism-2026-01-16T171044.072Z-scaled.jpg","width":2560,"height":1440,"caption":"Vin\u00edcius Jr. in a vibrant blue Real Madrid kit, expressing frustration during a match, with the stadium blurred in the background."},{"@type":"BreadcrumbList","@id":"https:\/\/bladnanews.com\/albacete-apologise-to-real-madrid-and-vinicius-jr-over-racism\/#breadcrumb","itemListElement":[{"@type":"ListItem","position":1,"name":"Home","item":"https:\/\/bladnanews.com\/"},{"@type":"ListItem","position":2,"name":"Albacete apologise to Real Madrid and Vinicius Jr over racism"}]},{"@type":"WebSite","@id":"https:\/\/mediumseagreen-eel-531711.hostingersite.com\/#website","url":"https:\/\/mediumseagreen-eel-531711.hostingersite.com\/","name":"Bladna News - Maroc","description":"Quand le football marocain rencontre le monde","publisher":{"@id":"https:\/\/mediumseagreen-eel-531711.hostingersite.com\/#organization"},"potentialAction":[{"@type":"SearchAction","target":{"@type":"EntryPoint","urlTemplate":"https:\/\/mediumseagreen-eel-531711.hostingersite.com\/?s={search_term_string}"},"query-input":{"@type":"PropertyValueSpecification","valueRequired":true,"valueName":"search_term_string"}}],"inLanguage":"fr-FR"},{"@type":"Organization","@id":"https:\/\/mediumseagreen-eel-531711.hostingersite.com\/#organization","name":"Bladna News.com","url":"https:\/\/mediumseagreen-eel-531711.hostingersite.com\/","logo":{"@type":"ImageObject","inLanguage":"fr-FR","@id":"https:\/\/mediumseagreen-eel-531711.hostingersite.com\/#\/schema\/logo\/image\/","url":"https:\/\/bladnanews.com\/wp-content\/uploads\/2025\/12\/logo-bladnanews-V2-web-black-red.png","contentUrl":"https:\/\/bladnanews.com\/wp-content\/uploads\/2025\/12\/logo-bladnanews-V2-web-black-red.png","width":703,"height":287,"caption":"Bladna News.com"},"image":{"@id":"https:\/\/mediumseagreen-eel-531711.hostingersite.com\/#\/schema\/logo\/image\/"},"email":"info@bladnanews.com","legalName":"Bladna News"},{"@type":"Person","@id":"https:\/\/mediumseagreen-eel-531711.hostingersite.com\/#\/schema\/person\/268e18a453ab080ebf76df6ef7845083","name":"\u00c9quipe r\u00e9dactionnelle de Bladna News","url":"https:\/\/bladnanews.com\/fr\/author\/bladna-news-staff\/"}]}},"_links":{"self":[{"href":"https:\/\/bladnanews.com\/fr\/wp-json\/wp\/v2\/posts\/6454","targetHints":{"allow":["GET"]}}],"collection":[{"href":"https:\/\/bladnanews.com\/fr\/wp-json\/wp\/v2\/posts"}],"about":[{"href":"https:\/\/bladnanews.com\/fr\/wp-json\/wp\/v2\/types\/post"}],"author":[{"embeddable":true,"href":"https:\/\/bladnanews.com\/fr\/wp-json\/wp\/v2\/users\/3"}],"replies":[{"embeddable":true,"href":"https:\/\/bladnanews.com\/fr\/wp-json\/wp\/v2\/comments?post=6454"}],"version-history":[{"count":0,"href":"https:\/\/bladnanews.com\/fr\/wp-json\/wp\/v2\/posts\/6454\/revisions"}],"wp:featuredmedia":[{"embeddable":true,"href":"https:\/\/bladnanews.com\/fr\/wp-json\/wp\/v2\/media\/6453"}],"wp:attachment":[{"href":"https:\/\/bladnanews.com\/fr\/wp-json\/wp\/v2\/media?parent=6454"}],"wp:term":[{"taxonomy":"category","embeddable":true,"href":"https:\/\/bladnanews.com\/fr\/wp-json\/wp\/v2\/categories?post=6454"},{"taxonomy":"post_tag","embeddable":true,"href":"https:\/\/bladnanews.com\/fr\/wp-json\/wp\/v2\/tags?post=6454"}],"curies":[{"name":"wp","href":"https:\/\/api.w.org\/{rel}","templated":true}]}}