{"id":6476,"date":"2026-01-16T10:55:59","date_gmt":"2026-01-16T10:55:59","guid":{"rendered":"https:\/\/bladnanews.com\/barcelona-stars-hail-joan-garcia-as-best-in-the-world-goalkeeper\/"},"modified":"2026-01-16T10:55:59","modified_gmt":"2026-01-16T10:55:59","slug":"les-stars-de-barcelone-saluent-joan-garcia-comme-le-meilleur-gardien-de-but-du-monde","status":"publish","type":"post","link":"https:\/\/bladnanews.com\/fr\/les-stars-de-barcelone-saluent-joan-garcia-comme-le-meilleur-gardien-de-but-du-monde\/","title":{"rendered":"Les stars du Barcelone saluent Joan Garcia comme le meilleur gardien du monde"},"content":{"rendered":"<p>Les joueurs du Barcelone ont une nouvelle fois salu\u00e9 le gardien Joan Garc\u00eda apr\u00e8s qu'il a jou\u00e9 un r\u00f4le cl\u00e9 dans le maintien du cap des champions espagnols, ses co\u00e9quipiers le qualifiant de \u201c meilleur au monde \u201d suite \u00e0 une nouvelle performance d\u00e9cisive.<\/p>\n<p>Apr\u00e8s le coup de sifflet final, les stars du Bar\u00e7a se sont empress\u00e9es de souligner l'importance croissante de Garc\u00eda pour l'\u00e9quipe, insistant sur la chance de l'avoir derri\u00e8re eux. \u201c Heureusement que nous avons Joan Garc\u00eda \u201d, a d\u00e9clar\u00e9 un joueur, alors que la derni\u00e8re performance du gardien suscitait une nouvelle admiration dans le vestiaire.<\/p>\n<p>Ces hommages font suite \u00e0 un autre match o\u00f9 le Barcelone a r\u00e9sist\u00e9 \u00e0 la pression aux moments cl\u00e9s et s'est appuy\u00e9 sur son gardien pour stabiliser l'\u00e9quipe. Les interventions de Garc\u00eda se sont une fois de plus av\u00e9r\u00e9es cruciales, ses co\u00e9quipiers soulignant le calme et la confiance qu'il apporte lorsque les matchs deviennent serr\u00e9s.<\/p>\n<p>Le Barcelone a pris l'habitude de trouver des moyens de l'emporter, mais l'entourage de l'effectif a clairement indiqu\u00e9 que la forme de Garc\u00eda en \u00e9tait un \u00e9l\u00e9ment central. L'autorit\u00e9 et les arr\u00eats du gardien ont une nouvelle fois \u201c sauv\u00e9 \u201d les champions, suscitant de nouvelles louanges publiques de la part de ceux qui le c\u00f4toient quotidiennement.<\/p>\n<p>Ce qui est r\u00e9v\u00e9lateur, c'est \u00e0 quel point Garc\u00eda est estim\u00e9 au sein du groupe, les joueurs du Barcelone le pla\u00e7ant ouvertement en t\u00eate de leur liste des gardiens. Le message de l'effectif \u00e9tait uniforme : lorsque le Barcelone a besoin d'un moment d\u00e9cisif, ils croient que Garc\u00eda est l'homme de la situation.<\/p>","protected":false},"excerpt":{"rendered":"<p>Barcelona\u2019s players have again praised goalkeeper Joan Garcia after he played a key role in keeping the Spanish champions on [&hellip;]<\/p>\n","protected":false},"author":3,"featured_media":6475,"comment_status":"","ping_status":"open","sticky":false,"template":"","format":"standard","meta":{"googlesitekit_rrm_CAow_uzEDA:productID":"","site-sidebar-layout":"default","site-content-layout":"","ast-site-content-layout":"default","site-content-style":"default","site-sidebar-style":"default","ast-global-header-display":"","ast-banner-title-visibility":"","ast-main-header-display":"","ast-hfb-above-header-display":"","ast-hfb-below-header-display":"","ast-hfb-mobile-header-display":"","site-post-title":"","ast-breadcrumbs-content":"","ast-featured-img":"","footer-sml-layout":"","ast-disable-related-posts":"","theme-transparent-header-meta":"","adv-header-id-meta":"","stick-header-meta":"","header-above-stick-meta":"","header-main-stick-meta":"","header-below-stick-meta":"","astra-migrate-meta-layouts":"default","ast-page-background-enabled":"default","ast-page-background-meta":{"desktop":{"background-color":"var(--ast-global-color-5)","background-image":"","background-repeat":"repeat","background-position":"center center","background-size":"auto","background-attachment":"scroll","background-type":"","background-media":"","overlay-type":"","overlay-color":"","overlay-opacity":"","overlay-gradient":""},"tablet":{"background-color":"","background-image":"","background-repeat":"repeat","background-position":"center center","background-size":"auto","background-attachment":"scroll","background-type":"","background-media":"","overlay-type":"","overlay-color":"","overlay-opacity":"","overlay-gradient":""},"mobile":{"background-color":"","background-image":"","background-repeat":"repeat","background-position":"center center","background-size":"auto","background-attachment":"scroll","background-type":"","background-media":"","overlay-type":"","overlay-color":"","overlay-opacity":"","overlay-gradient":""}},"ast-content-background-meta":{"desktop":{"background-color":"var(--ast-global-color-4)","background-image":"","background-repeat":"repeat","background-position":"center center","background-size":"auto","background-attachment":"scroll","background-type":"","background-media":"","overlay-type":"","overlay-color":"","overlay-opacity":"","overlay-gradient":""},"tablet":{"background-color":"var(--ast-global-color-4)","background-image":"","background-repeat":"repeat","background-position":"center center","background-size":"auto","background-attachment":"scroll","background-type":"","background-media":"","overlay-type":"","overlay-color":"","overlay-opacity":"","overlay-gradient":""},"mobile":{"background-color":"var(--ast-global-color-4)","background-image":"","background-repeat":"repeat","background-position":"center center","background-size":"auto","background-attachment":"scroll","background-type":"","background-media":"","overlay-type":"","overlay-color":"","overlay-opacity":"","overlay-gradient":""}},"footnotes":""},"categories":[20,1],"tags":[],"class_list":["post-6476","post","type-post","status-publish","format-standard","has-post-thumbnail","hentry","category-international","category-football-latest-news"],"yoast_head":"<!-- This site is optimized with the Yoast SEO Premium plugin v26.6 (Yoast SEO v27.5) - https:\/\/yoast.com\/product\/yoast-seo-premium-wordpress\/ -->\n<title>Barcelona stars hail Joan Garcia as best in the world goalkeeper - Bladna News<\/title>\n<meta name=\"robots\" content=\"index, follow, max-snippet:-1, max-image-preview:large, max-video-preview:-1\" \/>\n<link rel=\"canonical\" href=\"https:\/\/bladnanews.com\/fr\/les-stars-de-barcelone-saluent-joan-garcia-comme-le-meilleur-gardien-de-but-du-monde\/\" \/>\n<meta property=\"og:locale\" content=\"fr_FR\" \/>\n<meta property=\"og:type\" content=\"article\" \/>\n<meta property=\"og:title\" content=\"Barcelona stars hail Joan Garcia as best in the world goalkeeper\" \/>\n<meta property=\"og:description\" content=\"Barcelona\u2019s players have again praised goalkeeper Joan Garcia after he played a key role in keeping the Spanish champions on [&hellip;]\" \/>\n<meta property=\"og:url\" content=\"https:\/\/bladnanews.com\/fr\/les-stars-de-barcelone-saluent-joan-garcia-comme-le-meilleur-gardien-de-but-du-monde\/\" \/>\n<meta property=\"og:site_name\" content=\"Bladna News\" \/>\n<meta property=\"article:published_time\" content=\"2026-01-16T10:55:59+00:00\" \/>\n<meta property=\"og:image\" content=\"https:\/\/bladnanews.com\/wp-content\/uploads\/2025\/12\/freepik__bladna-newscom-moroccan-soccer-homepage-banner-mor__41838.png\" \/>\n\t<meta property=\"og:image:width\" content=\"1312\" \/>\n\t<meta property=\"og:image:height\" content=\"736\" \/>\n\t<meta property=\"og:image:type\" content=\"image\/png\" \/>\n<meta name=\"author\" content=\"Bladna News Staff\" \/>\n<meta name=\"twitter:card\" content=\"summary_large_image\" \/>\n<meta name=\"twitter:label1\" content=\"\u00c9crit par\" \/>\n\t<meta name=\"twitter:data1\" content=\"Bladna News Staff\" \/>\n\t<meta name=\"twitter:label2\" content=\"Dur\u00e9e de lecture estim\u00e9e\" \/>\n\t<meta name=\"twitter:data2\" content=\"1 minute\" \/>\n<script type=\"application\/ld+json\" class=\"yoast-schema-graph\">{\"@context\":\"https:\\\/\\\/schema.org\",\"@graph\":[{\"@type\":\"Article\",\"@id\":\"https:\\\/\\\/bladnanews.com\\\/barcelona-stars-hail-joan-garcia-as-best-in-the-world-goalkeeper\\\/#article\",\"isPartOf\":{\"@id\":\"https:\\\/\\\/bladnanews.com\\\/barcelona-stars-hail-joan-garcia-as-best-in-the-world-goalkeeper\\\/\"},\"author\":{\"name\":\"Bladna News Staff\",\"@id\":\"https:\\\/\\\/mediumseagreen-eel-531711.hostingersite.com\\\/#\\\/schema\\\/person\\\/268e18a453ab080ebf76df6ef7845083\"},\"headline\":\"Barcelona stars hail Joan Garcia as best in the world goalkeeper\",\"datePublished\":\"2026-01-16T10:55:59+00:00\",\"mainEntityOfPage\":{\"@id\":\"https:\\\/\\\/bladnanews.com\\\/barcelona-stars-hail-joan-garcia-as-best-in-the-world-goalkeeper\\\/\"},\"wordCount\":243,\"publisher\":{\"@id\":\"https:\\\/\\\/mediumseagreen-eel-531711.hostingersite.com\\\/#organization\"},\"image\":{\"@id\":\"https:\\\/\\\/bladnanews.com\\\/barcelona-stars-hail-joan-garcia-as-best-in-the-world-goalkeeper\\\/#primaryimage\"},\"thumbnailUrl\":\"https:\\\/\\\/bladnanews.com\\\/wp-content\\\/uploads\\\/2026\\\/01\\\/BladnaNews-Barcelona-stars-hail-Joan-Garcia-as-best-in-the-world-goalkeeper-2026-01-16T210932.610Z.jpg\",\"articleSection\":[\"International\",\"Latest News\"],\"inLanguage\":\"fr-FR\",\"copyrightYear\":\"2026\",\"copyrightHolder\":{\"@id\":\"https:\\\/\\\/bladnanews.com\\\/fr\\\/#organization\"}},{\"@type\":\"WebPage\",\"@id\":\"https:\\\/\\\/bladnanews.com\\\/barcelona-stars-hail-joan-garcia-as-best-in-the-world-goalkeeper\\\/\",\"url\":\"https:\\\/\\\/bladnanews.com\\\/barcelona-stars-hail-joan-garcia-as-best-in-the-world-goalkeeper\\\/\",\"name\":\"Barcelona stars hail Joan Garcia as best in the world goalkeeper - Bladna News\",\"isPartOf\":{\"@id\":\"https:\\\/\\\/mediumseagreen-eel-531711.hostingersite.com\\\/#website\"},\"primaryImageOfPage\":{\"@id\":\"https:\\\/\\\/bladnanews.com\\\/barcelona-stars-hail-joan-garcia-as-best-in-the-world-goalkeeper\\\/#primaryimage\"},\"image\":{\"@id\":\"https:\\\/\\\/bladnanews.com\\\/barcelona-stars-hail-joan-garcia-as-best-in-the-world-goalkeeper\\\/#primaryimage\"},\"thumbnailUrl\":\"https:\\\/\\\/bladnanews.com\\\/wp-content\\\/uploads\\\/2026\\\/01\\\/BladnaNews-Barcelona-stars-hail-Joan-Garcia-as-best-in-the-world-goalkeeper-2026-01-16T210932.610Z.jpg\",\"datePublished\":\"2026-01-16T10:55:59+00:00\",\"breadcrumb\":{\"@id\":\"https:\\\/\\\/bladnanews.com\\\/barcelona-stars-hail-joan-garcia-as-best-in-the-world-goalkeeper\\\/#breadcrumb\"},\"inLanguage\":\"fr-FR\",\"potentialAction\":[{\"@type\":\"ReadAction\",\"target\":[\"https:\\\/\\\/bladnanews.com\\\/barcelona-stars-hail-joan-garcia-as-best-in-the-world-goalkeeper\\\/\"]}]},{\"@type\":\"ImageObject\",\"inLanguage\":\"fr-FR\",\"@id\":\"https:\\\/\\\/bladnanews.com\\\/barcelona-stars-hail-joan-garcia-as-best-in-the-world-goalkeeper\\\/#primaryimage\",\"url\":\"https:\\\/\\\/bladnanews.com\\\/wp-content\\\/uploads\\\/2026\\\/01\\\/BladnaNews-Barcelona-stars-hail-Joan-Garcia-as-best-in-the-world-goalkeeper-2026-01-16T210932.610Z.jpg\",\"contentUrl\":\"https:\\\/\\\/bladnanews.com\\\/wp-content\\\/uploads\\\/2026\\\/01\\\/BladnaNews-Barcelona-stars-hail-Joan-Garcia-as-best-in-the-world-goalkeeper-2026-01-16T210932.610Z.jpg\",\"width\":2480,\"height\":1395,\"caption\":\"Barcelona goalkeeper Joan Garcia walks off the pitch in a colourful kit, raindrops falling around him, reflecting a tense match atmosphere.\"},{\"@type\":\"BreadcrumbList\",\"@id\":\"https:\\\/\\\/bladnanews.com\\\/barcelona-stars-hail-joan-garcia-as-best-in-the-world-goalkeeper\\\/#breadcrumb\",\"itemListElement\":[{\"@type\":\"ListItem\",\"position\":1,\"name\":\"Home\",\"item\":\"https:\\\/\\\/bladnanews.com\\\/\"},{\"@type\":\"ListItem\",\"position\":2,\"name\":\"Barcelona stars hail Joan Garcia as best in the world goalkeeper\"}]},{\"@type\":\"WebSite\",\"@id\":\"https:\\\/\\\/mediumseagreen-eel-531711.hostingersite.com\\\/#website\",\"url\":\"https:\\\/\\\/mediumseagreen-eel-531711.hostingersite.com\\\/\",\"name\":\"Bladna News - Morocco\",\"description\":\"Where Moroccan Football Meets the World\",\"publisher\":{\"@id\":\"https:\\\/\\\/mediumseagreen-eel-531711.hostingersite.com\\\/#organization\"},\"potentialAction\":[{\"@type\":\"SearchAction\",\"target\":{\"@type\":\"EntryPoint\",\"urlTemplate\":\"https:\\\/\\\/mediumseagreen-eel-531711.hostingersite.com\\\/?s={search_term_string}\"},\"query-input\":{\"@type\":\"PropertyValueSpecification\",\"valueRequired\":true,\"valueName\":\"search_term_string\"}}],\"inLanguage\":\"fr-FR\"},{\"@type\":\"Organization\",\"@id\":\"https:\\\/\\\/mediumseagreen-eel-531711.hostingersite.com\\\/#organization\",\"name\":\"Bladna News.com\",\"url\":\"https:\\\/\\\/mediumseagreen-eel-531711.hostingersite.com\\\/\",\"logo\":{\"@type\":\"ImageObject\",\"inLanguage\":\"fr-FR\",\"@id\":\"https:\\\/\\\/mediumseagreen-eel-531711.hostingersite.com\\\/#\\\/schema\\\/logo\\\/image\\\/\",\"url\":\"https:\\\/\\\/bladnanews.com\\\/wp-content\\\/uploads\\\/2025\\\/12\\\/logo-bladnanews-V2-web-black-red.png\",\"contentUrl\":\"https:\\\/\\\/bladnanews.com\\\/wp-content\\\/uploads\\\/2025\\\/12\\\/logo-bladnanews-V2-web-black-red.png\",\"width\":703,\"height\":287,\"caption\":\"Bladna News.com\"},\"image\":{\"@id\":\"https:\\\/\\\/mediumseagreen-eel-531711.hostingersite.com\\\/#\\\/schema\\\/logo\\\/image\\\/\"},\"email\":\"info@bladnanews.com\",\"legalName\":\"Bladna News\"},{\"@type\":\"Person\",\"@id\":\"https:\\\/\\\/mediumseagreen-eel-531711.hostingersite.com\\\/#\\\/schema\\\/person\\\/268e18a453ab080ebf76df6ef7845083\",\"name\":\"Bladna News Staff\",\"url\":\"https:\\\/\\\/bladnanews.com\\\/fr\\\/author\\\/bladna-news-staff\\\/\"}]}<\/script>\n<!-- \/ Yoast SEO Premium plugin. -->","yoast_head_json":{"title":"Les stars du Barcelone saluent Joan Garcia comme le meilleur gardien de but du monde - Bladna News","robots":{"index":"index","follow":"follow","max-snippet":"max-snippet:-1","max-image-preview":"max-image-preview:large","max-video-preview":"max-video-preview:-1"},"canonical":"https:\/\/bladnanews.com\/fr\/les-stars-de-barcelone-saluent-joan-garcia-comme-le-meilleur-gardien-de-but-du-monde\/","og_locale":"fr_FR","og_type":"article","og_title":"Barcelona stars hail Joan Garcia as best in the world goalkeeper","og_description":"Barcelona\u2019s players have again praised goalkeeper Joan Garcia after he played a key role in keeping the Spanish champions on [&hellip;]","og_url":"https:\/\/bladnanews.com\/fr\/les-stars-de-barcelone-saluent-joan-garcia-comme-le-meilleur-gardien-de-but-du-monde\/","og_site_name":"Bladna News","article_published_time":"2026-01-16T10:55:59+00:00","og_image":[{"width":1312,"height":736,"url":"https:\/\/bladnanews.com\/wp-content\/uploads\/2025\/12\/freepik__bladna-newscom-moroccan-soccer-homepage-banner-mor__41838.png","type":"image\/png"}],"author":"Bladna News Staff","twitter_card":"summary_large_image","twitter_misc":{"\u00c9crit par":"Bladna News Staff","Dur\u00e9e de lecture estim\u00e9e":"1 minute"},"schema":{"@context":"https:\/\/schema.org","@graph":[{"@type":"Article","@id":"https:\/\/bladnanews.com\/barcelona-stars-hail-joan-garcia-as-best-in-the-world-goalkeeper\/#article","isPartOf":{"@id":"https:\/\/bladnanews.com\/barcelona-stars-hail-joan-garcia-as-best-in-the-world-goalkeeper\/"},"author":{"name":"Bladna News Staff","@id":"https:\/\/mediumseagreen-eel-531711.hostingersite.com\/#\/schema\/person\/268e18a453ab080ebf76df6ef7845083"},"headline":"Barcelona stars hail Joan Garcia as best in the world goalkeeper","datePublished":"2026-01-16T10:55:59+00:00","mainEntityOfPage":{"@id":"https:\/\/bladnanews.com\/barcelona-stars-hail-joan-garcia-as-best-in-the-world-goalkeeper\/"},"wordCount":243,"publisher":{"@id":"https:\/\/mediumseagreen-eel-531711.hostingersite.com\/#organization"},"image":{"@id":"https:\/\/bladnanews.com\/barcelona-stars-hail-joan-garcia-as-best-in-the-world-goalkeeper\/#primaryimage"},"thumbnailUrl":"https:\/\/bladnanews.com\/wp-content\/uploads\/2026\/01\/BladnaNews-Barcelona-stars-hail-Joan-Garcia-as-best-in-the-world-goalkeeper-2026-01-16T210932.610Z.jpg","articleSection":["International","Latest News"],"inLanguage":"fr-FR","copyrightYear":"2026","copyrightHolder":{"@id":"https:\/\/bladnanews.com\/fr\/#organization"}},{"@type":"WebPage","@id":"https:\/\/bladnanews.com\/barcelona-stars-hail-joan-garcia-as-best-in-the-world-goalkeeper\/","url":"https:\/\/bladnanews.com\/barcelona-stars-hail-joan-garcia-as-best-in-the-world-goalkeeper\/","name":"Les stars du Barcelone saluent Joan Garcia comme le meilleur gardien de but du monde - Bladna News","isPartOf":{"@id":"https:\/\/mediumseagreen-eel-531711.hostingersite.com\/#website"},"primaryImageOfPage":{"@id":"https:\/\/bladnanews.com\/barcelona-stars-hail-joan-garcia-as-best-in-the-world-goalkeeper\/#primaryimage"},"image":{"@id":"https:\/\/bladnanews.com\/barcelona-stars-hail-joan-garcia-as-best-in-the-world-goalkeeper\/#primaryimage"},"thumbnailUrl":"https:\/\/bladnanews.com\/wp-content\/uploads\/2026\/01\/BladnaNews-Barcelona-stars-hail-Joan-Garcia-as-best-in-the-world-goalkeeper-2026-01-16T210932.610Z.jpg","datePublished":"2026-01-16T10:55:59+00:00","breadcrumb":{"@id":"https:\/\/bladnanews.com\/barcelona-stars-hail-joan-garcia-as-best-in-the-world-goalkeeper\/#breadcrumb"},"inLanguage":"fr-FR","potentialAction":[{"@type":"ReadAction","target":["https:\/\/bladnanews.com\/barcelona-stars-hail-joan-garcia-as-best-in-the-world-goalkeeper\/"]}]},{"@type":"ImageObject","inLanguage":"fr-FR","@id":"https:\/\/bladnanews.com\/barcelona-stars-hail-joan-garcia-as-best-in-the-world-goalkeeper\/#primaryimage","url":"https:\/\/bladnanews.com\/wp-content\/uploads\/2026\/01\/BladnaNews-Barcelona-stars-hail-Joan-Garcia-as-best-in-the-world-goalkeeper-2026-01-16T210932.610Z.jpg","contentUrl":"https:\/\/bladnanews.com\/wp-content\/uploads\/2026\/01\/BladnaNews-Barcelona-stars-hail-Joan-Garcia-as-best-in-the-world-goalkeeper-2026-01-16T210932.610Z.jpg","width":2480,"height":1395,"caption":"Barcelona goalkeeper Joan Garcia walks off the pitch in a colourful kit, raindrops falling around him, reflecting a tense match atmosphere."},{"@type":"BreadcrumbList","@id":"https:\/\/bladnanews.com\/barcelona-stars-hail-joan-garcia-as-best-in-the-world-goalkeeper\/#breadcrumb","itemListElement":[{"@type":"ListItem","position":1,"name":"Home","item":"https:\/\/bladnanews.com\/"},{"@type":"ListItem","position":2,"name":"Barcelona stars hail Joan Garcia as best in the world goalkeeper"}]},{"@type":"WebSite","@id":"https:\/\/mediumseagreen-eel-531711.hostingersite.com\/#website","url":"https:\/\/mediumseagreen-eel-531711.hostingersite.com\/","name":"Bladna News - Maroc","description":"Quand le football marocain rencontre le monde","publisher":{"@id":"https:\/\/mediumseagreen-eel-531711.hostingersite.com\/#organization"},"potentialAction":[{"@type":"SearchAction","target":{"@type":"EntryPoint","urlTemplate":"https:\/\/mediumseagreen-eel-531711.hostingersite.com\/?s={search_term_string}"},"query-input":{"@type":"PropertyValueSpecification","valueRequired":true,"valueName":"search_term_string"}}],"inLanguage":"fr-FR"},{"@type":"Organization","@id":"https:\/\/mediumseagreen-eel-531711.hostingersite.com\/#organization","name":"Bladna News.com","url":"https:\/\/mediumseagreen-eel-531711.hostingersite.com\/","logo":{"@type":"ImageObject","inLanguage":"fr-FR","@id":"https:\/\/mediumseagreen-eel-531711.hostingersite.com\/#\/schema\/logo\/image\/","url":"https:\/\/bladnanews.com\/wp-content\/uploads\/2025\/12\/logo-bladnanews-V2-web-black-red.png","contentUrl":"https:\/\/bladnanews.com\/wp-content\/uploads\/2025\/12\/logo-bladnanews-V2-web-black-red.png","width":703,"height":287,"caption":"Bladna News.com"},"image":{"@id":"https:\/\/mediumseagreen-eel-531711.hostingersite.com\/#\/schema\/logo\/image\/"},"email":"info@bladnanews.com","legalName":"Bladna News"},{"@type":"Person","@id":"https:\/\/mediumseagreen-eel-531711.hostingersite.com\/#\/schema\/person\/268e18a453ab080ebf76df6ef7845083","name":"\u00c9quipe r\u00e9dactionnelle de Bladna News","url":"https:\/\/bladnanews.com\/fr\/author\/bladna-news-staff\/"}]}},"_links":{"self":[{"href":"https:\/\/bladnanews.com\/fr\/wp-json\/wp\/v2\/posts\/6476","targetHints":{"allow":["GET"]}}],"collection":[{"href":"https:\/\/bladnanews.com\/fr\/wp-json\/wp\/v2\/posts"}],"about":[{"href":"https:\/\/bladnanews.com\/fr\/wp-json\/wp\/v2\/types\/post"}],"author":[{"embeddable":true,"href":"https:\/\/bladnanews.com\/fr\/wp-json\/wp\/v2\/users\/3"}],"replies":[{"embeddable":true,"href":"https:\/\/bladnanews.com\/fr\/wp-json\/wp\/v2\/comments?post=6476"}],"version-history":[{"count":0,"href":"https:\/\/bladnanews.com\/fr\/wp-json\/wp\/v2\/posts\/6476\/revisions"}],"wp:featuredmedia":[{"embeddable":true,"href":"https:\/\/bladnanews.com\/fr\/wp-json\/wp\/v2\/media\/6475"}],"wp:attachment":[{"href":"https:\/\/bladnanews.com\/fr\/wp-json\/wp\/v2\/media?parent=6476"}],"wp:term":[{"taxonomy":"category","embeddable":true,"href":"https:\/\/bladnanews.com\/fr\/wp-json\/wp\/v2\/categories?post=6476"},{"taxonomy":"post_tag","embeddable":true,"href":"https:\/\/bladnanews.com\/fr\/wp-json\/wp\/v2\/tags?post=6476"}],"curies":[{"name":"wp","href":"https:\/\/api.w.org\/{rel}","templated":true}]}}