{"id":6478,"date":"2026-01-16T11:01:56","date_gmt":"2026-01-16T11:01:56","guid":{"rendered":"https:\/\/bladnanews.com\/man-utd-backed-to-sign-cole-palmer-if-they-hire-pochettino\/"},"modified":"2026-01-16T11:01:56","modified_gmt":"2026-01-16T11:01:56","slug":"manchester-united-est-soutenu-pour-signer-cole-palmer-sils-engagent-pochettino","status":"publish","type":"post","link":"https:\/\/bladnanews.com\/fr\/manchester-united-est-soutenu-pour-signer-cole-palmer-sils-engagent-pochettino\/","title":{"rendered":"Manchester United encourag\u00e9 \u00e0 recruter Cole Palmer en cas d'arriv\u00e9e de Pochettino"},"content":{"rendered":"<p>Manchester United sont pressentis pour faire une offre en faveur de la star de Chelsea, Cole Palmer, s'ils engagent son ancien entra\u00eeneur Mauricio Pochettino.<\/p>\n<p>Palmer, supporter de United depuis son enfance, a \u00e9t\u00e9 l'un des joueurs les plus remarquables de Chelsea depuis son arriv\u00e9e en provenance de Manchester City. Il est d\u00e9sormais associ\u00e9 \u00e0 un possible transfert vers Old Trafford si Pochettino atterrit sur le banc de United.<\/p>\n<p>Pochettino est actuellement \u00e0 la t\u00eate de l'\u00e9quipe nationale des \u00c9tats-Unis (USMNT), ayant pris ce poste apr\u00e8s avoir quitt\u00e9 Chelsea \u00e0 la fin de la saison 2023-2024. Mais l'Argentin a d\u00e9j\u00e0 \u00e9t\u00e9 mentionn\u00e9 comme un candidat potentiel si United d\u00e9cide d'op\u00e9rer un changement.<\/p>\n<p>L'ancien milieu de terrain de Chelsea, John Obi Mikel, estime que la pr\u00e9sence de Pochettino pourrait ouvrir la porte \u00e0 un transfert majeur, m\u00eame si un accord serait difficile et controvers\u00e9 compte tenu de l'importance de Palmer \u00e0 Stamford Bridge.<\/p>\n<p>\u201c C'est tr\u00e8s \u00e9trange \u201d, a d\u00e9clar\u00e9 Mikel, alors qu'il \u00e9voquait l'id\u00e9e d'un d\u00e9part de Palmer de Chelsea et la possibilit\u00e9 que United cherche \u00e0 en profiter si Pochettino est en poste.<\/p>\n<p>L'affection de Palmer pour United est bien connue, mais il est sous contrat avec Chelsea et reste au c\u0153ur de leurs projets. Tout transfert n\u00e9cessiterait que Chelsea accepte de vendre, et le club n'a donn\u00e9 aucune indication qu'il serait dispos\u00e9 \u00e0 examiner des offres.<\/p>\n<p>Pour l'instant, ces discussions ne sont qu'hypoth\u00e9tiques, mais le lien entre Pochettino et Palmer a \u00e9t\u00e9 \u00e0 nouveau soulign\u00e9 alors qu'on exhorte United \u00e0 agir s'ils veulent acqu\u00e9rir un joueur qui les a support\u00e9s durant sa jeunesse.<\/p>","protected":false},"excerpt":{"rendered":"<p>Manchester United have been backed to make a move for Chelsea star Cole Palmer if they hire his former manager [&hellip;]<\/p>\n","protected":false},"author":3,"featured_media":6477,"comment_status":"","ping_status":"open","sticky":false,"template":"","format":"standard","meta":{"googlesitekit_rrm_CAow_uzEDA:productID":"","site-sidebar-layout":"default","site-content-layout":"","ast-site-content-layout":"default","site-content-style":"default","site-sidebar-style":"default","ast-global-header-display":"","ast-banner-title-visibility":"","ast-main-header-display":"","ast-hfb-above-header-display":"","ast-hfb-below-header-display":"","ast-hfb-mobile-header-display":"","site-post-title":"","ast-breadcrumbs-content":"","ast-featured-img":"","footer-sml-layout":"","ast-disable-related-posts":"","theme-transparent-header-meta":"","adv-header-id-meta":"","stick-header-meta":"","header-above-stick-meta":"","header-main-stick-meta":"","header-below-stick-meta":"","astra-migrate-meta-layouts":"default","ast-page-background-enabled":"default","ast-page-background-meta":{"desktop":{"background-color":"var(--ast-global-color-5)","background-image":"","background-repeat":"repeat","background-position":"center center","background-size":"auto","background-attachment":"scroll","background-type":"","background-media":"","overlay-type":"","overlay-color":"","overlay-opacity":"","overlay-gradient":""},"tablet":{"background-color":"","background-image":"","background-repeat":"repeat","background-position":"center center","background-size":"auto","background-attachment":"scroll","background-type":"","background-media":"","overlay-type":"","overlay-color":"","overlay-opacity":"","overlay-gradient":""},"mobile":{"background-color":"","background-image":"","background-repeat":"repeat","background-position":"center center","background-size":"auto","background-attachment":"scroll","background-type":"","background-media":"","overlay-type":"","overlay-color":"","overlay-opacity":"","overlay-gradient":""}},"ast-content-background-meta":{"desktop":{"background-color":"var(--ast-global-color-4)","background-image":"","background-repeat":"repeat","background-position":"center center","background-size":"auto","background-attachment":"scroll","background-type":"","background-media":"","overlay-type":"","overlay-color":"","overlay-opacity":"","overlay-gradient":""},"tablet":{"background-color":"var(--ast-global-color-4)","background-image":"","background-repeat":"repeat","background-position":"center center","background-size":"auto","background-attachment":"scroll","background-type":"","background-media":"","overlay-type":"","overlay-color":"","overlay-opacity":"","overlay-gradient":""},"mobile":{"background-color":"var(--ast-global-color-4)","background-image":"","background-repeat":"repeat","background-position":"center center","background-size":"auto","background-attachment":"scroll","background-type":"","background-media":"","overlay-type":"","overlay-color":"","overlay-opacity":"","overlay-gradient":""}},"footnotes":""},"categories":[20,1],"tags":[],"class_list":["post-6478","post","type-post","status-publish","format-standard","has-post-thumbnail","hentry","category-international","category-football-latest-news"],"yoast_head":"<!-- This site is optimized with the Yoast SEO Premium plugin v26.6 (Yoast SEO v27.5) - https:\/\/yoast.com\/product\/yoast-seo-premium-wordpress\/ -->\n<title>Man Utd backed to sign Cole Palmer if they hire Pochettino - Bladna News<\/title>\n<meta name=\"robots\" content=\"index, follow, max-snippet:-1, max-image-preview:large, max-video-preview:-1\" \/>\n<link rel=\"canonical\" href=\"https:\/\/bladnanews.com\/fr\/manchester-united-est-soutenu-pour-signer-cole-palmer-sils-engagent-pochettino\/\" \/>\n<meta property=\"og:locale\" content=\"fr_FR\" \/>\n<meta property=\"og:type\" content=\"article\" \/>\n<meta property=\"og:title\" content=\"Man Utd backed to sign Cole Palmer if they hire Pochettino\" \/>\n<meta property=\"og:description\" content=\"Manchester United have been backed to make a move for Chelsea star Cole Palmer if they hire his former manager [&hellip;]\" \/>\n<meta property=\"og:url\" content=\"https:\/\/bladnanews.com\/fr\/manchester-united-est-soutenu-pour-signer-cole-palmer-sils-engagent-pochettino\/\" \/>\n<meta property=\"og:site_name\" content=\"Bladna News\" \/>\n<meta property=\"article:published_time\" content=\"2026-01-16T11:01:56+00:00\" \/>\n<meta property=\"og:image\" content=\"https:\/\/bladnanews.com\/wp-content\/uploads\/2025\/12\/freepik__bladna-newscom-moroccan-soccer-homepage-banner-mor__41838.png\" \/>\n\t<meta property=\"og:image:width\" content=\"1312\" \/>\n\t<meta property=\"og:image:height\" content=\"736\" \/>\n\t<meta property=\"og:image:type\" content=\"image\/png\" \/>\n<meta name=\"author\" content=\"Bladna News Staff\" \/>\n<meta name=\"twitter:card\" content=\"summary_large_image\" \/>\n<meta name=\"twitter:label1\" content=\"\u00c9crit par\" \/>\n\t<meta name=\"twitter:data1\" content=\"Bladna News Staff\" \/>\n\t<meta name=\"twitter:label2\" content=\"Dur\u00e9e de lecture estim\u00e9e\" \/>\n\t<meta name=\"twitter:data2\" content=\"1 minute\" \/>\n<script type=\"application\/ld+json\" class=\"yoast-schema-graph\">{\"@context\":\"https:\\\/\\\/schema.org\",\"@graph\":[{\"@type\":\"Article\",\"@id\":\"https:\\\/\\\/bladnanews.com\\\/man-utd-backed-to-sign-cole-palmer-if-they-hire-pochettino\\\/#article\",\"isPartOf\":{\"@id\":\"https:\\\/\\\/bladnanews.com\\\/man-utd-backed-to-sign-cole-palmer-if-they-hire-pochettino\\\/\"},\"author\":{\"name\":\"Bladna News Staff\",\"@id\":\"https:\\\/\\\/mediumseagreen-eel-531711.hostingersite.com\\\/#\\\/schema\\\/person\\\/268e18a453ab080ebf76df6ef7845083\"},\"headline\":\"Man Utd backed to sign Cole Palmer if they hire Pochettino\",\"datePublished\":\"2026-01-16T11:01:56+00:00\",\"mainEntityOfPage\":{\"@id\":\"https:\\\/\\\/bladnanews.com\\\/man-utd-backed-to-sign-cole-palmer-if-they-hire-pochettino\\\/\"},\"wordCount\":257,\"publisher\":{\"@id\":\"https:\\\/\\\/mediumseagreen-eel-531711.hostingersite.com\\\/#organization\"},\"image\":{\"@id\":\"https:\\\/\\\/bladnanews.com\\\/man-utd-backed-to-sign-cole-palmer-if-they-hire-pochettino\\\/#primaryimage\"},\"thumbnailUrl\":\"https:\\\/\\\/bladnanews.com\\\/wp-content\\\/uploads\\\/2026\\\/01\\\/BladnaNews-Man-Utd-backed-to-sign-Cole-Palmer-if-they-hire-Pochettino-2026-01-16T210958.940Z.jpg\",\"articleSection\":[\"International\",\"Latest News\"],\"inLanguage\":\"fr-FR\",\"copyrightYear\":\"2026\",\"copyrightHolder\":{\"@id\":\"https:\\\/\\\/bladnanews.com\\\/fr\\\/#organization\"}},{\"@type\":\"WebPage\",\"@id\":\"https:\\\/\\\/bladnanews.com\\\/man-utd-backed-to-sign-cole-palmer-if-they-hire-pochettino\\\/\",\"url\":\"https:\\\/\\\/bladnanews.com\\\/man-utd-backed-to-sign-cole-palmer-if-they-hire-pochettino\\\/\",\"name\":\"Man Utd backed to sign Cole Palmer if they hire Pochettino - Bladna News\",\"isPartOf\":{\"@id\":\"https:\\\/\\\/mediumseagreen-eel-531711.hostingersite.com\\\/#website\"},\"primaryImageOfPage\":{\"@id\":\"https:\\\/\\\/bladnanews.com\\\/man-utd-backed-to-sign-cole-palmer-if-they-hire-pochettino\\\/#primaryimage\"},\"image\":{\"@id\":\"https:\\\/\\\/bladnanews.com\\\/man-utd-backed-to-sign-cole-palmer-if-they-hire-pochettino\\\/#primaryimage\"},\"thumbnailUrl\":\"https:\\\/\\\/bladnanews.com\\\/wp-content\\\/uploads\\\/2026\\\/01\\\/BladnaNews-Man-Utd-backed-to-sign-Cole-Palmer-if-they-hire-Pochettino-2026-01-16T210958.940Z.jpg\",\"datePublished\":\"2026-01-16T11:01:56+00:00\",\"breadcrumb\":{\"@id\":\"https:\\\/\\\/bladnanews.com\\\/man-utd-backed-to-sign-cole-palmer-if-they-hire-pochettino\\\/#breadcrumb\"},\"inLanguage\":\"fr-FR\",\"potentialAction\":[{\"@type\":\"ReadAction\",\"target\":[\"https:\\\/\\\/bladnanews.com\\\/man-utd-backed-to-sign-cole-palmer-if-they-hire-pochettino\\\/\"]}]},{\"@type\":\"ImageObject\",\"inLanguage\":\"fr-FR\",\"@id\":\"https:\\\/\\\/bladnanews.com\\\/man-utd-backed-to-sign-cole-palmer-if-they-hire-pochettino\\\/#primaryimage\",\"url\":\"https:\\\/\\\/bladnanews.com\\\/wp-content\\\/uploads\\\/2026\\\/01\\\/BladnaNews-Man-Utd-backed-to-sign-Cole-Palmer-if-they-hire-Pochettino-2026-01-16T210958.940Z.jpg\",\"contentUrl\":\"https:\\\/\\\/bladnanews.com\\\/wp-content\\\/uploads\\\/2026\\\/01\\\/BladnaNews-Man-Utd-backed-to-sign-Cole-Palmer-if-they-hire-Pochettino-2026-01-16T210958.940Z.jpg\",\"width\":1920,\"height\":1080,\"caption\":\"Mauricio Pochettino passionately gestures on the left, while Cole Palmer, in a Chelsea kit, looks on thoughtfully on the right.\"},{\"@type\":\"BreadcrumbList\",\"@id\":\"https:\\\/\\\/bladnanews.com\\\/man-utd-backed-to-sign-cole-palmer-if-they-hire-pochettino\\\/#breadcrumb\",\"itemListElement\":[{\"@type\":\"ListItem\",\"position\":1,\"name\":\"Home\",\"item\":\"https:\\\/\\\/bladnanews.com\\\/\"},{\"@type\":\"ListItem\",\"position\":2,\"name\":\"Man Utd backed to sign Cole Palmer if they hire Pochettino\"}]},{\"@type\":\"WebSite\",\"@id\":\"https:\\\/\\\/mediumseagreen-eel-531711.hostingersite.com\\\/#website\",\"url\":\"https:\\\/\\\/mediumseagreen-eel-531711.hostingersite.com\\\/\",\"name\":\"Bladna News - Morocco\",\"description\":\"Where Moroccan Football Meets the World\",\"publisher\":{\"@id\":\"https:\\\/\\\/mediumseagreen-eel-531711.hostingersite.com\\\/#organization\"},\"potentialAction\":[{\"@type\":\"SearchAction\",\"target\":{\"@type\":\"EntryPoint\",\"urlTemplate\":\"https:\\\/\\\/mediumseagreen-eel-531711.hostingersite.com\\\/?s={search_term_string}\"},\"query-input\":{\"@type\":\"PropertyValueSpecification\",\"valueRequired\":true,\"valueName\":\"search_term_string\"}}],\"inLanguage\":\"fr-FR\"},{\"@type\":\"Organization\",\"@id\":\"https:\\\/\\\/mediumseagreen-eel-531711.hostingersite.com\\\/#organization\",\"name\":\"Bladna News.com\",\"url\":\"https:\\\/\\\/mediumseagreen-eel-531711.hostingersite.com\\\/\",\"logo\":{\"@type\":\"ImageObject\",\"inLanguage\":\"fr-FR\",\"@id\":\"https:\\\/\\\/mediumseagreen-eel-531711.hostingersite.com\\\/#\\\/schema\\\/logo\\\/image\\\/\",\"url\":\"https:\\\/\\\/bladnanews.com\\\/wp-content\\\/uploads\\\/2025\\\/12\\\/logo-bladnanews-V2-web-black-red.png\",\"contentUrl\":\"https:\\\/\\\/bladnanews.com\\\/wp-content\\\/uploads\\\/2025\\\/12\\\/logo-bladnanews-V2-web-black-red.png\",\"width\":703,\"height\":287,\"caption\":\"Bladna News.com\"},\"image\":{\"@id\":\"https:\\\/\\\/mediumseagreen-eel-531711.hostingersite.com\\\/#\\\/schema\\\/logo\\\/image\\\/\"},\"email\":\"info@bladnanews.com\",\"legalName\":\"Bladna News\"},{\"@type\":\"Person\",\"@id\":\"https:\\\/\\\/mediumseagreen-eel-531711.hostingersite.com\\\/#\\\/schema\\\/person\\\/268e18a453ab080ebf76df6ef7845083\",\"name\":\"Bladna News Staff\",\"url\":\"https:\\\/\\\/bladnanews.com\\\/fr\\\/author\\\/bladna-news-staff\\\/\"}]}<\/script>\n<!-- \/ Yoast SEO Premium plugin. -->","yoast_head_json":{"title":"Le Man Utd soutenu pour signer Cole Palmer s'ils engagent Pochettino - Bladna News","robots":{"index":"index","follow":"follow","max-snippet":"max-snippet:-1","max-image-preview":"max-image-preview:large","max-video-preview":"max-video-preview:-1"},"canonical":"https:\/\/bladnanews.com\/fr\/manchester-united-est-soutenu-pour-signer-cole-palmer-sils-engagent-pochettino\/","og_locale":"fr_FR","og_type":"article","og_title":"Man Utd backed to sign Cole Palmer if they hire Pochettino","og_description":"Manchester United have been backed to make a move for Chelsea star Cole Palmer if they hire his former manager [&hellip;]","og_url":"https:\/\/bladnanews.com\/fr\/manchester-united-est-soutenu-pour-signer-cole-palmer-sils-engagent-pochettino\/","og_site_name":"Bladna News","article_published_time":"2026-01-16T11:01:56+00:00","og_image":[{"width":1312,"height":736,"url":"https:\/\/bladnanews.com\/wp-content\/uploads\/2025\/12\/freepik__bladna-newscom-moroccan-soccer-homepage-banner-mor__41838.png","type":"image\/png"}],"author":"Bladna News Staff","twitter_card":"summary_large_image","twitter_misc":{"\u00c9crit par":"Bladna News Staff","Dur\u00e9e de lecture estim\u00e9e":"1 minute"},"schema":{"@context":"https:\/\/schema.org","@graph":[{"@type":"Article","@id":"https:\/\/bladnanews.com\/man-utd-backed-to-sign-cole-palmer-if-they-hire-pochettino\/#article","isPartOf":{"@id":"https:\/\/bladnanews.com\/man-utd-backed-to-sign-cole-palmer-if-they-hire-pochettino\/"},"author":{"name":"Bladna News Staff","@id":"https:\/\/mediumseagreen-eel-531711.hostingersite.com\/#\/schema\/person\/268e18a453ab080ebf76df6ef7845083"},"headline":"Man Utd backed to sign Cole Palmer if they hire Pochettino","datePublished":"2026-01-16T11:01:56+00:00","mainEntityOfPage":{"@id":"https:\/\/bladnanews.com\/man-utd-backed-to-sign-cole-palmer-if-they-hire-pochettino\/"},"wordCount":257,"publisher":{"@id":"https:\/\/mediumseagreen-eel-531711.hostingersite.com\/#organization"},"image":{"@id":"https:\/\/bladnanews.com\/man-utd-backed-to-sign-cole-palmer-if-they-hire-pochettino\/#primaryimage"},"thumbnailUrl":"https:\/\/bladnanews.com\/wp-content\/uploads\/2026\/01\/BladnaNews-Man-Utd-backed-to-sign-Cole-Palmer-if-they-hire-Pochettino-2026-01-16T210958.940Z.jpg","articleSection":["International","Latest News"],"inLanguage":"fr-FR","copyrightYear":"2026","copyrightHolder":{"@id":"https:\/\/bladnanews.com\/fr\/#organization"}},{"@type":"WebPage","@id":"https:\/\/bladnanews.com\/man-utd-backed-to-sign-cole-palmer-if-they-hire-pochettino\/","url":"https:\/\/bladnanews.com\/man-utd-backed-to-sign-cole-palmer-if-they-hire-pochettino\/","name":"Le Man Utd soutenu pour signer Cole Palmer s'ils engagent Pochettino - Bladna News","isPartOf":{"@id":"https:\/\/mediumseagreen-eel-531711.hostingersite.com\/#website"},"primaryImageOfPage":{"@id":"https:\/\/bladnanews.com\/man-utd-backed-to-sign-cole-palmer-if-they-hire-pochettino\/#primaryimage"},"image":{"@id":"https:\/\/bladnanews.com\/man-utd-backed-to-sign-cole-palmer-if-they-hire-pochettino\/#primaryimage"},"thumbnailUrl":"https:\/\/bladnanews.com\/wp-content\/uploads\/2026\/01\/BladnaNews-Man-Utd-backed-to-sign-Cole-Palmer-if-they-hire-Pochettino-2026-01-16T210958.940Z.jpg","datePublished":"2026-01-16T11:01:56+00:00","breadcrumb":{"@id":"https:\/\/bladnanews.com\/man-utd-backed-to-sign-cole-palmer-if-they-hire-pochettino\/#breadcrumb"},"inLanguage":"fr-FR","potentialAction":[{"@type":"ReadAction","target":["https:\/\/bladnanews.com\/man-utd-backed-to-sign-cole-palmer-if-they-hire-pochettino\/"]}]},{"@type":"ImageObject","inLanguage":"fr-FR","@id":"https:\/\/bladnanews.com\/man-utd-backed-to-sign-cole-palmer-if-they-hire-pochettino\/#primaryimage","url":"https:\/\/bladnanews.com\/wp-content\/uploads\/2026\/01\/BladnaNews-Man-Utd-backed-to-sign-Cole-Palmer-if-they-hire-Pochettino-2026-01-16T210958.940Z.jpg","contentUrl":"https:\/\/bladnanews.com\/wp-content\/uploads\/2026\/01\/BladnaNews-Man-Utd-backed-to-sign-Cole-Palmer-if-they-hire-Pochettino-2026-01-16T210958.940Z.jpg","width":1920,"height":1080,"caption":"Mauricio Pochettino passionately gestures on the left, while Cole Palmer, in a Chelsea kit, looks on thoughtfully on the right."},{"@type":"BreadcrumbList","@id":"https:\/\/bladnanews.com\/man-utd-backed-to-sign-cole-palmer-if-they-hire-pochettino\/#breadcrumb","itemListElement":[{"@type":"ListItem","position":1,"name":"Home","item":"https:\/\/bladnanews.com\/"},{"@type":"ListItem","position":2,"name":"Man Utd backed to sign Cole Palmer if they hire Pochettino"}]},{"@type":"WebSite","@id":"https:\/\/mediumseagreen-eel-531711.hostingersite.com\/#website","url":"https:\/\/mediumseagreen-eel-531711.hostingersite.com\/","name":"Bladna News - Maroc","description":"Quand le football marocain rencontre le monde","publisher":{"@id":"https:\/\/mediumseagreen-eel-531711.hostingersite.com\/#organization"},"potentialAction":[{"@type":"SearchAction","target":{"@type":"EntryPoint","urlTemplate":"https:\/\/mediumseagreen-eel-531711.hostingersite.com\/?s={search_term_string}"},"query-input":{"@type":"PropertyValueSpecification","valueRequired":true,"valueName":"search_term_string"}}],"inLanguage":"fr-FR"},{"@type":"Organization","@id":"https:\/\/mediumseagreen-eel-531711.hostingersite.com\/#organization","name":"Bladna News.com","url":"https:\/\/mediumseagreen-eel-531711.hostingersite.com\/","logo":{"@type":"ImageObject","inLanguage":"fr-FR","@id":"https:\/\/mediumseagreen-eel-531711.hostingersite.com\/#\/schema\/logo\/image\/","url":"https:\/\/bladnanews.com\/wp-content\/uploads\/2025\/12\/logo-bladnanews-V2-web-black-red.png","contentUrl":"https:\/\/bladnanews.com\/wp-content\/uploads\/2025\/12\/logo-bladnanews-V2-web-black-red.png","width":703,"height":287,"caption":"Bladna News.com"},"image":{"@id":"https:\/\/mediumseagreen-eel-531711.hostingersite.com\/#\/schema\/logo\/image\/"},"email":"info@bladnanews.com","legalName":"Bladna News"},{"@type":"Person","@id":"https:\/\/mediumseagreen-eel-531711.hostingersite.com\/#\/schema\/person\/268e18a453ab080ebf76df6ef7845083","name":"\u00c9quipe r\u00e9dactionnelle de Bladna News","url":"https:\/\/bladnanews.com\/fr\/author\/bladna-news-staff\/"}]}},"_links":{"self":[{"href":"https:\/\/bladnanews.com\/fr\/wp-json\/wp\/v2\/posts\/6478","targetHints":{"allow":["GET"]}}],"collection":[{"href":"https:\/\/bladnanews.com\/fr\/wp-json\/wp\/v2\/posts"}],"about":[{"href":"https:\/\/bladnanews.com\/fr\/wp-json\/wp\/v2\/types\/post"}],"author":[{"embeddable":true,"href":"https:\/\/bladnanews.com\/fr\/wp-json\/wp\/v2\/users\/3"}],"replies":[{"embeddable":true,"href":"https:\/\/bladnanews.com\/fr\/wp-json\/wp\/v2\/comments?post=6478"}],"version-history":[{"count":0,"href":"https:\/\/bladnanews.com\/fr\/wp-json\/wp\/v2\/posts\/6478\/revisions"}],"wp:featuredmedia":[{"embeddable":true,"href":"https:\/\/bladnanews.com\/fr\/wp-json\/wp\/v2\/media\/6477"}],"wp:attachment":[{"href":"https:\/\/bladnanews.com\/fr\/wp-json\/wp\/v2\/media?parent=6478"}],"wp:term":[{"taxonomy":"category","embeddable":true,"href":"https:\/\/bladnanews.com\/fr\/wp-json\/wp\/v2\/categories?post=6478"},{"taxonomy":"post_tag","embeddable":true,"href":"https:\/\/bladnanews.com\/fr\/wp-json\/wp\/v2\/tags?post=6478"}],"curies":[{"name":"wp","href":"https:\/\/api.w.org\/{rel}","templated":true}]}}