{"id":6480,"date":"2026-01-16T11:35:14","date_gmt":"2026-01-16T11:35:14","guid":{"rendered":"https:\/\/bladnanews.com\/jamal-musiala-returns-for-bayern-munich-after-seven-months\/"},"modified":"2026-01-16T11:35:14","modified_gmt":"2026-01-16T11:35:14","slug":"jamal-musiala-fait-son-retour-au-bayern-munich-apres-sept-mois-dabsence","status":"publish","type":"post","link":"https:\/\/bladnanews.com\/fr\/jamal-musiala-fait-son-retour-au-bayern-munich-apres-sept-mois-dabsence\/","title":{"rendered":"Jamal Musiala fait son retour au Bayern Munich apr\u00e8s sept mois d'absence"},"content":{"rendered":"<p>Jamal Musiala s'appr\u00eate \u00e0 effectuer son retour tant attendu sous le maillot du Bayern Munich, sept mois apr\u00e8s une blessure d\u00e9vastatrice qui l'avait tenu \u00e9loign\u00e9 des terrains.<\/p>\n<p>Le joueur de 21 ans \u00e9tait indisponible depuis avoir subi une grave rechute qui avait mis un terme \u00e0 sa saison et l'avait \u00e9cart\u00e9 pour une longue p\u00e9riode. Le Bayern a g\u00e9r\u00e9 sa r\u00e9cup\u00e9ration avec prudence, et le club le consid\u00e8re d\u00e9sormais pr\u00eat \u00e0 \u00eatre r\u00e9int\u00e9gr\u00e9.<\/p>\n<p>Le retour de Musiala constitue un coup de pouce majeur pour le Bayern \u00e0 un stade cl\u00e9 de la saison, l'international allemand \u00e9tant consid\u00e9r\u00e9 comme l'un des attaquants les plus importants de l'effectif. Son retour met \u00e9galement fin \u00e0 une p\u00e9riode difficile pour le talent form\u00e9 au club, qui affichait une excellente forme avant sa blessure.<\/p>\n<p>Le Bayern n'a pas pr\u00e9cipit\u00e9 le retour du milieu de terrain, l'accent \u00e9tant r\u00e9solument mis sur sa remise en forme compl\u00e8te et sur l'\u00e9vitement de toute r\u00e9cidive. Le staff m\u00e9dical du club a supervis\u00e9 ses progr\u00e8s tout au long du processus de r\u00e9\u00e9ducation, et il a d\u00e9sormais repris l'entra\u00eenement avec le groupe professionnel.<\/p>\n<p>Musiala s'est impos\u00e9 comme l'un des joueurs les plus remarquables du Bayern ces derni\u00e8res saisons, et sa r\u00e9apparition offre de nouvelles options dans le dernier tiers du terrain. Sa capacit\u00e9 \u00e0 porter le ballon, \u00e0 cr\u00e9er des occasions et \u00e0 marquer des buts donne un atout suppl\u00e9mentaire au Bayern pour les semaines \u00e0 venir.<\/p>\n<p>La nouvelle sera \u00e9galement bien accueillie par l'\u00e9quipe nationale allemande, Musiala y \u00e9tant une figure importante. Apr\u00e8s des mois d'absence, il a d\u00e9sormais l'opportunit\u00e9 de retrouver du rythme et de la vivacit\u00e9 en rejouant des matches officiels.<\/p>\n<p>Les supporters du Bayern attendaient son retour depuis sa blessure, et le club esp\u00e8re que son comeback pourra donner un \u00e9lan alors que la saison entre dans sa phase d\u00e9cisive.<\/p>","protected":false},"excerpt":{"rendered":"<p>Jamal Musiala is set to make his long-awaited return for Bayern Munich, seven months after a devastating injury kept him [&hellip;]<\/p>\n","protected":false},"author":3,"featured_media":6479,"comment_status":"","ping_status":"open","sticky":false,"template":"","format":"standard","meta":{"googlesitekit_rrm_CAow_uzEDA:productID":"","site-sidebar-layout":"default","site-content-layout":"","ast-site-content-layout":"default","site-content-style":"default","site-sidebar-style":"default","ast-global-header-display":"","ast-banner-title-visibility":"","ast-main-header-display":"","ast-hfb-above-header-display":"","ast-hfb-below-header-display":"","ast-hfb-mobile-header-display":"","site-post-title":"","ast-breadcrumbs-content":"","ast-featured-img":"","footer-sml-layout":"","ast-disable-related-posts":"","theme-transparent-header-meta":"","adv-header-id-meta":"","stick-header-meta":"","header-above-stick-meta":"","header-main-stick-meta":"","header-below-stick-meta":"","astra-migrate-meta-layouts":"default","ast-page-background-enabled":"default","ast-page-background-meta":{"desktop":{"background-color":"var(--ast-global-color-5)","background-image":"","background-repeat":"repeat","background-position":"center center","background-size":"auto","background-attachment":"scroll","background-type":"","background-media":"","overlay-type":"","overlay-color":"","overlay-opacity":"","overlay-gradient":""},"tablet":{"background-color":"","background-image":"","background-repeat":"repeat","background-position":"center center","background-size":"auto","background-attachment":"scroll","background-type":"","background-media":"","overlay-type":"","overlay-color":"","overlay-opacity":"","overlay-gradient":""},"mobile":{"background-color":"","background-image":"","background-repeat":"repeat","background-position":"center center","background-size":"auto","background-attachment":"scroll","background-type":"","background-media":"","overlay-type":"","overlay-color":"","overlay-opacity":"","overlay-gradient":""}},"ast-content-background-meta":{"desktop":{"background-color":"var(--ast-global-color-4)","background-image":"","background-repeat":"repeat","background-position":"center center","background-size":"auto","background-attachment":"scroll","background-type":"","background-media":"","overlay-type":"","overlay-color":"","overlay-opacity":"","overlay-gradient":""},"tablet":{"background-color":"var(--ast-global-color-4)","background-image":"","background-repeat":"repeat","background-position":"center center","background-size":"auto","background-attachment":"scroll","background-type":"","background-media":"","overlay-type":"","overlay-color":"","overlay-opacity":"","overlay-gradient":""},"mobile":{"background-color":"var(--ast-global-color-4)","background-image":"","background-repeat":"repeat","background-position":"center center","background-size":"auto","background-attachment":"scroll","background-type":"","background-media":"","overlay-type":"","overlay-color":"","overlay-opacity":"","overlay-gradient":""}},"footnotes":""},"categories":[20,1],"tags":[],"class_list":["post-6480","post","type-post","status-publish","format-standard","has-post-thumbnail","hentry","category-international","category-football-latest-news"],"yoast_head":"<!-- This site is optimized with the Yoast SEO Premium plugin v26.6 (Yoast SEO v27.5) - https:\/\/yoast.com\/product\/yoast-seo-premium-wordpress\/ -->\n<title>Jamal Musiala returns for Bayern Munich after seven months - Bladna News<\/title>\n<meta name=\"robots\" content=\"index, follow, max-snippet:-1, max-image-preview:large, max-video-preview:-1\" \/>\n<link rel=\"canonical\" href=\"https:\/\/bladnanews.com\/fr\/jamal-musiala-fait-son-retour-au-bayern-munich-apres-sept-mois-dabsence\/\" \/>\n<meta property=\"og:locale\" content=\"fr_FR\" \/>\n<meta property=\"og:type\" content=\"article\" \/>\n<meta property=\"og:title\" content=\"Jamal Musiala returns for Bayern Munich after seven months\" \/>\n<meta property=\"og:description\" content=\"Jamal Musiala is set to make his long-awaited return for Bayern Munich, seven months after a devastating injury kept him [&hellip;]\" \/>\n<meta property=\"og:url\" content=\"https:\/\/bladnanews.com\/fr\/jamal-musiala-fait-son-retour-au-bayern-munich-apres-sept-mois-dabsence\/\" \/>\n<meta property=\"og:site_name\" content=\"Bladna News\" \/>\n<meta property=\"article:published_time\" content=\"2026-01-16T11:35:14+00:00\" \/>\n<meta property=\"og:image\" content=\"https:\/\/bladnanews.com\/wp-content\/uploads\/2025\/12\/freepik__bladna-newscom-moroccan-soccer-homepage-banner-mor__41838.png\" \/>\n\t<meta property=\"og:image:width\" content=\"1312\" \/>\n\t<meta property=\"og:image:height\" content=\"736\" \/>\n\t<meta property=\"og:image:type\" content=\"image\/png\" \/>\n<meta name=\"author\" content=\"Bladna News Staff\" \/>\n<meta name=\"twitter:card\" content=\"summary_large_image\" \/>\n<meta name=\"twitter:label1\" content=\"\u00c9crit par\" \/>\n\t<meta name=\"twitter:data1\" content=\"Bladna News Staff\" \/>\n\t<meta name=\"twitter:label2\" content=\"Dur\u00e9e de lecture estim\u00e9e\" \/>\n\t<meta name=\"twitter:data2\" content=\"1 minute\" \/>\n<script type=\"application\/ld+json\" class=\"yoast-schema-graph\">{\"@context\":\"https:\\\/\\\/schema.org\",\"@graph\":[{\"@type\":\"Article\",\"@id\":\"https:\\\/\\\/bladnanews.com\\\/jamal-musiala-returns-for-bayern-munich-after-seven-months\\\/#article\",\"isPartOf\":{\"@id\":\"https:\\\/\\\/bladnanews.com\\\/jamal-musiala-returns-for-bayern-munich-after-seven-months\\\/\"},\"author\":{\"name\":\"Bladna News Staff\",\"@id\":\"https:\\\/\\\/mediumseagreen-eel-531711.hostingersite.com\\\/#\\\/schema\\\/person\\\/268e18a453ab080ebf76df6ef7845083\"},\"headline\":\"Jamal Musiala returns for Bayern Munich after seven months\",\"datePublished\":\"2026-01-16T11:35:14+00:00\",\"mainEntityOfPage\":{\"@id\":\"https:\\\/\\\/bladnanews.com\\\/jamal-musiala-returns-for-bayern-munich-after-seven-months\\\/\"},\"wordCount\":277,\"publisher\":{\"@id\":\"https:\\\/\\\/mediumseagreen-eel-531711.hostingersite.com\\\/#organization\"},\"image\":{\"@id\":\"https:\\\/\\\/bladnanews.com\\\/jamal-musiala-returns-for-bayern-munich-after-seven-months\\\/#primaryimage\"},\"thumbnailUrl\":\"https:\\\/\\\/bladnanews.com\\\/wp-content\\\/uploads\\\/2026\\\/01\\\/BladnaNews-Jamal-Musiala-returns-for-Bayern-Munich-after-seven-months-2026-01-16T211023.488Z.jpg\",\"articleSection\":[\"International\",\"Latest News\"],\"inLanguage\":\"fr-FR\",\"copyrightYear\":\"2026\",\"copyrightHolder\":{\"@id\":\"https:\\\/\\\/bladnanews.com\\\/fr\\\/#organization\"}},{\"@type\":\"WebPage\",\"@id\":\"https:\\\/\\\/bladnanews.com\\\/jamal-musiala-returns-for-bayern-munich-after-seven-months\\\/\",\"url\":\"https:\\\/\\\/bladnanews.com\\\/jamal-musiala-returns-for-bayern-munich-after-seven-months\\\/\",\"name\":\"Jamal Musiala returns for Bayern Munich after seven months - Bladna News\",\"isPartOf\":{\"@id\":\"https:\\\/\\\/mediumseagreen-eel-531711.hostingersite.com\\\/#website\"},\"primaryImageOfPage\":{\"@id\":\"https:\\\/\\\/bladnanews.com\\\/jamal-musiala-returns-for-bayern-munich-after-seven-months\\\/#primaryimage\"},\"image\":{\"@id\":\"https:\\\/\\\/bladnanews.com\\\/jamal-musiala-returns-for-bayern-munich-after-seven-months\\\/#primaryimage\"},\"thumbnailUrl\":\"https:\\\/\\\/bladnanews.com\\\/wp-content\\\/uploads\\\/2026\\\/01\\\/BladnaNews-Jamal-Musiala-returns-for-Bayern-Munich-after-seven-months-2026-01-16T211023.488Z.jpg\",\"datePublished\":\"2026-01-16T11:35:14+00:00\",\"breadcrumb\":{\"@id\":\"https:\\\/\\\/bladnanews.com\\\/jamal-musiala-returns-for-bayern-munich-after-seven-months\\\/#breadcrumb\"},\"inLanguage\":\"fr-FR\",\"potentialAction\":[{\"@type\":\"ReadAction\",\"target\":[\"https:\\\/\\\/bladnanews.com\\\/jamal-musiala-returns-for-bayern-munich-after-seven-months\\\/\"]}]},{\"@type\":\"ImageObject\",\"inLanguage\":\"fr-FR\",\"@id\":\"https:\\\/\\\/bladnanews.com\\\/jamal-musiala-returns-for-bayern-munich-after-seven-months\\\/#primaryimage\",\"url\":\"https:\\\/\\\/bladnanews.com\\\/wp-content\\\/uploads\\\/2026\\\/01\\\/BladnaNews-Jamal-Musiala-returns-for-Bayern-Munich-after-seven-months-2026-01-16T211023.488Z.jpg\",\"contentUrl\":\"https:\\\/\\\/bladnanews.com\\\/wp-content\\\/uploads\\\/2026\\\/01\\\/BladnaNews-Jamal-Musiala-returns-for-Bayern-Munich-after-seven-months-2026-01-16T211023.488Z.jpg\",\"width\":2475,\"height\":1392,\"caption\":\"Jamal Musiala sprints with determination in Bayern Munich's distinctive red and white kit during an intense match action scene.\"},{\"@type\":\"BreadcrumbList\",\"@id\":\"https:\\\/\\\/bladnanews.com\\\/jamal-musiala-returns-for-bayern-munich-after-seven-months\\\/#breadcrumb\",\"itemListElement\":[{\"@type\":\"ListItem\",\"position\":1,\"name\":\"Home\",\"item\":\"https:\\\/\\\/bladnanews.com\\\/\"},{\"@type\":\"ListItem\",\"position\":2,\"name\":\"Jamal Musiala returns for Bayern Munich after seven months\"}]},{\"@type\":\"WebSite\",\"@id\":\"https:\\\/\\\/mediumseagreen-eel-531711.hostingersite.com\\\/#website\",\"url\":\"https:\\\/\\\/mediumseagreen-eel-531711.hostingersite.com\\\/\",\"name\":\"Bladna News - Morocco\",\"description\":\"Where Moroccan Football Meets the World\",\"publisher\":{\"@id\":\"https:\\\/\\\/mediumseagreen-eel-531711.hostingersite.com\\\/#organization\"},\"potentialAction\":[{\"@type\":\"SearchAction\",\"target\":{\"@type\":\"EntryPoint\",\"urlTemplate\":\"https:\\\/\\\/mediumseagreen-eel-531711.hostingersite.com\\\/?s={search_term_string}\"},\"query-input\":{\"@type\":\"PropertyValueSpecification\",\"valueRequired\":true,\"valueName\":\"search_term_string\"}}],\"inLanguage\":\"fr-FR\"},{\"@type\":\"Organization\",\"@id\":\"https:\\\/\\\/mediumseagreen-eel-531711.hostingersite.com\\\/#organization\",\"name\":\"Bladna News.com\",\"url\":\"https:\\\/\\\/mediumseagreen-eel-531711.hostingersite.com\\\/\",\"logo\":{\"@type\":\"ImageObject\",\"inLanguage\":\"fr-FR\",\"@id\":\"https:\\\/\\\/mediumseagreen-eel-531711.hostingersite.com\\\/#\\\/schema\\\/logo\\\/image\\\/\",\"url\":\"https:\\\/\\\/bladnanews.com\\\/wp-content\\\/uploads\\\/2025\\\/12\\\/logo-bladnanews-V2-web-black-red.png\",\"contentUrl\":\"https:\\\/\\\/bladnanews.com\\\/wp-content\\\/uploads\\\/2025\\\/12\\\/logo-bladnanews-V2-web-black-red.png\",\"width\":703,\"height\":287,\"caption\":\"Bladna News.com\"},\"image\":{\"@id\":\"https:\\\/\\\/mediumseagreen-eel-531711.hostingersite.com\\\/#\\\/schema\\\/logo\\\/image\\\/\"},\"email\":\"info@bladnanews.com\",\"legalName\":\"Bladna News\"},{\"@type\":\"Person\",\"@id\":\"https:\\\/\\\/mediumseagreen-eel-531711.hostingersite.com\\\/#\\\/schema\\\/person\\\/268e18a453ab080ebf76df6ef7845083\",\"name\":\"Bladna News Staff\",\"url\":\"https:\\\/\\\/bladnanews.com\\\/fr\\\/author\\\/bladna-news-staff\\\/\"}]}<\/script>\n<!-- \/ Yoast SEO Premium plugin. -->","yoast_head_json":{"title":"Jamal Musiala fait son retour au Bayern Munich apr\u00e8s sept mois d'absence - Bladna News","robots":{"index":"index","follow":"follow","max-snippet":"max-snippet:-1","max-image-preview":"max-image-preview:large","max-video-preview":"max-video-preview:-1"},"canonical":"https:\/\/bladnanews.com\/fr\/jamal-musiala-fait-son-retour-au-bayern-munich-apres-sept-mois-dabsence\/","og_locale":"fr_FR","og_type":"article","og_title":"Jamal Musiala returns for Bayern Munich after seven months","og_description":"Jamal Musiala is set to make his long-awaited return for Bayern Munich, seven months after a devastating injury kept him [&hellip;]","og_url":"https:\/\/bladnanews.com\/fr\/jamal-musiala-fait-son-retour-au-bayern-munich-apres-sept-mois-dabsence\/","og_site_name":"Bladna News","article_published_time":"2026-01-16T11:35:14+00:00","og_image":[{"width":1312,"height":736,"url":"https:\/\/bladnanews.com\/wp-content\/uploads\/2025\/12\/freepik__bladna-newscom-moroccan-soccer-homepage-banner-mor__41838.png","type":"image\/png"}],"author":"Bladna News Staff","twitter_card":"summary_large_image","twitter_misc":{"\u00c9crit par":"Bladna News Staff","Dur\u00e9e de lecture estim\u00e9e":"1 minute"},"schema":{"@context":"https:\/\/schema.org","@graph":[{"@type":"Article","@id":"https:\/\/bladnanews.com\/jamal-musiala-returns-for-bayern-munich-after-seven-months\/#article","isPartOf":{"@id":"https:\/\/bladnanews.com\/jamal-musiala-returns-for-bayern-munich-after-seven-months\/"},"author":{"name":"Bladna News Staff","@id":"https:\/\/mediumseagreen-eel-531711.hostingersite.com\/#\/schema\/person\/268e18a453ab080ebf76df6ef7845083"},"headline":"Jamal Musiala returns for Bayern Munich after seven months","datePublished":"2026-01-16T11:35:14+00:00","mainEntityOfPage":{"@id":"https:\/\/bladnanews.com\/jamal-musiala-returns-for-bayern-munich-after-seven-months\/"},"wordCount":277,"publisher":{"@id":"https:\/\/mediumseagreen-eel-531711.hostingersite.com\/#organization"},"image":{"@id":"https:\/\/bladnanews.com\/jamal-musiala-returns-for-bayern-munich-after-seven-months\/#primaryimage"},"thumbnailUrl":"https:\/\/bladnanews.com\/wp-content\/uploads\/2026\/01\/BladnaNews-Jamal-Musiala-returns-for-Bayern-Munich-after-seven-months-2026-01-16T211023.488Z.jpg","articleSection":["International","Latest News"],"inLanguage":"fr-FR","copyrightYear":"2026","copyrightHolder":{"@id":"https:\/\/bladnanews.com\/fr\/#organization"}},{"@type":"WebPage","@id":"https:\/\/bladnanews.com\/jamal-musiala-returns-for-bayern-munich-after-seven-months\/","url":"https:\/\/bladnanews.com\/jamal-musiala-returns-for-bayern-munich-after-seven-months\/","name":"Jamal Musiala fait son retour au Bayern Munich apr\u00e8s sept mois d'absence - Bladna News","isPartOf":{"@id":"https:\/\/mediumseagreen-eel-531711.hostingersite.com\/#website"},"primaryImageOfPage":{"@id":"https:\/\/bladnanews.com\/jamal-musiala-returns-for-bayern-munich-after-seven-months\/#primaryimage"},"image":{"@id":"https:\/\/bladnanews.com\/jamal-musiala-returns-for-bayern-munich-after-seven-months\/#primaryimage"},"thumbnailUrl":"https:\/\/bladnanews.com\/wp-content\/uploads\/2026\/01\/BladnaNews-Jamal-Musiala-returns-for-Bayern-Munich-after-seven-months-2026-01-16T211023.488Z.jpg","datePublished":"2026-01-16T11:35:14+00:00","breadcrumb":{"@id":"https:\/\/bladnanews.com\/jamal-musiala-returns-for-bayern-munich-after-seven-months\/#breadcrumb"},"inLanguage":"fr-FR","potentialAction":[{"@type":"ReadAction","target":["https:\/\/bladnanews.com\/jamal-musiala-returns-for-bayern-munich-after-seven-months\/"]}]},{"@type":"ImageObject","inLanguage":"fr-FR","@id":"https:\/\/bladnanews.com\/jamal-musiala-returns-for-bayern-munich-after-seven-months\/#primaryimage","url":"https:\/\/bladnanews.com\/wp-content\/uploads\/2026\/01\/BladnaNews-Jamal-Musiala-returns-for-Bayern-Munich-after-seven-months-2026-01-16T211023.488Z.jpg","contentUrl":"https:\/\/bladnanews.com\/wp-content\/uploads\/2026\/01\/BladnaNews-Jamal-Musiala-returns-for-Bayern-Munich-after-seven-months-2026-01-16T211023.488Z.jpg","width":2475,"height":1392,"caption":"Jamal Musiala sprints with determination in Bayern Munich's distinctive red and white kit during an intense match action scene."},{"@type":"BreadcrumbList","@id":"https:\/\/bladnanews.com\/jamal-musiala-returns-for-bayern-munich-after-seven-months\/#breadcrumb","itemListElement":[{"@type":"ListItem","position":1,"name":"Home","item":"https:\/\/bladnanews.com\/"},{"@type":"ListItem","position":2,"name":"Jamal Musiala returns for Bayern Munich after seven months"}]},{"@type":"WebSite","@id":"https:\/\/mediumseagreen-eel-531711.hostingersite.com\/#website","url":"https:\/\/mediumseagreen-eel-531711.hostingersite.com\/","name":"Bladna News - Maroc","description":"Quand le football marocain rencontre le monde","publisher":{"@id":"https:\/\/mediumseagreen-eel-531711.hostingersite.com\/#organization"},"potentialAction":[{"@type":"SearchAction","target":{"@type":"EntryPoint","urlTemplate":"https:\/\/mediumseagreen-eel-531711.hostingersite.com\/?s={search_term_string}"},"query-input":{"@type":"PropertyValueSpecification","valueRequired":true,"valueName":"search_term_string"}}],"inLanguage":"fr-FR"},{"@type":"Organization","@id":"https:\/\/mediumseagreen-eel-531711.hostingersite.com\/#organization","name":"Bladna News.com","url":"https:\/\/mediumseagreen-eel-531711.hostingersite.com\/","logo":{"@type":"ImageObject","inLanguage":"fr-FR","@id":"https:\/\/mediumseagreen-eel-531711.hostingersite.com\/#\/schema\/logo\/image\/","url":"https:\/\/bladnanews.com\/wp-content\/uploads\/2025\/12\/logo-bladnanews-V2-web-black-red.png","contentUrl":"https:\/\/bladnanews.com\/wp-content\/uploads\/2025\/12\/logo-bladnanews-V2-web-black-red.png","width":703,"height":287,"caption":"Bladna News.com"},"image":{"@id":"https:\/\/mediumseagreen-eel-531711.hostingersite.com\/#\/schema\/logo\/image\/"},"email":"info@bladnanews.com","legalName":"Bladna News"},{"@type":"Person","@id":"https:\/\/mediumseagreen-eel-531711.hostingersite.com\/#\/schema\/person\/268e18a453ab080ebf76df6ef7845083","name":"\u00c9quipe r\u00e9dactionnelle de Bladna News","url":"https:\/\/bladnanews.com\/fr\/author\/bladna-news-staff\/"}]}},"_links":{"self":[{"href":"https:\/\/bladnanews.com\/fr\/wp-json\/wp\/v2\/posts\/6480","targetHints":{"allow":["GET"]}}],"collection":[{"href":"https:\/\/bladnanews.com\/fr\/wp-json\/wp\/v2\/posts"}],"about":[{"href":"https:\/\/bladnanews.com\/fr\/wp-json\/wp\/v2\/types\/post"}],"author":[{"embeddable":true,"href":"https:\/\/bladnanews.com\/fr\/wp-json\/wp\/v2\/users\/3"}],"replies":[{"embeddable":true,"href":"https:\/\/bladnanews.com\/fr\/wp-json\/wp\/v2\/comments?post=6480"}],"version-history":[{"count":0,"href":"https:\/\/bladnanews.com\/fr\/wp-json\/wp\/v2\/posts\/6480\/revisions"}],"wp:featuredmedia":[{"embeddable":true,"href":"https:\/\/bladnanews.com\/fr\/wp-json\/wp\/v2\/media\/6479"}],"wp:attachment":[{"href":"https:\/\/bladnanews.com\/fr\/wp-json\/wp\/v2\/media?parent=6480"}],"wp:term":[{"taxonomy":"category","embeddable":true,"href":"https:\/\/bladnanews.com\/fr\/wp-json\/wp\/v2\/categories?post=6480"},{"taxonomy":"post_tag","embeddable":true,"href":"https:\/\/bladnanews.com\/fr\/wp-json\/wp\/v2\/tags?post=6480"}],"curies":[{"name":"wp","href":"https:\/\/api.w.org\/{rel}","templated":true}]}}